{"id":135141,"date":"2025-12-04T09:35:00","date_gmt":"2025-12-04T12:35:00","guid":{"rendered":"https:\/\/www.em.com.br\/emfoco\/?p=135141"},"modified":"2025-12-03T14:54:35","modified_gmt":"2025-12-03T17:54:35","slug":"inmet-alerta-para-dezembro-instavel-em-minas-gerais-com-chuva-forte-e-calor","status":"publish","type":"post","link":"https:\/\/www.em.com.br\/emfoco\/2025\/12\/04\/inmet-alerta-para-dezembro-instavel-em-minas-gerais-com-chuva-forte-e-calor\/","title":{"rendered":"INMET alerta para dezembro inst\u00e1vel em Minas Gerais com chuva forte e calor"},"content":{"rendered":"\n<p>A <strong>previs\u00e3o do tempo para Minas Gerais em dezembro de 2025<\/strong> aponta um m\u00eas quente, \u00famido e marcado por instabilidade frequente. O <strong>INMET <\/strong>indica chuva acima da m\u00e9dia hist\u00f3rica em diversas regi\u00f5es, com pancadas fortes durante tardes e noites, comportamento t\u00edpico da esta\u00e7\u00e3o chuvosa j\u00e1 instalada no estado.<\/p>\n\n\n\n<h2 class=\"wp-block-heading\">Como o clima inst\u00e1vel afeta o dia a dia no estado<\/h2>\n\n\n<div class=\"wp-block-image\">\n<figure class=\"aligncenter size-large\"><img loading=\"lazy\" decoding=\"async\" width=\"1024\" height=\"576\" src=\"https:\/\/www.em.com.br\/emfoco\/wp-content\/uploads\/2025\/10\/calor_1757231944559-1024x576.jpg\" alt=\"Ventilador ou ar-condicionado? Qual gasta menos energia\" class=\"wp-image-115561\" srcset=\"https:\/\/www.em.com.br\/emfoco\/wp-content\/uploads\/2025\/10\/calor_1757231944559-1024x576.jpg 1024w, https:\/\/www.em.com.br\/emfoco\/wp-content\/uploads\/2025\/10\/calor_1757231944559-300x169.jpg 300w, https:\/\/www.em.com.br\/emfoco\/wp-content\/uploads\/2025\/10\/calor_1757231944559-768x432.jpg 768w, https:\/\/www.em.com.br\/emfoco\/wp-content\/uploads\/2025\/10\/calor_1757231944559-750x422.jpg 750w, https:\/\/www.em.com.br\/emfoco\/wp-content\/uploads\/2025\/10\/calor_1757231944559-1140x641.jpg 1140w, https:\/\/www.em.com.br\/emfoco\/wp-content\/uploads\/2025\/10\/calor_1757231944559.jpg 1280w\" sizes=\"auto, (max-width: 1024px) 100vw, 1024px\" \/><figcaption class=\"wp-element-caption\">Alerta de chuva forte e calor em Minas Gerais &#8211; Cr\u00e9ditos: depositphotos.com \/ HayDmitriy<\/figcaption><\/figure><\/div>\n\n\n<p>Um m\u00eas quente e chuvoso interfere diretamente na rotina de moradores, motoristas, comerciantes e viajantes. A combina\u00e7\u00e3o de calor e umidade impulsiona mudan\u00e7as r\u00e1pidas no tempo e aumenta a necessidade de acompanhar alertas de curto prazo.<\/p>\n\n\n\n<h3 class=\"wp-block-heading\">Principais impactos previstos:<\/h3>\n\n\n\n<ul class=\"wp-block-list\">\n<li><strong>Tr\u00e2nsito urbano:<\/strong> risco maior de alagamentos em vias, t\u00faneis e cruzamentos.<\/li>\n\n\n\n<li><strong>Setor el\u00e9trico:<\/strong> quedas de energia associadas a ventos fortes e descargas atmosf\u00e9ricas.<\/li>\n\n\n\n<li><strong>Sa\u00fade:<\/strong> desconforto t\u00e9rmico elevado, exigindo hidrata\u00e7\u00e3o constante.<\/li>\n\n\n\n<li><strong>Turismo:<\/strong> necessidade de cautela em \u00e1reas de cachoeira, trilhas e encostas.<\/li>\n\n\n\n<li><strong>Servi\u00e7os p\u00fablicos:<\/strong> aumento da demanda por limpeza de bueiros e monitoramento de \u00e1reas de risco.<\/li>\n<\/ul>\n\n\n\n<h2 class=\"wp-block-heading\">Regi\u00f5es com maior risco de chuva intensa em dezembro de 2025<\/h2>\n\n\n\n<figure class=\"wp-block-table\"><table class=\"has-fixed-layout\"><thead><tr><th>Regi\u00e3o de MG<\/th><th>Tend\u00eancia de chuva<\/th><th>Principais riscos<\/th><\/tr><\/thead><tbody><tr><td>Zona da Mata<\/td><td>Acima da m\u00e9dia<\/td><td>Deslizamentos, alagamentos<\/td><\/tr><tr><td>Sul de Minas<\/td><td>Acima da m\u00e9dia<\/td><td>Ventos fortes e trovoadas<\/td><\/tr><tr><td>Campo das Vertentes<\/td><td>Acima da m\u00e9dia<\/td><td>Enxurradas r\u00e1pidas<\/td><\/tr><tr><td>Regi\u00e3o Central<\/td><td>Moderada a alta<\/td><td>Ac\u00famulo de \u00e1gua em \u00e1reas urbanas<\/td><\/tr><tr><td>Norte de Minas<\/td><td>Moderada<\/td><td>Chuvas irregulares e calor intenso<\/td><\/tr><\/tbody><\/table><\/figure>\n\n\n\n<p>Leia mais: <a href=\"https:\/\/www.em.com.br\/emfoco\/2025\/12\/03\/inmet-preve-dezembro-com-clima-instavel-veja-como-isso-impacta-transporte-energia-e-saude\/\" target=\"_blank\" rel=\"noreferrer noopener\">INMET prev\u00ea dezembro com clima inst\u00e1vel; veja como isso impacta transporte, energia e sa\u00fade<\/a><\/p>\n\n\n\n<h2 class=\"wp-block-heading\">Como se preparar para um dezembro quente e chuvoso em Minas Gerais<\/h2>\n\n\n\n<p>A antecipa\u00e7\u00e3o \u00e9 um dos principais fatores para reduzir danos durante per\u00edodos de instabilidade intensa. A combina\u00e7\u00e3o de calor elevado e temporais exige cuidados tanto em resid\u00eancias quanto em vias p\u00fablicas.<\/p>\n\n\n\n<p>Medidas recomendadas para moradores:<\/p>\n\n\n\n<ul class=\"wp-block-list\">\n<li>Revisar calhas e telhados, removendo folhas e entulhos.<\/li>\n\n\n\n<li>Limpar ralos e sistemas de drenagem.<\/li>\n\n\n\n<li>Manter m\u00f3veis e eletrodom\u00e9sticos elevados em \u00e1reas que j\u00e1 tiveram entrada de \u00e1gua.<\/li>\n\n\n\n<li>Acompanhar <a href=\"https:\/\/portal.inmet.gov.br\/\" target=\"_blank\" rel=\"noreferrer noopener\">previs\u00f5es e alertas meteorol\u00f3gicos<\/a> di\u00e1rios.<\/li>\n\n\n\n<li>Evitar encostas e margens de rios durante chuva forte.<\/li>\n<\/ul>\n\n\n\n<p>Leia mais: <a href=\"https:\/\/www.em.com.br\/emfoco\/2025\/12\/01\/o-destino-mais-charmoso-da-serra-brasileira-encanta-turistas-com-clima-europeu\/\" target=\"_blank\" rel=\"noreferrer noopener\">O destino mais charmoso da serra brasileira encanta turistas com clima europeu<\/a><\/p>\n\n\n\n<h2 class=\"wp-block-heading\">A\u00e7\u00f5es esperadas do poder p\u00fablico<\/h2>\n\n\n\n<ul class=\"wp-block-list\">\n<li>Refor\u00e7ar limpeza de bocas de lobo.<\/li>\n\n\n\n<li>Mapear pontos de alagamento e encostas vulner\u00e1veis.<\/li>\n\n\n\n<li>Intensificar campanhas de orienta\u00e7\u00e3o.<\/li>\n\n\n\n<li>Preparar rotas de fuga e abrigos emergenciais.<\/li>\n\n\n\n<li>Realizar simulados de evacua\u00e7\u00e3o em \u00e1reas cr\u00edticas.<\/li>\n<\/ul>\n\n\n\n<p>Ao longo do m\u00eas, a tend\u00eancia \u00e9 de um ver\u00e3o t\u00edpico mineiro: calor, umidade alta e pancadas fortes. A forma como cada munic\u00edpio se organiza diante desse cen\u00e1rio ser\u00e1 decisiva para reduzir danos e garantir seguran\u00e7a \u00e0 popula\u00e7\u00e3o.<\/p>\n\n\n\n<p><br><\/p>\n","protected":false},"excerpt":{"rendered":"<p>A previs\u00e3o do tempo para Minas Gerais em dezembro de 2025 aponta um m\u00eas quente, \u00famido e marcado por instabilidade frequente. O INMET indica chuva acima da m\u00e9dia hist\u00f3rica em diversas regi\u00f5es, com pancadas fortes durante tardes e noites, comportamento t\u00edpico da esta\u00e7\u00e3o chuvosa j\u00e1 instalada no estado. Como o clima inst\u00e1vel afeta o dia [&hellip;]<\/p>\n","protected":false},"author":20,"featured_media":134151,"comment_status":"open","ping_status":"open","sticky":false,"template":"","format":"standard","meta":{"jnews-multi-image_gallery":[],"jnews_single_post":{"format":"standard"},"jnews_primary_category":[],"jnews_social_meta":[],"jnews_override_counter":[],"footnotes":""},"categories":[28,1],"tags":[152,492,207,155],"class_list":["post-135141","post","type-post","status-publish","format-standard","has-post-thumbnail","hentry","category-economia","category-noticias","tag-clima","tag-inmet","tag-minas-gerais","tag-tempo"],"yoast_head":"<!-- This site is optimized with the Yoast SEO plugin v23.8 - https:\/\/yoast.com\/wordpress\/plugins\/seo\/ -->\n<title>INMET alerta para dezembro inst\u00e1vel em Minas Gerais com chuva forte e calor - Estado de Minas - Em foco<\/title>\n<meta name=\"description\" content=\"A previs\u00e3o do tempo para MG em dezembro indica calor intenso, chuva acima da m\u00e9dia e risco de temporais t\u00edpicos do ver\u00e3o, segundo o INMET.\" \/>\n<meta name=\"robots\" content=\"index, follow, max-snippet:-1, max-image-preview:large, max-video-preview:-1\" \/>\n<link rel=\"canonical\" href=\"https:\/\/www.em.com.br\/emfoco\/2025\/12\/04\/inmet-alerta-para-dezembro-instavel-em-minas-gerais-com-chuva-forte-e-calor\/\" \/>\n<meta property=\"og:locale\" content=\"pt_BR\" \/>\n<meta property=\"og:type\" content=\"article\" \/>\n<meta property=\"og:title\" content=\"INMET alerta para dezembro inst\u00e1vel em Minas Gerais com chuva forte e calor - Estado de Minas - Em foco\" \/>\n<meta property=\"og:description\" content=\"A previs\u00e3o do tempo para MG em dezembro indica calor intenso, chuva acima da m\u00e9dia e risco de temporais t\u00edpicos do ver\u00e3o, segundo o INMET.\" \/>\n<meta property=\"og:url\" content=\"https:\/\/www.em.com.br\/emfoco\/2025\/12\/04\/inmet-alerta-para-dezembro-instavel-em-minas-gerais-com-chuva-forte-e-calor\/\" \/>\n<meta property=\"og:site_name\" content=\"Estado de Minas - Em foco\" \/>\n<meta property=\"article:published_time\" content=\"2025-12-04T12:35:00+00:00\" \/>\n<meta property=\"article:modified_time\" content=\"2025-12-03T17:54:35+00:00\" \/>\n<meta property=\"og:image\" content=\"https:\/\/www.em.com.br\/emfoco\/wp-content\/uploads\/2025\/12\/imagem_2025-11-22_193540207-e1764615162718.png\" \/>\n\t<meta property=\"og:image:width\" content=\"1280\" \/>\n\t<meta property=\"og:image:height\" content=\"720\" \/>\n\t<meta property=\"og:image:type\" content=\"image\/png\" \/>\n<meta name=\"author\" content=\"Ingrid Diniz\" \/>\n<meta name=\"twitter:card\" content=\"summary_large_image\" \/>\n<meta name=\"twitter:label1\" content=\"Escrito por\" \/>\n\t<meta name=\"twitter:data1\" content=\"Ingrid Diniz\" \/>\n\t<meta name=\"twitter:label2\" content=\"Est. tempo de leitura\" \/>\n\t<meta name=\"twitter:data2\" content=\"3 minutos\" \/>\n<!-- \/ Yoast SEO plugin. -->","yoast_head_json":{"title":"INMET alerta para dezembro inst\u00e1vel em Minas Gerais com chuva forte e calor - Estado de Minas - Em foco","description":"A previs\u00e3o do tempo para MG em dezembro indica calor intenso, chuva acima da m\u00e9dia e risco de temporais t\u00edpicos do ver\u00e3o, segundo o INMET.","robots":{"index":"index","follow":"follow","max-snippet":"max-snippet:-1","max-image-preview":"max-image-preview:large","max-video-preview":"max-video-preview:-1"},"canonical":"https:\/\/www.em.com.br\/emfoco\/2025\/12\/04\/inmet-alerta-para-dezembro-instavel-em-minas-gerais-com-chuva-forte-e-calor\/","og_locale":"pt_BR","og_type":"article","og_title":"INMET alerta para dezembro inst\u00e1vel em Minas Gerais com chuva forte e calor - Estado de Minas - Em foco","og_description":"A previs\u00e3o do tempo para MG em dezembro indica calor intenso, chuva acima da m\u00e9dia e risco de temporais t\u00edpicos do ver\u00e3o, segundo o INMET.","og_url":"https:\/\/www.em.com.br\/emfoco\/2025\/12\/04\/inmet-alerta-para-dezembro-instavel-em-minas-gerais-com-chuva-forte-e-calor\/","og_site_name":"Estado de Minas - Em foco","article_published_time":"2025-12-04T12:35:00+00:00","article_modified_time":"2025-12-03T17:54:35+00:00","og_image":[{"width":1280,"height":720,"url":"https:\/\/www.em.com.br\/emfoco\/wp-content\/uploads\/2025\/12\/imagem_2025-11-22_193540207-e1764615162718.png","type":"image\/png"}],"author":"Ingrid Diniz","twitter_card":"summary_large_image","twitter_misc":{"Escrito por":"Ingrid Diniz","Est. tempo de leitura":"3 minutos"},"schema":{"@context":"https:\/\/schema.org","@graph":[{"@type":"WebPage","@id":"https:\/\/www.em.com.br\/emfoco\/2025\/12\/04\/inmet-alerta-para-dezembro-instavel-em-minas-gerais-com-chuva-forte-e-calor\/","url":"https:\/\/www.em.com.br\/emfoco\/2025\/12\/04\/inmet-alerta-para-dezembro-instavel-em-minas-gerais-com-chuva-forte-e-calor\/","name":"INMET alerta para dezembro inst\u00e1vel em Minas Gerais com chuva forte e calor - Estado de Minas - Em foco","isPartOf":{"@id":"https:\/\/www.em.com.br\/emfoco\/#website"},"primaryImageOfPage":{"@id":"https:\/\/www.em.com.br\/emfoco\/2025\/12\/04\/inmet-alerta-para-dezembro-instavel-em-minas-gerais-com-chuva-forte-e-calor\/#primaryimage"},"image":{"@id":"https:\/\/www.em.com.br\/emfoco\/2025\/12\/04\/inmet-alerta-para-dezembro-instavel-em-minas-gerais-com-chuva-forte-e-calor\/#primaryimage"},"thumbnailUrl":"https:\/\/www.em.com.br\/emfoco\/wp-content\/uploads\/2025\/12\/imagem_2025-11-22_193540207-e1764615162718.png","datePublished":"2025-12-04T12:35:00+00:00","dateModified":"2025-12-03T17:54:35+00:00","author":{"@id":"https:\/\/www.em.com.br\/emfoco\/#\/schema\/person\/649e610b4eb8fff87ff394e54fe17b2b"},"description":"A previs\u00e3o do tempo para MG em dezembro indica calor intenso, chuva acima da m\u00e9dia e risco de temporais t\u00edpicos do ver\u00e3o, segundo o INMET.","breadcrumb":{"@id":"https:\/\/www.em.com.br\/emfoco\/2025\/12\/04\/inmet-alerta-para-dezembro-instavel-em-minas-gerais-com-chuva-forte-e-calor\/#breadcrumb"},"inLanguage":"pt-BR","potentialAction":[{"@type":"ReadAction","target":["https:\/\/www.em.com.br\/emfoco\/2025\/12\/04\/inmet-alerta-para-dezembro-instavel-em-minas-gerais-com-chuva-forte-e-calor\/"]}]},{"@type":"ImageObject","inLanguage":"pt-BR","@id":"https:\/\/www.em.com.br\/emfoco\/2025\/12\/04\/inmet-alerta-para-dezembro-instavel-em-minas-gerais-com-chuva-forte-e-calor\/#primaryimage","url":"https:\/\/www.em.com.br\/emfoco\/wp-content\/uploads\/2025\/12\/imagem_2025-11-22_193540207-e1764615162718.png","contentUrl":"https:\/\/www.em.com.br\/emfoco\/wp-content\/uploads\/2025\/12\/imagem_2025-11-22_193540207-e1764615162718.png","width":1280,"height":720,"caption":"Temporais no Sudeste e calor forte em outras regi\u00f5es"},{"@type":"BreadcrumbList","@id":"https:\/\/www.em.com.br\/emfoco\/2025\/12\/04\/inmet-alerta-para-dezembro-instavel-em-minas-gerais-com-chuva-forte-e-calor\/#breadcrumb","itemListElement":[{"@type":"ListItem","position":1,"name":"In\u00edcio","item":"https:\/\/www.em.com.br\/emfoco\/"},{"@type":"ListItem","position":2,"name":"INMET alerta para dezembro inst\u00e1vel em Minas Gerais com chuva forte e calor"}]},{"@type":"WebSite","@id":"https:\/\/www.em.com.br\/emfoco\/#website","url":"https:\/\/www.em.com.br\/emfoco\/","name":"Estado de Minas - Em foco","description":"Acompanhe as \u00faltimas not\u00edcias e fique bem informado sobre tudo o que acontece em Minas Gerais, Brasil e no mundo.","potentialAction":[{"@type":"SearchAction","target":{"@type":"EntryPoint","urlTemplate":"https:\/\/www.em.com.br\/emfoco\/?s={search_term_string}"},"query-input":{"@type":"PropertyValueSpecification","valueRequired":true,"valueName":"search_term_string"}}],"inLanguage":"pt-BR"},{"@type":"Person","@id":"https:\/\/www.em.com.br\/emfoco\/#\/schema\/person\/649e610b4eb8fff87ff394e54fe17b2b","name":"Ingrid Diniz","image":{"@type":"ImageObject","inLanguage":"pt-BR","@id":"https:\/\/www.em.com.br\/emfoco\/#\/schema\/person\/image\/","url":"https:\/\/secure.gravatar.com\/avatar\/a3baa1449ec5c39b4c42babc9d4f3951?s=96&d=mm&r=g","contentUrl":"https:\/\/secure.gravatar.com\/avatar\/a3baa1449ec5c39b4c42babc9d4f3951?s=96&d=mm&r=g","caption":"Ingrid Diniz"},"sameAs":["https:\/\/www.em.com.br\/"],"url":"https:\/\/www.em.com.br\/emfoco\/author\/ingridmyth\/"}]}},"_links":{"self":[{"href":"https:\/\/www.em.com.br\/emfoco\/wp-json\/wp\/v2\/posts\/135141","targetHints":{"allow":["GET"]}}],"collection":[{"href":"https:\/\/www.em.com.br\/emfoco\/wp-json\/wp\/v2\/posts"}],"about":[{"href":"https:\/\/www.em.com.br\/emfoco\/wp-json\/wp\/v2\/types\/post"}],"author":[{"embeddable":true,"href":"https:\/\/www.em.com.br\/emfoco\/wp-json\/wp\/v2\/users\/20"}],"replies":[{"embeddable":true,"href":"https:\/\/www.em.com.br\/emfoco\/wp-json\/wp\/v2\/comments?post=135141"}],"version-history":[{"count":1,"href":"https:\/\/www.em.com.br\/emfoco\/wp-json\/wp\/v2\/posts\/135141\/revisions"}],"predecessor-version":[{"id":135177,"href":"https:\/\/www.em.com.br\/emfoco\/wp-json\/wp\/v2\/posts\/135141\/revisions\/135177"}],"wp:featuredmedia":[{"embeddable":true,"href":"https:\/\/www.em.com.br\/emfoco\/wp-json\/wp\/v2\/media\/134151"}],"wp:attachment":[{"href":"https:\/\/www.em.com.br\/emfoco\/wp-json\/wp\/v2\/media?parent=135141"}],"wp:term":[{"taxonomy":"category","embeddable":true,"href":"https:\/\/www.em.com.br\/emfoco\/wp-json\/wp\/v2\/categories?post=135141"},{"taxonomy":"post_tag","embeddable":true,"href":"https:\/\/www.em.com.br\/emfoco\/wp-json\/wp\/v2\/tags?post=135141"}],"curies":[{"name":"wp","href":"https:\/\/api.w.org\/{rel}","templated":true}]}}