{"id":135112,"date":"2025-12-04T07:15:00","date_gmt":"2025-12-04T10:15:00","guid":{"rendered":"https:\/\/www.em.com.br\/emfoco\/?p=135112"},"modified":"2025-12-03T18:26:31","modified_gmt":"2025-12-03T21:26:31","slug":"o-que-fazer-caso-o-seu-beneficio-do-bpc-seja-negado-pelo-inss","status":"publish","type":"post","link":"https:\/\/www.em.com.br\/emfoco\/2025\/12\/04\/o-que-fazer-caso-o-seu-beneficio-do-bpc-seja-negado-pelo-inss\/","title":{"rendered":"O que fazer caso o seu benef\u00edcio do BPC seja negado pelo INSS"},"content":{"rendered":"\n<p>Por ser assistencial, o <strong>BPC\/LOAS<\/strong> n\u00e3o exige contribui\u00e7\u00e3o ao <strong>INSS<\/strong>, n\u00e3o gera 13\u00ba sal\u00e1rio e n\u00e3o oferece pens\u00e3o por morte. Seu objetivo \u00e9 garantir um piso de renda para fam\u00edlias sem meios de subsist\u00eancia, refor\u00e7ando a rede de prote\u00e7\u00e3o social do pa\u00eds.<\/p>\n\n\n\n<h2 class=\"wp-block-heading\">Quem tem direito ao BPC e como funciona o crit\u00e9rio de renda<\/h2>\n\n\n\n<p>O direito ao<a href=\"https:\/\/www.gov.br\/mds\/pt-br\/acoes-e-programas\/suas\/beneficios-assistenciais\/beneficio-assistencial-ao-idoso-e-a-pessoa-com-deficiencia-bpc\" target=\"_blank\" rel=\"noreferrer noopener\"> <strong>Benef\u00edcio de Presta\u00e7\u00e3o Continuada<\/strong> <\/a>depende de crit\u00e9rios ligados \u00e0 idade, defici\u00eancia e renda familiar. O c\u00e1lculo da renda per capita continua sendo o principal par\u00e2metro analisado pelo governo federal.<\/p>\n\n\n\n<p>Principais condi\u00e7\u00f5es:<\/p>\n\n\n\n<ul class=\"wp-block-list\">\n<li><strong>Idosos:<\/strong> ter 65 anos ou mais e nacionalidade brasileira ou portuguesa em igualdade de direitos.<\/li>\n\n\n\n<li><strong>Pessoas com defici\u00eancia:<\/strong> comprovar impedimentos f\u00edsicos, mentais, intelectuais ou sensoriais de longo prazo que restrinjam a participa\u00e7\u00e3o plena na sociedade.<\/li>\n\n\n\n<li><strong>Renda:<\/strong> permanecer dentro do limite de renda definido em lei ou norma vigente.<\/li>\n\n\n\n<li><strong>Avalia\u00e7\u00e3o:<\/strong> pode incluir an\u00e1lise social, per\u00edcia m\u00e9dica e verifica\u00e7\u00e3o documental.<\/li>\n<\/ul>\n\n\n<div class=\"wp-block-image\">\n<figure class=\"aligncenter size-large\"><img loading=\"lazy\" decoding=\"async\" width=\"1024\" height=\"576\" src=\"https:\/\/www.em.com.br\/emfoco\/wp-content\/uploads\/2025\/12\/imagem_2025-11-23_151613189-e1764783014314-1024x576.png\" alt=\"\" class=\"wp-image-135134\" srcset=\"https:\/\/www.em.com.br\/emfoco\/wp-content\/uploads\/2025\/12\/imagem_2025-11-23_151613189-e1764783014314-1024x576.png 1024w, https:\/\/www.em.com.br\/emfoco\/wp-content\/uploads\/2025\/12\/imagem_2025-11-23_151613189-e1764783014314-300x169.png 300w, https:\/\/www.em.com.br\/emfoco\/wp-content\/uploads\/2025\/12\/imagem_2025-11-23_151613189-e1764783014314-768x432.png 768w, https:\/\/www.em.com.br\/emfoco\/wp-content\/uploads\/2025\/12\/imagem_2025-11-23_151613189-e1764783014314-750x422.png 750w, https:\/\/www.em.com.br\/emfoco\/wp-content\/uploads\/2025\/12\/imagem_2025-11-23_151613189-e1764783014314-1140x641.png 1140w, https:\/\/www.em.com.br\/emfoco\/wp-content\/uploads\/2025\/12\/imagem_2025-11-23_151613189-e1764783014314.png 1280w\" sizes=\"auto, (max-width: 1024px) 100vw, 1024px\" \/><figcaption class=\"wp-element-caption\">Orienta\u00e7\u00f5es caso o BPC seja negado pelo INSS<\/figcaption><\/figure><\/div>\n\n\n<p>A combina\u00e7\u00e3o entre renda familiar e condi\u00e7\u00e3o de sa\u00fade determina se o requerente se enquadra na pol\u00edtica de assist\u00eancia.<\/p>\n\n\n\n<h2 class=\"wp-block-heading\">Como o BPC contribui no sustento di\u00e1rio<\/h2>\n\n\n\n<p>O <strong>BPC <\/strong>garante <strong>renda est\u00e1vel<\/strong> para quem n\u00e3o consegue se manter sozinho, especialmente idosos e pessoas com defici\u00eancia afastadas do mercado de trabalho.<\/p>\n\n\n\n<p>Essa renda \u00e9 utilizada para despesas essenciais como:<\/p>\n\n\n\n<ul class=\"wp-block-list\">\n<li>Alimenta\u00e7\u00e3o<\/li>\n\n\n\n<li>Medicamentos<\/li>\n\n\n\n<li>Contas b\u00e1sicas<\/li>\n\n\n\n<li>Transporte<\/li>\n\n\n\n<li>Cuidados pessoais e de sa\u00fade<\/li>\n<\/ul>\n\n\n\n<p>O benef\u00edcio tamb\u00e9m fortalece pol\u00edticas de combate \u00e0 extrema pobreza, principalmente em regi\u00f5es com baixo acesso a servi\u00e7os p\u00fablicos.<\/p>\n\n\n\n<p>Leia mais: <a href=\"https:\/\/www.em.com.br\/emfoco\/2025\/12\/02\/idosos-podem-ter-isencao-no-imposto-de-renda-saiba-como\/\" target=\"_blank\" rel=\"noreferrer noopener\">Idosos podem ter isen\u00e7\u00e3o no Imposto de Renda; saiba como<\/a><\/p>\n\n\n\n<h2 class=\"wp-block-heading\">Requisitos para solicitar o BPC<\/h2>\n\n\n\n<p>Para solicitar o <strong>BPC<\/strong>, \u00e9 necess\u00e1rio cumprir requisitos legais e passar por an\u00e1lises feitas pelo <strong>INSS<\/strong>. O processo envolve documenta\u00e7\u00e3o, avalia\u00e7\u00e3o social e, quando necess\u00e1rio, per\u00edcia m\u00e9dica.<\/p>\n\n\n\n<h3 class=\"wp-block-heading\">Requisitos obrigat\u00f3rios:<\/h3>\n\n\n\n<ul class=\"wp-block-list\">\n<li>Ter <strong>65 anos ou mais<\/strong>, no caso de idosos<\/li>\n\n\n\n<li>Comprovar <strong>defici\u00eancia de longo prazo<\/strong>, no caso de pessoas com impedimentos<\/li>\n\n\n\n<li>Estar inscrito e atualizado no <strong>Cadastro \u00danico<\/strong><\/li>\n\n\n\n<li>Comprovar <strong>baixa renda familiar<\/strong><\/li>\n\n\n\n<li>Passar por <strong>avalia\u00e7\u00e3o social<\/strong> e, se preciso, <strong>per\u00edcia m\u00e9dica<\/strong><\/li>\n<\/ul>\n\n\n\n<h2 class=\"wp-block-heading\">Resumo dos crit\u00e9rios do BPC em 2025<\/h2>\n\n\n\n<figure class=\"wp-block-table\"><table class=\"has-fixed-layout\"><thead><tr><th>Crit\u00e9rio<\/th><th>Idoso<\/th><th>Pessoa com defici\u00eancia<\/th><\/tr><\/thead><tbody><tr><td>Idade m\u00ednima<\/td><td>65 anos<\/td><td>N\u00e3o se aplica<\/td><\/tr><tr><td>Condi\u00e7\u00e3o de sa\u00fade<\/td><td>N\u00e3o exigida<\/td><td>Impedimentos de longo prazo<\/td><\/tr><tr><td>Renda familiar<\/td><td>Avalia\u00e7\u00e3o per capita<\/td><td>Avalia\u00e7\u00e3o per capita<\/td><\/tr><tr><td>Cadastro \u00danico<\/td><td>Obrigat\u00f3rio<\/td><td>Obrigat\u00f3rio<\/td><\/tr><tr><td>Per\u00edcia m\u00e9dica<\/td><td>N\u00e3o<\/td><td>Sim, quando necess\u00e1rio<\/td><\/tr><tr><td>Valor do benef\u00edcio<\/td><td>1 sal\u00e1rio m\u00ednimo<\/td><td>1 sal\u00e1rio m\u00ednimo<\/td><\/tr><\/tbody><\/table><\/figure>\n\n\n\n<p>Lei mais: <a href=\"https:\/\/www.em.com.br\/emfoco\/2025\/12\/02\/idosos-e-adultos-podem-definir-quem-decide-sobre-sua-propria-saude-e-patrimonios\/\" target=\"_blank\" rel=\"noreferrer noopener\">Idosos e adultos podem definir quem decide sobre sua pr\u00f3pria sa\u00fade e patrim\u00f4nios<\/a><\/p>\n\n\n\n<h2 class=\"wp-block-heading\">Como funciona o acesso e a manuten\u00e7\u00e3o do benef\u00edcio<\/h2>\n\n\n\n<p>O acesso ao <strong>Benef\u00edcio de Presta\u00e7\u00e3o Continuada<\/strong> segue um fluxo formado por cadastro, requerimento e an\u00e1lise t\u00e9cnica. O processo normalmente come\u00e7a no <strong>CRAS<\/strong> e \u00e9 conclu\u00eddo pelos canais do <strong>INSS<\/strong>.<\/p>\n\n\n\n<h3 class=\"wp-block-heading\">Etapas do processo:<\/h3>\n\n\n\n<ul class=\"wp-block-list\">\n<li>atualizar ou realizar a inscri\u00e7\u00e3o no <strong>Cadastro \u00danico<\/strong><\/li>\n\n\n\n<li>registrar o pedido do <strong>BPC<\/strong><\/li>\n\n\n\n<li>enviar documentos pessoais e comprova\u00e7\u00f5es<\/li>\n\n\n\n<li>realizar avalia\u00e7\u00e3o social<\/li>\n\n\n\n<li>passar por per\u00edcia m\u00e9dica, quando solicitada<\/li>\n<\/ul>\n\n\n\n<p>Depois da concess\u00e3o, o benefici\u00e1rio deve manter o <strong>Cadastro \u00danico<\/strong> atualizado. O <strong>INSS <\/strong>realiza revis\u00f5es peri\u00f3dicas para garantir que os crit\u00e9rios continuam sendo atendidos. Mudan\u00e7as na renda ou na condi\u00e7\u00e3o de sa\u00fade podem resultar em revis\u00e3o, suspens\u00e3o ou cessa\u00e7\u00e3o do benef\u00edcio.<\/p>\n","protected":false},"excerpt":{"rendered":"<p>Por ser assistencial, o BPC\/LOAS n\u00e3o exige contribui\u00e7\u00e3o ao INSS, n\u00e3o gera 13\u00ba sal\u00e1rio e n\u00e3o oferece pens\u00e3o por morte. Seu objetivo \u00e9 garantir um piso de renda para fam\u00edlias sem meios de subsist\u00eancia, refor\u00e7ando a rede de prote\u00e7\u00e3o social do pa\u00eds. Quem tem direito ao BPC e como funciona o crit\u00e9rio de renda O [&hellip;]<\/p>\n","protected":false},"author":20,"featured_media":134271,"comment_status":"open","ping_status":"open","sticky":false,"template":"","format":"standard","meta":{"jnews-multi-image_gallery":[],"jnews_single_post":{"format":"standard"},"jnews_primary_category":[],"jnews_social_meta":[],"jnews_override_counter":[],"footnotes":""},"categories":[28,1],"tags":[257,260,258],"class_list":["post-135112","post","type-post","status-publish","format-standard","has-post-thumbnail","hentry","category-economia","category-noticias","tag-bpc","tag-idosos","tag-loas"],"yoast_head":"<!-- This site is optimized with the Yoast SEO plugin v23.8 - https:\/\/yoast.com\/wordpress\/plugins\/seo\/ -->\n<title>O que fazer caso o seu benef\u00edcio do BPC seja negado pelo INSS - Estado de Minas - Em foco<\/title>\n<meta name=\"description\" content=\"O BPC segue garantindo em 2025 um sal\u00e1rio m\u00ednimo para idosos e pessoas com defici\u00eancia em situa\u00e7\u00e3o de vulnerabilidade econ\u00f4mica.\" \/>\n<meta name=\"robots\" content=\"index, follow, max-snippet:-1, max-image-preview:large, max-video-preview:-1\" \/>\n<link rel=\"canonical\" href=\"https:\/\/www.em.com.br\/emfoco\/2025\/12\/04\/o-que-fazer-caso-o-seu-beneficio-do-bpc-seja-negado-pelo-inss\/\" \/>\n<meta property=\"og:locale\" content=\"pt_BR\" \/>\n<meta property=\"og:type\" content=\"article\" \/>\n<meta property=\"og:title\" content=\"O que fazer caso o seu benef\u00edcio do BPC seja negado pelo INSS - Estado de Minas - Em foco\" \/>\n<meta property=\"og:description\" content=\"O BPC segue garantindo em 2025 um sal\u00e1rio m\u00ednimo para idosos e pessoas com defici\u00eancia em situa\u00e7\u00e3o de vulnerabilidade econ\u00f4mica.\" \/>\n<meta property=\"og:url\" content=\"https:\/\/www.em.com.br\/emfoco\/2025\/12\/04\/o-que-fazer-caso-o-seu-beneficio-do-bpc-seja-negado-pelo-inss\/\" \/>\n<meta property=\"og:site_name\" content=\"Estado de Minas - Em foco\" \/>\n<meta property=\"article:published_time\" content=\"2025-12-04T10:15:00+00:00\" \/>\n<meta property=\"article:modified_time\" content=\"2025-12-03T21:26:31+00:00\" \/>\n<meta property=\"og:image\" content=\"https:\/\/www.em.com.br\/emfoco\/wp-content\/uploads\/2025\/12\/imagem_2025-11-22_221031750-e1764624404773.png\" \/>\n\t<meta property=\"og:image:width\" content=\"1280\" \/>\n\t<meta property=\"og:image:height\" content=\"720\" \/>\n\t<meta property=\"og:image:type\" content=\"image\/png\" \/>\n<meta name=\"author\" content=\"Ingrid Diniz\" \/>\n<meta name=\"twitter:card\" content=\"summary_large_image\" \/>\n<meta name=\"twitter:label1\" content=\"Escrito por\" \/>\n\t<meta name=\"twitter:data1\" content=\"Ingrid Diniz\" \/>\n\t<meta name=\"twitter:label2\" content=\"Est. tempo de leitura\" \/>\n\t<meta name=\"twitter:data2\" content=\"4 minutos\" \/>\n<!-- \/ Yoast SEO plugin. -->","yoast_head_json":{"title":"O que fazer caso o seu benef\u00edcio do BPC seja negado pelo INSS - Estado de Minas - Em foco","description":"O BPC segue garantindo em 2025 um sal\u00e1rio m\u00ednimo para idosos e pessoas com defici\u00eancia em situa\u00e7\u00e3o de vulnerabilidade econ\u00f4mica.","robots":{"index":"index","follow":"follow","max-snippet":"max-snippet:-1","max-image-preview":"max-image-preview:large","max-video-preview":"max-video-preview:-1"},"canonical":"https:\/\/www.em.com.br\/emfoco\/2025\/12\/04\/o-que-fazer-caso-o-seu-beneficio-do-bpc-seja-negado-pelo-inss\/","og_locale":"pt_BR","og_type":"article","og_title":"O que fazer caso o seu benef\u00edcio do BPC seja negado pelo INSS - Estado de Minas - Em foco","og_description":"O BPC segue garantindo em 2025 um sal\u00e1rio m\u00ednimo para idosos e pessoas com defici\u00eancia em situa\u00e7\u00e3o de vulnerabilidade econ\u00f4mica.","og_url":"https:\/\/www.em.com.br\/emfoco\/2025\/12\/04\/o-que-fazer-caso-o-seu-beneficio-do-bpc-seja-negado-pelo-inss\/","og_site_name":"Estado de Minas - Em foco","article_published_time":"2025-12-04T10:15:00+00:00","article_modified_time":"2025-12-03T21:26:31+00:00","og_image":[{"width":1280,"height":720,"url":"https:\/\/www.em.com.br\/emfoco\/wp-content\/uploads\/2025\/12\/imagem_2025-11-22_221031750-e1764624404773.png","type":"image\/png"}],"author":"Ingrid Diniz","twitter_card":"summary_large_image","twitter_misc":{"Escrito por":"Ingrid Diniz","Est. tempo de leitura":"4 minutos"},"schema":{"@context":"https:\/\/schema.org","@graph":[{"@type":"WebPage","@id":"https:\/\/www.em.com.br\/emfoco\/2025\/12\/04\/o-que-fazer-caso-o-seu-beneficio-do-bpc-seja-negado-pelo-inss\/","url":"https:\/\/www.em.com.br\/emfoco\/2025\/12\/04\/o-que-fazer-caso-o-seu-beneficio-do-bpc-seja-negado-pelo-inss\/","name":"O que fazer caso o seu benef\u00edcio do BPC seja negado pelo INSS - Estado de Minas - Em foco","isPartOf":{"@id":"https:\/\/www.em.com.br\/emfoco\/#website"},"primaryImageOfPage":{"@id":"https:\/\/www.em.com.br\/emfoco\/2025\/12\/04\/o-que-fazer-caso-o-seu-beneficio-do-bpc-seja-negado-pelo-inss\/#primaryimage"},"image":{"@id":"https:\/\/www.em.com.br\/emfoco\/2025\/12\/04\/o-que-fazer-caso-o-seu-beneficio-do-bpc-seja-negado-pelo-inss\/#primaryimage"},"thumbnailUrl":"https:\/\/www.em.com.br\/emfoco\/wp-content\/uploads\/2025\/12\/imagem_2025-11-22_221031750-e1764624404773.png","datePublished":"2025-12-04T10:15:00+00:00","dateModified":"2025-12-03T21:26:31+00:00","author":{"@id":"https:\/\/www.em.com.br\/emfoco\/#\/schema\/person\/649e610b4eb8fff87ff394e54fe17b2b"},"description":"O BPC segue garantindo em 2025 um sal\u00e1rio m\u00ednimo para idosos e pessoas com defici\u00eancia em situa\u00e7\u00e3o de vulnerabilidade econ\u00f4mica.","breadcrumb":{"@id":"https:\/\/www.em.com.br\/emfoco\/2025\/12\/04\/o-que-fazer-caso-o-seu-beneficio-do-bpc-seja-negado-pelo-inss\/#breadcrumb"},"inLanguage":"pt-BR","potentialAction":[{"@type":"ReadAction","target":["https:\/\/www.em.com.br\/emfoco\/2025\/12\/04\/o-que-fazer-caso-o-seu-beneficio-do-bpc-seja-negado-pelo-inss\/"]}]},{"@type":"ImageObject","inLanguage":"pt-BR","@id":"https:\/\/www.em.com.br\/emfoco\/2025\/12\/04\/o-que-fazer-caso-o-seu-beneficio-do-bpc-seja-negado-pelo-inss\/#primaryimage","url":"https:\/\/www.em.com.br\/emfoco\/wp-content\/uploads\/2025\/12\/imagem_2025-11-22_221031750-e1764624404773.png","contentUrl":"https:\/\/www.em.com.br\/emfoco\/wp-content\/uploads\/2025\/12\/imagem_2025-11-22_221031750-e1764624404773.png","width":1280,"height":720,"caption":"Nova regra sobre atestado m\u00e9dico em 2026"},{"@type":"BreadcrumbList","@id":"https:\/\/www.em.com.br\/emfoco\/2025\/12\/04\/o-que-fazer-caso-o-seu-beneficio-do-bpc-seja-negado-pelo-inss\/#breadcrumb","itemListElement":[{"@type":"ListItem","position":1,"name":"In\u00edcio","item":"https:\/\/www.em.com.br\/emfoco\/"},{"@type":"ListItem","position":2,"name":"O que fazer caso o seu benef\u00edcio do BPC seja negado pelo INSS"}]},{"@type":"WebSite","@id":"https:\/\/www.em.com.br\/emfoco\/#website","url":"https:\/\/www.em.com.br\/emfoco\/","name":"Estado de Minas - Em foco","description":"Acompanhe as \u00faltimas not\u00edcias e fique bem informado sobre tudo o que acontece em Minas Gerais, Brasil e no mundo.","potentialAction":[{"@type":"SearchAction","target":{"@type":"EntryPoint","urlTemplate":"https:\/\/www.em.com.br\/emfoco\/?s={search_term_string}"},"query-input":{"@type":"PropertyValueSpecification","valueRequired":true,"valueName":"search_term_string"}}],"inLanguage":"pt-BR"},{"@type":"Person","@id":"https:\/\/www.em.com.br\/emfoco\/#\/schema\/person\/649e610b4eb8fff87ff394e54fe17b2b","name":"Ingrid Diniz","image":{"@type":"ImageObject","inLanguage":"pt-BR","@id":"https:\/\/www.em.com.br\/emfoco\/#\/schema\/person\/image\/","url":"https:\/\/secure.gravatar.com\/avatar\/a3baa1449ec5c39b4c42babc9d4f3951?s=96&d=mm&r=g","contentUrl":"https:\/\/secure.gravatar.com\/avatar\/a3baa1449ec5c39b4c42babc9d4f3951?s=96&d=mm&r=g","caption":"Ingrid Diniz"},"sameAs":["https:\/\/www.em.com.br\/"],"url":"https:\/\/www.em.com.br\/emfoco\/author\/ingridmyth\/"}]}},"_links":{"self":[{"href":"https:\/\/www.em.com.br\/emfoco\/wp-json\/wp\/v2\/posts\/135112","targetHints":{"allow":["GET"]}}],"collection":[{"href":"https:\/\/www.em.com.br\/emfoco\/wp-json\/wp\/v2\/posts"}],"about":[{"href":"https:\/\/www.em.com.br\/emfoco\/wp-json\/wp\/v2\/types\/post"}],"author":[{"embeddable":true,"href":"https:\/\/www.em.com.br\/emfoco\/wp-json\/wp\/v2\/users\/20"}],"replies":[{"embeddable":true,"href":"https:\/\/www.em.com.br\/emfoco\/wp-json\/wp\/v2\/comments?post=135112"}],"version-history":[{"count":2,"href":"https:\/\/www.em.com.br\/emfoco\/wp-json\/wp\/v2\/posts\/135112\/revisions"}],"predecessor-version":[{"id":135321,"href":"https:\/\/www.em.com.br\/emfoco\/wp-json\/wp\/v2\/posts\/135112\/revisions\/135321"}],"wp:featuredmedia":[{"embeddable":true,"href":"https:\/\/www.em.com.br\/emfoco\/wp-json\/wp\/v2\/media\/134271"}],"wp:attachment":[{"href":"https:\/\/www.em.com.br\/emfoco\/wp-json\/wp\/v2\/media?parent=135112"}],"wp:term":[{"taxonomy":"category","embeddable":true,"href":"https:\/\/www.em.com.br\/emfoco\/wp-json\/wp\/v2\/categories?post=135112"},{"taxonomy":"post_tag","embeddable":true,"href":"https:\/\/www.em.com.br\/emfoco\/wp-json\/wp\/v2\/tags?post=135112"}],"curies":[{"name":"wp","href":"https:\/\/api.w.org\/{rel}","templated":true}]}}