{"id":135098,"date":"2025-12-05T20:25:00","date_gmt":"2025-12-05T23:25:00","guid":{"rendered":"https:\/\/www.em.com.br\/emfoco\/?p=135098"},"modified":"2025-12-03T14:28:02","modified_gmt":"2025-12-03T17:28:02","slug":"por-que-separar-gastos-fixos-e-variaveis-transforma-seu-controle-financeiro","status":"publish","type":"post","link":"https:\/\/www.em.com.br\/emfoco\/2025\/12\/05\/por-que-separar-gastos-fixos-e-variaveis-transforma-seu-controle-financeiro\/","title":{"rendered":"Por que separar gastos fixos e vari\u00e1veis transforma seu controle financeiro"},"content":{"rendered":"\n<p>Muitas pessoas acreditam que o problema financeiro est\u00e1 no sal\u00e1rio baixo, quando o real desafio \u00e9 a falta de organiza\u00e7\u00e3o. Separar <strong>gastos fixos e vari\u00e1veis<\/strong> muda tudo porque revela para onde o dinheiro vai, criando aquela sensa\u00e7\u00e3o imediata de clareza: \u201cagora tudo faz sentido\u201d.<\/p>\n\n\n\n<h2 class=\"wp-block-heading\">Como essa separa\u00e7\u00e3o muda a forma de enxergar o pr\u00f3prio dinheiro?<\/h2>\n\n\n\n<p>Quando os valores s\u00e3o organizados por categoria, fica mais f\u00e1cil identificar o <strong>custo real da vida<\/strong> e entender quanto \u00e9 necess\u00e1rio para manter a rotina funcionando. Essa vis\u00e3o evita decis\u00f5es impulsivas e reduz a sensa\u00e7\u00e3o de que o dinheiro desaparece sem explica\u00e7\u00e3o.<\/p>\n\n\n\n<p>Com as despesas classificadas, o controle financeiro deixa de ser algo abstrato e passa a ser compreendido de forma pr\u00e1tica. Essa divis\u00e3o ajuda a perceber padr\u00f5es, prever gastos futuros e tomar decis\u00f5es com mais <strong>consci\u00eancia financeira<\/strong> ao longo do m\u00eas.<\/p>\n\n\n\n<figure class=\"wp-block-image size-large\"><img loading=\"lazy\" decoding=\"async\" width=\"1024\" height=\"576\" src=\"https:\/\/www.em.com.br\/emfoco\/wp-content\/uploads\/2025\/12\/Vida-financeira_1764782682914-1024x576.jpg\" alt=\"Por que separar gastos fixos e vari\u00e1veis transforma seu controle financeiro\" class=\"wp-image-135130\" srcset=\"https:\/\/www.em.com.br\/emfoco\/wp-content\/uploads\/2025\/12\/Vida-financeira_1764782682914-1024x576.jpg 1024w, https:\/\/www.em.com.br\/emfoco\/wp-content\/uploads\/2025\/12\/Vida-financeira_1764782682914-300x169.jpg 300w, https:\/\/www.em.com.br\/emfoco\/wp-content\/uploads\/2025\/12\/Vida-financeira_1764782682914-768x432.jpg 768w, https:\/\/www.em.com.br\/emfoco\/wp-content\/uploads\/2025\/12\/Vida-financeira_1764782682914-750x422.jpg 750w, https:\/\/www.em.com.br\/emfoco\/wp-content\/uploads\/2025\/12\/Vida-financeira_1764782682914-1140x641.jpg 1140w, https:\/\/www.em.com.br\/emfoco\/wp-content\/uploads\/2025\/12\/Vida-financeira_1764782682914.jpg 1280w\" sizes=\"auto, (max-width: 1024px) 100vw, 1024px\" \/><figcaption class=\"wp-element-caption\">Organizar despesas por categoria revela padr\u00f5es e elimina sensa\u00e7\u00e3o de descontrole &#8211; Cr\u00e9ditos: depositphotos.com \/ AllaSerebrina<\/figcaption><\/figure>\n\n\n\n<h2 class=\"wp-block-heading\">O que diferencia gastos fixos de vari\u00e1veis e como isso ajuda no planejamento?<\/h2>\n\n\n\n<p>Os gastos fixos s\u00e3o aqueles que se repetem mensalmente, como aluguel, luz, \u00e1gua, internet e mensalidades. Separ\u00e1-los dos vari\u00e1veis mostra exatamente o <strong>m\u00ednimo necess\u00e1rio<\/strong> para n\u00e3o entrar no vermelho, dando clareza ao planejamento. A tabela abaixo resume essa diferen\u00e7a.<\/p>\n\n\n\n<figure class=\"wp-block-table\"><table class=\"has-fixed-layout\"><tbody><tr><th>Categoria<\/th><th>Descri\u00e7\u00e3o<\/th><th>Impacto no Or\u00e7amento<\/th><\/tr><tr><td><strong>Gastos Fixos<\/strong><\/td><td>Despesas que se repetem todos os meses e n\u00e3o variam.<\/td><td>Definem o custo m\u00ednimo da vida e precisam caber no or\u00e7amento.<\/td><\/tr><tr><td><strong>Gastos Vari\u00e1veis<\/strong><\/td><td>Compras que mudam conforme h\u00e1bitos e decis\u00f5es di\u00e1rias.<\/td><td>Respons\u00e1veis pela maior parte dos desequil\u00edbrios financeiros.<\/td><\/tr><tr><td><strong>Meta Ideal<\/strong><\/td><td>Equil\u00edbrio entre controle e flexibilidade nos gastos vari\u00e1veis.<\/td><td>Permite planejar, economizar e evitar surpresas no m\u00eas.<\/td><\/tr><\/tbody><\/table><\/figure>\n\n\n\n<p><em>Leia mais: <strong><a href=\"https:\/\/www.em.com.br\/emfoco\/2025\/11\/30\/como-reduzir-os-juros-altos-de-emprestimos-sem-alterar-nada-no-contrato\/\" target=\"_blank\" rel=\"noreferrer noopener\">Como reduzir os juros altos de empr\u00e9stimos sem alterar nada no contrato<\/a><\/strong><\/em><\/p>\n\n\n\n<h2 class=\"wp-block-heading\">Por que os gastos vari\u00e1veis s\u00e3o os que mais desequilibram o or\u00e7amento?<\/h2>\n\n\n\n<p>Itens vari\u00e1veis incluem lazer, compras do dia a dia, mercado e pequenos desejos. S\u00e3o gastos que, sem controle, criam a impress\u00e3o de que o dinheiro desapareceu. Monitor\u00e1-los evita excessos e fortalece o <strong>planejamento mensal<\/strong>.<\/p>\n\n\n\n<p>Ao visualizar essas despesas separadamente, fica mais simples definir metas reais, cortar excessos e reduzir compras impulsivas. Muitos problemas surgem justamente dos <strong>vari\u00e1veis mal controlados<\/strong>, n\u00e3o das contas fixas, embora pare\u00e7a o contr\u00e1rio para a maioria das pessoas.<\/p>\n\n\n\n<figure class=\"wp-block-image size-large\"><img loading=\"lazy\" decoding=\"async\" width=\"1024\" height=\"576\" src=\"https:\/\/www.em.com.br\/emfoco\/wp-content\/uploads\/2025\/12\/IA-IMG-35-1024x576.jpg\" alt=\"Por que separar gastos fixos e vari\u00e1veis transforma seu controle financeiro\" class=\"wp-image-135132\" srcset=\"https:\/\/www.em.com.br\/emfoco\/wp-content\/uploads\/2025\/12\/IA-IMG-35-1024x576.jpg 1024w, https:\/\/www.em.com.br\/emfoco\/wp-content\/uploads\/2025\/12\/IA-IMG-35-300x169.jpg 300w, https:\/\/www.em.com.br\/emfoco\/wp-content\/uploads\/2025\/12\/IA-IMG-35-768x432.jpg 768w, https:\/\/www.em.com.br\/emfoco\/wp-content\/uploads\/2025\/12\/IA-IMG-35-750x422.jpg 750w, https:\/\/www.em.com.br\/emfoco\/wp-content\/uploads\/2025\/12\/IA-IMG-35-1140x641.jpg 1140w, https:\/\/www.em.com.br\/emfoco\/wp-content\/uploads\/2025\/12\/IA-IMG-35.jpg 1280w\" sizes=\"auto, (max-width: 1024px) 100vw, 1024px\" \/><figcaption class=\"wp-element-caption\">Despesas vari\u00e1veis crescem r\u00e1pido e criam a impress\u00e3o de dinheiro sumindo<\/figcaption><\/figure>\n\n\n\n<h2 class=\"wp-block-heading\">Como usar essa separa\u00e7\u00e3o para melhorar o controle financeiro na pr\u00e1tica?<\/h2>\n\n\n\n<p>Organizar as despesas em categorias claras permite antecipar gastos, planejar o uso do 13\u00ba sal\u00e1rio e criar estabilidade ao longo do m\u00eas. Essa divis\u00e3o devolve a sensa\u00e7\u00e3o de controle e facilita decis\u00f5es mais conscientes. Algumas orienta\u00e7\u00f5es pr\u00e1ticas aparecem abaixo.<\/p>\n\n\n\n<ul class=\"wp-block-list\">\n<li>Revise os gastos vari\u00e1veis semanalmente para ajustar h\u00e1bitos rapidamente.<\/li>\n\n\n\n<li>Defina limites de compras n\u00e3o essenciais e registre pequenos gastos.<\/li>\n\n\n\n<li>Crie metas mensais para transformar a <strong>organiza\u00e7\u00e3o financeira<\/strong> em rotina.<\/li>\n<\/ul>\n\n\n\n<p>Separar os gastos \u00e9 o primeiro passo para conquistar estabilidade, evitar sufocos e come\u00e7ar o ano com tranquilidade. Classifique seus gastos hoje mesmo e descubra como a <strong>clareza transforma o dinheiro<\/strong> em algo previs\u00edvel, organizado e finalmente sob controle.<\/p>\n","protected":false},"excerpt":{"rendered":"<p>Muitas pessoas acreditam que o problema financeiro est\u00e1 no sal\u00e1rio baixo, quando o real desafio \u00e9 a falta de organiza\u00e7\u00e3o. Separar gastos fixos e vari\u00e1veis muda tudo porque revela para onde o dinheiro vai, criando aquela sensa\u00e7\u00e3o imediata de clareza: \u201cagora tudo faz sentido\u201d. Como essa separa\u00e7\u00e3o muda a forma de enxergar o pr\u00f3prio dinheiro? [&hellip;]<\/p>\n","protected":false},"author":13,"featured_media":135129,"comment_status":"open","ping_status":"open","sticky":false,"template":"","format":"standard","meta":{"jnews-multi-image_gallery":[],"jnews_single_post":{"format":"standard"},"jnews_primary_category":[],"jnews_social_meta":[],"jnews_override_counter":[],"footnotes":""},"categories":[8819],"tags":[2317,296,160,15745],"class_list":["post-135098","post","type-post","status-publish","format-standard","has-post-thumbnail","hentry","category-curiosidades","tag-dicas-financeiras","tag-dinheiro","tag-economia","tag-vida-financeira"],"yoast_head":"<!-- This site is optimized with the Yoast SEO plugin v23.8 - https:\/\/yoast.com\/wordpress\/plugins\/seo\/ -->\n<title>Por que separar gastos fixos e vari\u00e1veis transforma seu controle financeiro - Estado de Minas - Em foco<\/title>\n<meta name=\"description\" content=\"N\u00e3o \u00e9 o sal\u00e1rio que atrapalha sua vida financeira e sim a bagun\u00e7a nos gastos. Veja como uma separa\u00e7\u00e3o simples traz mais controle.\" \/>\n<meta name=\"robots\" content=\"index, follow, max-snippet:-1, max-image-preview:large, max-video-preview:-1\" \/>\n<link rel=\"canonical\" href=\"https:\/\/www.em.com.br\/emfoco\/2025\/12\/05\/por-que-separar-gastos-fixos-e-variaveis-transforma-seu-controle-financeiro\/\" \/>\n<meta property=\"og:locale\" content=\"pt_BR\" \/>\n<meta property=\"og:type\" content=\"article\" \/>\n<meta property=\"og:title\" content=\"Por que separar gastos fixos e vari\u00e1veis transforma seu controle financeiro - Estado de Minas - Em foco\" \/>\n<meta property=\"og:description\" content=\"N\u00e3o \u00e9 o sal\u00e1rio que atrapalha sua vida financeira e sim a bagun\u00e7a nos gastos. Veja como uma separa\u00e7\u00e3o simples traz mais controle.\" \/>\n<meta property=\"og:url\" content=\"https:\/\/www.em.com.br\/emfoco\/2025\/12\/05\/por-que-separar-gastos-fixos-e-variaveis-transforma-seu-controle-financeiro\/\" \/>\n<meta property=\"og:site_name\" content=\"Estado de Minas - Em foco\" \/>\n<meta property=\"article:published_time\" content=\"2025-12-05T23:25:00+00:00\" \/>\n<meta property=\"article:modified_time\" content=\"2025-12-03T17:28:02+00:00\" \/>\n<meta property=\"og:image\" content=\"https:\/\/www.em.com.br\/emfoco\/wp-content\/uploads\/2025\/12\/IA-IMG-34.jpg\" \/>\n\t<meta property=\"og:image:width\" content=\"1280\" \/>\n\t<meta property=\"og:image:height\" content=\"720\" \/>\n\t<meta property=\"og:image:type\" content=\"image\/jpeg\" \/>\n<meta name=\"author\" content=\"Gabriel Martins\" \/>\n<meta name=\"twitter:card\" content=\"summary_large_image\" \/>\n<meta name=\"twitter:label1\" content=\"Escrito por\" \/>\n\t<meta name=\"twitter:data1\" content=\"Gabriel Martins\" \/>\n\t<meta name=\"twitter:label2\" content=\"Est. tempo de leitura\" \/>\n\t<meta name=\"twitter:data2\" content=\"4 minutos\" \/>\n<!-- \/ Yoast SEO plugin. -->","yoast_head_json":{"title":"Por que separar gastos fixos e vari\u00e1veis transforma seu controle financeiro - Estado de Minas - Em foco","description":"N\u00e3o \u00e9 o sal\u00e1rio que atrapalha sua vida financeira e sim a bagun\u00e7a nos gastos. Veja como uma separa\u00e7\u00e3o simples traz mais controle.","robots":{"index":"index","follow":"follow","max-snippet":"max-snippet:-1","max-image-preview":"max-image-preview:large","max-video-preview":"max-video-preview:-1"},"canonical":"https:\/\/www.em.com.br\/emfoco\/2025\/12\/05\/por-que-separar-gastos-fixos-e-variaveis-transforma-seu-controle-financeiro\/","og_locale":"pt_BR","og_type":"article","og_title":"Por que separar gastos fixos e vari\u00e1veis transforma seu controle financeiro - Estado de Minas - Em foco","og_description":"N\u00e3o \u00e9 o sal\u00e1rio que atrapalha sua vida financeira e sim a bagun\u00e7a nos gastos. Veja como uma separa\u00e7\u00e3o simples traz mais controle.","og_url":"https:\/\/www.em.com.br\/emfoco\/2025\/12\/05\/por-que-separar-gastos-fixos-e-variaveis-transforma-seu-controle-financeiro\/","og_site_name":"Estado de Minas - Em foco","article_published_time":"2025-12-05T23:25:00+00:00","article_modified_time":"2025-12-03T17:28:02+00:00","og_image":[{"width":1280,"height":720,"url":"https:\/\/www.em.com.br\/emfoco\/wp-content\/uploads\/2025\/12\/IA-IMG-34.jpg","type":"image\/jpeg"}],"author":"Gabriel Martins","twitter_card":"summary_large_image","twitter_misc":{"Escrito por":"Gabriel Martins","Est. tempo de leitura":"4 minutos"},"schema":{"@context":"https:\/\/schema.org","@graph":[{"@type":"WebPage","@id":"https:\/\/www.em.com.br\/emfoco\/2025\/12\/05\/por-que-separar-gastos-fixos-e-variaveis-transforma-seu-controle-financeiro\/","url":"https:\/\/www.em.com.br\/emfoco\/2025\/12\/05\/por-que-separar-gastos-fixos-e-variaveis-transforma-seu-controle-financeiro\/","name":"Por que separar gastos fixos e vari\u00e1veis transforma seu controle financeiro - Estado de Minas - Em foco","isPartOf":{"@id":"https:\/\/www.em.com.br\/emfoco\/#website"},"primaryImageOfPage":{"@id":"https:\/\/www.em.com.br\/emfoco\/2025\/12\/05\/por-que-separar-gastos-fixos-e-variaveis-transforma-seu-controle-financeiro\/#primaryimage"},"image":{"@id":"https:\/\/www.em.com.br\/emfoco\/2025\/12\/05\/por-que-separar-gastos-fixos-e-variaveis-transforma-seu-controle-financeiro\/#primaryimage"},"thumbnailUrl":"https:\/\/www.em.com.br\/emfoco\/wp-content\/uploads\/2025\/12\/IA-IMG-34.jpg","datePublished":"2025-12-05T23:25:00+00:00","dateModified":"2025-12-03T17:28:02+00:00","author":{"@id":"https:\/\/www.em.com.br\/emfoco\/#\/schema\/person\/1c9ddeab18b98abeffef834667bcf08a"},"description":"N\u00e3o \u00e9 o sal\u00e1rio que atrapalha sua vida financeira e sim a bagun\u00e7a nos gastos. Veja como uma separa\u00e7\u00e3o simples traz mais controle.","breadcrumb":{"@id":"https:\/\/www.em.com.br\/emfoco\/2025\/12\/05\/por-que-separar-gastos-fixos-e-variaveis-transforma-seu-controle-financeiro\/#breadcrumb"},"inLanguage":"pt-BR","potentialAction":[{"@type":"ReadAction","target":["https:\/\/www.em.com.br\/emfoco\/2025\/12\/05\/por-que-separar-gastos-fixos-e-variaveis-transforma-seu-controle-financeiro\/"]}]},{"@type":"ImageObject","inLanguage":"pt-BR","@id":"https:\/\/www.em.com.br\/emfoco\/2025\/12\/05\/por-que-separar-gastos-fixos-e-variaveis-transforma-seu-controle-financeiro\/#primaryimage","url":"https:\/\/www.em.com.br\/emfoco\/wp-content\/uploads\/2025\/12\/IA-IMG-34.jpg","contentUrl":"https:\/\/www.em.com.br\/emfoco\/wp-content\/uploads\/2025\/12\/IA-IMG-34.jpg","width":1280,"height":720,"caption":"A separa\u00e7\u00e3o entre gastos fixos e vari\u00e1veis cria clareza imediata sobre para onde o dinheiro realmente vai"},{"@type":"BreadcrumbList","@id":"https:\/\/www.em.com.br\/emfoco\/2025\/12\/05\/por-que-separar-gastos-fixos-e-variaveis-transforma-seu-controle-financeiro\/#breadcrumb","itemListElement":[{"@type":"ListItem","position":1,"name":"In\u00edcio","item":"https:\/\/www.em.com.br\/emfoco\/"},{"@type":"ListItem","position":2,"name":"Por que separar gastos fixos e vari\u00e1veis transforma seu controle financeiro"}]},{"@type":"WebSite","@id":"https:\/\/www.em.com.br\/emfoco\/#website","url":"https:\/\/www.em.com.br\/emfoco\/","name":"Estado de Minas - Em foco","description":"Acompanhe as \u00faltimas not\u00edcias e fique bem informado sobre tudo o que acontece em Minas Gerais, Brasil e no mundo.","potentialAction":[{"@type":"SearchAction","target":{"@type":"EntryPoint","urlTemplate":"https:\/\/www.em.com.br\/emfoco\/?s={search_term_string}"},"query-input":{"@type":"PropertyValueSpecification","valueRequired":true,"valueName":"search_term_string"}}],"inLanguage":"pt-BR"},{"@type":"Person","@id":"https:\/\/www.em.com.br\/emfoco\/#\/schema\/person\/1c9ddeab18b98abeffef834667bcf08a","name":"Gabriel Martins","image":{"@type":"ImageObject","inLanguage":"pt-BR","@id":"https:\/\/www.em.com.br\/emfoco\/#\/schema\/person\/image\/","url":"https:\/\/secure.gravatar.com\/avatar\/f0f1e2efdfd88f1ad2cb08c5c2731e50?s=96&d=mm&r=g","contentUrl":"https:\/\/secure.gravatar.com\/avatar\/f0f1e2efdfd88f1ad2cb08c5c2731e50?s=96&d=mm&r=g","caption":"Gabriel Martins"},"sameAs":["https:\/\/www.em.com.br\/emfoco\/"],"url":"https:\/\/www.em.com.br\/emfoco\/author\/gabrielmartinsmyth\/"}]}},"_links":{"self":[{"href":"https:\/\/www.em.com.br\/emfoco\/wp-json\/wp\/v2\/posts\/135098","targetHints":{"allow":["GET"]}}],"collection":[{"href":"https:\/\/www.em.com.br\/emfoco\/wp-json\/wp\/v2\/posts"}],"about":[{"href":"https:\/\/www.em.com.br\/emfoco\/wp-json\/wp\/v2\/types\/post"}],"author":[{"embeddable":true,"href":"https:\/\/www.em.com.br\/emfoco\/wp-json\/wp\/v2\/users\/13"}],"replies":[{"embeddable":true,"href":"https:\/\/www.em.com.br\/emfoco\/wp-json\/wp\/v2\/comments?post=135098"}],"version-history":[{"count":1,"href":"https:\/\/www.em.com.br\/emfoco\/wp-json\/wp\/v2\/posts\/135098\/revisions"}],"predecessor-version":[{"id":135133,"href":"https:\/\/www.em.com.br\/emfoco\/wp-json\/wp\/v2\/posts\/135098\/revisions\/135133"}],"wp:featuredmedia":[{"embeddable":true,"href":"https:\/\/www.em.com.br\/emfoco\/wp-json\/wp\/v2\/media\/135129"}],"wp:attachment":[{"href":"https:\/\/www.em.com.br\/emfoco\/wp-json\/wp\/v2\/media?parent=135098"}],"wp:term":[{"taxonomy":"category","embeddable":true,"href":"https:\/\/www.em.com.br\/emfoco\/wp-json\/wp\/v2\/categories?post=135098"},{"taxonomy":"post_tag","embeddable":true,"href":"https:\/\/www.em.com.br\/emfoco\/wp-json\/wp\/v2\/tags?post=135098"}],"curies":[{"name":"wp","href":"https:\/\/api.w.org\/{rel}","templated":true}]}}