{"id":135073,"date":"2025-12-04T17:45:00","date_gmt":"2025-12-04T20:45:00","guid":{"rendered":"https:\/\/www.em.com.br\/emfoco\/?p=135073"},"modified":"2025-12-03T20:55:58","modified_gmt":"2025-12-03T23:55:58","slug":"uma-especialista-em-decoracao-revela-com-esses-itens-faceis-voce-tera-um-lindo-arranjo-de-mesa-para-o-natal","status":"publish","type":"post","link":"https:\/\/www.em.com.br\/emfoco\/2025\/12\/04\/uma-especialista-em-decoracao-revela-com-esses-itens-faceis-voce-tera-um-lindo-arranjo-de-mesa-para-o-natal\/","title":{"rendered":"Uma especialista em decora\u00e7\u00e3o, revela: \u201cCom esses itens f\u00e1ceis, voc\u00ea ter\u00e1 um lindo arranjo de mesa para o Natal.\u201d"},"content":{"rendered":"\n<p>Entre os muitos s\u00edmbolos das festas de fim de ano, o centro de mesa de Natal costuma ganhar destaque na decora\u00e7\u00e3o da casa. Ele ajuda a criar um clima acolhedor durante as ceias e encontros familiares, sem exigir um grande investimento, j\u00e1 que, com alguns materiais simples e um pouco de planejamento, \u00e9 poss\u00edvel montar um arranjo equilibrado, vers\u00e1til e adaptado a diferentes estilos de ambiente.<\/p>\n\n\n\n<h2 class=\"wp-block-heading\">O que caracteriza um centro de mesa de Natal bem equilibrado<\/h2>\n\n\n\n<p>Um centro de mesa natalino equilibrado mant\u00e9m harmonia entre propor\u00e7\u00f5es, cores e texturas, sem atrapalhar a conversa nem bloquear a vis\u00e3o de quem est\u00e1 sentado. A altura costuma ser moderada, com elementos horizontais alongados e alguns pontos de destaque mais elevados, como velas ou ramos.<\/p>\n\n\n\n<p>Para garantir esse equil\u00edbrio no\u00a0<strong><a href=\"https:\/\/www.em.com.br\/emfoco\/2025\/11\/25\/se-voce-ja-esta-pensando-em-criar-um-arranjo-de-mesa-aprenda-a-fazer-um-usando-rolhas\/\" target=\"_blank\" rel=\"noreferrer noopener\">arranjo de mesa<\/a> de Natal<\/strong>, muitos decoradores usam uma base est\u00e1vel, que sustente o peso das flores, folhagens, enfeites e velas. A partir dessa estrutura, o restante dos elementos \u00e9 distribu\u00eddo de forma progressiva, deixando mais volume no centro e suavizando nas extremidades.<\/p>\n\n\n\n<figure class=\"wp-block-image size-large\"><img loading=\"lazy\" decoding=\"async\" width=\"1024\" height=\"576\" src=\"https:\/\/www.em.com.br\/emfoco\/wp-content\/uploads\/2025\/12\/Gemini_Generated_Image_xbt63yxbt63yxbt6-1-1024x576.png\" alt=\"\" class=\"wp-image-135401\" srcset=\"https:\/\/www.em.com.br\/emfoco\/wp-content\/uploads\/2025\/12\/Gemini_Generated_Image_xbt63yxbt63yxbt6-1-1024x576.png 1024w, https:\/\/www.em.com.br\/emfoco\/wp-content\/uploads\/2025\/12\/Gemini_Generated_Image_xbt63yxbt63yxbt6-1-300x169.png 300w, https:\/\/www.em.com.br\/emfoco\/wp-content\/uploads\/2025\/12\/Gemini_Generated_Image_xbt63yxbt63yxbt6-1-768x432.png 768w, https:\/\/www.em.com.br\/emfoco\/wp-content\/uploads\/2025\/12\/Gemini_Generated_Image_xbt63yxbt63yxbt6-1-750x422.png 750w, https:\/\/www.em.com.br\/emfoco\/wp-content\/uploads\/2025\/12\/Gemini_Generated_Image_xbt63yxbt63yxbt6-1-1140x641.png 1140w, https:\/\/www.em.com.br\/emfoco\/wp-content\/uploads\/2025\/12\/Gemini_Generated_Image_xbt63yxbt63yxbt6-1.png 1280w\" sizes=\"auto, (max-width: 1024px) 100vw, 1024px\" \/><figcaption class=\"wp-element-caption\">O centro de mesa de Natal que deixa tudo acolhedor<\/figcaption><\/figure>\n\n\n\n<h2 class=\"wp-block-heading\">Como montar um centro de mesa de Natal passo a passo<\/h2>\n\n\n\n<p>Montar um centro de mesa natalino em casa pode ser feito em poucas etapas, seguindo princ\u00edpios usados em floriculturas e ateli\u00eas. A l\u00f3gica \u00e9 construir de dentro para fora, come\u00e7ando pela base e finalizando com detalhes menores, sempre respeitando o tamanho e o formato da mesa.<\/p>\n\n\n\n<p>Ao longo desse processo, \u00e9 comum preencher cantos e espa\u00e7os vazios com pequenos ramos, para que o arranjo pare\u00e7a fluido e natural. Tons claros costumam \u201ciluminar\u201d o centro, enquanto o vermelho refor\u00e7a a identidade natalina sem sobrecarregar o conjunto.<\/p>\n\n\n\n<ol class=\"wp-block-list\">\n<li><strong>Definir o formato do arranjo<\/strong>&nbsp;\u2013 Decida se o centro ser\u00e1 alongado, redondo ou compacto, de acordo com a mesa.<\/li>\n\n\n\n<li><strong>Escolher a base<\/strong>&nbsp;\u2013 Use suportes discretos, espuma floral, bandejas ou t\u00e1buas para criar um esqueleto est\u00e1vel.<\/li>\n\n\n\n<li><strong>Fixar casti\u00e7ais ou porta-velas<\/strong>&nbsp;\u2013 Posicione e prenda bem as velas, evitando movimentos e quedas.<\/li>\n\n\n\n<li><strong>Camuflar a estrutura<\/strong>&nbsp;\u2013 Use guirlanda verde, ramos artificiais ou folhagens naturais para esconder a base.<\/li>\n\n\n\n<li><strong>Inserir flores e folhagens<\/strong>&nbsp;\u2013 Acrescente flores brancas, vermelhas, eucalipto, galhos de pinheiro ou abeto.<\/li>\n<\/ol>\n\n\n\n<h2 class=\"wp-block-heading\">Quais elementos tornam o centro de mesa de Natal mais elegante<\/h2>\n\n\n\n<p>Os materiais escolhidos influenciam diretamente o resultado final do centro de mesa. Combinar itens naturais e artificiais aumenta a durabilidade, reduz a manuten\u00e7\u00e3o di\u00e1ria e permite adaptar o arranjo a estilos cl\u00e1ssico, r\u00fastico ou minimalista, usando sempre uma paleta de cores coerente.<\/p>\n\n\n\n<p>Alguns elementos s\u00e3o especialmente valorizados em <a href=\"https:\/\/br.pinterest.com\/arkpad\/decora%C3%A7%C3%A3o-de-natal\/\" target=\"_blank\" rel=\"noreferrer noopener\">decora\u00e7\u00f5es de Natal <\/a>atuais e podem ser usados em maior ou menor quantidade, de acordo com o efeito desejado no ambiente:<\/p>\n\n\n\n<ul class=\"wp-block-list\">\n<li><strong>Folhagens verdes<\/strong>: ramos de abeto, pinheiro, cedro ou folhagem sint\u00e9tica densa para criar volume.<\/li>\n\n\n\n<li><strong>Flores claras ou brancas<\/strong>: destacam o centro de mesa e trazem leveza visual.<\/li>\n\n\n\n<li><strong>Flores e detalhes em vermelho<\/strong>: remetem ao Natal sem precisar aparecer em excesso.<\/li>\n\n\n\n<li><strong>Eucalipto natural ou preservado<\/strong>: adiciona textura, aroma suave e aspecto contempor\u00e2neo.<\/li>\n\n\n\n<li><strong>Velas<\/strong>: em tons vermelhos, brancos ou dourados, trazem verticalidade e aconchego.<\/li>\n\n\n\n<li><strong>Enfeites decorativos<\/strong>: bolas pequenas, la\u00e7os simples, pinhas secas e fitas discretas.<\/li>\n<\/ul>\n\n\n\n<figure class=\"wp-block-image\"><img decoding=\"async\" src=\"https:\/\/www.em.com.br\/emfoco\/wp-content\/uploads\/2025\/11\/Gemini_Generated_Image_lwjn19lwjn19lwjn-1-1024x576.png\" alt=\"\"\/><figcaption class=\"wp-element-caption\">Decora\u00e7\u00e3o de Natal que combina com qualquer casa<\/figcaption><\/figure>\n\n\n\n<p>Velas costumam receber aten\u00e7\u00e3o especial: muitos decoradores acendem a chama por alguns segundos antes do evento, apenas para queimar a ponta do pavio. Esse detalhe faz com que pare\u00e7am integradas ao conjunto, e n\u00e3o rec\u00e9m-sa\u00eddas da embalagem.<\/p>\n\n\n\n<h2 class=\"wp-block-heading\">Como manter o centro de mesa de Natal bonito durante as festas<\/h2>\n\n\n\n<p>Depois de pronto, o&nbsp;<strong>centro de mesa de Natal<\/strong>&nbsp;pode permanecer na sala de jantar ou em outros ambientes durante todo o per\u00edodo de festas. Quando h\u00e1 folhagens naturais, \u00e9 importante evitar sol direto, correntes de ar fortes e proximidade excessiva com fontes de calor, que aceleram o ressecamento.<\/p>\n\n\n\n<p>Algumas orienta\u00e7\u00f5es pr\u00e1ticas ajudam a prolongar a vida \u00fatil do arranjo e facilitam seu reaproveitamento em diferentes ocasi\u00f5es, com pequenas adapta\u00e7\u00f5es de cor ou enfeites:<\/p>\n\n\n\n<ul class=\"wp-block-list\">\n<li>Preferir materiais preservados ou artificiais quando a inten\u00e7\u00e3o for usar o centro por muitos dias.<\/li>\n\n\n\n<li>Revisar o arranjo rapidamente antes de cada ceia, ajustando ramos fora do lugar.<\/li>\n\n\n\n<li>Manter as velas em bases firmes para reduzir riscos e evitar que a cera escorra sobre flores e folhagens.<\/li>\n\n\n\n<li>Guardar o conjunto em local seco e protegido, caso seja desmontado parcialmente para outros usos.<\/li>\n<\/ul>\n\n\n\n<p>Com esses cuidados, um arranjo bem planejado pode ser montado uma \u00fanica vez e acompanhar todas as comemora\u00e7\u00f5es natalinas, servindo como ponto central da decora\u00e7\u00e3o e refor\u00e7ando o clima t\u00edpico dessa \u00e9poca do ano.<\/p>\n","protected":false},"excerpt":{"rendered":"<p>Entre os muitos s\u00edmbolos das festas de fim de ano, o centro de mesa de Natal costuma ganhar destaque na decora\u00e7\u00e3o da casa. Ele ajuda a criar um clima acolhedor durante as ceias e encontros familiares, sem exigir um grande investimento, j\u00e1 que, com alguns materiais simples e um pouco de planejamento, \u00e9 poss\u00edvel montar [&hellip;]<\/p>\n","protected":false},"author":11,"featured_media":122851,"comment_status":"open","ping_status":"open","sticky":false,"template":"","format":"standard","meta":{"jnews-multi-image_gallery":[],"jnews_single_post":{"format":"standard"},"jnews_primary_category":[],"jnews_social_meta":[],"jnews_override_counter":[],"footnotes":""},"categories":[8819,1],"tags":[19743,19742,4687,19744,743],"class_list":["post-135073","post","type-post","status-publish","format-standard","has-post-thumbnail","hentry","category-curiosidades","category-noticias","tag-centro-de-mesa","tag-centro-de-mesa-de-natal","tag-decoracao","tag-mesa-posta","tag-natal"],"yoast_head":"<!-- This site is optimized with the Yoast SEO plugin v23.8 - https:\/\/yoast.com\/wordpress\/plugins\/seo\/ -->\n<title>Uma especialista em decora\u00e7\u00e3o, revela: \u201cCom esses itens f\u00e1ceis, voc\u00ea ter\u00e1 um lindo arranjo de mesa para o Natal.\u201d - Estado de Minas - Em foco<\/title>\n<meta name=\"description\" content=\"Aprenda a montar um centro de mesa de Natal harmonioso usando flores, folhagens e velas, criando uma decora\u00e7\u00e3o equilibrada e aconchegante para as festas.\" \/>\n<meta name=\"robots\" content=\"index, follow, max-snippet:-1, max-image-preview:large, max-video-preview:-1\" \/>\n<link rel=\"canonical\" href=\"https:\/\/www.em.com.br\/emfoco\/2025\/12\/04\/uma-especialista-em-decoracao-revela-com-esses-itens-faceis-voce-tera-um-lindo-arranjo-de-mesa-para-o-natal\/\" \/>\n<meta property=\"og:locale\" content=\"pt_BR\" \/>\n<meta property=\"og:type\" content=\"article\" \/>\n<meta property=\"og:title\" content=\"Uma especialista em decora\u00e7\u00e3o, revela: \u201cCom esses itens f\u00e1ceis, voc\u00ea ter\u00e1 um lindo arranjo de mesa para o Natal.\u201d - Estado de Minas - Em foco\" \/>\n<meta property=\"og:description\" content=\"Aprenda a montar um centro de mesa de Natal harmonioso usando flores, folhagens e velas, criando uma decora\u00e7\u00e3o equilibrada e aconchegante para as festas.\" \/>\n<meta property=\"og:url\" content=\"https:\/\/www.em.com.br\/emfoco\/2025\/12\/04\/uma-especialista-em-decoracao-revela-com-esses-itens-faceis-voce-tera-um-lindo-arranjo-de-mesa-para-o-natal\/\" \/>\n<meta property=\"og:site_name\" content=\"Estado de Minas - Em foco\" \/>\n<meta property=\"article:published_time\" content=\"2025-12-04T20:45:00+00:00\" \/>\n<meta property=\"article:modified_time\" content=\"2025-12-03T23:55:58+00:00\" \/>\n<meta property=\"og:image\" content=\"https:\/\/www.em.com.br\/emfoco\/wp-content\/uploads\/2025\/11\/Gemini_Generated_Image_b9mdrzb9mdrzb9md-1.png\" \/>\n\t<meta property=\"og:image:width\" content=\"1280\" \/>\n\t<meta property=\"og:image:height\" content=\"720\" \/>\n\t<meta property=\"og:image:type\" content=\"image\/png\" \/>\n<meta name=\"author\" content=\"Andre\u0301 Rangel\u00a0\" \/>\n<meta name=\"twitter:card\" content=\"summary_large_image\" \/>\n<meta name=\"twitter:label1\" content=\"Escrito por\" \/>\n\t<meta name=\"twitter:data1\" content=\"Andre\u0301 Rangel\u00a0\" \/>\n\t<meta name=\"twitter:label2\" content=\"Est. tempo de leitura\" \/>\n\t<meta name=\"twitter:data2\" content=\"5 minutos\" \/>\n<!-- \/ Yoast SEO plugin. -->","yoast_head_json":{"title":"Uma especialista em decora\u00e7\u00e3o, revela: \u201cCom esses itens f\u00e1ceis, voc\u00ea ter\u00e1 um lindo arranjo de mesa para o Natal.\u201d - Estado de Minas - Em foco","description":"Aprenda a montar um centro de mesa de Natal harmonioso usando flores, folhagens e velas, criando uma decora\u00e7\u00e3o equilibrada e aconchegante para as festas.","robots":{"index":"index","follow":"follow","max-snippet":"max-snippet:-1","max-image-preview":"max-image-preview:large","max-video-preview":"max-video-preview:-1"},"canonical":"https:\/\/www.em.com.br\/emfoco\/2025\/12\/04\/uma-especialista-em-decoracao-revela-com-esses-itens-faceis-voce-tera-um-lindo-arranjo-de-mesa-para-o-natal\/","og_locale":"pt_BR","og_type":"article","og_title":"Uma especialista em decora\u00e7\u00e3o, revela: \u201cCom esses itens f\u00e1ceis, voc\u00ea ter\u00e1 um lindo arranjo de mesa para o Natal.\u201d - Estado de Minas - Em foco","og_description":"Aprenda a montar um centro de mesa de Natal harmonioso usando flores, folhagens e velas, criando uma decora\u00e7\u00e3o equilibrada e aconchegante para as festas.","og_url":"https:\/\/www.em.com.br\/emfoco\/2025\/12\/04\/uma-especialista-em-decoracao-revela-com-esses-itens-faceis-voce-tera-um-lindo-arranjo-de-mesa-para-o-natal\/","og_site_name":"Estado de Minas - Em foco","article_published_time":"2025-12-04T20:45:00+00:00","article_modified_time":"2025-12-03T23:55:58+00:00","og_image":[{"width":1280,"height":720,"url":"https:\/\/www.em.com.br\/emfoco\/wp-content\/uploads\/2025\/11\/Gemini_Generated_Image_b9mdrzb9mdrzb9md-1.png","type":"image\/png"}],"author":"Andre\u0301 Rangel\u00a0","twitter_card":"summary_large_image","twitter_misc":{"Escrito por":"Andre\u0301 Rangel\u00a0","Est. tempo de leitura":"5 minutos"},"schema":{"@context":"https:\/\/schema.org","@graph":[{"@type":"WebPage","@id":"https:\/\/www.em.com.br\/emfoco\/2025\/12\/04\/uma-especialista-em-decoracao-revela-com-esses-itens-faceis-voce-tera-um-lindo-arranjo-de-mesa-para-o-natal\/","url":"https:\/\/www.em.com.br\/emfoco\/2025\/12\/04\/uma-especialista-em-decoracao-revela-com-esses-itens-faceis-voce-tera-um-lindo-arranjo-de-mesa-para-o-natal\/","name":"Uma especialista em decora\u00e7\u00e3o, revela: \u201cCom esses itens f\u00e1ceis, voc\u00ea ter\u00e1 um lindo arranjo de mesa para o Natal.\u201d - Estado de Minas - Em foco","isPartOf":{"@id":"https:\/\/www.em.com.br\/emfoco\/#website"},"primaryImageOfPage":{"@id":"https:\/\/www.em.com.br\/emfoco\/2025\/12\/04\/uma-especialista-em-decoracao-revela-com-esses-itens-faceis-voce-tera-um-lindo-arranjo-de-mesa-para-o-natal\/#primaryimage"},"image":{"@id":"https:\/\/www.em.com.br\/emfoco\/2025\/12\/04\/uma-especialista-em-decoracao-revela-com-esses-itens-faceis-voce-tera-um-lindo-arranjo-de-mesa-para-o-natal\/#primaryimage"},"thumbnailUrl":"https:\/\/www.em.com.br\/emfoco\/wp-content\/uploads\/2025\/11\/Gemini_Generated_Image_b9mdrzb9mdrzb9md-1.png","datePublished":"2025-12-04T20:45:00+00:00","dateModified":"2025-12-03T23:55:58+00:00","author":{"@id":"https:\/\/www.em.com.br\/emfoco\/#\/schema\/person\/60eda09c1fedf0d6891f4cef4b60b8b8"},"description":"Aprenda a montar um centro de mesa de Natal harmonioso usando flores, folhagens e velas, criando uma decora\u00e7\u00e3o equilibrada e aconchegante para as festas.","breadcrumb":{"@id":"https:\/\/www.em.com.br\/emfoco\/2025\/12\/04\/uma-especialista-em-decoracao-revela-com-esses-itens-faceis-voce-tera-um-lindo-arranjo-de-mesa-para-o-natal\/#breadcrumb"},"inLanguage":"pt-BR","potentialAction":[{"@type":"ReadAction","target":["https:\/\/www.em.com.br\/emfoco\/2025\/12\/04\/uma-especialista-em-decoracao-revela-com-esses-itens-faceis-voce-tera-um-lindo-arranjo-de-mesa-para-o-natal\/"]}]},{"@type":"ImageObject","inLanguage":"pt-BR","@id":"https:\/\/www.em.com.br\/emfoco\/2025\/12\/04\/uma-especialista-em-decoracao-revela-com-esses-itens-faceis-voce-tera-um-lindo-arranjo-de-mesa-para-o-natal\/#primaryimage","url":"https:\/\/www.em.com.br\/emfoco\/wp-content\/uploads\/2025\/11\/Gemini_Generated_Image_b9mdrzb9mdrzb9md-1.png","contentUrl":"https:\/\/www.em.com.br\/emfoco\/wp-content\/uploads\/2025\/11\/Gemini_Generated_Image_b9mdrzb9mdrzb9md-1.png","width":1280,"height":720,"caption":"Como criar um centro de mesa de Natal moderno"},{"@type":"BreadcrumbList","@id":"https:\/\/www.em.com.br\/emfoco\/2025\/12\/04\/uma-especialista-em-decoracao-revela-com-esses-itens-faceis-voce-tera-um-lindo-arranjo-de-mesa-para-o-natal\/#breadcrumb","itemListElement":[{"@type":"ListItem","position":1,"name":"In\u00edcio","item":"https:\/\/www.em.com.br\/emfoco\/"},{"@type":"ListItem","position":2,"name":"Uma especialista em decora\u00e7\u00e3o, revela: \u201cCom esses itens f\u00e1ceis, voc\u00ea ter\u00e1 um lindo arranjo de mesa para o Natal.\u201d"}]},{"@type":"WebSite","@id":"https:\/\/www.em.com.br\/emfoco\/#website","url":"https:\/\/www.em.com.br\/emfoco\/","name":"Estado de Minas - Em foco","description":"Acompanhe as \u00faltimas not\u00edcias e fique bem informado sobre tudo o que acontece em Minas Gerais, Brasil e no mundo.","potentialAction":[{"@type":"SearchAction","target":{"@type":"EntryPoint","urlTemplate":"https:\/\/www.em.com.br\/emfoco\/?s={search_term_string}"},"query-input":{"@type":"PropertyValueSpecification","valueRequired":true,"valueName":"search_term_string"}}],"inLanguage":"pt-BR"},{"@type":"Person","@id":"https:\/\/www.em.com.br\/emfoco\/#\/schema\/person\/60eda09c1fedf0d6891f4cef4b60b8b8","name":"Andre\u0301 Rangel\u00a0","image":{"@type":"ImageObject","inLanguage":"pt-BR","@id":"https:\/\/www.em.com.br\/emfoco\/#\/schema\/person\/image\/","url":"https:\/\/secure.gravatar.com\/avatar\/6234dc814c77c8ef6d8bba622c787efc?s=96&d=mm&r=g","contentUrl":"https:\/\/secure.gravatar.com\/avatar\/6234dc814c77c8ef6d8bba622c787efc?s=96&d=mm&r=g","caption":"Andre\u0301 Rangel\u00a0"},"url":"https:\/\/www.em.com.br\/emfoco\/author\/luizmyth\/"}]}},"_links":{"self":[{"href":"https:\/\/www.em.com.br\/emfoco\/wp-json\/wp\/v2\/posts\/135073","targetHints":{"allow":["GET"]}}],"collection":[{"href":"https:\/\/www.em.com.br\/emfoco\/wp-json\/wp\/v2\/posts"}],"about":[{"href":"https:\/\/www.em.com.br\/emfoco\/wp-json\/wp\/v2\/types\/post"}],"author":[{"embeddable":true,"href":"https:\/\/www.em.com.br\/emfoco\/wp-json\/wp\/v2\/users\/11"}],"replies":[{"embeddable":true,"href":"https:\/\/www.em.com.br\/emfoco\/wp-json\/wp\/v2\/comments?post=135073"}],"version-history":[{"count":3,"href":"https:\/\/www.em.com.br\/emfoco\/wp-json\/wp\/v2\/posts\/135073\/revisions"}],"predecessor-version":[{"id":135402,"href":"https:\/\/www.em.com.br\/emfoco\/wp-json\/wp\/v2\/posts\/135073\/revisions\/135402"}],"wp:featuredmedia":[{"embeddable":true,"href":"https:\/\/www.em.com.br\/emfoco\/wp-json\/wp\/v2\/media\/122851"}],"wp:attachment":[{"href":"https:\/\/www.em.com.br\/emfoco\/wp-json\/wp\/v2\/media?parent=135073"}],"wp:term":[{"taxonomy":"category","embeddable":true,"href":"https:\/\/www.em.com.br\/emfoco\/wp-json\/wp\/v2\/categories?post=135073"},{"taxonomy":"post_tag","embeddable":true,"href":"https:\/\/www.em.com.br\/emfoco\/wp-json\/wp\/v2\/tags?post=135073"}],"curies":[{"name":"wp","href":"https:\/\/api.w.org\/{rel}","templated":true}]}}