{"id":135070,"date":"2025-12-04T16:45:00","date_gmt":"2025-12-04T19:45:00","guid":{"rendered":"https:\/\/www.em.com.br\/emfoco\/?p=135070"},"modified":"2025-12-03T20:17:29","modified_gmt":"2025-12-03T23:17:29","slug":"adeus-ao-interruptor-de-luz-uma-nova-tecnologia-inovadora-sera-tendencia-em-2026","status":"publish","type":"post","link":"https:\/\/www.em.com.br\/emfoco\/2025\/12\/04\/adeus-ao-interruptor-de-luz-uma-nova-tecnologia-inovadora-sera-tendencia-em-2026\/","title":{"rendered":"Adeus ao interruptor de luz, uma nova tecnologia inovadora ser\u00e1 tend\u00eancia em 2026"},"content":{"rendered":"\n<p>Uma nova gera\u00e7\u00e3o de&nbsp;<strong>interruptor de luz inteligente<\/strong>&nbsp;vem ganhando espa\u00e7o e promete mudar a forma como as pessoas se relacionam com a ilumina\u00e7\u00e3o residencial. Em vez do bot\u00e3o tradicional na parede, esses dispositivos permitem acender, apagar e regular as luzes a partir do celular, de um controle remoto ou por comandos de voz, oferecendo seguran\u00e7a, conforto e economia de energia por meio de interfaces simples e rotinas automatizadas.<\/p>\n\n\n\n<h2 class=\"wp-block-heading\">O que \u00e9 um interruptor de luz inteligente e como ele funciona?<\/h2>\n\n\n\n<p>O&nbsp;<strong>interruptor inteligente<\/strong>&nbsp;\u00e9 um dispositivo que substitui o interruptor convencional e se conecta \u00e0 rede Wi\u2011Fi ou a outro sistema sem fio. Ele mant\u00e9m a fun\u00e7\u00e3o b\u00e1sica de ligar e desligar a luz, mas adiciona recursos digitais que permitem controle remoto, automa\u00e7\u00e3o e integra\u00e7\u00e3o com outros equipamentos.<\/p>\n\n\n\n<p>Em geral, o aparelho \u00e9 instalado no mesmo ponto do interruptor antigo, aproveitando boa parte do cabeamento j\u00e1 existente. Por meio de um aplicativo no smartphone, o usu\u00e1rio visualiza quais l\u00e2mpadas est\u00e3o acesas, ajusta intensidade em modelos dimeriz\u00e1veis, programa rotinas e cria cen\u00e1rios espec\u00edficos para cada ambiente da casa.<\/p>\n\n\n\n<p>Serparamos para voc\u00ea, um v\u00eddeo do canal <a href=\"https:\/\/www.tiktok.com\/@lufajj\">@lufajj<\/a> que possua mais de 91k de seguidores e explica sobre o interruptor inteligente:<\/p>\n\n\n\n<figure class=\"wp-block-embed is-type-video is-provider-tiktok wp-block-embed-tiktok\"><div class=\"wp-block-embed__wrapper\">\n<blockquote class=\"tiktok-embed\" cite=\"https:\/\/www.tiktok.com\/@lufajj\/video\/7482152120372825399\" data-video-id=\"7482152120372825399\" data-embed-from=\"oembed\" style=\"max-width:605px; min-width:325px;\"> <section> <a target=\"_blank\" title=\"@lufajj\" href=\"https:\/\/www.tiktok.com\/@lufajj?refer=embed\">@lufajj<\/a> <p>Interruptor com tela realmente vale a pena? \ud83e\udd14 <a title=\"automacaoresidencial\" target=\"_blank\" href=\"https:\/\/www.tiktok.com\/tag\/automacaoresidencial?refer=embed\">#automacaoresidencial<\/a> <a title=\"casainteligente\" target=\"_blank\" href=\"https:\/\/www.tiktok.com\/tag\/casainteligente?refer=embed\">#casainteligente<\/a> <a title=\"smarthome\" target=\"_blank\" href=\"https:\/\/www.tiktok.com\/tag\/smarthome?refer=embed\">#smarthome<\/a> <a title=\"camera\" target=\"_blank\" href=\"https:\/\/www.tiktok.com\/tag\/camera?refer=embed\">#camera<\/a> <a title=\"tecnologia\" target=\"_blank\" href=\"https:\/\/www.tiktok.com\/tag\/tecnologia?refer=embed\">#tecnologia<\/a> <\/p> <a target=\"_blank\" title=\"\u266c Metro Boomin_21 savge_Lil Baby_Future_Type beat - Type beats to the world\" href=\"https:\/\/www.tiktok.com\/music\/Metro-Boomin21-savgeLil-BabyFutureType-beat-7475252795982383105?refer=embed\">\u266c Metro Boomin_21 savge_Lil Baby_Future_Type beat &#8211; Type beats to the world<\/a> <\/section> <\/blockquote> <script async src=\"https:\/\/www.tiktok.com\/embed.js\"><\/script>\n<\/div><\/figure>\n\n\n\n<h2 class=\"wp-block-heading\">Como o interruptor de luz inteligente se integra \u00e0 dom\u00f3tica residencial?<\/h2>\n\n\n\n<p>O&nbsp;<strong>interruptor de luz inteligente<\/strong>&nbsp;faz parte da&nbsp;<strong>dom\u00f3tica<\/strong>, termo que descreve sistemas que automatizam fun\u00e7\u00f5es de resid\u00eancias e edif\u00edcios. Em vez de atuar isoladamente, ele pode ser integrado a outros equipamentos conectados, formando um ecossistema de casa inteligente que inclui ilumina\u00e7\u00e3o, climatiza\u00e7\u00e3o, seguran\u00e7a e persianas.<\/p>\n\n\n\n<p>Na pr\u00e1tica, \u00e9 poss\u00edvel configurar que as luzes da sala acendam ao anoitecer, que a ilumina\u00e7\u00e3o do corredor seja ativada ao detectar movimento durante a madrugada ou que todas as luzes se apaguem quando o morador sair e acionar o modo de aus\u00eancia no aplicativo, tornando o uso da energia mais racional.<\/p>\n\n\n\n<h2 class=\"wp-block-heading\">Quais s\u00e3o os principais benef\u00edcios do interruptor de luz inteligente no dia a dia?<\/h2>\n\n\n\n<p>Entre os principais benef\u00edcios do&nbsp;<strong>interruptor inteligente<\/strong>&nbsp;est\u00e3o a economia de energia, o aumento do conforto e o refor\u00e7o da seguran\u00e7a dom\u00e9stica. Ao permitir programar hor\u00e1rios e cen\u00e1rios de ilumina\u00e7\u00e3o, o dispositivo evita luzes acesas sem necessidade, algo comum em \u00e1reas pouco usadas da casa.<\/p>\n\n\n\n<p>No campo do conforto, a automa\u00e7\u00e3o da <a href=\"https:\/\/www.em.com.br\/emfoco\/2025\/11\/17\/esse-erro-de-iluminacao-esta-deixando-sua-casa-com-aparencia-envelhecida\/\" target=\"_blank\" rel=\"noreferrer noopener\">ilumina\u00e7\u00e3o <\/a>reduz deslocamentos constantes para acender ou apagar l\u00e2mpadas e favorece pessoas com mobilidade reduzida ou idosos. A regulagem de intensidade ajuda a criar climas espec\u00edficos, como luz suave para descanso e mais forte para leitura ou tarefas que exigem aten\u00e7\u00e3o.<\/p>\n\n\n\n<ul class=\"wp-block-list\">\n<li><strong>Economia de energia:<\/strong>&nbsp;redu\u00e7\u00e3o de desperd\u00edcios com agendamentos, sensores e monitoramento remoto.<\/li>\n\n\n\n<li><strong>Praticidade:<\/strong>&nbsp;controle das luzes via celular, controle remoto ou comandos de voz.<\/li>\n\n\n\n<li><strong>Flexibilidade:<\/strong>&nbsp;cria\u00e7\u00e3o de cen\u00e1rios personalizados para diferentes momentos do dia.<\/li>\n\n\n\n<li><strong>Acessibilidade:<\/strong>&nbsp;apoio a pessoas com mobilidade limitada ou dificuldades de locomo\u00e7\u00e3o.<\/li>\n<\/ul>\n\n\n\n<figure class=\"wp-block-image size-large\"><img loading=\"lazy\" decoding=\"async\" width=\"1024\" height=\"576\" src=\"https:\/\/www.em.com.br\/emfoco\/wp-content\/uploads\/2025\/12\/interruptor-inteligente_1764807007943-1024x576.jpg\" alt=\"\" class=\"wp-image-135387\" srcset=\"https:\/\/www.em.com.br\/emfoco\/wp-content\/uploads\/2025\/12\/interruptor-inteligente_1764807007943-1024x576.jpg 1024w, https:\/\/www.em.com.br\/emfoco\/wp-content\/uploads\/2025\/12\/interruptor-inteligente_1764807007943-300x169.jpg 300w, https:\/\/www.em.com.br\/emfoco\/wp-content\/uploads\/2025\/12\/interruptor-inteligente_1764807007943-768x432.jpg 768w, https:\/\/www.em.com.br\/emfoco\/wp-content\/uploads\/2025\/12\/interruptor-inteligente_1764807007943-750x422.jpg 750w, https:\/\/www.em.com.br\/emfoco\/wp-content\/uploads\/2025\/12\/interruptor-inteligente_1764807007943-1140x641.jpg 1140w, https:\/\/www.em.com.br\/emfoco\/wp-content\/uploads\/2025\/12\/interruptor-inteligente_1764807007943.jpg 1280w\" sizes=\"auto, (max-width: 1024px) 100vw, 1024px\" \/><figcaption class=\"wp-element-caption\">A mudan\u00e7a simples no interruptor que traz mais conforto &#8211; Cr\u00e9ditos: depositphotos.com \/ zhudifeng<\/figcaption><\/figure>\n\n\n\n<h2 class=\"wp-block-heading\">Como a dom\u00f3tica e a ilumina\u00e7\u00e3o inteligente contribuem para a seguran\u00e7a do lar?<\/h2>\n\n\n\n<p>Na \u00e1rea de seguran\u00e7a, a&nbsp;<strong>dom\u00f3tica<\/strong>&nbsp;combina interruptores de luz inteligentes com sensores de movimento, c\u00e2meras, alarmes e detectores de fuma\u00e7a ou g\u00e1s. Essa integra\u00e7\u00e3o cria uma camada extra de prote\u00e7\u00e3o, com luzes que acendem automaticamente ao detectar movimento em \u00e1reas externas, inibindo invas\u00f5es e simulando presen\u00e7a em per\u00edodos de viagem.<\/p>\n\n\n\n<p>A ilumina\u00e7\u00e3o conectada tamb\u00e9m pode ser integrada a sistemas de emerg\u00eancia, acendendo rotas de sa\u00edda em caso de fuma\u00e7a ou destacando \u00e1reas espec\u00edficas com mudan\u00e7as de cor em l\u00e2mpadas compat\u00edveis. Para organizar as principais funcionalidades voltadas \u00e0 seguran\u00e7a, \u00e9 poss\u00edvel destacar alguns usos frequentes desses recursos:<\/p>\n\n\n\n<ol class=\"wp-block-list\">\n<li>Monitoramento remoto das luzes para verificar atividade inesperada no im\u00f3vel.<\/li>\n\n\n\n<li>Integra\u00e7\u00e3o com sensores de movimento em \u00e1reas internas e externas.<\/li>\n\n\n\n<li>Programa\u00e7\u00e3o de rotinas que simulam presen\u00e7a quando a casa est\u00e1 vazia.<\/li>\n\n\n\n<li>Apoio a sistemas de alarme, c\u00e2meras e detec\u00e7\u00e3o de fuma\u00e7a ou vazamento de g\u00e1s.<\/li>\n<\/ol>\n\n\n\n<h2 class=\"wp-block-heading\">Qual \u00e9 a tend\u00eancia para o futuro dos interruptores de luz inteligentes at\u00e9 2026?<\/h2>\n\n\n\n<p>Especialistas em tecnologia residencial indicam que o&nbsp;<strong>interruptor de luz inteligente<\/strong>&nbsp;deve se popularizar ainda mais at\u00e9 2026, impulsionado pela redu\u00e7\u00e3o de custos e pela maior oferta de modelos compat\u00edveis com diferentes padr\u00f5es el\u00e9tricos. A padroniza\u00e7\u00e3o de protocolos de comunica\u00e7\u00e3o tende a facilitar a integra\u00e7\u00e3o entre marcas distintas, evitando que o consumidor fique preso a um \u00fanico fabricante.<\/p>\n\n\n\n<p>A tend\u00eancia \u00e9 que novos recursos incorporem intelig\u00eancia artificial para aprender h\u00e1bitos dos moradores e ajustar automaticamente a ilumina\u00e7\u00e3o, reduzindo configura\u00e7\u00f5es manuais. Em paralelo, cresce a preocupa\u00e7\u00e3o com seguran\u00e7a digital, estimulando o uso de criptografia, autentica\u00e7\u00e3o refor\u00e7ada e atualiza\u00e7\u00f5es constantes de software para proteger dados e acessos remotos em resid\u00eancias conectadas.<\/p>\n\n\n\n<p><\/p>\n","protected":false},"excerpt":{"rendered":"<p>Uma nova gera\u00e7\u00e3o de&nbsp;interruptor de luz inteligente&nbsp;vem ganhando espa\u00e7o e promete mudar a forma como as pessoas se relacionam com a ilumina\u00e7\u00e3o residencial. Em vez do bot\u00e3o tradicional na parede, esses dispositivos permitem acender, apagar e regular as luzes a partir do celular, de um controle remoto ou por comandos de voz, oferecendo seguran\u00e7a, conforto [&hellip;]<\/p>\n","protected":false},"author":11,"featured_media":135388,"comment_status":"open","ping_status":"open","sticky":false,"template":"","format":"standard","meta":{"jnews-multi-image_gallery":[],"jnews_single_post":{"format":"standard"},"jnews_primary_category":[],"jnews_social_meta":[],"jnews_override_counter":[],"footnotes":""},"categories":[1,4204],"tags":[19711,868,16291,19712],"class_list":["post-135070","post","type-post","status-publish","format-standard","has-post-thumbnail","hentry","category-noticias","category-tecnologia","tag-como-economiza-energia","tag-energia","tag-interruptor","tag-interruptor-inteligente"],"yoast_head":"<!-- This site is optimized with the Yoast SEO plugin v23.8 - https:\/\/yoast.com\/wordpress\/plugins\/seo\/ -->\n<title>Adeus ao interruptor de luz, uma nova tecnologia inovadora ser\u00e1 tend\u00eancia em 2026 - Estado de Minas - Em foco<\/title>\n<meta name=\"description\" content=\"O interruptor conectado melhora a ilumina\u00e7\u00e3o e refor\u00e7a a seguran\u00e7a. Entenda benef\u00edcios, integra\u00e7\u00e3o com sensores e usos que protegem o lar.\" \/>\n<meta name=\"robots\" content=\"index, follow, max-snippet:-1, max-image-preview:large, max-video-preview:-1\" \/>\n<link rel=\"canonical\" href=\"https:\/\/www.em.com.br\/emfoco\/2025\/12\/04\/adeus-ao-interruptor-de-luz-uma-nova-tecnologia-inovadora-sera-tendencia-em-2026\/\" \/>\n<meta property=\"og:locale\" content=\"pt_BR\" \/>\n<meta property=\"og:type\" content=\"article\" \/>\n<meta property=\"og:title\" content=\"Adeus ao interruptor de luz, uma nova tecnologia inovadora ser\u00e1 tend\u00eancia em 2026 - Estado de Minas - Em foco\" \/>\n<meta property=\"og:description\" content=\"O interruptor conectado melhora a ilumina\u00e7\u00e3o e refor\u00e7a a seguran\u00e7a. Entenda benef\u00edcios, integra\u00e7\u00e3o com sensores e usos que protegem o lar.\" \/>\n<meta property=\"og:url\" content=\"https:\/\/www.em.com.br\/emfoco\/2025\/12\/04\/adeus-ao-interruptor-de-luz-uma-nova-tecnologia-inovadora-sera-tendencia-em-2026\/\" \/>\n<meta property=\"og:site_name\" content=\"Estado de Minas - Em foco\" \/>\n<meta property=\"article:published_time\" content=\"2025-12-04T19:45:00+00:00\" \/>\n<meta property=\"article:modified_time\" content=\"2025-12-03T23:17:29+00:00\" \/>\n<meta property=\"og:image\" content=\"https:\/\/www.em.com.br\/emfoco\/wp-content\/uploads\/2025\/12\/Gemini_Generated_Image_y6bgfcy6bgfcy6bg-1.png\" \/>\n\t<meta property=\"og:image:width\" content=\"1280\" \/>\n\t<meta property=\"og:image:height\" content=\"720\" \/>\n\t<meta property=\"og:image:type\" content=\"image\/png\" \/>\n<meta name=\"author\" content=\"Andre\u0301 Rangel\u00a0\" \/>\n<meta name=\"twitter:card\" content=\"summary_large_image\" \/>\n<meta name=\"twitter:label1\" content=\"Escrito por\" \/>\n\t<meta name=\"twitter:data1\" content=\"Andre\u0301 Rangel\u00a0\" \/>\n\t<meta name=\"twitter:label2\" content=\"Est. tempo de leitura\" \/>\n\t<meta name=\"twitter:data2\" content=\"5 minutos\" \/>\n<!-- \/ Yoast SEO plugin. -->","yoast_head_json":{"title":"Adeus ao interruptor de luz, uma nova tecnologia inovadora ser\u00e1 tend\u00eancia em 2026 - Estado de Minas - Em foco","description":"O interruptor conectado melhora a ilumina\u00e7\u00e3o e refor\u00e7a a seguran\u00e7a. Entenda benef\u00edcios, integra\u00e7\u00e3o com sensores e usos que protegem o lar.","robots":{"index":"index","follow":"follow","max-snippet":"max-snippet:-1","max-image-preview":"max-image-preview:large","max-video-preview":"max-video-preview:-1"},"canonical":"https:\/\/www.em.com.br\/emfoco\/2025\/12\/04\/adeus-ao-interruptor-de-luz-uma-nova-tecnologia-inovadora-sera-tendencia-em-2026\/","og_locale":"pt_BR","og_type":"article","og_title":"Adeus ao interruptor de luz, uma nova tecnologia inovadora ser\u00e1 tend\u00eancia em 2026 - Estado de Minas - Em foco","og_description":"O interruptor conectado melhora a ilumina\u00e7\u00e3o e refor\u00e7a a seguran\u00e7a. Entenda benef\u00edcios, integra\u00e7\u00e3o com sensores e usos que protegem o lar.","og_url":"https:\/\/www.em.com.br\/emfoco\/2025\/12\/04\/adeus-ao-interruptor-de-luz-uma-nova-tecnologia-inovadora-sera-tendencia-em-2026\/","og_site_name":"Estado de Minas - Em foco","article_published_time":"2025-12-04T19:45:00+00:00","article_modified_time":"2025-12-03T23:17:29+00:00","og_image":[{"width":1280,"height":720,"url":"https:\/\/www.em.com.br\/emfoco\/wp-content\/uploads\/2025\/12\/Gemini_Generated_Image_y6bgfcy6bgfcy6bg-1.png","type":"image\/png"}],"author":"Andre\u0301 Rangel\u00a0","twitter_card":"summary_large_image","twitter_misc":{"Escrito por":"Andre\u0301 Rangel\u00a0","Est. tempo de leitura":"5 minutos"},"schema":{"@context":"https:\/\/schema.org","@graph":[{"@type":"WebPage","@id":"https:\/\/www.em.com.br\/emfoco\/2025\/12\/04\/adeus-ao-interruptor-de-luz-uma-nova-tecnologia-inovadora-sera-tendencia-em-2026\/","url":"https:\/\/www.em.com.br\/emfoco\/2025\/12\/04\/adeus-ao-interruptor-de-luz-uma-nova-tecnologia-inovadora-sera-tendencia-em-2026\/","name":"Adeus ao interruptor de luz, uma nova tecnologia inovadora ser\u00e1 tend\u00eancia em 2026 - Estado de Minas - Em foco","isPartOf":{"@id":"https:\/\/www.em.com.br\/emfoco\/#website"},"primaryImageOfPage":{"@id":"https:\/\/www.em.com.br\/emfoco\/2025\/12\/04\/adeus-ao-interruptor-de-luz-uma-nova-tecnologia-inovadora-sera-tendencia-em-2026\/#primaryimage"},"image":{"@id":"https:\/\/www.em.com.br\/emfoco\/2025\/12\/04\/adeus-ao-interruptor-de-luz-uma-nova-tecnologia-inovadora-sera-tendencia-em-2026\/#primaryimage"},"thumbnailUrl":"https:\/\/www.em.com.br\/emfoco\/wp-content\/uploads\/2025\/12\/Gemini_Generated_Image_y6bgfcy6bgfcy6bg-1.png","datePublished":"2025-12-04T19:45:00+00:00","dateModified":"2025-12-03T23:17:29+00:00","author":{"@id":"https:\/\/www.em.com.br\/emfoco\/#\/schema\/person\/60eda09c1fedf0d6891f4cef4b60b8b8"},"description":"O interruptor conectado melhora a ilumina\u00e7\u00e3o e refor\u00e7a a seguran\u00e7a. Entenda benef\u00edcios, integra\u00e7\u00e3o com sensores e usos que protegem o lar.","breadcrumb":{"@id":"https:\/\/www.em.com.br\/emfoco\/2025\/12\/04\/adeus-ao-interruptor-de-luz-uma-nova-tecnologia-inovadora-sera-tendencia-em-2026\/#breadcrumb"},"inLanguage":"pt-BR","potentialAction":[{"@type":"ReadAction","target":["https:\/\/www.em.com.br\/emfoco\/2025\/12\/04\/adeus-ao-interruptor-de-luz-uma-nova-tecnologia-inovadora-sera-tendencia-em-2026\/"]}]},{"@type":"ImageObject","inLanguage":"pt-BR","@id":"https:\/\/www.em.com.br\/emfoco\/2025\/12\/04\/adeus-ao-interruptor-de-luz-uma-nova-tecnologia-inovadora-sera-tendencia-em-2026\/#primaryimage","url":"https:\/\/www.em.com.br\/emfoco\/wp-content\/uploads\/2025\/12\/Gemini_Generated_Image_y6bgfcy6bgfcy6bg-1.png","contentUrl":"https:\/\/www.em.com.br\/emfoco\/wp-content\/uploads\/2025\/12\/Gemini_Generated_Image_y6bgfcy6bgfcy6bg-1.png","width":1280,"height":720,"caption":"O melhor recurso do interruptor que facilita a vida"},{"@type":"BreadcrumbList","@id":"https:\/\/www.em.com.br\/emfoco\/2025\/12\/04\/adeus-ao-interruptor-de-luz-uma-nova-tecnologia-inovadora-sera-tendencia-em-2026\/#breadcrumb","itemListElement":[{"@type":"ListItem","position":1,"name":"In\u00edcio","item":"https:\/\/www.em.com.br\/emfoco\/"},{"@type":"ListItem","position":2,"name":"Adeus ao interruptor de luz, uma nova tecnologia inovadora ser\u00e1 tend\u00eancia em 2026"}]},{"@type":"WebSite","@id":"https:\/\/www.em.com.br\/emfoco\/#website","url":"https:\/\/www.em.com.br\/emfoco\/","name":"Estado de Minas - Em foco","description":"Acompanhe as \u00faltimas not\u00edcias e fique bem informado sobre tudo o que acontece em Minas Gerais, Brasil e no mundo.","potentialAction":[{"@type":"SearchAction","target":{"@type":"EntryPoint","urlTemplate":"https:\/\/www.em.com.br\/emfoco\/?s={search_term_string}"},"query-input":{"@type":"PropertyValueSpecification","valueRequired":true,"valueName":"search_term_string"}}],"inLanguage":"pt-BR"},{"@type":"Person","@id":"https:\/\/www.em.com.br\/emfoco\/#\/schema\/person\/60eda09c1fedf0d6891f4cef4b60b8b8","name":"Andre\u0301 Rangel\u00a0","image":{"@type":"ImageObject","inLanguage":"pt-BR","@id":"https:\/\/www.em.com.br\/emfoco\/#\/schema\/person\/image\/","url":"https:\/\/secure.gravatar.com\/avatar\/6234dc814c77c8ef6d8bba622c787efc?s=96&d=mm&r=g","contentUrl":"https:\/\/secure.gravatar.com\/avatar\/6234dc814c77c8ef6d8bba622c787efc?s=96&d=mm&r=g","caption":"Andre\u0301 Rangel\u00a0"},"url":"https:\/\/www.em.com.br\/emfoco\/author\/luizmyth\/"}]}},"_links":{"self":[{"href":"https:\/\/www.em.com.br\/emfoco\/wp-json\/wp\/v2\/posts\/135070","targetHints":{"allow":["GET"]}}],"collection":[{"href":"https:\/\/www.em.com.br\/emfoco\/wp-json\/wp\/v2\/posts"}],"about":[{"href":"https:\/\/www.em.com.br\/emfoco\/wp-json\/wp\/v2\/types\/post"}],"author":[{"embeddable":true,"href":"https:\/\/www.em.com.br\/emfoco\/wp-json\/wp\/v2\/users\/11"}],"replies":[{"embeddable":true,"href":"https:\/\/www.em.com.br\/emfoco\/wp-json\/wp\/v2\/comments?post=135070"}],"version-history":[{"count":5,"href":"https:\/\/www.em.com.br\/emfoco\/wp-json\/wp\/v2\/posts\/135070\/revisions"}],"predecessor-version":[{"id":135389,"href":"https:\/\/www.em.com.br\/emfoco\/wp-json\/wp\/v2\/posts\/135070\/revisions\/135389"}],"wp:featuredmedia":[{"embeddable":true,"href":"https:\/\/www.em.com.br\/emfoco\/wp-json\/wp\/v2\/media\/135388"}],"wp:attachment":[{"href":"https:\/\/www.em.com.br\/emfoco\/wp-json\/wp\/v2\/media?parent=135070"}],"wp:term":[{"taxonomy":"category","embeddable":true,"href":"https:\/\/www.em.com.br\/emfoco\/wp-json\/wp\/v2\/categories?post=135070"},{"taxonomy":"post_tag","embeddable":true,"href":"https:\/\/www.em.com.br\/emfoco\/wp-json\/wp\/v2\/tags?post=135070"}],"curies":[{"name":"wp","href":"https:\/\/api.w.org\/{rel}","templated":true}]}}