{"id":13507,"date":"2025-01-25T09:20:20","date_gmt":"2025-01-25T12:20:20","guid":{"rendered":"https:\/\/www.em.com.br\/emfoco\/?p=13507"},"modified":"2025-01-25T02:14:41","modified_gmt":"2025-01-25T05:14:41","slug":"expansao-do-programa-minha-casa-minha-vida-uma-nova-era-para-habitacao-no-brasil","status":"publish","type":"post","link":"https:\/\/www.em.com.br\/emfoco\/2025\/01\/25\/expansao-do-programa-minha-casa-minha-vida-uma-nova-era-para-habitacao-no-brasil\/","title":{"rendered":"Quer sair do aluguel de vez?"},"content":{"rendered":"\n<p>O programa <a href=\"https:\/\/www.caixa.gov.br\/voce\/habitacao\/minha-casa-minha-vida\/Paginas\/default.aspx\" target=\"_blank\" rel=\"noreferrer noopener\"><strong>Minha Casa Minha Vida<\/strong> <\/a>est\u00e1 passando por uma significativa expans\u00e3o, com a constru\u00e7\u00e3o de 26 mil novas <a href=\"https:\/\/www.em.com.br\/emfoco\/2025\/01\/20\/o-sonho-nova-iorquino-tem-um-preco-entenda-o-custo-de-viver-na-big-apple\/\" target=\"_blank\" rel=\"noreferrer noopener\">moradias <\/a>planejadas para atender fam\u00edlias de diversas regi\u00f5es do Brasil. Essa iniciativa \u00e9 fundamental para reduzir o d\u00e9ficit habitacional no pa\u00eds e garantir o direito \u00e0 moradia digna para milhares de brasileiros.<\/p>\n\n\n\n<p>A estrat\u00e9gia inclui unidades habitacionais distribu\u00eddas em 391 munic\u00edpios de 24 estados. Em um passo hist\u00f3rico, 243 cidades ser\u00e3o inclu\u00eddas no programa pela primeira vez, refletindo o compromisso cont\u00ednuo do governo em ampliar o acesso \u00e0 habita\u00e7\u00e3o e promover a inclus\u00e3o social e a qualidade de vida.<\/p>\n\n\n\n<h2 class=\"wp-block-heading\">Como a Expans\u00e3o do Minha Casa Minha Vida Impacta as Comunidades?<\/h2>\n\n\n\n<p>O <strong>Minha Casa Minha Vida<\/strong> tem um papel crucial na transforma\u00e7\u00e3o social e econ\u00f4mica das comunidades beneficiadas. Ao oferecer moradia digna e segura, o programa n\u00e3o apenas proporciona estabilidade \u00e0s fam\u00edlias, mas tamb\u00e9m catalisa melhorias na qualidade de vida e inclus\u00e3o social.<\/p>\n\n\n<div class=\"wp-block-image\">\n<figure class=\"aligncenter size-large\"><img loading=\"lazy\" decoding=\"async\" width=\"1024\" height=\"576\" src=\"https:\/\/www.em.com.br\/emfoco\/wp-content\/uploads\/2024\/12\/Casa_1734626445562-1024x576.jpg\" alt=\"\" class=\"wp-image-5740\" srcset=\"https:\/\/www.em.com.br\/emfoco\/wp-content\/uploads\/2024\/12\/Casa_1734626445562-1024x576.jpg 1024w, https:\/\/www.em.com.br\/emfoco\/wp-content\/uploads\/2024\/12\/Casa_1734626445562-300x169.jpg 300w, https:\/\/www.em.com.br\/emfoco\/wp-content\/uploads\/2024\/12\/Casa_1734626445562-768x432.jpg 768w, https:\/\/www.em.com.br\/emfoco\/wp-content\/uploads\/2024\/12\/Casa_1734626445562-750x422.jpg 750w, https:\/\/www.em.com.br\/emfoco\/wp-content\/uploads\/2024\/12\/Casa_1734626445562-1140x641.jpg 1140w, https:\/\/www.em.com.br\/emfoco\/wp-content\/uploads\/2024\/12\/Casa_1734626445562.jpg 1280w\" sizes=\"auto, (max-width: 1024px) 100vw, 1024px\" \/><figcaption class=\"wp-element-caption\">Minha Casa &#8211; Cr\u00e9ditos: depositphotos.com \/ AntonMatyukha<\/figcaption><\/figure><\/div>\n\n\n<p>Um impacto adicional significativo est\u00e1 na economia local. A constru\u00e7\u00e3o de novas resid\u00eancias gera empregos e movimenta o com\u00e9rcio, fortalecendo setores estrat\u00e9gicos nas regi\u00f5es atendidas. Paralelamente, a sustentabilidade \u00e9 uma prioridade, com pr\u00e1ticas de constru\u00e7\u00e3o inteligente para minimizar impactos ambientais e promover um desenvolvimento habitacional respons\u00e1vel.<\/p>\n\n\n\n<h2 class=\"wp-block-heading\">Quais Criterios Definem as Regi\u00f5es Beneficiadas?<\/h2>\n\n\n\n<p>A sele\u00e7\u00e3o das localidades para a implanta\u00e7\u00e3o de novas unidades do Minha Casa Minha Vida \u00e9 orientada por crit\u00e9rios estrat\u00e9gicos, como o crescimento populacional impulsionado por atividades econ\u00f4micas, entre elas, o agroneg\u00f3cio em estados como Mato Grosso e Tocantins.<\/p>\n\n\n\n<p>Al\u00e9m disso, a aten\u00e7\u00e3o est\u00e1 voltada para munic\u00edpios vulner\u00e1veis a desastres naturais que possam comprometer a seguran\u00e7a das habita\u00e7\u00f5es. \u00c1reas em Alagoas, onde eventos clim\u00e1ticos adversos afetam a estrutura das moradias, s\u00e3o exemplos do foco atual do programa. Essa abordagem visa suprir demandas urgentes e garantir habita\u00e7\u00e3o digna para as popula\u00e7\u00f5es mais afetadas.<\/p>\n\n\n\n<h2 class=\"wp-block-heading\">Impactos Econ\u00f4micos e Sociais da Constru\u00e7\u00e3o de Novas Moradias<\/h2>\n\n\n\n<p>A constru\u00e7\u00e3o de novas moradias sob o programa Minha Casa Minha Vida \u00e9 um motor de desenvolvimento para as comunidades envolvidas. Primeiramente, h\u00e1 um impacto direto na gera\u00e7\u00e3o de emprego. Do pedreiro ao engenheiro, h\u00e1 uma gama de profissionais que se beneficiam com novos postos de trabalho.<\/p>\n\n\n\n<p>Em n\u00edvel macroecon\u00f4mico, o aumento da demanda por materiais de constru\u00e7\u00e3o e servi\u00e7os relacionados ocasiona um efeito cascata, estimulando a economia local e nacional. Assim, o programa n\u00e3o apenas melhora a vida dos novos moradores, mas fortalece toda a cadeia produtiva associada \u00e0 habita\u00e7\u00e3o.<\/p>\n\n\n\n<h2 class=\"wp-block-heading\">Um Olhar para o Futuro da Habita\u00e7\u00e3o no Brasil<\/h2>\n\n\n\n<p>O avan\u00e7o do programa Minha Casa Minha Vida representa um marco na busca por justi\u00e7a social e desenvolvimento sustent\u00e1vel no Brasil. Continuar expandindo e aprimorando essa iniciativa \u00e9 crucial para atingir as metas de habita\u00e7\u00e3o do pa\u00eds e garantir que mais brasileiros tenham acesso \u00e0 moradia digna e segura.<\/p>\n\n\n\n<p>Por meio de estrat\u00e9gias de longo prazo, que incluem inova\u00e7\u00e3o em constru\u00e7\u00e3o e sustentabilidade, a expectativa \u00e9 que o programa continue a evoluir, adaptando-se ao panorama social e econ\u00f4mico do Brasil e cumprindo sua miss\u00e3o de transformar vidas atrav\u00e9s do acesso \u00e0 moradia.<\/p>\n","protected":false},"excerpt":{"rendered":"<p>O programa Minha Casa Minha Vida est\u00e1 passando por uma significativa expans\u00e3o, com a constru\u00e7\u00e3o de 26 mil novas moradias planejadas para atender fam\u00edlias de diversas regi\u00f5es do Brasil. Essa iniciativa \u00e9 fundamental para reduzir o d\u00e9ficit habitacional no pa\u00eds e garantir o direito \u00e0 moradia digna para milhares de brasileiros. A estrat\u00e9gia inclui unidades [&hellip;]<\/p>\n","protected":false},"author":7,"featured_media":5976,"comment_status":"open","ping_status":"open","sticky":false,"template":"","format":"standard","meta":{"jnews-multi-image_gallery":[],"jnews_single_post":{"format":"standard"},"jnews_primary_category":[],"jnews_social_meta":[],"jnews_override_counter":[],"footnotes":""},"categories":[28],"tags":[158,3936,1217,2205,151],"class_list":["post-13507","post","type-post","status-publish","format-standard","has-post-thumbnail","hentry","category-economia","tag-brasil","tag-favelas","tag-habitacao","tag-habitacao-social","tag-rio-de-janeiro"],"yoast_head":"<!-- This site is optimized with the Yoast SEO plugin v23.8 - https:\/\/yoast.com\/wordpress\/plugins\/seo\/ -->\n<title>Quer sair do aluguel de vez? - Estado de Minas - Em foco<\/title>\n<meta name=\"description\" content=\"An\u00e1lise do impacto do programa brasileiro de habita\u00e7\u00e3o social Minha Casa Minha Vida em comunidades por todo o pa\u00eds.\" \/>\n<meta name=\"robots\" content=\"index, follow, max-snippet:-1, max-image-preview:large, max-video-preview:-1\" \/>\n<link rel=\"canonical\" href=\"https:\/\/www.em.com.br\/emfoco\/2025\/01\/25\/expansao-do-programa-minha-casa-minha-vida-uma-nova-era-para-habitacao-no-brasil\/\" \/>\n<meta property=\"og:locale\" content=\"pt_BR\" \/>\n<meta property=\"og:type\" content=\"article\" \/>\n<meta property=\"og:title\" content=\"Quer sair do aluguel de vez? - Estado de Minas - Em foco\" \/>\n<meta property=\"og:description\" content=\"An\u00e1lise do impacto do programa brasileiro de habita\u00e7\u00e3o social Minha Casa Minha Vida em comunidades por todo o pa\u00eds.\" \/>\n<meta property=\"og:url\" content=\"https:\/\/www.em.com.br\/emfoco\/2025\/01\/25\/expansao-do-programa-minha-casa-minha-vida-uma-nova-era-para-habitacao-no-brasil\/\" \/>\n<meta property=\"og:site_name\" content=\"Estado de Minas - Em foco\" \/>\n<meta property=\"article:published_time\" content=\"2025-01-25T12:20:20+00:00\" \/>\n<meta property=\"article:modified_time\" content=\"2025-01-25T05:14:41+00:00\" \/>\n<meta property=\"og:image\" content=\"https:\/\/www.em.com.br\/emfoco\/wp-content\/uploads\/2024\/12\/Minha-Casa-Minha-Vida_1734715599682.jpg\" \/>\n\t<meta property=\"og:image:width\" content=\"1280\" \/>\n\t<meta property=\"og:image:height\" content=\"720\" \/>\n\t<meta property=\"og:image:type\" content=\"image\/jpeg\" \/>\n<meta name=\"author\" content=\"Kelvin\" \/>\n<meta name=\"twitter:card\" content=\"summary_large_image\" \/>\n<meta name=\"twitter:label1\" content=\"Escrito por\" \/>\n\t<meta name=\"twitter:data1\" content=\"Kelvin\" \/>\n\t<meta name=\"twitter:label2\" content=\"Est. tempo de leitura\" \/>\n\t<meta name=\"twitter:data2\" content=\"4 minutos\" \/>\n<!-- \/ Yoast SEO plugin. -->","yoast_head_json":{"title":"Quer sair do aluguel de vez? - Estado de Minas - Em foco","description":"An\u00e1lise do impacto do programa brasileiro de habita\u00e7\u00e3o social Minha Casa Minha Vida em comunidades por todo o pa\u00eds.","robots":{"index":"index","follow":"follow","max-snippet":"max-snippet:-1","max-image-preview":"max-image-preview:large","max-video-preview":"max-video-preview:-1"},"canonical":"https:\/\/www.em.com.br\/emfoco\/2025\/01\/25\/expansao-do-programa-minha-casa-minha-vida-uma-nova-era-para-habitacao-no-brasil\/","og_locale":"pt_BR","og_type":"article","og_title":"Quer sair do aluguel de vez? - Estado de Minas - Em foco","og_description":"An\u00e1lise do impacto do programa brasileiro de habita\u00e7\u00e3o social Minha Casa Minha Vida em comunidades por todo o pa\u00eds.","og_url":"https:\/\/www.em.com.br\/emfoco\/2025\/01\/25\/expansao-do-programa-minha-casa-minha-vida-uma-nova-era-para-habitacao-no-brasil\/","og_site_name":"Estado de Minas - Em foco","article_published_time":"2025-01-25T12:20:20+00:00","article_modified_time":"2025-01-25T05:14:41+00:00","og_image":[{"width":1280,"height":720,"url":"https:\/\/www.em.com.br\/emfoco\/wp-content\/uploads\/2024\/12\/Minha-Casa-Minha-Vida_1734715599682.jpg","type":"image\/jpeg"}],"author":"Kelvin","twitter_card":"summary_large_image","twitter_misc":{"Escrito por":"Kelvin","Est. tempo de leitura":"4 minutos"},"schema":{"@context":"https:\/\/schema.org","@graph":[{"@type":"WebPage","@id":"https:\/\/www.em.com.br\/emfoco\/2025\/01\/25\/expansao-do-programa-minha-casa-minha-vida-uma-nova-era-para-habitacao-no-brasil\/","url":"https:\/\/www.em.com.br\/emfoco\/2025\/01\/25\/expansao-do-programa-minha-casa-minha-vida-uma-nova-era-para-habitacao-no-brasil\/","name":"Quer sair do aluguel de vez? - Estado de Minas - Em foco","isPartOf":{"@id":"https:\/\/www.em.com.br\/emfoco\/#website"},"primaryImageOfPage":{"@id":"https:\/\/www.em.com.br\/emfoco\/2025\/01\/25\/expansao-do-programa-minha-casa-minha-vida-uma-nova-era-para-habitacao-no-brasil\/#primaryimage"},"image":{"@id":"https:\/\/www.em.com.br\/emfoco\/2025\/01\/25\/expansao-do-programa-minha-casa-minha-vida-uma-nova-era-para-habitacao-no-brasil\/#primaryimage"},"thumbnailUrl":"https:\/\/www.em.com.br\/emfoco\/wp-content\/uploads\/2024\/12\/Minha-Casa-Minha-Vida_1734715599682.jpg","datePublished":"2025-01-25T12:20:20+00:00","dateModified":"2025-01-25T05:14:41+00:00","author":{"@id":"https:\/\/www.em.com.br\/emfoco\/#\/schema\/person\/fb0a7f48c6fbb94b83f413a80f61917d"},"description":"An\u00e1lise do impacto do programa brasileiro de habita\u00e7\u00e3o social Minha Casa Minha Vida em comunidades por todo o pa\u00eds.","breadcrumb":{"@id":"https:\/\/www.em.com.br\/emfoco\/2025\/01\/25\/expansao-do-programa-minha-casa-minha-vida-uma-nova-era-para-habitacao-no-brasil\/#breadcrumb"},"inLanguage":"pt-BR","potentialAction":[{"@type":"ReadAction","target":["https:\/\/www.em.com.br\/emfoco\/2025\/01\/25\/expansao-do-programa-minha-casa-minha-vida-uma-nova-era-para-habitacao-no-brasil\/"]}]},{"@type":"ImageObject","inLanguage":"pt-BR","@id":"https:\/\/www.em.com.br\/emfoco\/2025\/01\/25\/expansao-do-programa-minha-casa-minha-vida-uma-nova-era-para-habitacao-no-brasil\/#primaryimage","url":"https:\/\/www.em.com.br\/emfoco\/wp-content\/uploads\/2024\/12\/Minha-Casa-Minha-Vida_1734715599682.jpg","contentUrl":"https:\/\/www.em.com.br\/emfoco\/wp-content\/uploads\/2024\/12\/Minha-Casa-Minha-Vida_1734715599682.jpg","width":1280,"height":720,"caption":"Casa - Cr\u00e9ditos: depositphotos.com \/ niamwhan"},{"@type":"BreadcrumbList","@id":"https:\/\/www.em.com.br\/emfoco\/2025\/01\/25\/expansao-do-programa-minha-casa-minha-vida-uma-nova-era-para-habitacao-no-brasil\/#breadcrumb","itemListElement":[{"@type":"ListItem","position":1,"name":"In\u00edcio","item":"https:\/\/www.em.com.br\/emfoco\/"},{"@type":"ListItem","position":2,"name":"Quer sair do aluguel de vez?"}]},{"@type":"WebSite","@id":"https:\/\/www.em.com.br\/emfoco\/#website","url":"https:\/\/www.em.com.br\/emfoco\/","name":"Estado de Minas - Em foco","description":"Acompanhe as \u00faltimas not\u00edcias e fique bem informado sobre tudo o que acontece em Minas Gerais, Brasil e no mundo.","potentialAction":[{"@type":"SearchAction","target":{"@type":"EntryPoint","urlTemplate":"https:\/\/www.em.com.br\/emfoco\/?s={search_term_string}"},"query-input":{"@type":"PropertyValueSpecification","valueRequired":true,"valueName":"search_term_string"}}],"inLanguage":"pt-BR"},{"@type":"Person","@id":"https:\/\/www.em.com.br\/emfoco\/#\/schema\/person\/fb0a7f48c6fbb94b83f413a80f61917d","name":"Kelvin","image":{"@type":"ImageObject","inLanguage":"pt-BR","@id":"https:\/\/www.em.com.br\/emfoco\/#\/schema\/person\/image\/","url":"https:\/\/secure.gravatar.com\/avatar\/e74f84337e6bf6c4c5e88fbdffa05270?s=96&d=mm&r=g","contentUrl":"https:\/\/secure.gravatar.com\/avatar\/e74f84337e6bf6c4c5e88fbdffa05270?s=96&d=mm&r=g","caption":"Kelvin"},"sameAs":["https:\/\/www.em.com.br\/emfoco"],"url":"https:\/\/www.em.com.br\/emfoco\/author\/kelvinmyth\/"}]}},"_links":{"self":[{"href":"https:\/\/www.em.com.br\/emfoco\/wp-json\/wp\/v2\/posts\/13507","targetHints":{"allow":["GET"]}}],"collection":[{"href":"https:\/\/www.em.com.br\/emfoco\/wp-json\/wp\/v2\/posts"}],"about":[{"href":"https:\/\/www.em.com.br\/emfoco\/wp-json\/wp\/v2\/types\/post"}],"author":[{"embeddable":true,"href":"https:\/\/www.em.com.br\/emfoco\/wp-json\/wp\/v2\/users\/7"}],"replies":[{"embeddable":true,"href":"https:\/\/www.em.com.br\/emfoco\/wp-json\/wp\/v2\/comments?post=13507"}],"version-history":[{"count":2,"href":"https:\/\/www.em.com.br\/emfoco\/wp-json\/wp\/v2\/posts\/13507\/revisions"}],"predecessor-version":[{"id":13510,"href":"https:\/\/www.em.com.br\/emfoco\/wp-json\/wp\/v2\/posts\/13507\/revisions\/13510"}],"wp:featuredmedia":[{"embeddable":true,"href":"https:\/\/www.em.com.br\/emfoco\/wp-json\/wp\/v2\/media\/5976"}],"wp:attachment":[{"href":"https:\/\/www.em.com.br\/emfoco\/wp-json\/wp\/v2\/media?parent=13507"}],"wp:term":[{"taxonomy":"category","embeddable":true,"href":"https:\/\/www.em.com.br\/emfoco\/wp-json\/wp\/v2\/categories?post=13507"},{"taxonomy":"post_tag","embeddable":true,"href":"https:\/\/www.em.com.br\/emfoco\/wp-json\/wp\/v2\/tags?post=13507"}],"curies":[{"name":"wp","href":"https:\/\/api.w.org\/{rel}","templated":true}]}}