{"id":135019,"date":"2025-12-04T11:15:00","date_gmt":"2025-12-04T14:15:00","guid":{"rendered":"https:\/\/www.em.com.br\/emfoco\/?p=135019"},"modified":"2025-12-03T20:16:32","modified_gmt":"2025-12-03T23:16:32","slug":"fim-da-estrela-neste-natal-com-essas-alternativas-modernas-para-decorar-sua-arvore-em-2025-sem-perder-o-espirito-natalino","status":"publish","type":"post","link":"https:\/\/www.em.com.br\/emfoco\/2025\/12\/04\/fim-da-estrela-neste-natal-com-essas-alternativas-modernas-para-decorar-sua-arvore-em-2025-sem-perder-o-espirito-natalino\/","title":{"rendered":"Fim d\u00e1 estrela neste Natal com essas alternativas modernas para decorar sua \u00e1rvore em 2025 sem perder o esp\u00edrito natalino"},"content":{"rendered":"\n<p>Entre a decora\u00e7\u00e3o natalina do lar, ou&nbsp;<strong>decora\u00e7\u00e3o da \u00e1rvore de Natal<\/strong>, o foco atual est\u00e1 em transformar o ambiente com detalhes mais leves, personalizados e menos carregados de s\u00edmbolos cl\u00e1ssicos, misturando materiais, cores neutras e elementos feitos \u00e0 m\u00e3o para preservar o ar natalino em uma atmosfera contempor\u00e2nea e acolhedora.<\/p>\n\n\n\n<h2 class=\"wp-block-heading\">Quais s\u00e3o as tend\u00eancias de decora\u00e7\u00e3o da \u00e1rvore de Natal em 2025<\/h2>\n\n\n\n<p>Na temporada de 2025, a&nbsp;<a href=\"https:\/\/www.em.com.br\/emfoco\/2025\/12\/03\/se-voce-tiver-um-par-de-calcas-jeans-velhas-e-rasgadas-crie-uma-arvore-de-natal-original-e-estilosa\/\" target=\"_blank\" rel=\"noreferrer noopener\"><strong>decora\u00e7\u00e3o da \u00e1rvore de Natal<\/strong>&nbsp;<\/a>segue uma linha mais sutil, com tons neutros e texturas confort\u00e1veis que dialogam com o restante da casa. Bege, branco, cinza suave, verde musgo e dourado envelhecido substituem excessos de brilho e criam um cen\u00e1rio mais harm\u00f4nico com m\u00f3veis e revestimentos.<\/p>\n\n\n\n<p>Especialistas em interiores apontam a personaliza\u00e7\u00e3o como eixo central dessas mudan\u00e7as, com cada fam\u00edlia escolhendo enfeites que expressem seu estilo. O topo do pinheiro deixa de ser territ\u00f3rio exclusivo da estrela tradicional e passa a receber la\u00e7os de tecido, pequenas figuras ou arranjos de galhos secos, sem romper com o esp\u00edrito natalino.<\/p>\n\n\n\n<style>\n.card-mini {\n    background: #ffffff;\n    border-radius: 14px;\n    padding: 20px;\n    margin: 22px 0;\n    box-shadow: 0 4px 12px rgba(0,0,0,0.08);\n    font-family: Arial, sans-serif;\n}\n\n.card-mini h3 {\n    margin-top: 0;\n    font-size: 20px;\n    font-weight: bold;\n}\n\n.card-mini p {\n    margin: 10px 0;\n    color: #333;\n    line-height: 1.55;\n}\n\n\/* Cores individuais *\/\n.card1 { border-left: 6px solid #e74c3c; } \/* vermelho *\/\n.card1 h3 { color: #e74c3c; }\n\n.card2 { border-left: 6px solid #f1c40f; } \/* amarelo *\/\n.card2 h3 { color: #d4a80c; }\n\n.card3 { border-left: 6px solid #3498db; } \/* azul *\/\n.card3 h3 { color: #217dbb; }\n\n.card4 { border-left: 6px solid #2ecc71; } \/* verde *\/\n.card4 h3 { color: #239b56; }\n\n.card5 { border-left: 6px solid #9b59b6; } \/* roxo *\/\n.card5 h3 { color: #7d3c98; }\n<\/style>\n\n\n<!-- CARD 1 -->\n<div class=\"card-mini card1\">\n    <h3>1. La\u00e7os de tecido: o detalhe rom\u00e2ntico que est\u00e1 super em alta<\/h3>\n    <p>La\u00e7os em linho, veludo ou algod\u00e3o em tons neutros \u2014 areia, taupe, cinza-pedra ou bege \u2014 est\u00e3o entre as tend\u00eancias mais fortes desta temporada. Eles substituem os enfeites chamativos e trazem suavidade.<\/p>\n    <p>Uma ideia \u00e9 usar um la\u00e7o grande no topo da \u00e1rvore, deixando as fitas ca\u00edrem para criar movimento e um toque rom\u00e2ntico. Al\u00e9m disso, \u00e9 uma op\u00e7\u00e3o pr\u00e1tica: basta trocar a cor do la\u00e7o para renovar a decora\u00e7\u00e3o todos os anos.<\/p>\n<\/div>\n\n\n<!-- CARD 2 -->\n<div class=\"card-mini card2\">\n    <h3>2. Galhos naturais: minimalismo e frescor<\/h3>\n    <p>Para quem gosta de um estilo n\u00f3rdico ou artesanal, ramos naturais s\u00e3o a escolha perfeita. Pinheiros, abetos, eucaliptos ou at\u00e9 galhos secos adicionam textura e deixam a \u00e1rvore mais cheia.<\/p>\n    <p>O segredo \u00e9 escolher galhos que harmonizem com o formato da \u00e1rvore, trazendo autenticidade sem exageros \u2014 ideal para quem busca um Natal mais natural e minimalista.<\/p>\n<\/div>\n\n\n<!-- CARD 3 -->\n<div class=\"card-mini card3\">\n    <h3>3. Figuras feitas \u00e0 m\u00e3o: pe\u00e7as \u00fanicas com muito estilo<\/h3>\n    <p>Figuras artesanais de madeira ou cer\u00e2mica substituem a estrela com muito charme. Pe\u00e7as pequenas, como p\u00e1ssaros esculpidos, casinhas ou flocos de neve, d\u00e3o personalidade \u00e0 \u00e1rvore.<\/p>\n    <p>Esse tipo de enfeite traz aconchego e exclusividade, criando um topo discreto, art\u00edstico e cheio de estilo.<\/p>\n<\/div>\n\n\n<!-- CARD 4 -->\n<div class=\"card-mini card4\">\n    <h3>4. Detalhes met\u00e1licos delicados: brilho sutil e elegante<\/h3>\n    <p>Enfeites em lat\u00e3o, ouro antigo ou prata escovada est\u00e3o em alta. O objetivo n\u00e3o \u00e9 colocar bolas grandes, mas sim detalhes discretos como gotas alongadas, esferas m\u00e9dias ou pingentes minimalistas.<\/p>\n    <p>Esse brilho suave funciona especialmente bem em ambientes contempor\u00e2neos, iluminando a \u00e1rvore como uma joia sutil \u2014 elegante sem exagero.<\/p>\n<\/div>\n\n\n<!-- CARD 5 -->\n<div class=\"card-mini card5\">\n    <h3>5. Micro luzes de cord\u00e3o: a magia est\u00e1 na ilumina\u00e7\u00e3o<\/h3>\n    <p>As microguirlandas criam um efeito suave e encantador. Em vez de um enfeite no topo, um fio luminoso pode subir at\u00e9 o cume e contornar a copa, trazendo destaque leve e aconchegante.<\/p>\n    <p>Essa op\u00e7\u00e3o valoriza a \u00e1rvore sem pesar na decora\u00e7\u00e3o e transforma a ilumina\u00e7\u00e3o no grande diferencial.<\/p>\n<\/div>\n\n\n\n<h2 class=\"wp-block-heading\">Como deixar o pinheiro atual mantendo o clima natalino<\/h2>\n\n\n\n<p>Para quem busca uma<a href=\"https:\/\/dk.pinterest.com\/pin\/rvore-de-natal-moderna--30610472460995757\/\" target=\"_blank\" rel=\"noreferrer noopener\">&nbsp;<strong>\u00e1rvore de Natal moderna<\/strong><\/a>&nbsp;sem abrir m\u00e3o do simbolismo, algumas escolhas simples fazem diferen\u00e7a. Um recurso em alta \u00e9 o uso de&nbsp;<strong>la\u00e7os de tecido<\/strong>&nbsp;em linho, algod\u00e3o ou veludo, em cores suaves, substituindo o enfeite r\u00edgido no topo por um la\u00e7o grande com pontas alongadas, que cria movimento rom\u00e2ntico.<\/p>\n\n\n\n<p>Esses la\u00e7os podem ser combinados com enfeites discretos em madeira, feltro ou cer\u00e2mica para refor\u00e7ar um visual artesanal. Assim, o pinheiro ganha unidade visual, mant\u00e9m o clima festivo e se ajusta facilmente a ambientes neutros ou salas com decora\u00e7\u00e3o minimalista.<\/p>\n\n\n\n<ul class=\"wp-block-list\">\n<li>La\u00e7os menores podem ser distribu\u00eddos pelos galhos para substituir ou intercalar com as bolas comuns.<\/li>\n\n\n\n<li>A cor dos la\u00e7os pode mudar a cada ano, mantendo o pinheiro e renovando a apar\u00eancia.<\/li>\n\n\n\n<li>Combina\u00e7\u00f5es em bege, areia e cinza dialogam bem com m\u00f3veis de madeira clara e ambientes neutros.<\/li>\n<\/ul>\n\n\n\n<h2 class=\"wp-block-heading\">Como usar ramos naturais na decora\u00e7\u00e3o da \u00e1rvore<\/h2>\n\n\n\n<p>Os&nbsp;<strong>ramos naturais<\/strong>&nbsp;aparecem com frequ\u00eancia em propostas escandinavas e artesanais, trazendo textura e perfume suaves. Galhos de pinheiro, abeto, eucalipto ou at\u00e9 ramos secos podem ser inseridos entre os galhos artificiais para dar mais volume e um aspecto mais org\u00e2nico.<\/p>\n\n\n\n<p>O segredo \u00e9 seguir o desenho original da \u00e1rvore, evitando pontas exageradas e mantendo equil\u00edbrio visual. Combinar ramos naturais com enfeites em fibras, como sisal ou juta, ajuda a refor\u00e7ar o estilo minimalista e aconchegante, criando uma composi\u00e7\u00e3o sofisticada com poucos elementos.<\/p>\n\n\n\n<figure class=\"wp-block-image\"><img decoding=\"async\" src=\"https:\/\/www.em.com.br\/emfoco\/wp-content\/uploads\/2025\/10\/arvore-de-Natal_1759710037361-1024x576.jpg\" alt=\"\"\/><figcaption class=\"wp-element-caption\">A magia do Natal em casa &#8211; A magia do Natal &#8211; Cr\u00e9ditos: depositphotos.com \/ IgorVetushko<\/figcaption><\/figure>\n\n\n\n<h2 class=\"wp-block-heading\">Quais enfeites podem substituir a estrela no topo do pinheiro<\/h2>\n\n\n\n<p>A busca por uma&nbsp;<strong>decora\u00e7\u00e3o natalina diferente<\/strong>&nbsp;tamb\u00e9m chegou ao topo do pinheiro, antes dominado pela estrela cl\u00e1ssica. Ganhou espa\u00e7o o uso de figuras artesanais, como pequenos p\u00e1ssaros de madeira, casinhas de cer\u00e2mica, cora\u00e7\u00f5es recortados, sinos minimalistas ou flocos de neve esculpidos, que d\u00e3o charme discreto.<\/p>\n\n\n\n<p>Para manter a harmonia visual, \u00e9 importante repetir o material ou a cor escolhida em outros pontos da \u00e1rvore. Assim, o topo deixa de ser apenas um s\u00edmbolo isolado e passa a integrar o conjunto, refor\u00e7ando uma narrativa est\u00e9tica coerente com o restante da decora\u00e7\u00e3o.<\/p>\n\n\n\n<ol class=\"wp-block-list\">\n<li>Escolher uma pe\u00e7a pequena, bem-acabada e com material resistente.<\/li>\n\n\n\n<li>Fixar o enfeite de forma segura na ponta do galho principal.<\/li>\n\n\n\n<li>Repetir o mesmo material ou cor em outros pontos da \u00e1rvore para criar unidade visual.<\/li>\n<\/ol>\n\n\n\n<h2 class=\"wp-block-heading\">Como usar adornos met\u00e1licos de forma discreta<\/h2>\n\n\n\n<p>Al\u00e9m das pe\u00e7as feitas \u00e0 m\u00e3o, cresceu a presen\u00e7a de&nbsp;<strong>adornos met\u00e1licos finos<\/strong>&nbsp;em lat\u00e3o, ouro envelhecido ou prata escovada. Em vez de bolas grandes e espelhadas, entram em cena esferas m\u00e9dias, pingentes alongados e figuras geom\u00e9tricas simples, que funcionam quase como pequenas joias.<\/p>\n\n\n\n<p>Esse brilho discreto combina bem com salas contempor\u00e2neas e ambientes de cores s\u00f3brias, sem competir com tecidos e ramos naturais. Ao distribuir os metais em pontos estrat\u00e9gicos, o efeito fica equilibrado e elegante, evitando o aspecto carregado de decora\u00e7\u00f5es excessivamente brilhantes.<\/p>\n\n\n\n<h2 class=\"wp-block-heading\">Qual \u00e9 o papel das luzes na decora\u00e7\u00e3o do pinheiro<\/h2>\n\n\n\n<p>As&nbsp;<em>microguirlandas de luzes<\/em>, com fios quase invis\u00edveis e pontos de LED min\u00fasculos, mudaram a forma de iluminar o pinheiro. Em muitos projetos, o fio de luz marca o contorno da \u00e1rvore at\u00e9 a parte mais alta, substituindo pe\u00e7as volumosas no topo e criando um feixe cont\u00ednuo e delicado.<\/p>\n\n\n\n<p>Com luz quente, essas guirlandas criam um clima suave na sala, mesmo ap\u00f3s as festas, e podem assumir papel principal em \u00e1rvores altas ou minimalistas. Combinadas a la\u00e7os de tecido, ramos naturais e figuras artesanais, ajudam a manter o ar festivo da&nbsp;<strong>decora\u00e7\u00e3o da \u00e1rvore de Natal<\/strong>, integrado ao dia a dia da casa.<\/p>\n","protected":false},"excerpt":{"rendered":"<p>Entre a decora\u00e7\u00e3o natalina do lar, ou&nbsp;decora\u00e7\u00e3o da \u00e1rvore de Natal, o foco atual est\u00e1 em transformar o ambiente com detalhes mais leves, personalizados e menos carregados de s\u00edmbolos cl\u00e1ssicos, misturando materiais, cores neutras e elementos feitos \u00e0 m\u00e3o para preservar o ar natalino em uma atmosfera contempor\u00e2nea e acolhedora. Quais s\u00e3o as tend\u00eancias de [&hellip;]<\/p>\n","protected":false},"author":11,"featured_media":135374,"comment_status":"open","ping_status":"open","sticky":false,"template":"","format":"standard","meta":{"jnews-multi-image_gallery":[],"jnews_single_post":{"format":"standard"},"jnews_primary_category":[],"jnews_social_meta":[],"jnews_override_counter":[],"footnotes":""},"categories":[8819,1],"tags":[17062,4687,18052],"class_list":["post-135019","post","type-post","status-publish","format-standard","has-post-thumbnail","hentry","category-curiosidades","category-noticias","tag-arvore-de-natal","tag-decoracao","tag-enfeites-de-natal"],"yoast_head":"<!-- This site is optimized with the Yoast SEO plugin v23.8 - https:\/\/yoast.com\/wordpress\/plugins\/seo\/ -->\n<title>Fim d\u00e1 estrela neste Natal com essas alternativas modernas para decorar sua \u00e1rvore em 2025 sem perder o esp\u00edrito natalino - Estado de Minas - Em foco<\/title>\n<meta name=\"description\" content=\"A nova decora\u00e7\u00e3o aposta em tons neutros, la\u00e7os e pe\u00e7as artesanais. Saiba como deixar sua \u00e1rvore aconchegante, elegante e integrada ao estilo da casa.\" \/>\n<meta name=\"robots\" content=\"index, follow, max-snippet:-1, max-image-preview:large, max-video-preview:-1\" \/>\n<link rel=\"canonical\" href=\"https:\/\/www.em.com.br\/emfoco\/2025\/12\/04\/fim-da-estrela-neste-natal-com-essas-alternativas-modernas-para-decorar-sua-arvore-em-2025-sem-perder-o-espirito-natalino\/\" \/>\n<meta property=\"og:locale\" content=\"pt_BR\" \/>\n<meta property=\"og:type\" content=\"article\" \/>\n<meta property=\"og:title\" content=\"Fim d\u00e1 estrela neste Natal com essas alternativas modernas para decorar sua \u00e1rvore em 2025 sem perder o esp\u00edrito natalino - Estado de Minas - Em foco\" \/>\n<meta property=\"og:description\" content=\"A nova decora\u00e7\u00e3o aposta em tons neutros, la\u00e7os e pe\u00e7as artesanais. Saiba como deixar sua \u00e1rvore aconchegante, elegante e integrada ao estilo da casa.\" \/>\n<meta property=\"og:url\" content=\"https:\/\/www.em.com.br\/emfoco\/2025\/12\/04\/fim-da-estrela-neste-natal-com-essas-alternativas-modernas-para-decorar-sua-arvore-em-2025-sem-perder-o-espirito-natalino\/\" \/>\n<meta property=\"og:site_name\" content=\"Estado de Minas - Em foco\" \/>\n<meta property=\"article:published_time\" content=\"2025-12-04T14:15:00+00:00\" \/>\n<meta property=\"article:modified_time\" content=\"2025-12-03T23:16:32+00:00\" \/>\n<meta property=\"og:image\" content=\"https:\/\/www.em.com.br\/emfoco\/wp-content\/uploads\/2025\/12\/Gemini_Generated_Image_arf15narf15narf1-1.png\" \/>\n\t<meta property=\"og:image:width\" content=\"1280\" \/>\n\t<meta property=\"og:image:height\" content=\"720\" \/>\n\t<meta property=\"og:image:type\" content=\"image\/png\" \/>\n<meta name=\"author\" content=\"Andre\u0301 Rangel\u00a0\" \/>\n<meta name=\"twitter:card\" content=\"summary_large_image\" \/>\n<meta name=\"twitter:label1\" content=\"Escrito por\" \/>\n\t<meta name=\"twitter:data1\" content=\"Andre\u0301 Rangel\u00a0\" \/>\n\t<meta name=\"twitter:label2\" content=\"Est. tempo de leitura\" \/>\n\t<meta name=\"twitter:data2\" content=\"7 minutos\" \/>\n<!-- \/ Yoast SEO plugin. -->","yoast_head_json":{"title":"Fim d\u00e1 estrela neste Natal com essas alternativas modernas para decorar sua \u00e1rvore em 2025 sem perder o esp\u00edrito natalino - Estado de Minas - Em foco","description":"A nova decora\u00e7\u00e3o aposta em tons neutros, la\u00e7os e pe\u00e7as artesanais. Saiba como deixar sua \u00e1rvore aconchegante, elegante e integrada ao estilo da casa.","robots":{"index":"index","follow":"follow","max-snippet":"max-snippet:-1","max-image-preview":"max-image-preview:large","max-video-preview":"max-video-preview:-1"},"canonical":"https:\/\/www.em.com.br\/emfoco\/2025\/12\/04\/fim-da-estrela-neste-natal-com-essas-alternativas-modernas-para-decorar-sua-arvore-em-2025-sem-perder-o-espirito-natalino\/","og_locale":"pt_BR","og_type":"article","og_title":"Fim d\u00e1 estrela neste Natal com essas alternativas modernas para decorar sua \u00e1rvore em 2025 sem perder o esp\u00edrito natalino - Estado de Minas - Em foco","og_description":"A nova decora\u00e7\u00e3o aposta em tons neutros, la\u00e7os e pe\u00e7as artesanais. Saiba como deixar sua \u00e1rvore aconchegante, elegante e integrada ao estilo da casa.","og_url":"https:\/\/www.em.com.br\/emfoco\/2025\/12\/04\/fim-da-estrela-neste-natal-com-essas-alternativas-modernas-para-decorar-sua-arvore-em-2025-sem-perder-o-espirito-natalino\/","og_site_name":"Estado de Minas - Em foco","article_published_time":"2025-12-04T14:15:00+00:00","article_modified_time":"2025-12-03T23:16:32+00:00","og_image":[{"width":1280,"height":720,"url":"https:\/\/www.em.com.br\/emfoco\/wp-content\/uploads\/2025\/12\/Gemini_Generated_Image_arf15narf15narf1-1.png","type":"image\/png"}],"author":"Andre\u0301 Rangel\u00a0","twitter_card":"summary_large_image","twitter_misc":{"Escrito por":"Andre\u0301 Rangel\u00a0","Est. tempo de leitura":"7 minutos"},"schema":{"@context":"https:\/\/schema.org","@graph":[{"@type":"WebPage","@id":"https:\/\/www.em.com.br\/emfoco\/2025\/12\/04\/fim-da-estrela-neste-natal-com-essas-alternativas-modernas-para-decorar-sua-arvore-em-2025-sem-perder-o-espirito-natalino\/","url":"https:\/\/www.em.com.br\/emfoco\/2025\/12\/04\/fim-da-estrela-neste-natal-com-essas-alternativas-modernas-para-decorar-sua-arvore-em-2025-sem-perder-o-espirito-natalino\/","name":"Fim d\u00e1 estrela neste Natal com essas alternativas modernas para decorar sua \u00e1rvore em 2025 sem perder o esp\u00edrito natalino - Estado de Minas - Em foco","isPartOf":{"@id":"https:\/\/www.em.com.br\/emfoco\/#website"},"primaryImageOfPage":{"@id":"https:\/\/www.em.com.br\/emfoco\/2025\/12\/04\/fim-da-estrela-neste-natal-com-essas-alternativas-modernas-para-decorar-sua-arvore-em-2025-sem-perder-o-espirito-natalino\/#primaryimage"},"image":{"@id":"https:\/\/www.em.com.br\/emfoco\/2025\/12\/04\/fim-da-estrela-neste-natal-com-essas-alternativas-modernas-para-decorar-sua-arvore-em-2025-sem-perder-o-espirito-natalino\/#primaryimage"},"thumbnailUrl":"https:\/\/www.em.com.br\/emfoco\/wp-content\/uploads\/2025\/12\/Gemini_Generated_Image_arf15narf15narf1-1.png","datePublished":"2025-12-04T14:15:00+00:00","dateModified":"2025-12-03T23:16:32+00:00","author":{"@id":"https:\/\/www.em.com.br\/emfoco\/#\/schema\/person\/60eda09c1fedf0d6891f4cef4b60b8b8"},"description":"A nova decora\u00e7\u00e3o aposta em tons neutros, la\u00e7os e pe\u00e7as artesanais. Saiba como deixar sua \u00e1rvore aconchegante, elegante e integrada ao estilo da casa.","breadcrumb":{"@id":"https:\/\/www.em.com.br\/emfoco\/2025\/12\/04\/fim-da-estrela-neste-natal-com-essas-alternativas-modernas-para-decorar-sua-arvore-em-2025-sem-perder-o-espirito-natalino\/#breadcrumb"},"inLanguage":"pt-BR","potentialAction":[{"@type":"ReadAction","target":["https:\/\/www.em.com.br\/emfoco\/2025\/12\/04\/fim-da-estrela-neste-natal-com-essas-alternativas-modernas-para-decorar-sua-arvore-em-2025-sem-perder-o-espirito-natalino\/"]}]},{"@type":"ImageObject","inLanguage":"pt-BR","@id":"https:\/\/www.em.com.br\/emfoco\/2025\/12\/04\/fim-da-estrela-neste-natal-com-essas-alternativas-modernas-para-decorar-sua-arvore-em-2025-sem-perder-o-espirito-natalino\/#primaryimage","url":"https:\/\/www.em.com.br\/emfoco\/wp-content\/uploads\/2025\/12\/Gemini_Generated_Image_arf15narf15narf1-1.png","contentUrl":"https:\/\/www.em.com.br\/emfoco\/wp-content\/uploads\/2025\/12\/Gemini_Generated_Image_arf15narf15narf1-1.png","width":1280,"height":720,"caption":"A tend\u00eancia discreta na decora\u00e7\u00e3o que est\u00e1 bombando"},{"@type":"BreadcrumbList","@id":"https:\/\/www.em.com.br\/emfoco\/2025\/12\/04\/fim-da-estrela-neste-natal-com-essas-alternativas-modernas-para-decorar-sua-arvore-em-2025-sem-perder-o-espirito-natalino\/#breadcrumb","itemListElement":[{"@type":"ListItem","position":1,"name":"In\u00edcio","item":"https:\/\/www.em.com.br\/emfoco\/"},{"@type":"ListItem","position":2,"name":"Fim d\u00e1 estrela neste Natal com essas alternativas modernas para decorar sua \u00e1rvore em 2025 sem perder o esp\u00edrito natalino"}]},{"@type":"WebSite","@id":"https:\/\/www.em.com.br\/emfoco\/#website","url":"https:\/\/www.em.com.br\/emfoco\/","name":"Estado de Minas - Em foco","description":"Acompanhe as \u00faltimas not\u00edcias e fique bem informado sobre tudo o que acontece em Minas Gerais, Brasil e no mundo.","potentialAction":[{"@type":"SearchAction","target":{"@type":"EntryPoint","urlTemplate":"https:\/\/www.em.com.br\/emfoco\/?s={search_term_string}"},"query-input":{"@type":"PropertyValueSpecification","valueRequired":true,"valueName":"search_term_string"}}],"inLanguage":"pt-BR"},{"@type":"Person","@id":"https:\/\/www.em.com.br\/emfoco\/#\/schema\/person\/60eda09c1fedf0d6891f4cef4b60b8b8","name":"Andre\u0301 Rangel\u00a0","image":{"@type":"ImageObject","inLanguage":"pt-BR","@id":"https:\/\/www.em.com.br\/emfoco\/#\/schema\/person\/image\/","url":"https:\/\/secure.gravatar.com\/avatar\/6234dc814c77c8ef6d8bba622c787efc?s=96&d=mm&r=g","contentUrl":"https:\/\/secure.gravatar.com\/avatar\/6234dc814c77c8ef6d8bba622c787efc?s=96&d=mm&r=g","caption":"Andre\u0301 Rangel\u00a0"},"url":"https:\/\/www.em.com.br\/emfoco\/author\/luizmyth\/"}]}},"_links":{"self":[{"href":"https:\/\/www.em.com.br\/emfoco\/wp-json\/wp\/v2\/posts\/135019","targetHints":{"allow":["GET"]}}],"collection":[{"href":"https:\/\/www.em.com.br\/emfoco\/wp-json\/wp\/v2\/posts"}],"about":[{"href":"https:\/\/www.em.com.br\/emfoco\/wp-json\/wp\/v2\/types\/post"}],"author":[{"embeddable":true,"href":"https:\/\/www.em.com.br\/emfoco\/wp-json\/wp\/v2\/users\/11"}],"replies":[{"embeddable":true,"href":"https:\/\/www.em.com.br\/emfoco\/wp-json\/wp\/v2\/comments?post=135019"}],"version-history":[{"count":6,"href":"https:\/\/www.em.com.br\/emfoco\/wp-json\/wp\/v2\/posts\/135019\/revisions"}],"predecessor-version":[{"id":135375,"href":"https:\/\/www.em.com.br\/emfoco\/wp-json\/wp\/v2\/posts\/135019\/revisions\/135375"}],"wp:featuredmedia":[{"embeddable":true,"href":"https:\/\/www.em.com.br\/emfoco\/wp-json\/wp\/v2\/media\/135374"}],"wp:attachment":[{"href":"https:\/\/www.em.com.br\/emfoco\/wp-json\/wp\/v2\/media?parent=135019"}],"wp:term":[{"taxonomy":"category","embeddable":true,"href":"https:\/\/www.em.com.br\/emfoco\/wp-json\/wp\/v2\/categories?post=135019"},{"taxonomy":"post_tag","embeddable":true,"href":"https:\/\/www.em.com.br\/emfoco\/wp-json\/wp\/v2\/tags?post=135019"}],"curies":[{"name":"wp","href":"https:\/\/api.w.org\/{rel}","templated":true}]}}