{"id":135003,"date":"2025-12-04T22:05:50","date_gmt":"2025-12-05T01:05:50","guid":{"rendered":"https:\/\/www.em.com.br\/emfoco\/?p=135003"},"modified":"2025-12-03T15:43:33","modified_gmt":"2025-12-03T18:43:33","slug":"a-manteiga-vegetal-que-esta-sendo-usada-como-tratamento-intenso-para-o-cabelo","status":"publish","type":"post","link":"https:\/\/www.em.com.br\/emfoco\/2025\/12\/04\/a-manteiga-vegetal-que-esta-sendo-usada-como-tratamento-intenso-para-o-cabelo\/","title":{"rendered":"A manteiga vegetal que est\u00e1 sendo usada como tratamento intenso para o cabelo"},"content":{"rendered":"\n<p>A <b>manteiga vegetal<\/b> usada como tratamento intenso para o cabelo tem ganhado espa\u00e7o nas rotinas de cuidados capilares de diferentes perfis de pessoas. Esse tipo de produto costuma ser escolhido por quem busca f\u00f3rmulas mais simples, com alta concentra\u00e7\u00e3o de \u00f3leos e gorduras de origem vegetal, capazes de formar uma camada de prote\u00e7\u00e3o em torno dos fios, oferecendo um cuidado profundo, especialmente em cabelos ressecados, porosos ou submetidos a procedimentos <b>qu\u00edmicos<\/b> frequentes.<\/p>\n\n\n\n<h2 class=\"wp-block-heading\">O que \u00e9 manteiga vegetal para cabelo e como ela age nos fios<\/h2>\n\n\n\n<p>A manteiga vegetal para cabelo \u00e9 um derivado de sementes, frutas ou castanhas prensadas, como <b>karit\u00e9<\/b>, cacau, cupua\u00e7u, manga e <b>murumuru<\/b>, rico em \u00e1cidos graxos e vitaminas lipossol\u00faveis. Quando aplicada nos fios, forma um filme protetor que ajuda a restaurar a camada externa da fibra capilar, reduzindo o frizz, melhorando o alinhamento e aumentando a maleabilidade.<\/p>\n\n\n\n<p>Em tratamentos intensos, a a\u00e7\u00e3o da manteiga est\u00e1 mais ligada \u00e0 <b>nutri\u00e7\u00e3o<\/b> do que \u00e0 hidrata\u00e7\u00e3o, pois seu foco \u00e9 refor\u00e7ar a barreira lip\u00eddica que reduz a evapora\u00e7\u00e3o da \u00e1gua j\u00e1 presente nos fios. Por isso, ela costuma ser alternada com m\u00e1scaras hidratantes e reconstrutoras em <b>cronogramas capilares<\/b>, ajustando a frequ\u00eancia conforme o n\u00edvel de ressecamento, porosidade e hist\u00f3rico de qu\u00edmica de cada cabelo.<\/p>\n\n\n<div class=\"wp-block-image\">\n<figure class=\"aligncenter size-large\"><img loading=\"lazy\" decoding=\"async\" width=\"1024\" height=\"576\" src=\"https:\/\/www.em.com.br\/emfoco\/wp-content\/uploads\/2025\/11\/manteiga-de-karite_1762797347396-1024x576.jpg\" alt=\"\" class=\"wp-image-125620\" srcset=\"https:\/\/www.em.com.br\/emfoco\/wp-content\/uploads\/2025\/11\/manteiga-de-karite_1762797347396-1024x576.jpg 1024w, https:\/\/www.em.com.br\/emfoco\/wp-content\/uploads\/2025\/11\/manteiga-de-karite_1762797347396-300x169.jpg 300w, https:\/\/www.em.com.br\/emfoco\/wp-content\/uploads\/2025\/11\/manteiga-de-karite_1762797347396-768x432.jpg 768w, https:\/\/www.em.com.br\/emfoco\/wp-content\/uploads\/2025\/11\/manteiga-de-karite_1762797347396-750x422.jpg 750w, https:\/\/www.em.com.br\/emfoco\/wp-content\/uploads\/2025\/11\/manteiga-de-karite_1762797347396-1140x641.jpg 1140w, https:\/\/www.em.com.br\/emfoco\/wp-content\/uploads\/2025\/11\/manteiga-de-karite_1762797347396.jpg 1280w\" sizes=\"auto, (max-width: 1024px) 100vw, 1024px\" \/><figcaption class=\"wp-element-caption\">A manteiga de karit\u00e9 contribui para restaurar a barreira natural de umidade da pele &#8211; Cr\u00e9ditos: depositphotos.com \/ luisapuccini<\/figcaption><\/figure><\/div>\n\n\n<p>Leia tamb\u00e9m:&nbsp;<a href=\"https:\/\/www.em.com.br\/emfoco\/2025\/12\/02\/cabelo-brilhante-no-calor-sem-pesar-ou-fritar-no-sol-sim-e-possivel-com-esse-oleo\/\" target=\"_blank\" rel=\"noopener\">Cabelo brilhante no calor sem pesar ou fritar no sol? Sim, \u00e9 poss\u00edvel com esse \u00f3leo<\/a><\/p>\n\n\n\n<h2 class=\"wp-block-heading\">Quais s\u00e3o os benef\u00edcios da manteiga vegetal para diferentes tipos de cabelo<\/h2>\n\n\n\n<p>Os efeitos do tratamento intenso com manteiga vegetal variam conforme o tipo de fio, trazendo mais defini\u00e7\u00e3o e controle de volume para cabelos <b>cacheados<\/b> e crespos, naturalmente mais secos. Em cabelos lisos ou ondulados, o uso tende a ser pontual e concentrado nas pontas ressecadas ou em per\u00edodos de maior exposi\u00e7\u00e3o ao sol, mar e piscina, ajudando a preservar o <b>brilho<\/b> e a integridade da fibra.<\/p>\n\n\n\n<p>Entre os benef\u00edcios mais mencionados em rotinas capilares com manteigas vegetais est\u00e3o aspectos ligados \u00e0 textura, prote\u00e7\u00e3o e manuten\u00e7\u00e3o da umidade natural dos fios, especialmente em cabelos danificados ou quimicamente tratados:<\/p>\n\n\n\n<ul class=\"wp-block-list\">\n<li><strong>Melhora da maleabilidade:<\/strong> fios mais f\u00e1ceis de pentear, desembara\u00e7ar e modelar, o que contribui para reduzir a quebra por <b>atrito<\/b>.<\/li>\n\n\n\n<li><strong>Redu\u00e7\u00e3o do frizz:<\/strong> diminui\u00e7\u00e3o de fios arrepiados, principalmente em ambientes <b>\u00famidos<\/b>.<\/li>\n\n\n\n<li><strong>Prote\u00e7\u00e3o contra danos externos:<\/strong> forma\u00e7\u00e3o de barreira contra vento, calor excessivo e atrito mec\u00e2nico, atuando como um escudo lip\u00eddico <b>protetor<\/b>.<\/li>\n\n\n\n<li><strong>Ajuda na reten\u00e7\u00e3o de umidade:<\/strong> apoio na manuten\u00e7\u00e3o da hidrata\u00e7\u00e3o j\u00e1 presente nos fios, diminuindo a sensa\u00e7\u00e3o de cabelo <b>\u00e1spero<\/b>.<\/li>\n<\/ul>\n\n\n\n<p>&nbsp;Para aprofundar no tema, selecionamos o conte\u00fado do canal da <a href=\"https:\/\/www.youtube.com\/@mayraleiteoficial\" target=\"_blank\" rel=\"noreferrer noopener\">Mayra Leite<\/a>. No v\u00eddeo a seguir, o canal detalha sobre como usar a manteiga vegetal:<\/p>\n\n\n\n<figure class=\"wp-block-embed is-type-video is-provider-youtube wp-block-embed-youtube wp-embed-aspect-16-9 wp-has-aspect-ratio\"><div class=\"wp-block-embed__wrapper\">\n<div class=\"jeg_video_container jeg_video_content\"><iframe loading=\"lazy\" title=\"Como usar as manteigas vegetais nos cabelos |@mayraleiteoficial\" width=\"500\" height=\"281\" src=\"https:\/\/www.youtube.com\/embed\/WxwQATJaXrs?feature=oembed\" frameborder=\"0\" allow=\"accelerometer; autoplay; clipboard-write; encrypted-media; gyroscope; picture-in-picture; web-share\" referrerpolicy=\"strict-origin-when-cross-origin\" allowfullscreen><\/iframe><\/div>\n<\/div><\/figure>\n\n\n\n<h2 class=\"wp-block-heading\">Manteiga vegetal no cabelo \u00e9 indicada para qualquer pessoa<\/h2>\n\n\n\n<p>O uso de manteiga vegetal como tratamento intenso n\u00e3o \u00e9 igual para todos, j\u00e1 que couros cabeludos muito <b>oleosos<\/b>, fios finos ou com pouca densidade pedem quantidades menores ou f\u00f3rmulas mais leves. J\u00e1 cabelos grossos, crespos, porosos ou muito danificados costumam tolerar concentra\u00e7\u00f5es maiores sem perder movimento, desde que haja enx\u00e1gue adequado e espa\u00e7amento entre as <b>aplica\u00e7\u00f5es<\/b>.<\/p>\n\n\n\n<p>Independentemente do tipo de cabelo, recomenda-se testar a manteiga em pequena \u00e1rea e observar o comportamento dos fios ap\u00f3s algumas lavagens, verificando se h\u00e1 peso excessivo ou ac\u00famulo. A leitura do <b>r\u00f3tulo<\/b>, a identifica\u00e7\u00e3o dos \u00f3leos presentes, a orienta\u00e7\u00e3o profissional e o ajuste da frequ\u00eancia (semanal, quinzenal ou apenas em fases de ressecamento intenso) ajudam a integrar a manteiga vegetal como uma alternativa de <b>nutri\u00e7\u00e3o profunda<\/b> focada em preservar a sa\u00fade da fibra e a prote\u00e7\u00e3o di\u00e1ria dos fios.<\/p>\n","protected":false},"excerpt":{"rendered":"<p>A manteiga vegetal usada como tratamento intenso para o cabelo tem ganhado espa\u00e7o nas rotinas de cuidados capilares de diferentes perfis de pessoas. Esse tipo de produto costuma ser escolhido por quem busca f\u00f3rmulas mais simples, com alta concentra\u00e7\u00e3o de \u00f3leos e gorduras de origem vegetal, capazes de formar uma camada de prote\u00e7\u00e3o em torno [&hellip;]<\/p>\n","protected":false},"author":9,"featured_media":129068,"comment_status":"open","ping_status":"open","sticky":false,"template":"","format":"standard","meta":{"jnews-multi-image_gallery":[],"jnews_single_post":{"format":"standard"},"jnews_primary_category":[],"jnews_social_meta":[],"jnews_override_counter":[],"footnotes":""},"categories":[8691,8819,1],"tags":[712,4905,19690],"class_list":["post-135003","post","type-post","status-publish","format-standard","has-post-thumbnail","hentry","category-bem-estar","category-curiosidades","category-noticias","tag-autocuidado","tag-cabelo","tag-manteiga-vegetal"],"yoast_head":"<!-- This site is optimized with the Yoast SEO plugin v23.8 - https:\/\/yoast.com\/wordpress\/plugins\/seo\/ -->\n<title>A manteiga vegetal que est\u00e1 sendo usada como tratamento intenso para o cabelo - Estado de Minas - Em foco<\/title>\n<meta name=\"description\" content=\"Manteigas vegetais nutrem fios secos e reduzem o frizz. Aprenda a usar karit\u00e9 e cacau na umecta\u00e7\u00e3o para recuperar a sa\u00fade capilar.\" \/>\n<meta name=\"robots\" content=\"index, follow, max-snippet:-1, max-image-preview:large, max-video-preview:-1\" \/>\n<link rel=\"canonical\" href=\"https:\/\/www.em.com.br\/emfoco\/2025\/12\/04\/a-manteiga-vegetal-que-esta-sendo-usada-como-tratamento-intenso-para-o-cabelo\/\" \/>\n<meta property=\"og:locale\" content=\"pt_BR\" \/>\n<meta property=\"og:type\" content=\"article\" \/>\n<meta property=\"og:title\" content=\"A manteiga vegetal que est\u00e1 sendo usada como tratamento intenso para o cabelo - Estado de Minas - Em foco\" \/>\n<meta property=\"og:description\" content=\"Manteigas vegetais nutrem fios secos e reduzem o frizz. Aprenda a usar karit\u00e9 e cacau na umecta\u00e7\u00e3o para recuperar a sa\u00fade capilar.\" \/>\n<meta property=\"og:url\" content=\"https:\/\/www.em.com.br\/emfoco\/2025\/12\/04\/a-manteiga-vegetal-que-esta-sendo-usada-como-tratamento-intenso-para-o-cabelo\/\" \/>\n<meta property=\"og:site_name\" content=\"Estado de Minas - Em foco\" \/>\n<meta property=\"article:published_time\" content=\"2025-12-05T01:05:50+00:00\" \/>\n<meta property=\"article:modified_time\" content=\"2025-12-03T18:43:33+00:00\" \/>\n<meta property=\"og:image\" content=\"https:\/\/www.em.com.br\/emfoco\/wp-content\/uploads\/2025\/11\/Design-sem-nome-31.png\" \/>\n\t<meta property=\"og:image:width\" content=\"1280\" \/>\n\t<meta property=\"og:image:height\" content=\"720\" \/>\n\t<meta property=\"og:image:type\" content=\"image\/png\" \/>\n<meta name=\"author\" content=\"Daniely Cardoso\" \/>\n<meta name=\"twitter:card\" content=\"summary_large_image\" \/>\n<meta name=\"twitter:label1\" content=\"Escrito por\" \/>\n\t<meta name=\"twitter:data1\" content=\"Daniely Cardoso\" \/>\n\t<meta name=\"twitter:label2\" content=\"Est. tempo de leitura\" \/>\n\t<meta name=\"twitter:data2\" content=\"4 minutos\" \/>\n<!-- \/ Yoast SEO plugin. -->","yoast_head_json":{"title":"A manteiga vegetal que est\u00e1 sendo usada como tratamento intenso para o cabelo - Estado de Minas - Em foco","description":"Manteigas vegetais nutrem fios secos e reduzem o frizz. Aprenda a usar karit\u00e9 e cacau na umecta\u00e7\u00e3o para recuperar a sa\u00fade capilar.","robots":{"index":"index","follow":"follow","max-snippet":"max-snippet:-1","max-image-preview":"max-image-preview:large","max-video-preview":"max-video-preview:-1"},"canonical":"https:\/\/www.em.com.br\/emfoco\/2025\/12\/04\/a-manteiga-vegetal-que-esta-sendo-usada-como-tratamento-intenso-para-o-cabelo\/","og_locale":"pt_BR","og_type":"article","og_title":"A manteiga vegetal que est\u00e1 sendo usada como tratamento intenso para o cabelo - Estado de Minas - Em foco","og_description":"Manteigas vegetais nutrem fios secos e reduzem o frizz. Aprenda a usar karit\u00e9 e cacau na umecta\u00e7\u00e3o para recuperar a sa\u00fade capilar.","og_url":"https:\/\/www.em.com.br\/emfoco\/2025\/12\/04\/a-manteiga-vegetal-que-esta-sendo-usada-como-tratamento-intenso-para-o-cabelo\/","og_site_name":"Estado de Minas - Em foco","article_published_time":"2025-12-05T01:05:50+00:00","article_modified_time":"2025-12-03T18:43:33+00:00","og_image":[{"width":1280,"height":720,"url":"https:\/\/www.em.com.br\/emfoco\/wp-content\/uploads\/2025\/11\/Design-sem-nome-31.png","type":"image\/png"}],"author":"Daniely Cardoso","twitter_card":"summary_large_image","twitter_misc":{"Escrito por":"Daniely Cardoso","Est. tempo de leitura":"4 minutos"},"schema":{"@context":"https:\/\/schema.org","@graph":[{"@type":"WebPage","@id":"https:\/\/www.em.com.br\/emfoco\/2025\/12\/04\/a-manteiga-vegetal-que-esta-sendo-usada-como-tratamento-intenso-para-o-cabelo\/","url":"https:\/\/www.em.com.br\/emfoco\/2025\/12\/04\/a-manteiga-vegetal-que-esta-sendo-usada-como-tratamento-intenso-para-o-cabelo\/","name":"A manteiga vegetal que est\u00e1 sendo usada como tratamento intenso para o cabelo - Estado de Minas - Em foco","isPartOf":{"@id":"https:\/\/www.em.com.br\/emfoco\/#website"},"primaryImageOfPage":{"@id":"https:\/\/www.em.com.br\/emfoco\/2025\/12\/04\/a-manteiga-vegetal-que-esta-sendo-usada-como-tratamento-intenso-para-o-cabelo\/#primaryimage"},"image":{"@id":"https:\/\/www.em.com.br\/emfoco\/2025\/12\/04\/a-manteiga-vegetal-que-esta-sendo-usada-como-tratamento-intenso-para-o-cabelo\/#primaryimage"},"thumbnailUrl":"https:\/\/www.em.com.br\/emfoco\/wp-content\/uploads\/2025\/11\/Design-sem-nome-31.png","datePublished":"2025-12-05T01:05:50+00:00","dateModified":"2025-12-03T18:43:33+00:00","author":{"@id":"https:\/\/www.em.com.br\/emfoco\/#\/schema\/person\/0a8186d72f2c3a5c6276d90b41f271a0"},"description":"Manteigas vegetais nutrem fios secos e reduzem o frizz. Aprenda a usar karit\u00e9 e cacau na umecta\u00e7\u00e3o para recuperar a sa\u00fade capilar.","breadcrumb":{"@id":"https:\/\/www.em.com.br\/emfoco\/2025\/12\/04\/a-manteiga-vegetal-que-esta-sendo-usada-como-tratamento-intenso-para-o-cabelo\/#breadcrumb"},"inLanguage":"pt-BR","potentialAction":[{"@type":"ReadAction","target":["https:\/\/www.em.com.br\/emfoco\/2025\/12\/04\/a-manteiga-vegetal-que-esta-sendo-usada-como-tratamento-intenso-para-o-cabelo\/"]}]},{"@type":"ImageObject","inLanguage":"pt-BR","@id":"https:\/\/www.em.com.br\/emfoco\/2025\/12\/04\/a-manteiga-vegetal-que-esta-sendo-usada-como-tratamento-intenso-para-o-cabelo\/#primaryimage","url":"https:\/\/www.em.com.br\/emfoco\/wp-content\/uploads\/2025\/11\/Design-sem-nome-31.png","contentUrl":"https:\/\/www.em.com.br\/emfoco\/wp-content\/uploads\/2025\/11\/Design-sem-nome-31.png","width":1280,"height":720,"caption":"Fiquei desesperada ao perceber que n\u00e3o protegi o cabelo corretamente antes de entrar na piscina"},{"@type":"BreadcrumbList","@id":"https:\/\/www.em.com.br\/emfoco\/2025\/12\/04\/a-manteiga-vegetal-que-esta-sendo-usada-como-tratamento-intenso-para-o-cabelo\/#breadcrumb","itemListElement":[{"@type":"ListItem","position":1,"name":"In\u00edcio","item":"https:\/\/www.em.com.br\/emfoco\/"},{"@type":"ListItem","position":2,"name":"A manteiga vegetal que est\u00e1 sendo usada como tratamento intenso para o cabelo"}]},{"@type":"WebSite","@id":"https:\/\/www.em.com.br\/emfoco\/#website","url":"https:\/\/www.em.com.br\/emfoco\/","name":"Estado de Minas - Em foco","description":"Acompanhe as \u00faltimas not\u00edcias e fique bem informado sobre tudo o que acontece em Minas Gerais, Brasil e no mundo.","potentialAction":[{"@type":"SearchAction","target":{"@type":"EntryPoint","urlTemplate":"https:\/\/www.em.com.br\/emfoco\/?s={search_term_string}"},"query-input":{"@type":"PropertyValueSpecification","valueRequired":true,"valueName":"search_term_string"}}],"inLanguage":"pt-BR"},{"@type":"Person","@id":"https:\/\/www.em.com.br\/emfoco\/#\/schema\/person\/0a8186d72f2c3a5c6276d90b41f271a0","name":"Daniely Cardoso","image":{"@type":"ImageObject","inLanguage":"pt-BR","@id":"https:\/\/www.em.com.br\/emfoco\/#\/schema\/person\/image\/","url":"https:\/\/secure.gravatar.com\/avatar\/4b80ddbd124d1f071b626d52d62e5dff?s=96&d=mm&r=g","contentUrl":"https:\/\/secure.gravatar.com\/avatar\/4b80ddbd124d1f071b626d52d62e5dff?s=96&d=mm&r=g","caption":"Daniely Cardoso"},"url":"https:\/\/www.em.com.br\/emfoco\/author\/danielymyth\/"}]}},"_links":{"self":[{"href":"https:\/\/www.em.com.br\/emfoco\/wp-json\/wp\/v2\/posts\/135003","targetHints":{"allow":["GET"]}}],"collection":[{"href":"https:\/\/www.em.com.br\/emfoco\/wp-json\/wp\/v2\/posts"}],"about":[{"href":"https:\/\/www.em.com.br\/emfoco\/wp-json\/wp\/v2\/types\/post"}],"author":[{"embeddable":true,"href":"https:\/\/www.em.com.br\/emfoco\/wp-json\/wp\/v2\/users\/9"}],"replies":[{"embeddable":true,"href":"https:\/\/www.em.com.br\/emfoco\/wp-json\/wp\/v2\/comments?post=135003"}],"version-history":[{"count":3,"href":"https:\/\/www.em.com.br\/emfoco\/wp-json\/wp\/v2\/posts\/135003\/revisions"}],"predecessor-version":[{"id":135233,"href":"https:\/\/www.em.com.br\/emfoco\/wp-json\/wp\/v2\/posts\/135003\/revisions\/135233"}],"wp:featuredmedia":[{"embeddable":true,"href":"https:\/\/www.em.com.br\/emfoco\/wp-json\/wp\/v2\/media\/129068"}],"wp:attachment":[{"href":"https:\/\/www.em.com.br\/emfoco\/wp-json\/wp\/v2\/media?parent=135003"}],"wp:term":[{"taxonomy":"category","embeddable":true,"href":"https:\/\/www.em.com.br\/emfoco\/wp-json\/wp\/v2\/categories?post=135003"},{"taxonomy":"post_tag","embeddable":true,"href":"https:\/\/www.em.com.br\/emfoco\/wp-json\/wp\/v2\/tags?post=135003"}],"curies":[{"name":"wp","href":"https:\/\/api.w.org\/{rel}","templated":true}]}}