{"id":134995,"date":"2025-12-04T20:05:13","date_gmt":"2025-12-04T23:05:13","guid":{"rendered":"https:\/\/www.em.com.br\/emfoco\/?p=134995"},"modified":"2025-12-03T15:45:10","modified_gmt":"2025-12-03T18:45:10","slug":"como-essa-bebida-fermentada-melhora-a-sua-flora-intestinal-e-ajuda-na-digestao","status":"publish","type":"post","link":"https:\/\/www.em.com.br\/emfoco\/2025\/12\/04\/como-essa-bebida-fermentada-melhora-a-sua-flora-intestinal-e-ajuda-na-digestao\/","title":{"rendered":"Como essa bebida fermentada melhora a sua flora intestinal e ajuda na digest\u00e3o"},"content":{"rendered":"\n<p>Ao longo dos \u00faltimos anos, o <b>kefir<\/b> ganhou espa\u00e7o na rotina alimentar de muitas pessoas interessadas em cuidar melhor da digest\u00e3o. Esse alimento fermentado, preparado a partir de gr\u00e3os que lembram pequenas couves-flores, \u00e9 conhecido pelo potencial de colaborar com o equil\u00edbrio da <b>flora intestinal<\/b> e, quando consumido com regularidade e em quantidades adequadas, pode atuar como um aliado na manuten\u00e7\u00e3o de um intestino mais organizado, funcional e associado ao bem-estar geral.<\/p>\n\n\n\n<h2 class=\"wp-block-heading\">Como o kefir atua na flora intestinal e por que \u00e9 considerado probi\u00f3tico<\/h2>\n\n\n\n<p>O <b>kefir<\/b> \u00e9 uma bebida fermentada produzida, em geral, a partir de leite ou \u00e1gua ado\u00e7ada, utilizando gr\u00e3os compostos por bact\u00e9rias e leveduras ben\u00e9ficas que transformam a\u00e7\u00facares em \u00e1cidos org\u00e2nicos, gases e pequenas quantidades de \u00e1lcool. Essa fermenta\u00e7\u00e3o gera uma bebida levemente \u00e1cida, rica em microrganismos vivos e compostos bioativos, frequentemente classificada como alimento <b>probi\u00f3tico<\/b> por fornecer bact\u00e9rias boas capazes de chegar ao intestino, colaborar com o equil\u00edbrio da flora intestinal e criar um ambiente menos favor\u00e1vel a micro-organismos potencialmente prejudiciais.<\/p>\n\n\n<div class=\"wp-block-image\">\n<figure class=\"aligncenter size-large\"><img loading=\"lazy\" decoding=\"async\" width=\"1024\" height=\"576\" src=\"https:\/\/www.em.com.br\/emfoco\/wp-content\/uploads\/2025\/12\/kefir_1764786193624-1024x576.jpg\" alt=\"\" class=\"wp-image-135215\" srcset=\"https:\/\/www.em.com.br\/emfoco\/wp-content\/uploads\/2025\/12\/kefir_1764786193624-1024x576.jpg 1024w, https:\/\/www.em.com.br\/emfoco\/wp-content\/uploads\/2025\/12\/kefir_1764786193624-300x169.jpg 300w, https:\/\/www.em.com.br\/emfoco\/wp-content\/uploads\/2025\/12\/kefir_1764786193624-768x432.jpg 768w, https:\/\/www.em.com.br\/emfoco\/wp-content\/uploads\/2025\/12\/kefir_1764786193624-750x422.jpg 750w, https:\/\/www.em.com.br\/emfoco\/wp-content\/uploads\/2025\/12\/kefir_1764786193624-1140x641.jpg 1140w, https:\/\/www.em.com.br\/emfoco\/wp-content\/uploads\/2025\/12\/kefir_1764786193624.jpg 1280w\" sizes=\"auto, (max-width: 1024px) 100vw, 1024px\" \/><figcaption class=\"wp-element-caption\">O kefir \u00e9 uma bebida fermentada produzida, em geral, a partir de leite ou \u00e1gua ado\u00e7ada &#8211; Cr\u00e9ditos: depositphotos.com \/ AndreySt<\/figcaption><\/figure><\/div>\n\n\n<p>Leia tamb\u00e9m:&nbsp;<a href=\"https:\/\/www.em.com.br\/emfoco\/2025\/11\/30\/a-planta-medicinal-que-alivia-colicas-e-ajuda-quem-sofre-com-a-sindrome-do-intestino-irritavel\/\" target=\"_blank\" rel=\"noopener\">A planta medicinal que alivia c\u00f3licas e ajuda quem sofre com a s\u00edndrome do intestino irrit\u00e1vel<\/a><\/p>\n\n\n\n<h2 class=\"wp-block-heading\">Quais s\u00e3o os principais benef\u00edcios do kefir para o intestino<\/h2>\n\n\n\n<p>Os benef\u00edcios do <b>kefir<\/b> para o intestino est\u00e3o relacionados \u00e0 presen\u00e7a de diversos tipos de bact\u00e9rias e leveduras, como esp\u00e9cies de <em><b>Lactobacillus<\/b><\/em> e <em><b>Bifidobacterium<\/b><\/em>, que podem se instalar temporariamente no intestino e refor\u00e7ar popula\u00e7\u00f5es de micro-organismos favor\u00e1veis. Esse refor\u00e7o contribui para reduzir a disbiose, melhorar o conforto abdominal e, segundo estudos em andamento, pode auxiliar na integridade da barreira intestinal, diminuindo a passagem inadequada de subst\u00e2ncias para a corrente sangu\u00ednea.<\/p>\n\n\n\n<ul class=\"wp-block-list\">\n<li><strong>Apoio ao tr\u00e2nsito intestinal:<\/strong> pode colaborar para reduzir epis\u00f3dios de constipa\u00e7\u00e3o ou evacua\u00e7\u00f5es muito irregulares.<\/li>\n\n\n\n<li><strong>Diminui\u00e7\u00e3o de gases e estufamento:<\/strong> o equil\u00edbrio melhor de bact\u00e9rias tende a reduzir a produ\u00e7\u00e3o exagerada de gases fermentativos.<\/li>\n\n\n\n<li><strong>Aux\u00edlio na digest\u00e3o de alguns alimentos:<\/strong> enzimas e \u00e1cidos da fermenta\u00e7\u00e3o podem tornar certos nutrientes mais f\u00e1ceis de serem aproveitados.<\/li>\n\n\n\n<li><strong>Competi\u00e7\u00e3o com microrganismos indesej\u00e1veis:<\/strong> bact\u00e9rias boas ocupam espa\u00e7o e nutrientes, dificultando o crescimento de esp\u00e9cies agressivas.<\/li>\n<\/ul>\n\n\n\n<h2 class=\"wp-block-heading\">Como incluir o kefir no dia a dia com seguran\u00e7a<\/h2>\n\n\n\n<p>Para aproveitar melhor os benef\u00edcios do <b>kefir<\/b> para a flora intestinal, recomenda-se come\u00e7ar com pequenas por\u00e7\u00f5es, como meio copo por dia, e aumentar gradualmente conforme a toler\u00e2ncia, reduzindo o risco de c\u00f3licas ou excesso de gases. O kefir pode ser consumido puro, batido com frutas ou em prepara\u00e7\u00f5es como vitaminas, molhos e bases para sobremesas, desde que o preparo caseiro siga cuidados de higiene e conserva\u00e7\u00e3o adequados para evitar contamina\u00e7\u00f5es, de prefer\u00eancia com orienta\u00e7\u00e3o de um profissional de <b>nutri\u00e7\u00e3o<\/b> quando houver d\u00favidas espec\u00edficas.<\/p>\n\n\n\n<p>Para aprofundar, selecionamos o conte\u00fado do canal <a href=\"https:\/\/www.youtube.com\/@MundoBoaFormaTV\" target=\"_blank\" rel=\"noreferrer noopener\">MundoBoaForma<\/a>, que j\u00e1 conta com mais de 400 mil inscritos. No v\u00eddeo a seguir, o canal detalha sobre os benef\u00edcios do kefir para sa\u00fade:\u00a0<\/p>\n\n\n\n<figure class=\"wp-block-embed is-type-video is-provider-youtube wp-block-embed-youtube wp-embed-aspect-16-9 wp-has-aspect-ratio\"><div class=\"wp-block-embed__wrapper\">\n<div class=\"jeg_video_container jeg_video_content\"><iframe loading=\"lazy\" title=\"MELHOR QUE IOGURTE! Como FAZER KEFIR EM CASA - PROBI\u00d3TICO Poderoso - Cuidados e Dicas\" width=\"500\" height=\"281\" src=\"https:\/\/www.youtube.com\/embed\/90GbZZk7zHI?feature=oembed\" frameborder=\"0\" allow=\"accelerometer; autoplay; clipboard-write; encrypted-media; gyroscope; picture-in-picture; web-share\" referrerpolicy=\"strict-origin-when-cross-origin\" allowfullscreen><\/iframe><\/div>\n<\/div><\/figure>\n\n\n\n<h2 class=\"wp-block-heading\">O kefir substitui outros cuidados com a sa\u00fade intestinal<\/h2>\n\n\n\n<p>O <b>kefir<\/b> pode ser um aliado importante no cuidado com a microbiota, mas n\u00e3o substitui outros h\u00e1bitos que influenciam diretamente a flora intestinal, como alimenta\u00e7\u00e3o variada, sono adequado, manejo do estresse e pr\u00e1tica regular de atividade f\u00edsica. Para potencializar os efeitos do kefir, recomenda-se manter dieta rica em <b>fibras<\/b>, boa hidrata\u00e7\u00e3o, reduzir o consumo de ultraprocessados e evitar o uso desnecess\u00e1rio de antibi\u00f3ticos, sempre com acompanhamento profissional, inserindo o kefir em um contexto de rotina equilibrada que favore\u00e7a um intestino mais est\u00e1vel e saud\u00e1vel.<\/p>\n","protected":false},"excerpt":{"rendered":"<p>Ao longo dos \u00faltimos anos, o kefir ganhou espa\u00e7o na rotina alimentar de muitas pessoas interessadas em cuidar melhor da digest\u00e3o. Esse alimento fermentado, preparado a partir de gr\u00e3os que lembram pequenas couves-flores, \u00e9 conhecido pelo potencial de colaborar com o equil\u00edbrio da flora intestinal e, quando consumido com regularidade e em quantidades adequadas, pode [&hellip;]<\/p>\n","protected":false},"author":9,"featured_media":135209,"comment_status":"open","ping_status":"open","sticky":false,"template":"","format":"standard","meta":{"jnews-multi-image_gallery":[],"jnews_single_post":{"format":"standard"},"jnews_primary_category":[],"jnews_social_meta":[],"jnews_override_counter":[],"footnotes":""},"categories":[8691,8819,1,9053],"tags":[256,19688,15097],"class_list":["post-134995","post","type-post","status-publish","format-standard","has-post-thumbnail","hentry","category-bem-estar","category-curiosidades","category-noticias","category-saude","tag-beneficios","tag-flroa-intestinal","tag-kefir"],"yoast_head":"<!-- This site is optimized with the Yoast SEO plugin v23.8 - https:\/\/yoast.com\/wordpress\/plugins\/seo\/ -->\n<title>Como essa bebida fermentada melhora a sua flora intestinal e ajuda na digest\u00e3o - Estado de Minas - Em foco<\/title>\n<meta name=\"description\" content=\"Rico em probi\u00f3ticos o kefir equilibra a flora intestinal. Entenda como essa bebida melhora a digest\u00e3o e veja os cuidados no consumo di\u00e1rio.\" \/>\n<meta name=\"robots\" content=\"index, follow, max-snippet:-1, max-image-preview:large, max-video-preview:-1\" \/>\n<link rel=\"canonical\" href=\"https:\/\/www.em.com.br\/emfoco\/2025\/12\/04\/como-essa-bebida-fermentada-melhora-a-sua-flora-intestinal-e-ajuda-na-digestao\/\" \/>\n<meta property=\"og:locale\" content=\"pt_BR\" \/>\n<meta property=\"og:type\" content=\"article\" \/>\n<meta property=\"og:title\" content=\"Como essa bebida fermentada melhora a sua flora intestinal e ajuda na digest\u00e3o - Estado de Minas - Em foco\" \/>\n<meta property=\"og:description\" content=\"Rico em probi\u00f3ticos o kefir equilibra a flora intestinal. Entenda como essa bebida melhora a digest\u00e3o e veja os cuidados no consumo di\u00e1rio.\" \/>\n<meta property=\"og:url\" content=\"https:\/\/www.em.com.br\/emfoco\/2025\/12\/04\/como-essa-bebida-fermentada-melhora-a-sua-flora-intestinal-e-ajuda-na-digestao\/\" \/>\n<meta property=\"og:site_name\" content=\"Estado de Minas - Em foco\" \/>\n<meta property=\"article:published_time\" content=\"2025-12-04T23:05:13+00:00\" \/>\n<meta property=\"article:modified_time\" content=\"2025-12-03T18:45:10+00:00\" \/>\n<meta property=\"og:image\" content=\"https:\/\/www.em.com.br\/emfoco\/wp-content\/uploads\/2025\/12\/kefir_1764786015580.jpg\" \/>\n\t<meta property=\"og:image:width\" content=\"1280\" \/>\n\t<meta property=\"og:image:height\" content=\"720\" \/>\n\t<meta property=\"og:image:type\" content=\"image\/jpeg\" \/>\n<meta name=\"author\" content=\"Daniely Cardoso\" \/>\n<meta name=\"twitter:card\" content=\"summary_large_image\" \/>\n<meta name=\"twitter:label1\" content=\"Escrito por\" \/>\n\t<meta name=\"twitter:data1\" content=\"Daniely Cardoso\" \/>\n\t<meta name=\"twitter:label2\" content=\"Est. tempo de leitura\" \/>\n\t<meta name=\"twitter:data2\" content=\"4 minutos\" \/>\n<!-- \/ Yoast SEO plugin. -->","yoast_head_json":{"title":"Como essa bebida fermentada melhora a sua flora intestinal e ajuda na digest\u00e3o - Estado de Minas - Em foco","description":"Rico em probi\u00f3ticos o kefir equilibra a flora intestinal. Entenda como essa bebida melhora a digest\u00e3o e veja os cuidados no consumo di\u00e1rio.","robots":{"index":"index","follow":"follow","max-snippet":"max-snippet:-1","max-image-preview":"max-image-preview:large","max-video-preview":"max-video-preview:-1"},"canonical":"https:\/\/www.em.com.br\/emfoco\/2025\/12\/04\/como-essa-bebida-fermentada-melhora-a-sua-flora-intestinal-e-ajuda-na-digestao\/","og_locale":"pt_BR","og_type":"article","og_title":"Como essa bebida fermentada melhora a sua flora intestinal e ajuda na digest\u00e3o - Estado de Minas - Em foco","og_description":"Rico em probi\u00f3ticos o kefir equilibra a flora intestinal. Entenda como essa bebida melhora a digest\u00e3o e veja os cuidados no consumo di\u00e1rio.","og_url":"https:\/\/www.em.com.br\/emfoco\/2025\/12\/04\/como-essa-bebida-fermentada-melhora-a-sua-flora-intestinal-e-ajuda-na-digestao\/","og_site_name":"Estado de Minas - Em foco","article_published_time":"2025-12-04T23:05:13+00:00","article_modified_time":"2025-12-03T18:45:10+00:00","og_image":[{"width":1280,"height":720,"url":"https:\/\/www.em.com.br\/emfoco\/wp-content\/uploads\/2025\/12\/kefir_1764786015580.jpg","type":"image\/jpeg"}],"author":"Daniely Cardoso","twitter_card":"summary_large_image","twitter_misc":{"Escrito por":"Daniely Cardoso","Est. tempo de leitura":"4 minutos"},"schema":{"@context":"https:\/\/schema.org","@graph":[{"@type":"WebPage","@id":"https:\/\/www.em.com.br\/emfoco\/2025\/12\/04\/como-essa-bebida-fermentada-melhora-a-sua-flora-intestinal-e-ajuda-na-digestao\/","url":"https:\/\/www.em.com.br\/emfoco\/2025\/12\/04\/como-essa-bebida-fermentada-melhora-a-sua-flora-intestinal-e-ajuda-na-digestao\/","name":"Como essa bebida fermentada melhora a sua flora intestinal e ajuda na digest\u00e3o - Estado de Minas - Em foco","isPartOf":{"@id":"https:\/\/www.em.com.br\/emfoco\/#website"},"primaryImageOfPage":{"@id":"https:\/\/www.em.com.br\/emfoco\/2025\/12\/04\/como-essa-bebida-fermentada-melhora-a-sua-flora-intestinal-e-ajuda-na-digestao\/#primaryimage"},"image":{"@id":"https:\/\/www.em.com.br\/emfoco\/2025\/12\/04\/como-essa-bebida-fermentada-melhora-a-sua-flora-intestinal-e-ajuda-na-digestao\/#primaryimage"},"thumbnailUrl":"https:\/\/www.em.com.br\/emfoco\/wp-content\/uploads\/2025\/12\/kefir_1764786015580.jpg","datePublished":"2025-12-04T23:05:13+00:00","dateModified":"2025-12-03T18:45:10+00:00","author":{"@id":"https:\/\/www.em.com.br\/emfoco\/#\/schema\/person\/0a8186d72f2c3a5c6276d90b41f271a0"},"description":"Rico em probi\u00f3ticos o kefir equilibra a flora intestinal. Entenda como essa bebida melhora a digest\u00e3o e veja os cuidados no consumo di\u00e1rio.","breadcrumb":{"@id":"https:\/\/www.em.com.br\/emfoco\/2025\/12\/04\/como-essa-bebida-fermentada-melhora-a-sua-flora-intestinal-e-ajuda-na-digestao\/#breadcrumb"},"inLanguage":"pt-BR","potentialAction":[{"@type":"ReadAction","target":["https:\/\/www.em.com.br\/emfoco\/2025\/12\/04\/como-essa-bebida-fermentada-melhora-a-sua-flora-intestinal-e-ajuda-na-digestao\/"]}]},{"@type":"ImageObject","inLanguage":"pt-BR","@id":"https:\/\/www.em.com.br\/emfoco\/2025\/12\/04\/como-essa-bebida-fermentada-melhora-a-sua-flora-intestinal-e-ajuda-na-digestao\/#primaryimage","url":"https:\/\/www.em.com.br\/emfoco\/wp-content\/uploads\/2025\/12\/kefir_1764786015580.jpg","contentUrl":"https:\/\/www.em.com.br\/emfoco\/wp-content\/uploads\/2025\/12\/kefir_1764786015580.jpg","width":1280,"height":720,"caption":"Ao longo dos \u00faltimos anos, o kefir ganhou espa\u00e7o na rotina alimentar de muitas pessoas - Cr\u00e9ditos: depositphotos.com \/ pressmaster"},{"@type":"BreadcrumbList","@id":"https:\/\/www.em.com.br\/emfoco\/2025\/12\/04\/como-essa-bebida-fermentada-melhora-a-sua-flora-intestinal-e-ajuda-na-digestao\/#breadcrumb","itemListElement":[{"@type":"ListItem","position":1,"name":"In\u00edcio","item":"https:\/\/www.em.com.br\/emfoco\/"},{"@type":"ListItem","position":2,"name":"Como essa bebida fermentada melhora a sua flora intestinal e ajuda na digest\u00e3o"}]},{"@type":"WebSite","@id":"https:\/\/www.em.com.br\/emfoco\/#website","url":"https:\/\/www.em.com.br\/emfoco\/","name":"Estado de Minas - Em foco","description":"Acompanhe as \u00faltimas not\u00edcias e fique bem informado sobre tudo o que acontece em Minas Gerais, Brasil e no mundo.","potentialAction":[{"@type":"SearchAction","target":{"@type":"EntryPoint","urlTemplate":"https:\/\/www.em.com.br\/emfoco\/?s={search_term_string}"},"query-input":{"@type":"PropertyValueSpecification","valueRequired":true,"valueName":"search_term_string"}}],"inLanguage":"pt-BR"},{"@type":"Person","@id":"https:\/\/www.em.com.br\/emfoco\/#\/schema\/person\/0a8186d72f2c3a5c6276d90b41f271a0","name":"Daniely Cardoso","image":{"@type":"ImageObject","inLanguage":"pt-BR","@id":"https:\/\/www.em.com.br\/emfoco\/#\/schema\/person\/image\/","url":"https:\/\/secure.gravatar.com\/avatar\/4b80ddbd124d1f071b626d52d62e5dff?s=96&d=mm&r=g","contentUrl":"https:\/\/secure.gravatar.com\/avatar\/4b80ddbd124d1f071b626d52d62e5dff?s=96&d=mm&r=g","caption":"Daniely Cardoso"},"url":"https:\/\/www.em.com.br\/emfoco\/author\/danielymyth\/"}]}},"_links":{"self":[{"href":"https:\/\/www.em.com.br\/emfoco\/wp-json\/wp\/v2\/posts\/134995","targetHints":{"allow":["GET"]}}],"collection":[{"href":"https:\/\/www.em.com.br\/emfoco\/wp-json\/wp\/v2\/posts"}],"about":[{"href":"https:\/\/www.em.com.br\/emfoco\/wp-json\/wp\/v2\/types\/post"}],"author":[{"embeddable":true,"href":"https:\/\/www.em.com.br\/emfoco\/wp-json\/wp\/v2\/users\/9"}],"replies":[{"embeddable":true,"href":"https:\/\/www.em.com.br\/emfoco\/wp-json\/wp\/v2\/comments?post=134995"}],"version-history":[{"count":3,"href":"https:\/\/www.em.com.br\/emfoco\/wp-json\/wp\/v2\/posts\/134995\/revisions"}],"predecessor-version":[{"id":135235,"href":"https:\/\/www.em.com.br\/emfoco\/wp-json\/wp\/v2\/posts\/134995\/revisions\/135235"}],"wp:featuredmedia":[{"embeddable":true,"href":"https:\/\/www.em.com.br\/emfoco\/wp-json\/wp\/v2\/media\/135209"}],"wp:attachment":[{"href":"https:\/\/www.em.com.br\/emfoco\/wp-json\/wp\/v2\/media?parent=134995"}],"wp:term":[{"taxonomy":"category","embeddable":true,"href":"https:\/\/www.em.com.br\/emfoco\/wp-json\/wp\/v2\/categories?post=134995"},{"taxonomy":"post_tag","embeddable":true,"href":"https:\/\/www.em.com.br\/emfoco\/wp-json\/wp\/v2\/tags?post=134995"}],"curies":[{"name":"wp","href":"https:\/\/api.w.org\/{rel}","templated":true}]}}