{"id":134994,"date":"2025-12-04T19:15:00","date_gmt":"2025-12-04T22:15:00","guid":{"rendered":"https:\/\/www.em.com.br\/emfoco\/?p=134994"},"modified":"2025-12-03T23:46:44","modified_gmt":"2025-12-04T02:46:44","slug":"a-tendencia-de-oculos-que-vai-dominar-2026-com-leveza-e-estilo","status":"publish","type":"post","link":"https:\/\/www.em.com.br\/emfoco\/2025\/12\/04\/a-tendencia-de-oculos-que-vai-dominar-2026-com-leveza-e-estilo\/","title":{"rendered":"A tend\u00eancia de \u00f3culos que vai dominar 2026 com leveza e estilo"},"content":{"rendered":"\n<p>A tend\u00eancia de \u00f3culos minimalistas vem ganhando espa\u00e7o nas cole\u00e7\u00f5es atuais e se apresenta como uma das apostas mais fortes para <b>2026<\/b>. Lentes limpas, arma\u00e7\u00f5es discretas e cores neutras aparecem com frequ\u00eancia em lan\u00e7amentos de marcas de diferentes segmentos, do luxo ao fast fashion, acompanhando um estilo de vida mais simples, focado em pe\u00e7as vers\u00e1teis e funcionais, que dialogam com consumo consciente, durabilidade e facilidade de combina\u00e7\u00e3o no dia a dia.<\/p>\n\n\n\n<h2 class=\"wp-block-heading\">Quais s\u00e3o os formatos e cores mais usados nos \u00f3culos minimalistas<\/h2>\n\n\n\n<p>Entre os modelos mais vistos est\u00e3o formatos <b>retangulares<\/b> suaves, redondos discretos e vers\u00f5es levemente geom\u00e9tricas, sempre com cantos menos marcados, que harmonizam com diferentes tipos de rosto. A paleta privilegia tons nude, marrom claro, preto fosco, cinza e varia\u00e7\u00f5es de transparente, o que facilita combina\u00e7\u00f5es com guarda-roupas diversos. Muitos lan\u00e7amentos tamb\u00e9m trazem acabamentos <b>foscos<\/b> e transl\u00facidos, refor\u00e7ando a proposta de leveza visual.<\/p>\n\n\n\n<figure class=\"wp-block-embed is-type-rich is-provider-pinterest wp-block-embed-pinterest\"><div class=\"wp-block-embed__wrapper\">\n<iframe loading=\"lazy\" title=\"lunettes l\u00e9opard canon\" src=\"https:\/\/assets.pinterest.com\/ext\/embed.html?id=5488830792698827&#038;src=oembed\" height=\"899\" width=\"450\" frameborder=\"0\" scrolling=\"no\" ><\/iframe>\n<\/div><\/figure>\n\n\n\n<p>Leia tamb\u00e9m:&nbsp;<a href=\"https:\/\/www.em.com.br\/emfoco\/2025\/11\/21\/o-que-o-formato-do-seu-rosto-revela-sobre-o-estilo-de-corte-ideal-para-voce\/\" target=\"_blank\" rel=\"noopener\">O que o formato do seu rosto revela sobre o estilo de corte ideal para voc\u00ea<\/a><\/p>\n\n\n\n<h2 class=\"wp-block-heading\">Por que os \u00f3culos minimalistas est\u00e3o dominando as cole\u00e7\u00f5es de 2026<\/h2>\n\n\n\n<p>A populariza\u00e7\u00e3o dos \u00f3culos minimalistas em <b>2026<\/b> se relaciona a um consumo voltado a produtos dur\u00e1veis, atemporais e de f\u00e1cil uso, que funcionem em v\u00e1rias situa\u00e7\u00f5es com um \u00fanico acess\u00f3rio. Materiais mais leves e resistentes permitem criar modelos delicados sem comprometer a durabilidade, enquanto designs simples facilitam lentes com filtros de <b>luz azul<\/b>, vers\u00f5es fotossens\u00edveis e recursos para uso intenso em telas digitais, unindo est\u00e9tica e praticidade.<\/p>\n\n\n\n<figure class=\"wp-block-embed is-type-rich is-provider-pinterest wp-block-embed-pinterest\"><div class=\"wp-block-embed__wrapper\">\n<iframe loading=\"lazy\" title=\" \" src=\"https:\/\/assets.pinterest.com\/ext\/embed.html?id=3518505954128851&#038;src=oembed\" height=\"699\" width=\"450\" frameborder=\"0\" scrolling=\"no\" ><\/iframe>\n<\/div><\/figure>\n\n\n\n<ul class=\"wp-block-list\">\n<li><strong><b>Versatilidade<\/b>:<\/strong> combinam com diferentes estilos de roupa.<\/li>\n\n\n\n<li><strong><b>Conforto<\/b>:<\/strong> materiais leves reduzem inc\u00f4modos no uso prolongado.<\/li>\n\n\n\n<li><strong>Discri\u00e7\u00e3o:<\/strong> visual limpo favorece ambientes profissionais.<\/li>\n\n\n\n<li><strong>Durabilidade visual:<\/strong> design <b>atemporal<\/b> tende a n\u00e3o sair de moda rapidamente.<\/li>\n<\/ul>\n\n\n\n<h2 class=\"wp-block-heading\">Como escolher \u00f3culos minimalistas que combinam com o rosto<\/h2>\n\n\n\n<p>Na escolha de \u00f3culos minimalistas, \u00e9 importante observar a rela\u00e7\u00e3o entre o formato da arma\u00e7\u00e3o e as linhas do rosto, buscando equil\u00edbrio sem perder a leveza. Em rostos arredondados, modelos levemente <b>retangulares<\/b> podem alongar as propor\u00e7\u00f5es, enquanto em rostos angulosos, formatos ovais ou redondos suavizam os tra\u00e7os. O encaixe no nariz, o peso da arma\u00e7\u00e3o e o tamanho correto garantem <b>conforto<\/b> e preservam a proposta discreta do design.<\/p>\n\n\n\n<figure class=\"wp-block-embed is-type-rich is-provider-pinterest wp-block-embed-pinterest\"><div class=\"wp-block-embed__wrapper\">\n<iframe loading=\"lazy\" title=\"Billie Eilish\" src=\"https:\/\/assets.pinterest.com\/ext\/embed.html?id=9007268002360805&#038;src=oembed\" height=\"699\" width=\"450\" frameborder=\"0\" scrolling=\"no\" ><\/iframe>\n<\/div><\/figure>\n\n\n\n<ol class=\"wp-block-list\">\n<li>Observar o formato do <b>rosto<\/b> (redondo, oval, quadrado, triangular).<\/li>\n\n\n\n<li>Testar diferentes tamanhos de arma\u00e7\u00e3o dentro da proposta <b>minimalista<\/b>.<\/li>\n\n\n\n<li>Verificar o encaixe no nariz e atr\u00e1s das orelhas.<\/li>\n\n\n\n<li>Avaliar o peso da arma\u00e7\u00e3o e o <b>material<\/b> utilizado.<\/li>\n\n\n\n<li>Checar se a <b>cor<\/b> harmoniza com tom de pele, cabelo e estilo de roupas.<\/li>\n<\/ol>\n\n\n\n<p>Se voc\u00ea ainda n\u00e3o sabe como escolher um \u00f3culos ideal para voc\u00ea a <a href=\"https:\/\/www.youtube.com\/@danicrespoa\" target=\"_blank\" rel=\"noreferrer noopener\">Dani Crespo &#8211; Maria de \u00d3culos<\/a> te ensina a escolher um formato de \u00f3culos e at\u00e9 as cores:<\/p>\n\n\n\n<figure class=\"wp-block-embed is-type-video is-provider-youtube wp-block-embed-youtube wp-embed-aspect-16-9 wp-has-aspect-ratio\"><div class=\"wp-block-embed__wrapper\">\n<div class=\"jeg_video_container jeg_video_content\"><iframe loading=\"lazy\" title=\"Como Escolher os \u00d3culos Perfeitos em 3 Passos Simples!\" width=\"500\" height=\"281\" src=\"https:\/\/www.youtube.com\/embed\/tFpA5dONYWA?feature=oembed\" frameborder=\"0\" allow=\"accelerometer; autoplay; clipboard-write; encrypted-media; gyroscope; picture-in-picture; web-share\" referrerpolicy=\"strict-origin-when-cross-origin\" allowfullscreen><\/iframe><\/div>\n<\/div><\/figure>\n\n\n\n<h2 class=\"wp-block-heading\">\u00d3culos minimalistas combinam com quais estilos de roupa<\/h2>\n\n\n\n<p>Os \u00f3culos minimalistas se encaixam em propostas que v\u00e3o do guarda-roupa <b>formal<\/b> ao visual urbano, refor\u00e7ando uma imagem organizada e contempor\u00e2nea. Em ambientes profissionais com ternos, camisas sociais e alfaiataria, arma\u00e7\u00f5es discretas criam um ar direto e elegante. J\u00e1 em looks casuais ou de <b>streetwear<\/b>, funcionam como complemento neutro, equilibrando estampas marcantes, pe\u00e7as oversized ou acess\u00f3rios chamativos sem competir pela aten\u00e7\u00e3o.<\/p>\n","protected":false},"excerpt":{"rendered":"<p>A tend\u00eancia de \u00f3culos minimalistas vem ganhando espa\u00e7o nas cole\u00e7\u00f5es atuais e se apresenta como uma das apostas mais fortes para 2026. Lentes limpas, arma\u00e7\u00f5es discretas e cores neutras aparecem com frequ\u00eancia em lan\u00e7amentos de marcas de diferentes segmentos, do luxo ao fast fashion, acompanhando um estilo de vida mais simples, focado em pe\u00e7as vers\u00e1teis [&hellip;]<\/p>\n","protected":false},"author":9,"featured_media":135227,"comment_status":"open","ping_status":"open","sticky":false,"template":"","format":"standard","meta":{"jnews-multi-image_gallery":[],"jnews_single_post":{"format":"standard"},"jnews_primary_category":[],"jnews_social_meta":[],"jnews_override_counter":[],"footnotes":""},"categories":[8691,8819,1],"tags":[19687,4945,3932],"class_list":["post-134994","post","type-post","status-publish","format-standard","has-post-thumbnail","hentry","category-bem-estar","category-curiosidades","category-noticias","tag-acessorio","tag-minimalismo","tag-oculos"],"yoast_head":"<!-- This site is optimized with the Yoast SEO plugin v23.8 - https:\/\/yoast.com\/wordpress\/plugins\/seo\/ -->\n<title>A tend\u00eancia de \u00f3culos que vai dominar 2026 com leveza e estilo - Estado de Minas - Em foco<\/title>\n<meta name=\"description\" content=\"A tend\u00eancia para 2026 aposta em arma\u00e7\u00f5es leves e discretas. Saiba escolher o modelo ideal para seu rosto e estilo de vida.\" \/>\n<meta name=\"robots\" content=\"index, follow, max-snippet:-1, max-image-preview:large, max-video-preview:-1\" \/>\n<link rel=\"canonical\" href=\"https:\/\/www.em.com.br\/emfoco\/2025\/12\/04\/a-tendencia-de-oculos-que-vai-dominar-2026-com-leveza-e-estilo\/\" \/>\n<meta property=\"og:locale\" content=\"pt_BR\" \/>\n<meta property=\"og:type\" content=\"article\" \/>\n<meta property=\"og:title\" content=\"A tend\u00eancia de \u00f3culos que vai dominar 2026 com leveza e estilo - Estado de Minas - Em foco\" \/>\n<meta property=\"og:description\" content=\"A tend\u00eancia para 2026 aposta em arma\u00e7\u00f5es leves e discretas. Saiba escolher o modelo ideal para seu rosto e estilo de vida.\" \/>\n<meta property=\"og:url\" content=\"https:\/\/www.em.com.br\/emfoco\/2025\/12\/04\/a-tendencia-de-oculos-que-vai-dominar-2026-com-leveza-e-estilo\/\" \/>\n<meta property=\"og:site_name\" content=\"Estado de Minas - Em foco\" \/>\n<meta property=\"article:published_time\" content=\"2025-12-04T22:15:00+00:00\" \/>\n<meta property=\"article:modified_time\" content=\"2025-12-04T02:46:44+00:00\" \/>\n<meta property=\"og:image\" content=\"https:\/\/www.em.com.br\/emfoco\/wp-content\/uploads\/2025\/12\/Gemini_Generated_Image_jwwlhcjwwlhcjwwl-1.png\" \/>\n\t<meta property=\"og:image:width\" content=\"1280\" \/>\n\t<meta property=\"og:image:height\" content=\"720\" \/>\n\t<meta property=\"og:image:type\" content=\"image\/png\" \/>\n<meta name=\"author\" content=\"Daniely Cardoso\" \/>\n<meta name=\"twitter:card\" content=\"summary_large_image\" \/>\n<meta name=\"twitter:label1\" content=\"Escrito por\" \/>\n\t<meta name=\"twitter:data1\" content=\"Daniely Cardoso\" \/>\n\t<meta name=\"twitter:label2\" content=\"Est. tempo de leitura\" \/>\n\t<meta name=\"twitter:data2\" content=\"3 minutos\" \/>\n<!-- \/ Yoast SEO plugin. -->","yoast_head_json":{"title":"A tend\u00eancia de \u00f3culos que vai dominar 2026 com leveza e estilo - Estado de Minas - Em foco","description":"A tend\u00eancia para 2026 aposta em arma\u00e7\u00f5es leves e discretas. Saiba escolher o modelo ideal para seu rosto e estilo de vida.","robots":{"index":"index","follow":"follow","max-snippet":"max-snippet:-1","max-image-preview":"max-image-preview:large","max-video-preview":"max-video-preview:-1"},"canonical":"https:\/\/www.em.com.br\/emfoco\/2025\/12\/04\/a-tendencia-de-oculos-que-vai-dominar-2026-com-leveza-e-estilo\/","og_locale":"pt_BR","og_type":"article","og_title":"A tend\u00eancia de \u00f3culos que vai dominar 2026 com leveza e estilo - Estado de Minas - Em foco","og_description":"A tend\u00eancia para 2026 aposta em arma\u00e7\u00f5es leves e discretas. Saiba escolher o modelo ideal para seu rosto e estilo de vida.","og_url":"https:\/\/www.em.com.br\/emfoco\/2025\/12\/04\/a-tendencia-de-oculos-que-vai-dominar-2026-com-leveza-e-estilo\/","og_site_name":"Estado de Minas - Em foco","article_published_time":"2025-12-04T22:15:00+00:00","article_modified_time":"2025-12-04T02:46:44+00:00","og_image":[{"width":1280,"height":720,"url":"https:\/\/www.em.com.br\/emfoco\/wp-content\/uploads\/2025\/12\/Gemini_Generated_Image_jwwlhcjwwlhcjwwl-1.png","type":"image\/png"}],"author":"Daniely Cardoso","twitter_card":"summary_large_image","twitter_misc":{"Escrito por":"Daniely Cardoso","Est. tempo de leitura":"3 minutos"},"schema":{"@context":"https:\/\/schema.org","@graph":[{"@type":"WebPage","@id":"https:\/\/www.em.com.br\/emfoco\/2025\/12\/04\/a-tendencia-de-oculos-que-vai-dominar-2026-com-leveza-e-estilo\/","url":"https:\/\/www.em.com.br\/emfoco\/2025\/12\/04\/a-tendencia-de-oculos-que-vai-dominar-2026-com-leveza-e-estilo\/","name":"A tend\u00eancia de \u00f3culos que vai dominar 2026 com leveza e estilo - Estado de Minas - Em foco","isPartOf":{"@id":"https:\/\/www.em.com.br\/emfoco\/#website"},"primaryImageOfPage":{"@id":"https:\/\/www.em.com.br\/emfoco\/2025\/12\/04\/a-tendencia-de-oculos-que-vai-dominar-2026-com-leveza-e-estilo\/#primaryimage"},"image":{"@id":"https:\/\/www.em.com.br\/emfoco\/2025\/12\/04\/a-tendencia-de-oculos-que-vai-dominar-2026-com-leveza-e-estilo\/#primaryimage"},"thumbnailUrl":"https:\/\/www.em.com.br\/emfoco\/wp-content\/uploads\/2025\/12\/Gemini_Generated_Image_jwwlhcjwwlhcjwwl-1.png","datePublished":"2025-12-04T22:15:00+00:00","dateModified":"2025-12-04T02:46:44+00:00","author":{"@id":"https:\/\/www.em.com.br\/emfoco\/#\/schema\/person\/0a8186d72f2c3a5c6276d90b41f271a0"},"description":"A tend\u00eancia para 2026 aposta em arma\u00e7\u00f5es leves e discretas. Saiba escolher o modelo ideal para seu rosto e estilo de vida.","breadcrumb":{"@id":"https:\/\/www.em.com.br\/emfoco\/2025\/12\/04\/a-tendencia-de-oculos-que-vai-dominar-2026-com-leveza-e-estilo\/#breadcrumb"},"inLanguage":"pt-BR","potentialAction":[{"@type":"ReadAction","target":["https:\/\/www.em.com.br\/emfoco\/2025\/12\/04\/a-tendencia-de-oculos-que-vai-dominar-2026-com-leveza-e-estilo\/"]}]},{"@type":"ImageObject","inLanguage":"pt-BR","@id":"https:\/\/www.em.com.br\/emfoco\/2025\/12\/04\/a-tendencia-de-oculos-que-vai-dominar-2026-com-leveza-e-estilo\/#primaryimage","url":"https:\/\/www.em.com.br\/emfoco\/wp-content\/uploads\/2025\/12\/Gemini_Generated_Image_jwwlhcjwwlhcjwwl-1.png","contentUrl":"https:\/\/www.em.com.br\/emfoco\/wp-content\/uploads\/2025\/12\/Gemini_Generated_Image_jwwlhcjwwlhcjwwl-1.png","width":1280,"height":720,"caption":"Entre os modelos mais vistos est\u00e3o formatos retangulares suaves, redondos discretos e vers\u00f5es levemente geom\u00e9tricas"},{"@type":"BreadcrumbList","@id":"https:\/\/www.em.com.br\/emfoco\/2025\/12\/04\/a-tendencia-de-oculos-que-vai-dominar-2026-com-leveza-e-estilo\/#breadcrumb","itemListElement":[{"@type":"ListItem","position":1,"name":"In\u00edcio","item":"https:\/\/www.em.com.br\/emfoco\/"},{"@type":"ListItem","position":2,"name":"A tend\u00eancia de \u00f3culos que vai dominar 2026 com leveza e estilo"}]},{"@type":"WebSite","@id":"https:\/\/www.em.com.br\/emfoco\/#website","url":"https:\/\/www.em.com.br\/emfoco\/","name":"Estado de Minas - Em foco","description":"Acompanhe as \u00faltimas not\u00edcias e fique bem informado sobre tudo o que acontece em Minas Gerais, Brasil e no mundo.","potentialAction":[{"@type":"SearchAction","target":{"@type":"EntryPoint","urlTemplate":"https:\/\/www.em.com.br\/emfoco\/?s={search_term_string}"},"query-input":{"@type":"PropertyValueSpecification","valueRequired":true,"valueName":"search_term_string"}}],"inLanguage":"pt-BR"},{"@type":"Person","@id":"https:\/\/www.em.com.br\/emfoco\/#\/schema\/person\/0a8186d72f2c3a5c6276d90b41f271a0","name":"Daniely Cardoso","image":{"@type":"ImageObject","inLanguage":"pt-BR","@id":"https:\/\/www.em.com.br\/emfoco\/#\/schema\/person\/image\/","url":"https:\/\/secure.gravatar.com\/avatar\/4b80ddbd124d1f071b626d52d62e5dff?s=96&d=mm&r=g","contentUrl":"https:\/\/secure.gravatar.com\/avatar\/4b80ddbd124d1f071b626d52d62e5dff?s=96&d=mm&r=g","caption":"Daniely Cardoso"},"url":"https:\/\/www.em.com.br\/emfoco\/author\/danielymyth\/"}]}},"_links":{"self":[{"href":"https:\/\/www.em.com.br\/emfoco\/wp-json\/wp\/v2\/posts\/134994","targetHints":{"allow":["GET"]}}],"collection":[{"href":"https:\/\/www.em.com.br\/emfoco\/wp-json\/wp\/v2\/posts"}],"about":[{"href":"https:\/\/www.em.com.br\/emfoco\/wp-json\/wp\/v2\/types\/post"}],"author":[{"embeddable":true,"href":"https:\/\/www.em.com.br\/emfoco\/wp-json\/wp\/v2\/users\/9"}],"replies":[{"embeddable":true,"href":"https:\/\/www.em.com.br\/emfoco\/wp-json\/wp\/v2\/comments?post=134994"}],"version-history":[{"count":3,"href":"https:\/\/www.em.com.br\/emfoco\/wp-json\/wp\/v2\/posts\/134994\/revisions"}],"predecessor-version":[{"id":135230,"href":"https:\/\/www.em.com.br\/emfoco\/wp-json\/wp\/v2\/posts\/134994\/revisions\/135230"}],"wp:featuredmedia":[{"embeddable":true,"href":"https:\/\/www.em.com.br\/emfoco\/wp-json\/wp\/v2\/media\/135227"}],"wp:attachment":[{"href":"https:\/\/www.em.com.br\/emfoco\/wp-json\/wp\/v2\/media?parent=134994"}],"wp:term":[{"taxonomy":"category","embeddable":true,"href":"https:\/\/www.em.com.br\/emfoco\/wp-json\/wp\/v2\/categories?post=134994"},{"taxonomy":"post_tag","embeddable":true,"href":"https:\/\/www.em.com.br\/emfoco\/wp-json\/wp\/v2\/tags?post=134994"}],"curies":[{"name":"wp","href":"https:\/\/api.w.org\/{rel}","templated":true}]}}