{"id":134964,"date":"2025-12-04T13:25:56","date_gmt":"2025-12-04T16:25:56","guid":{"rendered":"https:\/\/www.em.com.br\/emfoco\/?p=134964"},"modified":"2025-12-03T15:28:32","modified_gmt":"2025-12-03T18:28:32","slug":"como-preparar-a-cova-do-jeito-certo-para-a-muda-de-banana-nao-morrer","status":"publish","type":"post","link":"https:\/\/www.em.com.br\/emfoco\/2025\/12\/04\/como-preparar-a-cova-do-jeito-certo-para-a-muda-de-banana-nao-morrer\/","title":{"rendered":"Como preparar a cova do jeito certo para a muda de banana n\u00e3o morrer"},"content":{"rendered":"\n<p>Plantar <b>banana-nanica<\/b> \u00e9 uma atividade comum em v\u00e1rias regi\u00f5es do <b>Brasil<\/b>, seja em pequenas ch\u00e1caras, quintais ou em produ\u00e7\u00f5es comerciais. Por ser uma variedade de porte relativamente baixo, boa produtividade e frutos muito aceitos pelo mercado, a banana-nanica costuma ser escolhida tanto por agricultores experientes quanto por iniciantes, exigindo aten\u00e7\u00e3o desde a escolha do local at\u00e9 os cuidados depois do plantio para garantir um bananal saud\u00e1vel e produtivo.<\/p>\n\n\n\n<h2 class=\"wp-block-heading\">Como escolher o local ideal e entender o clima e o solo<\/h2>\n\n\n\n<p>Antes de iniciar o cultivo de <b>banana-nanica<\/b>, \u00e9 necess\u00e1rio observar clima, tipo de solo e acesso \u00e0 \u00e1gua, priorizando regi\u00f5es quentes, \u00famidas, com boa incid\u00eancia de sol e sem encharcamento. Em \u00e1reas sujeitas a ventos fortes ou solos muito compactados, o crescimento \u00e9 prejudicado, afetando diretamente a qualidade e o tamanho dos cachos, motivo pelo qual muitas propriedades criam <b>barreiras de vento<\/b> e fazem corre\u00e7\u00e3o pr\u00e9via do terreno.<\/p>\n\n\n<div class=\"wp-block-image\">\n<figure class=\"aligncenter size-large\"><img loading=\"lazy\" decoding=\"async\" width=\"1024\" height=\"576\" src=\"https:\/\/www.em.com.br\/emfoco\/wp-content\/uploads\/2025\/12\/Musa-acuminata_1764772177755-1024x576.jpg\" alt=\"\" class=\"wp-image-135033\" srcset=\"https:\/\/www.em.com.br\/emfoco\/wp-content\/uploads\/2025\/12\/Musa-acuminata_1764772177755-1024x576.jpg 1024w, https:\/\/www.em.com.br\/emfoco\/wp-content\/uploads\/2025\/12\/Musa-acuminata_1764772177755-300x169.jpg 300w, https:\/\/www.em.com.br\/emfoco\/wp-content\/uploads\/2025\/12\/Musa-acuminata_1764772177755-768x432.jpg 768w, https:\/\/www.em.com.br\/emfoco\/wp-content\/uploads\/2025\/12\/Musa-acuminata_1764772177755-750x422.jpg 750w, https:\/\/www.em.com.br\/emfoco\/wp-content\/uploads\/2025\/12\/Musa-acuminata_1764772177755-1140x641.jpg 1140w, https:\/\/www.em.com.br\/emfoco\/wp-content\/uploads\/2025\/12\/Musa-acuminata_1764772177755.jpg 1280w\" sizes=\"auto, (max-width: 1024px) 100vw, 1024px\" \/><figcaption class=\"wp-element-caption\">Antes de iniciar o cultivo de banana-nanica, \u00e9 necess\u00e1rio observar clima &#8211; Cr\u00e9ditos: depositphotos.com \/ Ikarahma<\/figcaption><\/figure><\/div>\n\n\n<p>Leia tamb\u00e9m:&nbsp;<a href=\"https:\/\/www.em.com.br\/emfoco\/2025\/11\/14\/o-que-voce-precisa-saber-sobre-o-clima-antes-de-plantar-sua-primeira-banana\/\" target=\"_blank\" rel=\"noopener\">O que voc\u00ea precisa saber sobre o clima antes de plantar sua primeira banana<\/a><\/p>\n\n\n\n<h2 class=\"wp-block-heading\">Como preparar o solo para plantar banana-nanica com efici\u00eancia<\/h2>\n\n\n\n<p>O preparo adequado do <b>solo<\/b> \u00e9 decisivo para o sucesso do plantio, sendo ideal um terreno profundo, bem drenado e rico em mat\u00e9ria org\u00e2nica, sempre com <b>an\u00e1lise de solo<\/b> para ajuste de acidez e recomenda\u00e7\u00e3o de aduba\u00e7\u00e3o. Na abertura das covas, geralmente de 40 a 50 cent\u00edmetros em todas as dimens\u00f5es, \u00e9 feita uma mistura de terra de boa qualidade com mat\u00e9ria org\u00e2nica curtida e, quando necess\u00e1rio, fertilizantes minerais, garantindo nutrientes dispon\u00edveis logo nos primeiros meses e facilitando o enraizamento.<\/p>\n\n\n\n<h2 class=\"wp-block-heading\">Passo a passo para plantar banana-nanica corretamente<\/h2>\n\n\n\n<p>O plantio da <b>banana-nanica<\/b> pode ser feito com mudas tradicionais ou produzidas em viveiros especializados, devendo sempre estar livres de pragas e doen\u00e7as para formar touceiras vigorosas. A seguir, um roteiro b\u00e1sico para orientar o produtor no momento do plantio, que pode ser aplicado tanto em pequenos quintais quanto em <b>plantios comerciais<\/b>:<\/p>\n\n\n<div class=\"wp-block-image\">\n<figure class=\"aligncenter size-large\"><img loading=\"lazy\" decoding=\"async\" width=\"1024\" height=\"576\" src=\"https:\/\/www.em.com.br\/emfoco\/wp-content\/uploads\/2025\/12\/Gemini_Generated_Image_hjn3odhjn3odhjn3-1-1024x576.png\" alt=\"\" class=\"wp-image-135217\" srcset=\"https:\/\/www.em.com.br\/emfoco\/wp-content\/uploads\/2025\/12\/Gemini_Generated_Image_hjn3odhjn3odhjn3-1-1024x576.png 1024w, https:\/\/www.em.com.br\/emfoco\/wp-content\/uploads\/2025\/12\/Gemini_Generated_Image_hjn3odhjn3odhjn3-1-300x169.png 300w, https:\/\/www.em.com.br\/emfoco\/wp-content\/uploads\/2025\/12\/Gemini_Generated_Image_hjn3odhjn3odhjn3-1-768x432.png 768w, https:\/\/www.em.com.br\/emfoco\/wp-content\/uploads\/2025\/12\/Gemini_Generated_Image_hjn3odhjn3odhjn3-1-750x422.png 750w, https:\/\/www.em.com.br\/emfoco\/wp-content\/uploads\/2025\/12\/Gemini_Generated_Image_hjn3odhjn3odhjn3-1-1140x641.png 1140w, https:\/\/www.em.com.br\/emfoco\/wp-content\/uploads\/2025\/12\/Gemini_Generated_Image_hjn3odhjn3odhjn3-1.png 1280w\" sizes=\"auto, (max-width: 1024px) 100vw, 1024px\" \/><figcaption class=\"wp-element-caption\">O plantio da banana-nanica pode ser feito com mudas tradicionais ou produzidas em viveiros especializados<\/figcaption><\/figure><\/div>\n\n\n<p>Quem cultiva em casa, vai curtir esse v\u00eddeo especialmente selecionado do canal do <a href=\"https:\/\/www.youtube.com\/@BerranteImoveisRurais\" target=\"_blank\" rel=\"noreferrer noopener\">Paulo Rodrigues<\/a>, que conta com mais de 150 mil inscritos, onde ele mostra como plantar a banana-nanica:<\/p>\n\n\n\n<figure class=\"wp-block-embed is-type-video is-provider-youtube wp-block-embed-youtube wp-embed-aspect-16-9 wp-has-aspect-ratio\"><div class=\"wp-block-embed__wrapper\">\n<div class=\"jeg_video_container jeg_video_content\"><iframe loading=\"lazy\" title=\"COMO PLANTAR BANANEIRA SEM ERRAR\" width=\"500\" height=\"281\" src=\"https:\/\/www.youtube.com\/embed\/Z6DIGaun-78?feature=oembed\" frameborder=\"0\" allow=\"accelerometer; autoplay; clipboard-write; encrypted-media; gyroscope; picture-in-picture; web-share\" referrerpolicy=\"strict-origin-when-cross-origin\" allowfullscreen><\/iframe><\/div>\n<\/div><\/figure>\n\n\n\n<h2 class=\"wp-block-heading\">Quais cuidados s\u00e3o essenciais depois do plantio da banana-nanica<\/h2>\n\n\n\n<p>Ap\u00f3s o plantio, a manuten\u00e7\u00e3o do <b>bananal<\/b> envolve controle de plantas invasoras, aduba\u00e7\u00e3o de cobertura e irriga\u00e7\u00e3o ajustada ao clima, evitando estresse h\u00eddrico em per\u00edodos cr\u00edticos que reduzem o tamanho dos cachos. O manejo de pragas e doen\u00e7as, como a <b>broca-do-rizoma<\/b> e problemas f\u00fangicos, exige uso de mudas sadias, retirada de folhas muito doentes ou secas, preven\u00e7\u00e3o de encharcamento e orienta\u00e7\u00e3o t\u00e9cnica quando forem necess\u00e1rios produtos espec\u00edficos para prote\u00e7\u00e3o da lavoura.<\/p>\n\n\n\n<h2 class=\"wp-block-heading\">Como manejar a touceira e colher a banana-nanica no tempo certo<\/h2>\n\n\n\n<p>Com o crescimento das plantas, a <b>touceira<\/b> emite novos rebentos, exigindo desbaste para manter apenas alguns filhos em diferentes est\u00e1dios de desenvolvimento, formando a escala m\u00e3e, filho e neto e garantindo renova\u00e7\u00e3o equilibrada da \u00e1rea. O ponto de <b>colheita<\/b> varia conforme o mercado e o uso, indo de cachos ainda verdes, com frutos cheios, para amadurecimento em caixas ou c\u00e2maras, at\u00e9 colheitas em quintais quando os primeiros frutos come\u00e7am a amarelar, permitindo consumo gradual e reduzindo perdas p\u00f3s-colheita.<\/p>\n","protected":false},"excerpt":{"rendered":"<p>Plantar banana-nanica \u00e9 uma atividade comum em v\u00e1rias regi\u00f5es do Brasil, seja em pequenas ch\u00e1caras, quintais ou em produ\u00e7\u00f5es comerciais. Por ser uma variedade de porte relativamente baixo, boa produtividade e frutos muito aceitos pelo mercado, a banana-nanica costuma ser escolhida tanto por agricultores experientes quanto por iniciantes, exigindo aten\u00e7\u00e3o desde a escolha do local [&hellip;]<\/p>\n","protected":false},"author":9,"featured_media":47503,"comment_status":"open","ping_status":"open","sticky":false,"template":"","format":"standard","meta":{"jnews-multi-image_gallery":[],"jnews_single_post":{"format":"standard"},"jnews_primary_category":[],"jnews_social_meta":[],"jnews_override_counter":[],"footnotes":""},"categories":[8691,8819,1],"tags":[19676,7701,12595],"class_list":["post-134964","post","type-post","status-publish","format-standard","has-post-thumbnail","hentry","category-bem-estar","category-curiosidades","category-noticias","tag-banana-nanica","tag-como-plantar","tag-em-casa"],"yoast_head":"<!-- This site is optimized with the Yoast SEO plugin v23.8 - https:\/\/yoast.com\/wordpress\/plugins\/seo\/ -->\n<title>Como preparar a cova do jeito certo para a muda de banana n\u00e3o morrer - Estado de Minas - Em foco<\/title>\n<meta name=\"description\" content=\"O cultivo de banana-nanica exige solo rico e clima quente. Saiba como preparar a cova, realizar o desbaste e colher cachos saud\u00e1veis.\" \/>\n<meta name=\"robots\" content=\"index, follow, max-snippet:-1, max-image-preview:large, max-video-preview:-1\" \/>\n<link rel=\"canonical\" href=\"https:\/\/www.em.com.br\/emfoco\/2025\/12\/04\/como-preparar-a-cova-do-jeito-certo-para-a-muda-de-banana-nao-morrer\/\" \/>\n<meta property=\"og:locale\" content=\"pt_BR\" \/>\n<meta property=\"og:type\" content=\"article\" \/>\n<meta property=\"og:title\" content=\"Como preparar a cova do jeito certo para a muda de banana n\u00e3o morrer - Estado de Minas - Em foco\" \/>\n<meta property=\"og:description\" content=\"O cultivo de banana-nanica exige solo rico e clima quente. Saiba como preparar a cova, realizar o desbaste e colher cachos saud\u00e1veis.\" \/>\n<meta property=\"og:url\" content=\"https:\/\/www.em.com.br\/emfoco\/2025\/12\/04\/como-preparar-a-cova-do-jeito-certo-para-a-muda-de-banana-nao-morrer\/\" \/>\n<meta property=\"og:site_name\" content=\"Estado de Minas - Em foco\" \/>\n<meta property=\"article:published_time\" content=\"2025-12-04T16:25:56+00:00\" \/>\n<meta property=\"article:modified_time\" content=\"2025-12-03T18:28:32+00:00\" \/>\n<meta property=\"og:image\" content=\"https:\/\/www.em.com.br\/emfoco\/wp-content\/uploads\/2025\/05\/banana-plantacao-_1747314484290.jpg\" \/>\n\t<meta property=\"og:image:width\" content=\"1280\" \/>\n\t<meta property=\"og:image:height\" content=\"720\" \/>\n\t<meta property=\"og:image:type\" content=\"image\/jpeg\" \/>\n<meta name=\"author\" content=\"Daniely Cardoso\" \/>\n<meta name=\"twitter:card\" content=\"summary_large_image\" \/>\n<meta name=\"twitter:label1\" content=\"Escrito por\" \/>\n\t<meta name=\"twitter:data1\" content=\"Daniely Cardoso\" \/>\n\t<meta name=\"twitter:label2\" content=\"Est. tempo de leitura\" \/>\n\t<meta name=\"twitter:data2\" content=\"4 minutos\" \/>\n<!-- \/ Yoast SEO plugin. -->","yoast_head_json":{"title":"Como preparar a cova do jeito certo para a muda de banana n\u00e3o morrer - Estado de Minas - Em foco","description":"O cultivo de banana-nanica exige solo rico e clima quente. Saiba como preparar a cova, realizar o desbaste e colher cachos saud\u00e1veis.","robots":{"index":"index","follow":"follow","max-snippet":"max-snippet:-1","max-image-preview":"max-image-preview:large","max-video-preview":"max-video-preview:-1"},"canonical":"https:\/\/www.em.com.br\/emfoco\/2025\/12\/04\/como-preparar-a-cova-do-jeito-certo-para-a-muda-de-banana-nao-morrer\/","og_locale":"pt_BR","og_type":"article","og_title":"Como preparar a cova do jeito certo para a muda de banana n\u00e3o morrer - Estado de Minas - Em foco","og_description":"O cultivo de banana-nanica exige solo rico e clima quente. Saiba como preparar a cova, realizar o desbaste e colher cachos saud\u00e1veis.","og_url":"https:\/\/www.em.com.br\/emfoco\/2025\/12\/04\/como-preparar-a-cova-do-jeito-certo-para-a-muda-de-banana-nao-morrer\/","og_site_name":"Estado de Minas - Em foco","article_published_time":"2025-12-04T16:25:56+00:00","article_modified_time":"2025-12-03T18:28:32+00:00","og_image":[{"width":1280,"height":720,"url":"https:\/\/www.em.com.br\/emfoco\/wp-content\/uploads\/2025\/05\/banana-plantacao-_1747314484290.jpg","type":"image\/jpeg"}],"author":"Daniely Cardoso","twitter_card":"summary_large_image","twitter_misc":{"Escrito por":"Daniely Cardoso","Est. tempo de leitura":"4 minutos"},"schema":{"@context":"https:\/\/schema.org","@graph":[{"@type":"WebPage","@id":"https:\/\/www.em.com.br\/emfoco\/2025\/12\/04\/como-preparar-a-cova-do-jeito-certo-para-a-muda-de-banana-nao-morrer\/","url":"https:\/\/www.em.com.br\/emfoco\/2025\/12\/04\/como-preparar-a-cova-do-jeito-certo-para-a-muda-de-banana-nao-morrer\/","name":"Como preparar a cova do jeito certo para a muda de banana n\u00e3o morrer - Estado de Minas - Em foco","isPartOf":{"@id":"https:\/\/www.em.com.br\/emfoco\/#website"},"primaryImageOfPage":{"@id":"https:\/\/www.em.com.br\/emfoco\/2025\/12\/04\/como-preparar-a-cova-do-jeito-certo-para-a-muda-de-banana-nao-morrer\/#primaryimage"},"image":{"@id":"https:\/\/www.em.com.br\/emfoco\/2025\/12\/04\/como-preparar-a-cova-do-jeito-certo-para-a-muda-de-banana-nao-morrer\/#primaryimage"},"thumbnailUrl":"https:\/\/www.em.com.br\/emfoco\/wp-content\/uploads\/2025\/05\/banana-plantacao-_1747314484290.jpg","datePublished":"2025-12-04T16:25:56+00:00","dateModified":"2025-12-03T18:28:32+00:00","author":{"@id":"https:\/\/www.em.com.br\/emfoco\/#\/schema\/person\/0a8186d72f2c3a5c6276d90b41f271a0"},"description":"O cultivo de banana-nanica exige solo rico e clima quente. Saiba como preparar a cova, realizar o desbaste e colher cachos saud\u00e1veis.","breadcrumb":{"@id":"https:\/\/www.em.com.br\/emfoco\/2025\/12\/04\/como-preparar-a-cova-do-jeito-certo-para-a-muda-de-banana-nao-morrer\/#breadcrumb"},"inLanguage":"pt-BR","potentialAction":[{"@type":"ReadAction","target":["https:\/\/www.em.com.br\/emfoco\/2025\/12\/04\/como-preparar-a-cova-do-jeito-certo-para-a-muda-de-banana-nao-morrer\/"]}]},{"@type":"ImageObject","inLanguage":"pt-BR","@id":"https:\/\/www.em.com.br\/emfoco\/2025\/12\/04\/como-preparar-a-cova-do-jeito-certo-para-a-muda-de-banana-nao-morrer\/#primaryimage","url":"https:\/\/www.em.com.br\/emfoco\/wp-content\/uploads\/2025\/05\/banana-plantacao-_1747314484290.jpg","contentUrl":"https:\/\/www.em.com.br\/emfoco\/wp-content\/uploads\/2025\/05\/banana-plantacao-_1747314484290.jpg","width":1280,"height":720,"caption":"Banana - Cr\u00e9ditos: depositphotos.com \/ Satura_"},{"@type":"BreadcrumbList","@id":"https:\/\/www.em.com.br\/emfoco\/2025\/12\/04\/como-preparar-a-cova-do-jeito-certo-para-a-muda-de-banana-nao-morrer\/#breadcrumb","itemListElement":[{"@type":"ListItem","position":1,"name":"In\u00edcio","item":"https:\/\/www.em.com.br\/emfoco\/"},{"@type":"ListItem","position":2,"name":"Como preparar a cova do jeito certo para a muda de banana n\u00e3o morrer"}]},{"@type":"WebSite","@id":"https:\/\/www.em.com.br\/emfoco\/#website","url":"https:\/\/www.em.com.br\/emfoco\/","name":"Estado de Minas - Em foco","description":"Acompanhe as \u00faltimas not\u00edcias e fique bem informado sobre tudo o que acontece em Minas Gerais, Brasil e no mundo.","potentialAction":[{"@type":"SearchAction","target":{"@type":"EntryPoint","urlTemplate":"https:\/\/www.em.com.br\/emfoco\/?s={search_term_string}"},"query-input":{"@type":"PropertyValueSpecification","valueRequired":true,"valueName":"search_term_string"}}],"inLanguage":"pt-BR"},{"@type":"Person","@id":"https:\/\/www.em.com.br\/emfoco\/#\/schema\/person\/0a8186d72f2c3a5c6276d90b41f271a0","name":"Daniely Cardoso","image":{"@type":"ImageObject","inLanguage":"pt-BR","@id":"https:\/\/www.em.com.br\/emfoco\/#\/schema\/person\/image\/","url":"https:\/\/secure.gravatar.com\/avatar\/4b80ddbd124d1f071b626d52d62e5dff?s=96&d=mm&r=g","contentUrl":"https:\/\/secure.gravatar.com\/avatar\/4b80ddbd124d1f071b626d52d62e5dff?s=96&d=mm&r=g","caption":"Daniely Cardoso"},"url":"https:\/\/www.em.com.br\/emfoco\/author\/danielymyth\/"}]}},"_links":{"self":[{"href":"https:\/\/www.em.com.br\/emfoco\/wp-json\/wp\/v2\/posts\/134964","targetHints":{"allow":["GET"]}}],"collection":[{"href":"https:\/\/www.em.com.br\/emfoco\/wp-json\/wp\/v2\/posts"}],"about":[{"href":"https:\/\/www.em.com.br\/emfoco\/wp-json\/wp\/v2\/types\/post"}],"author":[{"embeddable":true,"href":"https:\/\/www.em.com.br\/emfoco\/wp-json\/wp\/v2\/users\/9"}],"replies":[{"embeddable":true,"href":"https:\/\/www.em.com.br\/emfoco\/wp-json\/wp\/v2\/comments?post=134964"}],"version-history":[{"count":3,"href":"https:\/\/www.em.com.br\/emfoco\/wp-json\/wp\/v2\/posts\/134964\/revisions"}],"predecessor-version":[{"id":135218,"href":"https:\/\/www.em.com.br\/emfoco\/wp-json\/wp\/v2\/posts\/134964\/revisions\/135218"}],"wp:featuredmedia":[{"embeddable":true,"href":"https:\/\/www.em.com.br\/emfoco\/wp-json\/wp\/v2\/media\/47503"}],"wp:attachment":[{"href":"https:\/\/www.em.com.br\/emfoco\/wp-json\/wp\/v2\/media?parent=134964"}],"wp:term":[{"taxonomy":"category","embeddable":true,"href":"https:\/\/www.em.com.br\/emfoco\/wp-json\/wp\/v2\/categories?post=134964"},{"taxonomy":"post_tag","embeddable":true,"href":"https:\/\/www.em.com.br\/emfoco\/wp-json\/wp\/v2\/tags?post=134964"}],"curies":[{"name":"wp","href":"https:\/\/api.w.org\/{rel}","templated":true}]}}