{"id":134855,"date":"2025-12-04T21:45:00","date_gmt":"2025-12-05T00:45:00","guid":{"rendered":"https:\/\/www.em.com.br\/emfoco\/?p=134855"},"modified":"2025-12-02T20:14:13","modified_gmt":"2025-12-02T23:14:13","slug":"esse-erro-com-sabao-ta-estragando-lavadoras-e-quase-ninguem-sabe","status":"publish","type":"post","link":"https:\/\/www.em.com.br\/emfoco\/2025\/12\/04\/esse-erro-com-sabao-ta-estragando-lavadoras-e-quase-ninguem-sabe\/","title":{"rendered":"Esse erro com sab\u00e3o t\u00e1 estragando lavadoras e quase ningu\u00e9m sabe"},"content":{"rendered":"\n<p>Muita gente pensa que a m\u00e1quina de lavar est\u00e1 velha, fraca ou com defeito, quando na verdade o problema pode ser o uso de <strong>sab\u00e3o muito espesso<\/strong>, que atrapalha sensores internos e faz o ciclo ficar bem mais demorado sem ningu\u00e9m notar.<\/p>\n\n\n\n<h2 class=\"wp-block-heading\">Por que o sab\u00e3o errado faz a m\u00e1quina demorar mais?<\/h2>\n\n\n\n<p>Quando o <strong>detergente l\u00edquido<\/strong> \u00e9 denso e n\u00e3o dilui bem, ele cria espuma demais e dificulta a leitura dos sensores da lavadora. O equipamento entende que a lavagem ainda n\u00e3o terminou, prolongando ciclos para tentar estabilizar o processo corretamente.<\/p>\n\n\n\n<p>Esse excesso de espuma pode formar uma <strong>pel\u00edcula interna<\/strong> em mangueiras e componentes, prejudicando o fluxo da \u00e1gua e exigindo mais enx\u00e1gues. O resultado \u00e9 uma m\u00e1quina trabalhando mais tempo, gastando energia e entregando menos efici\u00eancia.<\/p>\n\n\n\n<figure class=\"wp-block-image size-large\"><img loading=\"lazy\" decoding=\"async\" width=\"1024\" height=\"576\" src=\"https:\/\/www.em.com.br\/emfoco\/wp-content\/uploads\/2025\/12\/Sabao-na-maquina-de-lavar_1764717151316-1024x576.jpg\" alt=\"Esse erro com sab\u00e3o t\u00e1 estragando lavadoras e quase ningu\u00e9m sabe\" class=\"wp-image-134867\" srcset=\"https:\/\/www.em.com.br\/emfoco\/wp-content\/uploads\/2025\/12\/Sabao-na-maquina-de-lavar_1764717151316-1024x576.jpg 1024w, https:\/\/www.em.com.br\/emfoco\/wp-content\/uploads\/2025\/12\/Sabao-na-maquina-de-lavar_1764717151316-300x169.jpg 300w, https:\/\/www.em.com.br\/emfoco\/wp-content\/uploads\/2025\/12\/Sabao-na-maquina-de-lavar_1764717151316-768x432.jpg 768w, https:\/\/www.em.com.br\/emfoco\/wp-content\/uploads\/2025\/12\/Sabao-na-maquina-de-lavar_1764717151316-750x422.jpg 750w, https:\/\/www.em.com.br\/emfoco\/wp-content\/uploads\/2025\/12\/Sabao-na-maquina-de-lavar_1764717151316-1140x641.jpg 1140w, https:\/\/www.em.com.br\/emfoco\/wp-content\/uploads\/2025\/12\/Sabao-na-maquina-de-lavar_1764717151316.jpg 1280w\" sizes=\"auto, (max-width: 1024px) 100vw, 1024px\" \/><figcaption class=\"wp-element-caption\">Sab\u00e3o denso gera espuma excessiva e confunde sensores da lavadora &#8211; Cr\u00e9ditos: depositphotos.com \/ werayuth<\/figcaption><\/figure>\n\n\n\n<h2 class=\"wp-block-heading\">Quais sinais mostram que o sab\u00e3o est\u00e1 atrapalhando?<\/h2>\n\n\n\n<p>Modelos modernos, principalmente <strong>lavadoras frontais<\/strong> e econ\u00f4micas, s\u00e3o muito sens\u00edveis \u00e0 concentra\u00e7\u00e3o de detergente. Se o produto estiver denso demais, o desempenho cai sem aviso. Entre os alertas que voc\u00ea precisa observar est\u00e3o os que aparecem abaixo.<\/p>\n\n\n\n<ul class=\"wp-block-list\">\n<li><strong>Roupas com cheiro estranho<\/strong>: sab\u00e3o n\u00e3o diluiu e ficou impregnado no tecido.<\/li>\n\n\n\n<li><strong>Enx\u00e1gues repetidos<\/strong>: sensores tentam remover espuma que n\u00e3o acaba nunca.<\/li>\n\n\n\n<li><strong>Tempo maior de lavagem<\/strong>: o ciclo se estende e parece que a m\u00e1quina perdeu for\u00e7a.<\/li>\n<\/ul>\n\n\n\n<p><em>Leia mais: <strong><a href=\"https:\/\/www.em.com.br\/emfoco\/2025\/11\/28\/erro-comum-na-maquina-de-lavar-que-gasta-mais-agua-sem-voce-notar\/\" target=\"_blank\" rel=\"noreferrer noopener\">Erro comum na m\u00e1quina de lavar que gasta mais \u00e1gua sem voc\u00ea notar<\/a><\/strong><\/em><\/p>\n\n\n\n<h2 class=\"wp-block-heading\">Por que usar sab\u00e3o concentrado demais piora ainda mais?<\/h2>\n\n\n\n<p>Quando o usu\u00e1rio coloca <strong>produto em excesso<\/strong> ou aplica o sab\u00e3o direto nas roupas, a m\u00e1quina precisa corrigir a espuma por conta pr\u00f3pria. Isso pode fazer pausas, drenagens adicionais ou ciclos mais longos, aumentando o desgaste das pe\u00e7as internas.<\/p>\n\n\n\n<p>O sab\u00e3o caseiro mal dilu\u00eddo tamb\u00e9m traz riscos: sua <strong>formula\u00e7\u00e3o irregular<\/strong> engana sensores de n\u00edvel e espuma, atrasando a transi\u00e7\u00e3o entre etapas e deixando a impress\u00e3o de que a lavadora est\u00e1 com defeito, quando a culpa \u00e9 apenas do produto usado.<\/p>\n\n\n\n<figure class=\"wp-block-image size-large\"><img loading=\"lazy\" decoding=\"async\" width=\"1024\" height=\"576\" src=\"https:\/\/www.em.com.br\/emfoco\/wp-content\/uploads\/2025\/12\/Sabao-na-maquina-de-lavar_1764717215903-1024x576.jpg\" alt=\"Esse erro com sab\u00e3o t\u00e1 estragando lavadoras e quase ningu\u00e9m sabe\" class=\"wp-image-134868\" srcset=\"https:\/\/www.em.com.br\/emfoco\/wp-content\/uploads\/2025\/12\/Sabao-na-maquina-de-lavar_1764717215903-1024x576.jpg 1024w, https:\/\/www.em.com.br\/emfoco\/wp-content\/uploads\/2025\/12\/Sabao-na-maquina-de-lavar_1764717215903-300x169.jpg 300w, https:\/\/www.em.com.br\/emfoco\/wp-content\/uploads\/2025\/12\/Sabao-na-maquina-de-lavar_1764717215903-768x432.jpg 768w, https:\/\/www.em.com.br\/emfoco\/wp-content\/uploads\/2025\/12\/Sabao-na-maquina-de-lavar_1764717215903-750x422.jpg 750w, https:\/\/www.em.com.br\/emfoco\/wp-content\/uploads\/2025\/12\/Sabao-na-maquina-de-lavar_1764717215903-1140x641.jpg 1140w, https:\/\/www.em.com.br\/emfoco\/wp-content\/uploads\/2025\/12\/Sabao-na-maquina-de-lavar_1764717215903.jpg 1280w\" sizes=\"auto, (max-width: 1024px) 100vw, 1024px\" \/><figcaption class=\"wp-element-caption\">Excesso de sab\u00e3o gera drenagens extras e desgaste interno maior &#8211; Cr\u00e9ditos: depositphotos.com \/ tab62<\/figcaption><\/figure>\n\n\n\n<h2 class=\"wp-block-heading\">O que fazer para evitar ciclos mais lentos na sua lavadora?<\/h2>\n\n\n\n<p>N\u00e3o \u00e9 preciso trocar a m\u00e1quina: basta escolher <strong>sab\u00e3o de boa dilui\u00e7\u00e3o<\/strong> e usar a medida correta para evitar espuma excessiva. Entre as melhores atitudes est\u00e3o as recomenda\u00e7\u00f5es essenciais a seguir.<\/p>\n\n\n\n<ul class=\"wp-block-list\">\n<li><strong>Prefira detergentes mais finos<\/strong>: diluem r\u00e1pido e n\u00e3o enganam os sensores.<\/li>\n\n\n\n<li><strong>Dissolva antes em \u00e1gua<\/strong>: se o sab\u00e3o for denso, misture para n\u00e3o formar pel\u00edcula.<\/li>\n\n\n\n<li><strong>Evite exageros na dosagem<\/strong>: mais sab\u00e3o n\u00e3o significa roupa mais limpa.<\/li>\n<\/ul>\n","protected":false},"excerpt":{"rendered":"<p>Muita gente pensa que a m\u00e1quina de lavar est\u00e1 velha, fraca ou com defeito, quando na verdade o problema pode ser o uso de sab\u00e3o muito espesso, que atrapalha sensores internos e faz o ciclo ficar bem mais demorado sem ningu\u00e9m notar. Por que o sab\u00e3o errado faz a m\u00e1quina demorar mais? Quando o detergente [&hellip;]<\/p>\n","protected":false},"author":13,"featured_media":134865,"comment_status":"open","ping_status":"open","sticky":false,"template":"","format":"standard","meta":{"jnews-multi-image_gallery":[],"jnews_single_post":{"format":"standard"},"jnews_primary_category":[],"jnews_social_meta":[],"jnews_override_counter":[],"footnotes":""},"categories":[8819],"tags":[19661,18511,19660],"class_list":["post-134855","post","type-post","status-publish","format-standard","has-post-thumbnail","hentry","category-curiosidades","tag-cuidados-com-a-maquina-de-lavar","tag-maquina-de-lavar-roupa","tag-sabao-liquido"],"yoast_head":"<!-- This site is optimized with the Yoast SEO plugin v23.8 - https:\/\/yoast.com\/wordpress\/plugins\/seo\/ -->\n<title>Esse erro com sab\u00e3o t\u00e1 estragando lavadoras e quase ningu\u00e9m sabe - Estado de Minas - Em foco<\/title>\n<meta name=\"description\" content=\"Roupas com cheiro estranho e lavagem demorada podem ser culpa do sab\u00e3o. Aprenda como usar o produto certo e evitar preju\u00edzos.\" \/>\n<meta name=\"robots\" content=\"index, follow, max-snippet:-1, max-image-preview:large, max-video-preview:-1\" \/>\n<link rel=\"canonical\" href=\"https:\/\/www.em.com.br\/emfoco\/2025\/12\/04\/esse-erro-com-sabao-ta-estragando-lavadoras-e-quase-ninguem-sabe\/\" \/>\n<meta property=\"og:locale\" content=\"pt_BR\" \/>\n<meta property=\"og:type\" content=\"article\" \/>\n<meta property=\"og:title\" content=\"Esse erro com sab\u00e3o t\u00e1 estragando lavadoras e quase ningu\u00e9m sabe - Estado de Minas - Em foco\" \/>\n<meta property=\"og:description\" content=\"Roupas com cheiro estranho e lavagem demorada podem ser culpa do sab\u00e3o. Aprenda como usar o produto certo e evitar preju\u00edzos.\" \/>\n<meta property=\"og:url\" content=\"https:\/\/www.em.com.br\/emfoco\/2025\/12\/04\/esse-erro-com-sabao-ta-estragando-lavadoras-e-quase-ninguem-sabe\/\" \/>\n<meta property=\"og:site_name\" content=\"Estado de Minas - Em foco\" \/>\n<meta property=\"article:published_time\" content=\"2025-12-05T00:45:00+00:00\" \/>\n<meta property=\"article:modified_time\" content=\"2025-12-02T23:14:13+00:00\" \/>\n<meta property=\"og:image\" content=\"https:\/\/www.em.com.br\/emfoco\/wp-content\/uploads\/2025\/12\/Maquina-de-lavar-com-problema_1764717074087.jpg\" \/>\n\t<meta property=\"og:image:width\" content=\"1280\" \/>\n\t<meta property=\"og:image:height\" content=\"720\" \/>\n\t<meta property=\"og:image:type\" content=\"image\/jpeg\" \/>\n<meta name=\"author\" content=\"Gabriel Martins\" \/>\n<meta name=\"twitter:card\" content=\"summary_large_image\" \/>\n<meta name=\"twitter:label1\" content=\"Escrito por\" \/>\n\t<meta name=\"twitter:data1\" content=\"Gabriel Martins\" \/>\n\t<meta name=\"twitter:label2\" content=\"Est. tempo de leitura\" \/>\n\t<meta name=\"twitter:data2\" content=\"3 minutos\" \/>\n<!-- \/ Yoast SEO plugin. -->","yoast_head_json":{"title":"Esse erro com sab\u00e3o t\u00e1 estragando lavadoras e quase ningu\u00e9m sabe - Estado de Minas - Em foco","description":"Roupas com cheiro estranho e lavagem demorada podem ser culpa do sab\u00e3o. Aprenda como usar o produto certo e evitar preju\u00edzos.","robots":{"index":"index","follow":"follow","max-snippet":"max-snippet:-1","max-image-preview":"max-image-preview:large","max-video-preview":"max-video-preview:-1"},"canonical":"https:\/\/www.em.com.br\/emfoco\/2025\/12\/04\/esse-erro-com-sabao-ta-estragando-lavadoras-e-quase-ninguem-sabe\/","og_locale":"pt_BR","og_type":"article","og_title":"Esse erro com sab\u00e3o t\u00e1 estragando lavadoras e quase ningu\u00e9m sabe - Estado de Minas - Em foco","og_description":"Roupas com cheiro estranho e lavagem demorada podem ser culpa do sab\u00e3o. Aprenda como usar o produto certo e evitar preju\u00edzos.","og_url":"https:\/\/www.em.com.br\/emfoco\/2025\/12\/04\/esse-erro-com-sabao-ta-estragando-lavadoras-e-quase-ninguem-sabe\/","og_site_name":"Estado de Minas - Em foco","article_published_time":"2025-12-05T00:45:00+00:00","article_modified_time":"2025-12-02T23:14:13+00:00","og_image":[{"width":1280,"height":720,"url":"https:\/\/www.em.com.br\/emfoco\/wp-content\/uploads\/2025\/12\/Maquina-de-lavar-com-problema_1764717074087.jpg","type":"image\/jpeg"}],"author":"Gabriel Martins","twitter_card":"summary_large_image","twitter_misc":{"Escrito por":"Gabriel Martins","Est. tempo de leitura":"3 minutos"},"schema":{"@context":"https:\/\/schema.org","@graph":[{"@type":"WebPage","@id":"https:\/\/www.em.com.br\/emfoco\/2025\/12\/04\/esse-erro-com-sabao-ta-estragando-lavadoras-e-quase-ninguem-sabe\/","url":"https:\/\/www.em.com.br\/emfoco\/2025\/12\/04\/esse-erro-com-sabao-ta-estragando-lavadoras-e-quase-ninguem-sabe\/","name":"Esse erro com sab\u00e3o t\u00e1 estragando lavadoras e quase ningu\u00e9m sabe - Estado de Minas - Em foco","isPartOf":{"@id":"https:\/\/www.em.com.br\/emfoco\/#website"},"primaryImageOfPage":{"@id":"https:\/\/www.em.com.br\/emfoco\/2025\/12\/04\/esse-erro-com-sabao-ta-estragando-lavadoras-e-quase-ninguem-sabe\/#primaryimage"},"image":{"@id":"https:\/\/www.em.com.br\/emfoco\/2025\/12\/04\/esse-erro-com-sabao-ta-estragando-lavadoras-e-quase-ninguem-sabe\/#primaryimage"},"thumbnailUrl":"https:\/\/www.em.com.br\/emfoco\/wp-content\/uploads\/2025\/12\/Maquina-de-lavar-com-problema_1764717074087.jpg","datePublished":"2025-12-05T00:45:00+00:00","dateModified":"2025-12-02T23:14:13+00:00","author":{"@id":"https:\/\/www.em.com.br\/emfoco\/#\/schema\/person\/1c9ddeab18b98abeffef834667bcf08a"},"description":"Roupas com cheiro estranho e lavagem demorada podem ser culpa do sab\u00e3o. Aprenda como usar o produto certo e evitar preju\u00edzos.","breadcrumb":{"@id":"https:\/\/www.em.com.br\/emfoco\/2025\/12\/04\/esse-erro-com-sabao-ta-estragando-lavadoras-e-quase-ninguem-sabe\/#breadcrumb"},"inLanguage":"pt-BR","potentialAction":[{"@type":"ReadAction","target":["https:\/\/www.em.com.br\/emfoco\/2025\/12\/04\/esse-erro-com-sabao-ta-estragando-lavadoras-e-quase-ninguem-sabe\/"]}]},{"@type":"ImageObject","inLanguage":"pt-BR","@id":"https:\/\/www.em.com.br\/emfoco\/2025\/12\/04\/esse-erro-com-sabao-ta-estragando-lavadoras-e-quase-ninguem-sabe\/#primaryimage","url":"https:\/\/www.em.com.br\/emfoco\/wp-content\/uploads\/2025\/12\/Maquina-de-lavar-com-problema_1764717074087.jpg","contentUrl":"https:\/\/www.em.com.br\/emfoco\/wp-content\/uploads\/2025\/12\/Maquina-de-lavar-com-problema_1764717074087.jpg","width":1280,"height":720,"caption":"Sab\u00e3o muito espesso pode deixar a m\u00e1quina lenta sem defeito real - Cr\u00e9ditos: depositphotos.com \/ Krakenimages.com"},{"@type":"BreadcrumbList","@id":"https:\/\/www.em.com.br\/emfoco\/2025\/12\/04\/esse-erro-com-sabao-ta-estragando-lavadoras-e-quase-ninguem-sabe\/#breadcrumb","itemListElement":[{"@type":"ListItem","position":1,"name":"In\u00edcio","item":"https:\/\/www.em.com.br\/emfoco\/"},{"@type":"ListItem","position":2,"name":"Esse erro com sab\u00e3o t\u00e1 estragando lavadoras e quase ningu\u00e9m sabe"}]},{"@type":"WebSite","@id":"https:\/\/www.em.com.br\/emfoco\/#website","url":"https:\/\/www.em.com.br\/emfoco\/","name":"Estado de Minas - Em foco","description":"Acompanhe as \u00faltimas not\u00edcias e fique bem informado sobre tudo o que acontece em Minas Gerais, Brasil e no mundo.","potentialAction":[{"@type":"SearchAction","target":{"@type":"EntryPoint","urlTemplate":"https:\/\/www.em.com.br\/emfoco\/?s={search_term_string}"},"query-input":{"@type":"PropertyValueSpecification","valueRequired":true,"valueName":"search_term_string"}}],"inLanguage":"pt-BR"},{"@type":"Person","@id":"https:\/\/www.em.com.br\/emfoco\/#\/schema\/person\/1c9ddeab18b98abeffef834667bcf08a","name":"Gabriel Martins","image":{"@type":"ImageObject","inLanguage":"pt-BR","@id":"https:\/\/www.em.com.br\/emfoco\/#\/schema\/person\/image\/","url":"https:\/\/secure.gravatar.com\/avatar\/f0f1e2efdfd88f1ad2cb08c5c2731e50?s=96&d=mm&r=g","contentUrl":"https:\/\/secure.gravatar.com\/avatar\/f0f1e2efdfd88f1ad2cb08c5c2731e50?s=96&d=mm&r=g","caption":"Gabriel Martins"},"sameAs":["https:\/\/www.em.com.br\/emfoco\/"],"url":"https:\/\/www.em.com.br\/emfoco\/author\/gabrielmartinsmyth\/"}]}},"_links":{"self":[{"href":"https:\/\/www.em.com.br\/emfoco\/wp-json\/wp\/v2\/posts\/134855","targetHints":{"allow":["GET"]}}],"collection":[{"href":"https:\/\/www.em.com.br\/emfoco\/wp-json\/wp\/v2\/posts"}],"about":[{"href":"https:\/\/www.em.com.br\/emfoco\/wp-json\/wp\/v2\/types\/post"}],"author":[{"embeddable":true,"href":"https:\/\/www.em.com.br\/emfoco\/wp-json\/wp\/v2\/users\/13"}],"replies":[{"embeddable":true,"href":"https:\/\/www.em.com.br\/emfoco\/wp-json\/wp\/v2\/comments?post=134855"}],"version-history":[{"count":1,"href":"https:\/\/www.em.com.br\/emfoco\/wp-json\/wp\/v2\/posts\/134855\/revisions"}],"predecessor-version":[{"id":134869,"href":"https:\/\/www.em.com.br\/emfoco\/wp-json\/wp\/v2\/posts\/134855\/revisions\/134869"}],"wp:featuredmedia":[{"embeddable":true,"href":"https:\/\/www.em.com.br\/emfoco\/wp-json\/wp\/v2\/media\/134865"}],"wp:attachment":[{"href":"https:\/\/www.em.com.br\/emfoco\/wp-json\/wp\/v2\/media?parent=134855"}],"wp:term":[{"taxonomy":"category","embeddable":true,"href":"https:\/\/www.em.com.br\/emfoco\/wp-json\/wp\/v2\/categories?post=134855"},{"taxonomy":"post_tag","embeddable":true,"href":"https:\/\/www.em.com.br\/emfoco\/wp-json\/wp\/v2\/tags?post=134855"}],"curies":[{"name":"wp","href":"https:\/\/api.w.org\/{rel}","templated":true}]}}