{"id":134809,"date":"2025-12-04T20:25:00","date_gmt":"2025-12-04T23:25:00","guid":{"rendered":"https:\/\/www.em.com.br\/emfoco\/?p=134809"},"modified":"2025-12-02T19:56:50","modified_gmt":"2025-12-02T22:56:50","slug":"tres-chas-que-aliviam-o-nariz-entupido-e-melhoram-a-respiracao-rapido","status":"publish","type":"post","link":"https:\/\/www.em.com.br\/emfoco\/2025\/12\/04\/tres-chas-que-aliviam-o-nariz-entupido-e-melhoram-a-respiracao-rapido\/","title":{"rendered":"Tr\u00eas ch\u00e1s que aliviam o nariz entupido e melhoram a respira\u00e7\u00e3o r\u00e1pido"},"content":{"rendered":"\n<p>Respirar melhor pode ser simples quando usamos um <strong>ch\u00e1 quente com a\u00e7\u00e3o descongestionante<\/strong>, capaz de aliviar inc\u00f4modos sem depender apenas de rem\u00e9dios. Op\u00e7\u00f5es acess\u00edveis ajudam a abrir as vias respirat\u00f3rias e trazem conforto imediato.<\/p>\n\n\n\n<h2 class=\"wp-block-heading\">Por que alguns ch\u00e1s ajudam tanto no al\u00edvio respirat\u00f3rio?<\/h2>\n\n\n\n<p>Esses ch\u00e1s combinam <strong><a href=\"https:\/\/www.tuasaude.com\/anti-inflamatorio-natural\/\" target=\"_blank\" rel=\"noreferrer noopener\">propriedades anti-inflamat\u00f3rias<\/a><\/strong>, expectorantes e descongestionantes que reduzem irrita\u00e7\u00f5es nas vias a\u00e9reas. Eles atuam suavizando o muco, abrindo o nariz e acalmando a garganta quando o ar seco ou mudan\u00e7as clim\u00e1ticas pioram a respira\u00e7\u00e3o.<\/p>\n\n\n\n<p>Quando consumidos quentes, favorecem o vapor e melhoram a passagem de ar, criando sensa\u00e7\u00e3o de al\u00edvio r\u00e1pido. A temperatura ajuda a fluidificar secre\u00e7\u00f5es e potencializa o efeito de ingredientes como <strong>mentol<\/strong> e compostos arom\u00e1ticos naturais.<\/p>\n\n\n\n<figure class=\"wp-block-image size-large\"><img loading=\"lazy\" decoding=\"async\" width=\"1024\" height=\"576\" src=\"https:\/\/www.em.com.br\/emfoco\/wp-content\/uploads\/2025\/12\/Cha-de-gengibre_1764716141716-1024x576.jpg\" alt=\"Tr\u00eas ch\u00e1s que aliviam o nariz entupido e melhoram a respira\u00e7\u00e3o r\u00e1pido\" class=\"wp-image-134847\" srcset=\"https:\/\/www.em.com.br\/emfoco\/wp-content\/uploads\/2025\/12\/Cha-de-gengibre_1764716141716-1024x576.jpg 1024w, https:\/\/www.em.com.br\/emfoco\/wp-content\/uploads\/2025\/12\/Cha-de-gengibre_1764716141716-300x169.jpg 300w, https:\/\/www.em.com.br\/emfoco\/wp-content\/uploads\/2025\/12\/Cha-de-gengibre_1764716141716-768x432.jpg 768w, https:\/\/www.em.com.br\/emfoco\/wp-content\/uploads\/2025\/12\/Cha-de-gengibre_1764716141716-750x422.jpg 750w, https:\/\/www.em.com.br\/emfoco\/wp-content\/uploads\/2025\/12\/Cha-de-gengibre_1764716141716-1140x641.jpg 1140w, https:\/\/www.em.com.br\/emfoco\/wp-content\/uploads\/2025\/12\/Cha-de-gengibre_1764716141716.jpg 1280w\" sizes=\"auto, (max-width: 1024px) 100vw, 1024px\" \/><figcaption class=\"wp-element-caption\">Propriedades anti-inflamat\u00f3rias e arom\u00e1ticas aliviam irrita\u00e7\u00f5es e abrem as vias &#8211; Cr\u00e9ditos: depositphotos.com \/ aboikis<\/figcaption><\/figure>\n\n\n\n<h2 class=\"wp-block-heading\">Quais ch\u00e1s oferecem os benef\u00edcios mais r\u00e1pidos para respirar melhor?<\/h2>\n\n\n\n<p>Alguns ingredientes se destacam pela a\u00e7\u00e3o direta sobre a respira\u00e7\u00e3o, oferecendo efeitos r\u00e1pidos e agrad\u00e1veis. Eles podem ser feitos por infus\u00e3o simples, e cada op\u00e7\u00e3o atua de maneira distinta, como mostram os itens a seguir.<\/p>\n\n\n\n<ul class=\"wp-block-list\">\n<li>O <strong>gengibre<\/strong> aquece e melhora a circula\u00e7\u00e3o, facilitando o fluxo de ar.<\/li>\n\n\n\n<li>A hortel\u00e3, rica em <strong>mentol<\/strong>, ajuda a abrir o nariz de forma natural.<\/li>\n\n\n\n<li>O <strong>eucalipto <\/strong>oferece a\u00e7\u00e3o descongestionante que alivia press\u00e3o no peito.<\/li>\n<\/ul>\n\n\n\n<p><em>Leia mais: <strong><a href=\"https:\/\/www.em.com.br\/emfoco\/2025\/12\/02\/pare-de-comprar-folhas-murchas-e-tenha-sua-propria-horta-de-rucula-em-casa\/\" target=\"_blank\" rel=\"noreferrer noopener\">Pare de comprar folhas murchas e tenha sua pr\u00f3pria horta de r\u00facula em casa<\/a><\/strong><\/em><\/p>\n\n\n\n<h2 class=\"wp-block-heading\">Como o preparo adequado potencializa os efeitos desses ch\u00e1s?<\/h2>\n\n\n\n<p>Preparar por infus\u00e3o garante que compostos arom\u00e1ticos e propriedades <strong>fitoter\u00e1picas<\/strong> sejam liberados completamente, intensificando os benef\u00edcios respirat\u00f3rios. O consumo quente amplia o efeito do vapor, ajudando a abrir as vias a\u00e9reas com mais efici\u00eancia.<\/p>\n\n\n\n<p>Adicionar mel pode refor\u00e7ar o efeito calmante e suavizar irrita\u00e7\u00f5es, desde que n\u00e3o haja alergias. Mesmo sendo \u00fateis no dia a dia, esses ch\u00e1s n\u00e3o substituem cuidados m\u00e9dicos em quadros de <strong>falta de ar persistente<\/strong> ou febre alta.<\/p>\n\n\n\n<figure class=\"wp-block-image size-large\"><img loading=\"lazy\" decoding=\"async\" width=\"1024\" height=\"576\" src=\"https:\/\/www.em.com.br\/emfoco\/wp-content\/uploads\/2025\/12\/Cha-de-eucalipto_1764716172236-1024x576.jpg\" alt=\"Tr\u00eas ch\u00e1s que aliviam o nariz entupido e melhoram a respira\u00e7\u00e3o r\u00e1pido\" class=\"wp-image-134848\" srcset=\"https:\/\/www.em.com.br\/emfoco\/wp-content\/uploads\/2025\/12\/Cha-de-eucalipto_1764716172236-1024x576.jpg 1024w, https:\/\/www.em.com.br\/emfoco\/wp-content\/uploads\/2025\/12\/Cha-de-eucalipto_1764716172236-300x169.jpg 300w, https:\/\/www.em.com.br\/emfoco\/wp-content\/uploads\/2025\/12\/Cha-de-eucalipto_1764716172236-768x432.jpg 768w, https:\/\/www.em.com.br\/emfoco\/wp-content\/uploads\/2025\/12\/Cha-de-eucalipto_1764716172236-750x422.jpg 750w, https:\/\/www.em.com.br\/emfoco\/wp-content\/uploads\/2025\/12\/Cha-de-eucalipto_1764716172236-1140x641.jpg 1140w, https:\/\/www.em.com.br\/emfoco\/wp-content\/uploads\/2025\/12\/Cha-de-eucalipto_1764716172236.jpg 1280w\" sizes=\"auto, (max-width: 1024px) 100vw, 1024px\" \/><figcaption class=\"wp-element-caption\">A infus\u00e3o quente libera compostos \u00fateis e intensifica o al\u00edvio respirat\u00f3rio &#8211; Cr\u00e9ditos: depositphotos.com \/ ildi_papp<\/figcaption><\/figure>\n\n\n\n<h2 class=\"wp-block-heading\">Quais cuidados tornam o uso desses ch\u00e1s ainda mais eficiente?<\/h2>\n\n\n\n<p>Adotar algumas pr\u00e1ticas simples ajuda a intensificar o conforto respirat\u00f3rio e tornar o uso desses ch\u00e1s mais seguro e eficaz. Entre os pontos importantes para aproveitar plenamente os benef\u00edcios est\u00e3o os que aparecem a seguir.<\/p>\n\n\n\n<ul class=\"wp-block-list\">\n<li>Consumir o ch\u00e1 logo ap\u00f3s o preparo para aproveitar o <strong>vapor quente<\/strong>.<\/li>\n\n\n\n<li>Preferir infus\u00e3o com tampa para preservar compostos arom\u00e1ticos \u00fateis.<\/li>\n\n\n\n<li>Aumentar a hidrata\u00e7\u00e3o geral para ajudar o corpo a <strong>fluidificar o muco<\/strong>.<\/li>\n<\/ul>\n\n\n\n<p>O al\u00edvio respirat\u00f3rio pode nascer de um ritual t\u00e3o simples quanto segurar uma x\u00edcara quente nas m\u00e3os. Cuidar da respira\u00e7\u00e3o \u00e9 tamb\u00e9m cuidar do corpo, renovando o f\u00f4lego em uma pausa calma que devolve o bem-estar que a rotina costuma roubar.<\/p>\n","protected":false},"excerpt":{"rendered":"<p>Respirar melhor pode ser simples quando usamos um ch\u00e1 quente com a\u00e7\u00e3o descongestionante, capaz de aliviar inc\u00f4modos sem depender apenas de rem\u00e9dios. Op\u00e7\u00f5es acess\u00edveis ajudam a abrir as vias respirat\u00f3rias e trazem conforto imediato. Por que alguns ch\u00e1s ajudam tanto no al\u00edvio respirat\u00f3rio? Esses ch\u00e1s combinam propriedades anti-inflamat\u00f3rias, expectorantes e descongestionantes que reduzem irrita\u00e7\u00f5es nas [&hellip;]<\/p>\n","protected":false},"author":13,"featured_media":134846,"comment_status":"open","ping_status":"open","sticky":false,"template":"","format":"standard","meta":{"jnews-multi-image_gallery":[],"jnews_single_post":{"format":"standard"},"jnews_primary_category":[],"jnews_social_meta":[],"jnews_override_counter":[],"footnotes":""},"categories":[9053],"tags":[16518,8006,19655],"class_list":["post-134809","post","type-post","status-publish","format-standard","has-post-thumbnail","hentry","category-saude","tag-chas-saudaveis","tag-ervas-naturais","tag-respirar-melhor"],"yoast_head":"<!-- This site is optimized with the Yoast SEO plugin v23.8 - https:\/\/yoast.com\/wordpress\/plugins\/seo\/ -->\n<title>Tr\u00eas ch\u00e1s que aliviam o nariz entupido e melhoram a respira\u00e7\u00e3o r\u00e1pido - Estado de Minas - Em foco<\/title>\n<meta name=\"description\" content=\"Um ch\u00e1 quente pode aliviar nariz entupido e garganta irritada em minutos. Veja quais ingredientes oferecem conforto natural e r\u00e1pido.\" \/>\n<meta name=\"robots\" content=\"index, follow, max-snippet:-1, max-image-preview:large, max-video-preview:-1\" \/>\n<link rel=\"canonical\" href=\"https:\/\/www.em.com.br\/emfoco\/2025\/12\/04\/tres-chas-que-aliviam-o-nariz-entupido-e-melhoram-a-respiracao-rapido\/\" \/>\n<meta property=\"og:locale\" content=\"pt_BR\" \/>\n<meta property=\"og:type\" content=\"article\" \/>\n<meta property=\"og:title\" content=\"Tr\u00eas ch\u00e1s que aliviam o nariz entupido e melhoram a respira\u00e7\u00e3o r\u00e1pido - Estado de Minas - Em foco\" \/>\n<meta property=\"og:description\" content=\"Um ch\u00e1 quente pode aliviar nariz entupido e garganta irritada em minutos. Veja quais ingredientes oferecem conforto natural e r\u00e1pido.\" \/>\n<meta property=\"og:url\" content=\"https:\/\/www.em.com.br\/emfoco\/2025\/12\/04\/tres-chas-que-aliviam-o-nariz-entupido-e-melhoram-a-respiracao-rapido\/\" \/>\n<meta property=\"og:site_name\" content=\"Estado de Minas - Em foco\" \/>\n<meta property=\"article:published_time\" content=\"2025-12-04T23:25:00+00:00\" \/>\n<meta property=\"article:modified_time\" content=\"2025-12-02T22:56:50+00:00\" \/>\n<meta property=\"og:image\" content=\"https:\/\/www.em.com.br\/emfoco\/wp-content\/uploads\/2025\/12\/IA-IMG-25.jpg\" \/>\n\t<meta property=\"og:image:width\" content=\"1280\" \/>\n\t<meta property=\"og:image:height\" content=\"720\" \/>\n\t<meta property=\"og:image:type\" content=\"image\/jpeg\" \/>\n<meta name=\"author\" content=\"Gabriel Martins\" \/>\n<meta name=\"twitter:card\" content=\"summary_large_image\" \/>\n<meta name=\"twitter:label1\" content=\"Escrito por\" \/>\n\t<meta name=\"twitter:data1\" content=\"Gabriel Martins\" \/>\n\t<meta name=\"twitter:label2\" content=\"Est. tempo de leitura\" \/>\n\t<meta name=\"twitter:data2\" content=\"4 minutos\" \/>\n<!-- \/ Yoast SEO plugin. -->","yoast_head_json":{"title":"Tr\u00eas ch\u00e1s que aliviam o nariz entupido e melhoram a respira\u00e7\u00e3o r\u00e1pido - Estado de Minas - Em foco","description":"Um ch\u00e1 quente pode aliviar nariz entupido e garganta irritada em minutos. Veja quais ingredientes oferecem conforto natural e r\u00e1pido.","robots":{"index":"index","follow":"follow","max-snippet":"max-snippet:-1","max-image-preview":"max-image-preview:large","max-video-preview":"max-video-preview:-1"},"canonical":"https:\/\/www.em.com.br\/emfoco\/2025\/12\/04\/tres-chas-que-aliviam-o-nariz-entupido-e-melhoram-a-respiracao-rapido\/","og_locale":"pt_BR","og_type":"article","og_title":"Tr\u00eas ch\u00e1s que aliviam o nariz entupido e melhoram a respira\u00e7\u00e3o r\u00e1pido - Estado de Minas - Em foco","og_description":"Um ch\u00e1 quente pode aliviar nariz entupido e garganta irritada em minutos. Veja quais ingredientes oferecem conforto natural e r\u00e1pido.","og_url":"https:\/\/www.em.com.br\/emfoco\/2025\/12\/04\/tres-chas-que-aliviam-o-nariz-entupido-e-melhoram-a-respiracao-rapido\/","og_site_name":"Estado de Minas - Em foco","article_published_time":"2025-12-04T23:25:00+00:00","article_modified_time":"2025-12-02T22:56:50+00:00","og_image":[{"width":1280,"height":720,"url":"https:\/\/www.em.com.br\/emfoco\/wp-content\/uploads\/2025\/12\/IA-IMG-25.jpg","type":"image\/jpeg"}],"author":"Gabriel Martins","twitter_card":"summary_large_image","twitter_misc":{"Escrito por":"Gabriel Martins","Est. tempo de leitura":"4 minutos"},"schema":{"@context":"https:\/\/schema.org","@graph":[{"@type":"WebPage","@id":"https:\/\/www.em.com.br\/emfoco\/2025\/12\/04\/tres-chas-que-aliviam-o-nariz-entupido-e-melhoram-a-respiracao-rapido\/","url":"https:\/\/www.em.com.br\/emfoco\/2025\/12\/04\/tres-chas-que-aliviam-o-nariz-entupido-e-melhoram-a-respiracao-rapido\/","name":"Tr\u00eas ch\u00e1s que aliviam o nariz entupido e melhoram a respira\u00e7\u00e3o r\u00e1pido - Estado de Minas - Em foco","isPartOf":{"@id":"https:\/\/www.em.com.br\/emfoco\/#website"},"primaryImageOfPage":{"@id":"https:\/\/www.em.com.br\/emfoco\/2025\/12\/04\/tres-chas-que-aliviam-o-nariz-entupido-e-melhoram-a-respiracao-rapido\/#primaryimage"},"image":{"@id":"https:\/\/www.em.com.br\/emfoco\/2025\/12\/04\/tres-chas-que-aliviam-o-nariz-entupido-e-melhoram-a-respiracao-rapido\/#primaryimage"},"thumbnailUrl":"https:\/\/www.em.com.br\/emfoco\/wp-content\/uploads\/2025\/12\/IA-IMG-25.jpg","datePublished":"2025-12-04T23:25:00+00:00","dateModified":"2025-12-02T22:56:50+00:00","author":{"@id":"https:\/\/www.em.com.br\/emfoco\/#\/schema\/person\/1c9ddeab18b98abeffef834667bcf08a"},"description":"Um ch\u00e1 quente pode aliviar nariz entupido e garganta irritada em minutos. Veja quais ingredientes oferecem conforto natural e r\u00e1pido.","breadcrumb":{"@id":"https:\/\/www.em.com.br\/emfoco\/2025\/12\/04\/tres-chas-que-aliviam-o-nariz-entupido-e-melhoram-a-respiracao-rapido\/#breadcrumb"},"inLanguage":"pt-BR","potentialAction":[{"@type":"ReadAction","target":["https:\/\/www.em.com.br\/emfoco\/2025\/12\/04\/tres-chas-que-aliviam-o-nariz-entupido-e-melhoram-a-respiracao-rapido\/"]}]},{"@type":"ImageObject","inLanguage":"pt-BR","@id":"https:\/\/www.em.com.br\/emfoco\/2025\/12\/04\/tres-chas-que-aliviam-o-nariz-entupido-e-melhoram-a-respiracao-rapido\/#primaryimage","url":"https:\/\/www.em.com.br\/emfoco\/wp-content\/uploads\/2025\/12\/IA-IMG-25.jpg","contentUrl":"https:\/\/www.em.com.br\/emfoco\/wp-content\/uploads\/2025\/12\/IA-IMG-25.jpg","width":1280,"height":720,"caption":"Ch\u00e1s quentes descongestionantes oferecem al\u00edvio r\u00e1pido e natural para respirar melhor"},{"@type":"BreadcrumbList","@id":"https:\/\/www.em.com.br\/emfoco\/2025\/12\/04\/tres-chas-que-aliviam-o-nariz-entupido-e-melhoram-a-respiracao-rapido\/#breadcrumb","itemListElement":[{"@type":"ListItem","position":1,"name":"In\u00edcio","item":"https:\/\/www.em.com.br\/emfoco\/"},{"@type":"ListItem","position":2,"name":"Tr\u00eas ch\u00e1s que aliviam o nariz entupido e melhoram a respira\u00e7\u00e3o r\u00e1pido"}]},{"@type":"WebSite","@id":"https:\/\/www.em.com.br\/emfoco\/#website","url":"https:\/\/www.em.com.br\/emfoco\/","name":"Estado de Minas - Em foco","description":"Acompanhe as \u00faltimas not\u00edcias e fique bem informado sobre tudo o que acontece em Minas Gerais, Brasil e no mundo.","potentialAction":[{"@type":"SearchAction","target":{"@type":"EntryPoint","urlTemplate":"https:\/\/www.em.com.br\/emfoco\/?s={search_term_string}"},"query-input":{"@type":"PropertyValueSpecification","valueRequired":true,"valueName":"search_term_string"}}],"inLanguage":"pt-BR"},{"@type":"Person","@id":"https:\/\/www.em.com.br\/emfoco\/#\/schema\/person\/1c9ddeab18b98abeffef834667bcf08a","name":"Gabriel Martins","image":{"@type":"ImageObject","inLanguage":"pt-BR","@id":"https:\/\/www.em.com.br\/emfoco\/#\/schema\/person\/image\/","url":"https:\/\/secure.gravatar.com\/avatar\/f0f1e2efdfd88f1ad2cb08c5c2731e50?s=96&d=mm&r=g","contentUrl":"https:\/\/secure.gravatar.com\/avatar\/f0f1e2efdfd88f1ad2cb08c5c2731e50?s=96&d=mm&r=g","caption":"Gabriel Martins"},"sameAs":["https:\/\/www.em.com.br\/emfoco\/"],"url":"https:\/\/www.em.com.br\/emfoco\/author\/gabrielmartinsmyth\/"}]}},"_links":{"self":[{"href":"https:\/\/www.em.com.br\/emfoco\/wp-json\/wp\/v2\/posts\/134809","targetHints":{"allow":["GET"]}}],"collection":[{"href":"https:\/\/www.em.com.br\/emfoco\/wp-json\/wp\/v2\/posts"}],"about":[{"href":"https:\/\/www.em.com.br\/emfoco\/wp-json\/wp\/v2\/types\/post"}],"author":[{"embeddable":true,"href":"https:\/\/www.em.com.br\/emfoco\/wp-json\/wp\/v2\/users\/13"}],"replies":[{"embeddable":true,"href":"https:\/\/www.em.com.br\/emfoco\/wp-json\/wp\/v2\/comments?post=134809"}],"version-history":[{"count":1,"href":"https:\/\/www.em.com.br\/emfoco\/wp-json\/wp\/v2\/posts\/134809\/revisions"}],"predecessor-version":[{"id":134849,"href":"https:\/\/www.em.com.br\/emfoco\/wp-json\/wp\/v2\/posts\/134809\/revisions\/134849"}],"wp:featuredmedia":[{"embeddable":true,"href":"https:\/\/www.em.com.br\/emfoco\/wp-json\/wp\/v2\/media\/134846"}],"wp:attachment":[{"href":"https:\/\/www.em.com.br\/emfoco\/wp-json\/wp\/v2\/media?parent=134809"}],"wp:term":[{"taxonomy":"category","embeddable":true,"href":"https:\/\/www.em.com.br\/emfoco\/wp-json\/wp\/v2\/categories?post=134809"},{"taxonomy":"post_tag","embeddable":true,"href":"https:\/\/www.em.com.br\/emfoco\/wp-json\/wp\/v2\/tags?post=134809"}],"curies":[{"name":"wp","href":"https:\/\/api.w.org\/{rel}","templated":true}]}}