{"id":134807,"date":"2025-12-04T19:35:00","date_gmt":"2025-12-04T22:35:00","guid":{"rendered":"https:\/\/www.em.com.br\/emfoco\/?p=134807"},"modified":"2025-12-02T19:49:20","modified_gmt":"2025-12-02T22:49:20","slug":"esse-eletrodomestico-esta-gastando-energia-todo-dia-mesmo-sem-uso","status":"publish","type":"post","link":"https:\/\/www.em.com.br\/emfoco\/2025\/12\/04\/esse-eletrodomestico-esta-gastando-energia-todo-dia-mesmo-sem-uso\/","title":{"rendered":"Esse eletrodom\u00e9stico est\u00e1 gastando energia todo dia mesmo sem uso"},"content":{"rendered":"\n<p>Um dos eletrodom\u00e9sticos mais usados da casa, o <strong>micro-ondas<\/strong>, pode estar consumindo mais energia quando est\u00e1 \u201cparado\u201d do que nos poucos minutos em uso, gerando um desperd\u00edcio di\u00e1rio que pesa na conta de luz sem ningu\u00e9m perceber.<\/p>\n\n\n\n<h2 class=\"wp-block-heading\">Por que o micro-ondas consome tanto no stand-by?<\/h2>\n\n\n\n<p>O <strong><a href=\"https:\/\/www.gov.br\/pt-br\/noticias\/energia-minerais-e-combustiveis\/2021\/09\/consumo-consciente-cartilha-traz-principais-orientacoes-para-economia-de-energia\" target=\"_blank\" rel=\"noreferrer noopener\">consumo fantasma<\/a><\/strong> acontece porque o visor, sensores e o rel\u00f3gio permanecem ativos 24 horas por dia, mesmo sem aquecer nada. Esse gasto cont\u00ednuo pode ultrapassar o que o aparelho usa enquanto est\u00e1 realmente funcionando.<\/p>\n\n\n\n<p>Placas eletr\u00f4nicas ficam sempre energizadas e alguns componentes permanecem levemente aquecidos, mantendo o <strong>desperd\u00edcio de energia<\/strong> constante. Isso faz o aparelho gastar mais ao longo do m\u00eas do que durante os poucos minutos de opera\u00e7\u00e3o.<\/p>\n\n\n\n<figure class=\"wp-block-image size-large\"><img loading=\"lazy\" decoding=\"async\" width=\"1024\" height=\"576\" src=\"https:\/\/www.em.com.br\/emfoco\/wp-content\/uploads\/2025\/12\/Micro-ondas_1764715650572-1024x576.jpg\" alt=\"Esse eletrodom\u00e9stico est\u00e1 gastando energia todo dia mesmo sem uso\" class=\"wp-image-134835\" srcset=\"https:\/\/www.em.com.br\/emfoco\/wp-content\/uploads\/2025\/12\/Micro-ondas_1764715650572-1024x576.jpg 1024w, https:\/\/www.em.com.br\/emfoco\/wp-content\/uploads\/2025\/12\/Micro-ondas_1764715650572-300x169.jpg 300w, https:\/\/www.em.com.br\/emfoco\/wp-content\/uploads\/2025\/12\/Micro-ondas_1764715650572-768x432.jpg 768w, https:\/\/www.em.com.br\/emfoco\/wp-content\/uploads\/2025\/12\/Micro-ondas_1764715650572-750x422.jpg 750w, https:\/\/www.em.com.br\/emfoco\/wp-content\/uploads\/2025\/12\/Micro-ondas_1764715650572-1140x641.jpg 1140w, https:\/\/www.em.com.br\/emfoco\/wp-content\/uploads\/2025\/12\/Micro-ondas_1764715650572.jpg 1280w\" sizes=\"auto, (max-width: 1024px) 100vw, 1024px\" \/><figcaption class=\"wp-element-caption\">Esse eletrodom\u00e9stico est\u00e1 gastando energia todo dia mesmo sem uso &#8211; Cr\u00e9ditos: depositphotos.com \/ gonzalocallefotografia.gmail.com<\/figcaption><\/figure>\n\n\n\n<h2 class=\"wp-block-heading\">Quais sinais mostram que h\u00e1 gasto oculto no seu aparelho?<\/h2>\n\n\n\n<p>O dispositivo pode indicar que est\u00e1 gastando sem uso por detalhes simples do dia a dia. Esses alertas ajudam a identificar o <strong>consumo escondido<\/strong>. Entre os principais sinais est\u00e3o os que voc\u00ea v\u00ea a seguir.<\/p>\n\n\n\n<ul class=\"wp-block-list\">\n<li><strong>Visor sempre aceso<\/strong>: rel\u00f3gio ativado 24h sem necessidade real em casa.<\/li>\n\n\n\n<li><strong>Lateral quente<\/strong>: componentes internos seguem energizados e gerando calor.<\/li>\n\n\n\n<li><strong>Painel eletr\u00f4nico ativo<\/strong>: sensores funcionando mesmo sem nenhum alimento dentro.<\/li>\n<\/ul>\n\n\n\n<p><em>Leia mais: <strong><a href=\"https:\/\/www.em.com.br\/emfoco\/2025\/12\/02\/a-manutencao-de-2-minutos-que-pode-dobrar-a-vida-util-da-sua-lampada-led\/\" target=\"_blank\" rel=\"noreferrer noopener\">A manuten\u00e7\u00e3o de 2 minutos que pode dobrar a vida \u00fatil da sua l\u00e2mpada LED<\/a><\/strong><\/em><\/p>\n\n\n\n<h2 class=\"wp-block-heading\">Quanto isso pode impactar sua conta de luz?<\/h2>\n\n\n\n<p>Estudos mostram que o <strong>stand-by<\/strong> do micro-ondas pode representar um custo maior que seu uso real, j\u00e1 que ele funciona por poucos minutos, mas permanece ligado o dia inteiro, gerando um gasto mensal significativo.<\/p>\n\n\n\n<p>Em casas com muitos aparelhos eletr\u00f4nicos conectados, o <strong>ac\u00famulo de consumo<\/strong> pode equivaler a pagar por um equipamento extra funcionando continuamente, apenas por manter tudo na tomada sem necessidade.<\/p>\n\n\n\n<figure class=\"wp-block-image size-large\"><img loading=\"lazy\" decoding=\"async\" width=\"1024\" height=\"576\" src=\"https:\/\/www.em.com.br\/emfoco\/wp-content\/uploads\/2025\/12\/Conta-de-energia_1764715704462-1024x576.jpg\" alt=\"Esse eletrodom\u00e9stico est\u00e1 gastando energia todo dia mesmo sem uso\" class=\"wp-image-134836\" srcset=\"https:\/\/www.em.com.br\/emfoco\/wp-content\/uploads\/2025\/12\/Conta-de-energia_1764715704462-1024x576.jpg 1024w, https:\/\/www.em.com.br\/emfoco\/wp-content\/uploads\/2025\/12\/Conta-de-energia_1764715704462-300x169.jpg 300w, https:\/\/www.em.com.br\/emfoco\/wp-content\/uploads\/2025\/12\/Conta-de-energia_1764715704462-768x432.jpg 768w, https:\/\/www.em.com.br\/emfoco\/wp-content\/uploads\/2025\/12\/Conta-de-energia_1764715704462-750x422.jpg 750w, https:\/\/www.em.com.br\/emfoco\/wp-content\/uploads\/2025\/12\/Conta-de-energia_1764715704462-1140x641.jpg 1140w, https:\/\/www.em.com.br\/emfoco\/wp-content\/uploads\/2025\/12\/Conta-de-energia_1764715704462.jpg 1280w\" sizes=\"auto, (max-width: 1024px) 100vw, 1024px\" \/><figcaption class=\"wp-element-caption\">O consumo fantasma somado pode representar gasto mensal surpreendentemente alto &#8211; Cr\u00e9ditos: depositphotos.com \/ F01photo<\/figcaption><\/figure>\n\n\n\n<h2 class=\"wp-block-heading\">Como evitar desperd\u00edcio de energia com o micro-ondas?<\/h2>\n\n\n\n<p>Existem mudan\u00e7as simples que cortam o <strong>gasto desnecess\u00e1rio<\/strong> e n\u00e3o afetam a vida \u00fatil do aparelho. Entre as principais a\u00e7\u00f5es pr\u00e1ticas est\u00e3o as que voc\u00ea v\u00ea a seguir.<\/p>\n\n\n\n<ul class=\"wp-block-list\">\n<li>Usar <strong>filtro de linha com bot\u00e3o<\/strong> para desligar o painel quando n\u00e3o estiver usando.<\/li>\n\n\n\n<li><strong>Tirar da tomada<\/strong> em f\u00e9rias e per\u00edodos longos longe de casa.<\/li>\n\n\n\n<li>Evitar manter <strong>modo stand-by<\/strong> ativo sem fun\u00e7\u00e3o, j\u00e1 que quase ningu\u00e9m usa o rel\u00f3gio.<\/li>\n<\/ul>\n","protected":false},"excerpt":{"rendered":"<p>Um dos eletrodom\u00e9sticos mais usados da casa, o micro-ondas, pode estar consumindo mais energia quando est\u00e1 \u201cparado\u201d do que nos poucos minutos em uso, gerando um desperd\u00edcio di\u00e1rio que pesa na conta de luz sem ningu\u00e9m perceber. Por que o micro-ondas consome tanto no stand-by? O consumo fantasma acontece porque o visor, sensores e o [&hellip;]<\/p>\n","protected":false},"author":13,"featured_media":134837,"comment_status":"open","ping_status":"open","sticky":false,"template":"","format":"standard","meta":{"jnews-multi-image_gallery":[],"jnews_single_post":{"format":"standard"},"jnews_primary_category":[],"jnews_social_meta":[],"jnews_override_counter":[],"footnotes":""},"categories":[8819],"tags":[16886,19653,5582],"class_list":["post-134807","post","type-post","status-publish","format-standard","has-post-thumbnail","hentry","category-curiosidades","tag-conta-de-energia","tag-gastos-de-energia","tag-micro-ondas"],"yoast_head":"<!-- This site is optimized with the Yoast SEO plugin v23.8 - https:\/\/yoast.com\/wordpress\/plugins\/seo\/ -->\n<title>Esse eletrodom\u00e9stico est\u00e1 gastando energia todo dia mesmo sem uso - Estado de Minas - Em foco<\/title>\n<meta name=\"description\" content=\"O visor ligado 24h e o calor na lateral indicam que o aparelho segue consumindo energia. Veja como evitar esse desperd\u00edcio silencioso.\" \/>\n<meta name=\"robots\" content=\"index, follow, max-snippet:-1, max-image-preview:large, max-video-preview:-1\" \/>\n<link rel=\"canonical\" href=\"https:\/\/www.em.com.br\/emfoco\/2025\/12\/04\/esse-eletrodomestico-esta-gastando-energia-todo-dia-mesmo-sem-uso\/\" \/>\n<meta property=\"og:locale\" content=\"pt_BR\" \/>\n<meta property=\"og:type\" content=\"article\" \/>\n<meta property=\"og:title\" content=\"Esse eletrodom\u00e9stico est\u00e1 gastando energia todo dia mesmo sem uso - Estado de Minas - Em foco\" \/>\n<meta property=\"og:description\" content=\"O visor ligado 24h e o calor na lateral indicam que o aparelho segue consumindo energia. Veja como evitar esse desperd\u00edcio silencioso.\" \/>\n<meta property=\"og:url\" content=\"https:\/\/www.em.com.br\/emfoco\/2025\/12\/04\/esse-eletrodomestico-esta-gastando-energia-todo-dia-mesmo-sem-uso\/\" \/>\n<meta property=\"og:site_name\" content=\"Estado de Minas - Em foco\" \/>\n<meta property=\"article:published_time\" content=\"2025-12-04T22:35:00+00:00\" \/>\n<meta property=\"article:modified_time\" content=\"2025-12-02T22:49:20+00:00\" \/>\n<meta property=\"og:image\" content=\"https:\/\/www.em.com.br\/emfoco\/wp-content\/uploads\/2025\/12\/IA-IMG-24.jpg\" \/>\n\t<meta property=\"og:image:width\" content=\"1280\" \/>\n\t<meta property=\"og:image:height\" content=\"720\" \/>\n\t<meta property=\"og:image:type\" content=\"image\/jpeg\" \/>\n<meta name=\"author\" content=\"Gabriel Martins\" \/>\n<meta name=\"twitter:card\" content=\"summary_large_image\" \/>\n<meta name=\"twitter:label1\" content=\"Escrito por\" \/>\n\t<meta name=\"twitter:data1\" content=\"Gabriel Martins\" \/>\n\t<meta name=\"twitter:label2\" content=\"Est. tempo de leitura\" \/>\n\t<meta name=\"twitter:data2\" content=\"3 minutos\" \/>\n<!-- \/ Yoast SEO plugin. -->","yoast_head_json":{"title":"Esse eletrodom\u00e9stico est\u00e1 gastando energia todo dia mesmo sem uso - Estado de Minas - Em foco","description":"O visor ligado 24h e o calor na lateral indicam que o aparelho segue consumindo energia. Veja como evitar esse desperd\u00edcio silencioso.","robots":{"index":"index","follow":"follow","max-snippet":"max-snippet:-1","max-image-preview":"max-image-preview:large","max-video-preview":"max-video-preview:-1"},"canonical":"https:\/\/www.em.com.br\/emfoco\/2025\/12\/04\/esse-eletrodomestico-esta-gastando-energia-todo-dia-mesmo-sem-uso\/","og_locale":"pt_BR","og_type":"article","og_title":"Esse eletrodom\u00e9stico est\u00e1 gastando energia todo dia mesmo sem uso - Estado de Minas - Em foco","og_description":"O visor ligado 24h e o calor na lateral indicam que o aparelho segue consumindo energia. Veja como evitar esse desperd\u00edcio silencioso.","og_url":"https:\/\/www.em.com.br\/emfoco\/2025\/12\/04\/esse-eletrodomestico-esta-gastando-energia-todo-dia-mesmo-sem-uso\/","og_site_name":"Estado de Minas - Em foco","article_published_time":"2025-12-04T22:35:00+00:00","article_modified_time":"2025-12-02T22:49:20+00:00","og_image":[{"width":1280,"height":720,"url":"https:\/\/www.em.com.br\/emfoco\/wp-content\/uploads\/2025\/12\/IA-IMG-24.jpg","type":"image\/jpeg"}],"author":"Gabriel Martins","twitter_card":"summary_large_image","twitter_misc":{"Escrito por":"Gabriel Martins","Est. tempo de leitura":"3 minutos"},"schema":{"@context":"https:\/\/schema.org","@graph":[{"@type":"WebPage","@id":"https:\/\/www.em.com.br\/emfoco\/2025\/12\/04\/esse-eletrodomestico-esta-gastando-energia-todo-dia-mesmo-sem-uso\/","url":"https:\/\/www.em.com.br\/emfoco\/2025\/12\/04\/esse-eletrodomestico-esta-gastando-energia-todo-dia-mesmo-sem-uso\/","name":"Esse eletrodom\u00e9stico est\u00e1 gastando energia todo dia mesmo sem uso - Estado de Minas - Em foco","isPartOf":{"@id":"https:\/\/www.em.com.br\/emfoco\/#website"},"primaryImageOfPage":{"@id":"https:\/\/www.em.com.br\/emfoco\/2025\/12\/04\/esse-eletrodomestico-esta-gastando-energia-todo-dia-mesmo-sem-uso\/#primaryimage"},"image":{"@id":"https:\/\/www.em.com.br\/emfoco\/2025\/12\/04\/esse-eletrodomestico-esta-gastando-energia-todo-dia-mesmo-sem-uso\/#primaryimage"},"thumbnailUrl":"https:\/\/www.em.com.br\/emfoco\/wp-content\/uploads\/2025\/12\/IA-IMG-24.jpg","datePublished":"2025-12-04T22:35:00+00:00","dateModified":"2025-12-02T22:49:20+00:00","author":{"@id":"https:\/\/www.em.com.br\/emfoco\/#\/schema\/person\/1c9ddeab18b98abeffef834667bcf08a"},"description":"O visor ligado 24h e o calor na lateral indicam que o aparelho segue consumindo energia. Veja como evitar esse desperd\u00edcio silencioso.","breadcrumb":{"@id":"https:\/\/www.em.com.br\/emfoco\/2025\/12\/04\/esse-eletrodomestico-esta-gastando-energia-todo-dia-mesmo-sem-uso\/#breadcrumb"},"inLanguage":"pt-BR","potentialAction":[{"@type":"ReadAction","target":["https:\/\/www.em.com.br\/emfoco\/2025\/12\/04\/esse-eletrodomestico-esta-gastando-energia-todo-dia-mesmo-sem-uso\/"]}]},{"@type":"ImageObject","inLanguage":"pt-BR","@id":"https:\/\/www.em.com.br\/emfoco\/2025\/12\/04\/esse-eletrodomestico-esta-gastando-energia-todo-dia-mesmo-sem-uso\/#primaryimage","url":"https:\/\/www.em.com.br\/emfoco\/wp-content\/uploads\/2025\/12\/IA-IMG-24.jpg","contentUrl":"https:\/\/www.em.com.br\/emfoco\/wp-content\/uploads\/2025\/12\/IA-IMG-24.jpg","width":1280,"height":720,"caption":"O micro-ondas pode gastar mais parado do que funcionando"},{"@type":"BreadcrumbList","@id":"https:\/\/www.em.com.br\/emfoco\/2025\/12\/04\/esse-eletrodomestico-esta-gastando-energia-todo-dia-mesmo-sem-uso\/#breadcrumb","itemListElement":[{"@type":"ListItem","position":1,"name":"In\u00edcio","item":"https:\/\/www.em.com.br\/emfoco\/"},{"@type":"ListItem","position":2,"name":"Esse eletrodom\u00e9stico est\u00e1 gastando energia todo dia mesmo sem uso"}]},{"@type":"WebSite","@id":"https:\/\/www.em.com.br\/emfoco\/#website","url":"https:\/\/www.em.com.br\/emfoco\/","name":"Estado de Minas - Em foco","description":"Acompanhe as \u00faltimas not\u00edcias e fique bem informado sobre tudo o que acontece em Minas Gerais, Brasil e no mundo.","potentialAction":[{"@type":"SearchAction","target":{"@type":"EntryPoint","urlTemplate":"https:\/\/www.em.com.br\/emfoco\/?s={search_term_string}"},"query-input":{"@type":"PropertyValueSpecification","valueRequired":true,"valueName":"search_term_string"}}],"inLanguage":"pt-BR"},{"@type":"Person","@id":"https:\/\/www.em.com.br\/emfoco\/#\/schema\/person\/1c9ddeab18b98abeffef834667bcf08a","name":"Gabriel Martins","image":{"@type":"ImageObject","inLanguage":"pt-BR","@id":"https:\/\/www.em.com.br\/emfoco\/#\/schema\/person\/image\/","url":"https:\/\/secure.gravatar.com\/avatar\/f0f1e2efdfd88f1ad2cb08c5c2731e50?s=96&d=mm&r=g","contentUrl":"https:\/\/secure.gravatar.com\/avatar\/f0f1e2efdfd88f1ad2cb08c5c2731e50?s=96&d=mm&r=g","caption":"Gabriel Martins"},"sameAs":["https:\/\/www.em.com.br\/emfoco\/"],"url":"https:\/\/www.em.com.br\/emfoco\/author\/gabrielmartinsmyth\/"}]}},"_links":{"self":[{"href":"https:\/\/www.em.com.br\/emfoco\/wp-json\/wp\/v2\/posts\/134807","targetHints":{"allow":["GET"]}}],"collection":[{"href":"https:\/\/www.em.com.br\/emfoco\/wp-json\/wp\/v2\/posts"}],"about":[{"href":"https:\/\/www.em.com.br\/emfoco\/wp-json\/wp\/v2\/types\/post"}],"author":[{"embeddable":true,"href":"https:\/\/www.em.com.br\/emfoco\/wp-json\/wp\/v2\/users\/13"}],"replies":[{"embeddable":true,"href":"https:\/\/www.em.com.br\/emfoco\/wp-json\/wp\/v2\/comments?post=134807"}],"version-history":[{"count":1,"href":"https:\/\/www.em.com.br\/emfoco\/wp-json\/wp\/v2\/posts\/134807\/revisions"}],"predecessor-version":[{"id":134838,"href":"https:\/\/www.em.com.br\/emfoco\/wp-json\/wp\/v2\/posts\/134807\/revisions\/134838"}],"wp:featuredmedia":[{"embeddable":true,"href":"https:\/\/www.em.com.br\/emfoco\/wp-json\/wp\/v2\/media\/134837"}],"wp:attachment":[{"href":"https:\/\/www.em.com.br\/emfoco\/wp-json\/wp\/v2\/media?parent=134807"}],"wp:term":[{"taxonomy":"category","embeddable":true,"href":"https:\/\/www.em.com.br\/emfoco\/wp-json\/wp\/v2\/categories?post=134807"},{"taxonomy":"post_tag","embeddable":true,"href":"https:\/\/www.em.com.br\/emfoco\/wp-json\/wp\/v2\/tags?post=134807"}],"curies":[{"name":"wp","href":"https:\/\/api.w.org\/{rel}","templated":true}]}}