{"id":134760,"date":"2025-12-03T08:05:00","date_gmt":"2025-12-03T11:05:00","guid":{"rendered":"https:\/\/www.em.com.br\/emfoco\/?p=134760"},"modified":"2025-12-02T18:11:02","modified_gmt":"2025-12-02T21:11:02","slug":"protetor-solar-pode-evitar-r-25-bi-em-gastos-de-saude","status":"publish","type":"post","link":"https:\/\/www.em.com.br\/emfoco\/2025\/12\/03\/protetor-solar-pode-evitar-r-25-bi-em-gastos-de-saude\/","title":{"rendered":"Protetor solar pode evitar R$ 2,5 bi em gastos de sa\u00fade"},"content":{"rendered":"\n<p>A utiliza\u00e7\u00e3o de <strong>Protetor Solar<\/strong> regularmente poderia representar uma mudan\u00e7a substancial na sa\u00fade p\u00fablica do Brasil. Uma pesquisa apresentada no Congresso da Academia Europeia de Dermatologia destacou que tal pr\u00e1tica poderia gerar uma economia de at\u00e9 R$ 2,5 bilh\u00f5es em gastos com sa\u00fade ao longo de cinco anos. Isso se deve ao impacto direto que a fotoprote\u00e7\u00e3o tem na preven\u00e7\u00e3o de casos de c\u00e2ncer de pele, que ocorrem em grande n\u00famero no pa\u00eds.<\/p>\n\n\n\n<p>O c\u00e2ncer de pele \u00e9 uma das doen\u00e7as mais comuns diagnosticadas anualmente, com cerca de 185 mil novos casos surgindo a cada ano no Brasil. Dentre eles, o tipo n\u00e3o melanoma \u00e9 o mais frequente. As implica\u00e7\u00f5es financeiras e de <a href=\"https:\/\/www.correiobraziliense.com.br\/cbradar\/5-dicas-para-envelhecer-com-qualidade-de-vida\/\" target=\"_blank\" rel=\"noreferrer noopener\">sa\u00fade <\/a>p\u00fablica s\u00e3o significativas, dado que o tratamento desses casos exige recursos hospitalares extensivos, incluindo cirurgias e cuidados m\u00e9dicos cont\u00ednuos.<\/p>\n\n\n\n<h2 class=\"wp-block-heading\">Qual o impacto financeiro do c\u00e2ncer de pele no Brasil?<\/h2>\n\n\n\n<p>Os custos associados ao tratamento do c\u00e2ncer de pele n\u00e3o melanoma representam um peso consider\u00e1vel para o sistema de sa\u00fade brasileiro. Al\u00e9m das despesas diretas com interven\u00e7\u00f5es m\u00e9dicas, existem custos adicionais relativos ao monitoramento regular dos pacientes e a potencial perda de produtividade associada a tratamentos prolongados. Portanto, a preven\u00e7\u00e3o n\u00e3o s\u00f3 alivia o sistema de sa\u00fade, mas tamb\u00e9m reduz a carga financeira sobre o governo e as fam\u00edlias.<\/p>\n\n\n\n<h2 class=\"wp-block-heading\">Como o Protetor Solar contribui para a sa\u00fade p\u00fablica?<\/h2>\n\n\n\n<p>A fotoprote\u00e7\u00e3o \u00e9 uma estrat\u00e9gia fundamental na preven\u00e7\u00e3o de doen\u00e7as de pele. Estudos revelam que o uso regular de Protetor Solar pode reduzir em at\u00e9 50% o risco de desenvolver melanoma, o tipo mais agressivo de c\u00e2ncer de pele. Isso refor\u00e7a que a preven\u00e7\u00e3o vai al\u00e9m da est\u00e9tica, sendo uma pr\u00e1tica essencial de autocuidado. Al\u00e9m disso, a promo\u00e7\u00e3o do uso di\u00e1rio de Protetor Solar \u00e9 uma medida de sa\u00fade p\u00fablica que pode prevenir mais de 113 mil casos de c\u00e2ncer de pele n\u00e3o melanoma ao longo de 15 anos.<\/p>\n\n\n\n<h2 class=\"wp-block-heading\">Por que a conscientiza\u00e7\u00e3o sobre o uso do Protetor Solar \u00e9 crucial?<\/h2>\n\n\n\n<p>A crescente conscientiza\u00e7\u00e3o sobre os benef\u00edcios do uso di\u00e1rio de Protetor Solar pode desempenhar um papel crucial na promo\u00e7\u00e3o da sa\u00fade p\u00fablica. Por proporcionar uma prote\u00e7\u00e3o eficaz contra os danos causados pelos raios ultravioleta, o Protetor Solar atua como uma barreira contra o desenvolvimento do c\u00e2ncer de pele. Esse cuidado cont\u00ednuo fortalece a sa\u00fade da popula\u00e7\u00e3o e incentiva pr\u00e1ticas de bem-estar a longo prazo.<\/p>\n\n\n\n<h2 class=\"wp-block-heading\">Quais s\u00e3o as recomenda\u00e7\u00f5es para o uso efetivo do Protetor Solar?<\/h2>\n\n\n\n<p>Para garantir m\u00e1xima efic\u00e1cia, especialistas recomendam a aplica\u00e7\u00e3o do Protetor Solar pelo menos 30 minutos antes da exposi\u00e7\u00e3o solar, reaplicando a cada duas horas ou ap\u00f3s contato com a \u00e1gua, suor excessivo ou uso da toalha. \u00c9 crucial escolher produtos com amplo espectro de prote\u00e7\u00e3o (UVA e UVB) e fator de prote\u00e7\u00e3o solar (FPS) adequado a cada tipo de pele. A ades\u00e3o a essas pr\u00e1ticas \u00e9 essencial para uma prote\u00e7\u00e3o eficaz ao longo do dia, reduzindo significativamente os riscos de doen\u00e7as causadas pelo sol.<\/p>\n\n\n\n<p>Em suma, o uso regular do Protetor Solar se mostra uma pr\u00e1tica simples, mas extremamente eficaz, na preven\u00e7\u00e3o do c\u00e2ncer de pele. Com iniciativas focadas em educar a popula\u00e7\u00e3o sobre o tema, \u00e9 poss\u00edvel fomentar uma cultura de autocuidado e cuidado comunit\u00e1rio, influenciando positivamente a sa\u00fade p\u00fablica e aliviando a carga financeira sobre o sistema m\u00e9dico.<\/p>\n\n\n<a href=\"https:\/\/www.instagram.com\/dra.annaluisabf\/\" target=\"_blank\" style=\"text-decoration: none; color: inherit;\">\n  <span style=\"display:inline-block; border:1px solid #ccc; border-radius:10px; padding:15px; max-width:550px; font-family:sans-serif; box-shadow:0 2px 5px rgba(0,0,0,0.1);\">\n    <span style=\"margin:0 0 15px 0; font-weight:bold; color:#2c3e50; text-align: center;\">Entre em contato:<\/span>\n\n    <span style=\"display:flex; align-items:center;\">\n      <img decoding=\"async\" src=\"https:\/\/www.correiobraziliense.com.br\/cbradar\/wp-content\/uploads\/2025\/08\/dra_anna_luisa.jpeg\" alt=\"Dra Anna Lu\u00edsa\" style=\"border-radius:50%; width:80px; height:80px; margin-right:15px;\">\n      <span style=\"flex:1;\">\n        <h3 style=\"margin:0 0 5px 0;\">Dra. Anna Lu\u00edsa Barbosa Fernandes<\/h3>\n        <p style=\"margin:0 0 10px 0;\">CRM-GO 33.271<\/p>\n        <span style=\"display:flex; gap:10px;\">\n          <img decoding=\"async\" src=\"https:\/\/cdn-icons-png.flaticon.com\/24\/1384\/1384063.png\" alt=\"Instagram\">\n        <\/span>\n      <\/span>\n    <\/span>\n  <\/span>\n<\/a>","protected":false},"excerpt":{"rendered":"<p>A utiliza\u00e7\u00e3o de Protetor Solar regularmente poderia representar uma mudan\u00e7a substancial na sa\u00fade p\u00fablica do Brasil. Uma pesquisa apresentada no Congresso da Academia Europeia de Dermatologia destacou que tal pr\u00e1tica poderia gerar uma economia de at\u00e9 R$ 2,5 bilh\u00f5es em gastos com sa\u00fade ao longo de cinco anos. Isso se deve ao impacto direto que [&hellip;]<\/p>\n","protected":false},"author":25,"featured_media":127418,"comment_status":"open","ping_status":"open","sticky":false,"template":"","format":"standard","meta":{"jnews-multi-image_gallery":[],"jnews_single_post":{"format":"standard"},"jnews_primary_category":[],"jnews_social_meta":[],"jnews_override_counter":[],"footnotes":""},"categories":[9053],"tags":[158,327,415],"class_list":["post-134760","post","type-post","status-publish","format-standard","has-post-thumbnail","hentry","category-saude","tag-brasil","tag-qualidade-de-vida","tag-saude"],"yoast_head":"<!-- This site is optimized with the Yoast SEO plugin v23.8 - https:\/\/yoast.com\/wordpress\/plugins\/seo\/ -->\n<title>Protetor solar pode evitar R$ 2,5 bi em gastos de sa\u00fade - Estado de Minas - Em foco<\/title>\n<meta name=\"description\" content=\"Fotoprote\u00e7\u00e3o \u00e9 aliada na preven\u00e7\u00e3o ao c\u00e2ncer de pele. Uso regular de protetor solar reduz risco e gastos p\u00fablicos em sa\u00fade.\" \/>\n<meta name=\"robots\" content=\"index, follow, max-snippet:-1, max-image-preview:large, max-video-preview:-1\" \/>\n<link rel=\"canonical\" href=\"https:\/\/www.em.com.br\/emfoco\/2025\/12\/03\/protetor-solar-pode-evitar-r-25-bi-em-gastos-de-saude\/\" \/>\n<meta property=\"og:locale\" content=\"pt_BR\" \/>\n<meta property=\"og:type\" content=\"article\" \/>\n<meta property=\"og:title\" content=\"Protetor solar pode evitar R$ 2,5 bi em gastos de sa\u00fade - Estado de Minas - Em foco\" \/>\n<meta property=\"og:description\" content=\"Fotoprote\u00e7\u00e3o \u00e9 aliada na preven\u00e7\u00e3o ao c\u00e2ncer de pele. Uso regular de protetor solar reduz risco e gastos p\u00fablicos em sa\u00fade.\" \/>\n<meta property=\"og:url\" content=\"https:\/\/www.em.com.br\/emfoco\/2025\/12\/03\/protetor-solar-pode-evitar-r-25-bi-em-gastos-de-saude\/\" \/>\n<meta property=\"og:site_name\" content=\"Estado de Minas - Em foco\" \/>\n<meta property=\"article:published_time\" content=\"2025-12-03T11:05:00+00:00\" \/>\n<meta property=\"article:modified_time\" content=\"2025-12-02T21:11:02+00:00\" \/>\n<meta property=\"og:image\" content=\"https:\/\/www.em.com.br\/emfoco\/wp-content\/uploads\/2025\/11\/protetor-solar_1763076471133.jpg\" \/>\n\t<meta property=\"og:image:width\" content=\"1280\" \/>\n\t<meta property=\"og:image:height\" content=\"720\" \/>\n\t<meta property=\"og:image:type\" content=\"image\/jpeg\" \/>\n<meta name=\"author\" content=\"Guilherme Lopes\" \/>\n<meta name=\"twitter:card\" content=\"summary_large_image\" \/>\n<meta name=\"twitter:label1\" content=\"Escrito por\" \/>\n\t<meta name=\"twitter:data1\" content=\"Guilherme Lopes\" \/>\n\t<meta name=\"twitter:label2\" content=\"Est. tempo de leitura\" \/>\n\t<meta name=\"twitter:data2\" content=\"4 minutos\" \/>\n<!-- \/ Yoast SEO plugin. -->","yoast_head_json":{"title":"Protetor solar pode evitar R$ 2,5 bi em gastos de sa\u00fade - Estado de Minas - Em foco","description":"Fotoprote\u00e7\u00e3o \u00e9 aliada na preven\u00e7\u00e3o ao c\u00e2ncer de pele. Uso regular de protetor solar reduz risco e gastos p\u00fablicos em sa\u00fade.","robots":{"index":"index","follow":"follow","max-snippet":"max-snippet:-1","max-image-preview":"max-image-preview:large","max-video-preview":"max-video-preview:-1"},"canonical":"https:\/\/www.em.com.br\/emfoco\/2025\/12\/03\/protetor-solar-pode-evitar-r-25-bi-em-gastos-de-saude\/","og_locale":"pt_BR","og_type":"article","og_title":"Protetor solar pode evitar R$ 2,5 bi em gastos de sa\u00fade - Estado de Minas - Em foco","og_description":"Fotoprote\u00e7\u00e3o \u00e9 aliada na preven\u00e7\u00e3o ao c\u00e2ncer de pele. Uso regular de protetor solar reduz risco e gastos p\u00fablicos em sa\u00fade.","og_url":"https:\/\/www.em.com.br\/emfoco\/2025\/12\/03\/protetor-solar-pode-evitar-r-25-bi-em-gastos-de-saude\/","og_site_name":"Estado de Minas - Em foco","article_published_time":"2025-12-03T11:05:00+00:00","article_modified_time":"2025-12-02T21:11:02+00:00","og_image":[{"width":1280,"height":720,"url":"https:\/\/www.em.com.br\/emfoco\/wp-content\/uploads\/2025\/11\/protetor-solar_1763076471133.jpg","type":"image\/jpeg"}],"author":"Guilherme Lopes","twitter_card":"summary_large_image","twitter_misc":{"Escrito por":"Guilherme Lopes","Est. tempo de leitura":"4 minutos"},"schema":{"@context":"https:\/\/schema.org","@graph":[{"@type":"WebPage","@id":"https:\/\/www.em.com.br\/emfoco\/2025\/12\/03\/protetor-solar-pode-evitar-r-25-bi-em-gastos-de-saude\/","url":"https:\/\/www.em.com.br\/emfoco\/2025\/12\/03\/protetor-solar-pode-evitar-r-25-bi-em-gastos-de-saude\/","name":"Protetor solar pode evitar R$ 2,5 bi em gastos de sa\u00fade - Estado de Minas - Em foco","isPartOf":{"@id":"https:\/\/www.em.com.br\/emfoco\/#website"},"primaryImageOfPage":{"@id":"https:\/\/www.em.com.br\/emfoco\/2025\/12\/03\/protetor-solar-pode-evitar-r-25-bi-em-gastos-de-saude\/#primaryimage"},"image":{"@id":"https:\/\/www.em.com.br\/emfoco\/2025\/12\/03\/protetor-solar-pode-evitar-r-25-bi-em-gastos-de-saude\/#primaryimage"},"thumbnailUrl":"https:\/\/www.em.com.br\/emfoco\/wp-content\/uploads\/2025\/11\/protetor-solar_1763076471133.jpg","datePublished":"2025-12-03T11:05:00+00:00","dateModified":"2025-12-02T21:11:02+00:00","author":{"@id":"https:\/\/www.em.com.br\/emfoco\/#\/schema\/person\/f6eade2e287023da170a1b2b329f68e5"},"description":"Fotoprote\u00e7\u00e3o \u00e9 aliada na preven\u00e7\u00e3o ao c\u00e2ncer de pele. Uso regular de protetor solar reduz risco e gastos p\u00fablicos em sa\u00fade.","breadcrumb":{"@id":"https:\/\/www.em.com.br\/emfoco\/2025\/12\/03\/protetor-solar-pode-evitar-r-25-bi-em-gastos-de-saude\/#breadcrumb"},"inLanguage":"pt-BR","potentialAction":[{"@type":"ReadAction","target":["https:\/\/www.em.com.br\/emfoco\/2025\/12\/03\/protetor-solar-pode-evitar-r-25-bi-em-gastos-de-saude\/"]}]},{"@type":"ImageObject","inLanguage":"pt-BR","@id":"https:\/\/www.em.com.br\/emfoco\/2025\/12\/03\/protetor-solar-pode-evitar-r-25-bi-em-gastos-de-saude\/#primaryimage","url":"https:\/\/www.em.com.br\/emfoco\/wp-content\/uploads\/2025\/11\/protetor-solar_1763076471133.jpg","contentUrl":"https:\/\/www.em.com.br\/emfoco\/wp-content\/uploads\/2025\/11\/protetor-solar_1763076471133.jpg","width":1280,"height":720,"caption":"protetor solar - Cr\u00e9ditos: depositphotos.com \/ IgorVetushko"},{"@type":"BreadcrumbList","@id":"https:\/\/www.em.com.br\/emfoco\/2025\/12\/03\/protetor-solar-pode-evitar-r-25-bi-em-gastos-de-saude\/#breadcrumb","itemListElement":[{"@type":"ListItem","position":1,"name":"In\u00edcio","item":"https:\/\/www.em.com.br\/emfoco\/"},{"@type":"ListItem","position":2,"name":"Protetor solar pode evitar R$ 2,5 bi em gastos de sa\u00fade"}]},{"@type":"WebSite","@id":"https:\/\/www.em.com.br\/emfoco\/#website","url":"https:\/\/www.em.com.br\/emfoco\/","name":"Estado de Minas - Em foco","description":"Acompanhe as \u00faltimas not\u00edcias e fique bem informado sobre tudo o que acontece em Minas Gerais, Brasil e no mundo.","potentialAction":[{"@type":"SearchAction","target":{"@type":"EntryPoint","urlTemplate":"https:\/\/www.em.com.br\/emfoco\/?s={search_term_string}"},"query-input":{"@type":"PropertyValueSpecification","valueRequired":true,"valueName":"search_term_string"}}],"inLanguage":"pt-BR"},{"@type":"Person","@id":"https:\/\/www.em.com.br\/emfoco\/#\/schema\/person\/f6eade2e287023da170a1b2b329f68e5","name":"Guilherme Lopes","image":{"@type":"ImageObject","inLanguage":"pt-BR","@id":"https:\/\/www.em.com.br\/emfoco\/#\/schema\/person\/image\/","url":"https:\/\/secure.gravatar.com\/avatar\/df9adfb835d344bc0af109d41756253f?s=96&d=mm&r=g","contentUrl":"https:\/\/secure.gravatar.com\/avatar\/df9adfb835d344bc0af109d41756253f?s=96&d=mm&r=g","caption":"Guilherme Lopes"},"url":"https:\/\/www.em.com.br\/emfoco\/author\/guilherme_saude\/"}]}},"_links":{"self":[{"href":"https:\/\/www.em.com.br\/emfoco\/wp-json\/wp\/v2\/posts\/134760","targetHints":{"allow":["GET"]}}],"collection":[{"href":"https:\/\/www.em.com.br\/emfoco\/wp-json\/wp\/v2\/posts"}],"about":[{"href":"https:\/\/www.em.com.br\/emfoco\/wp-json\/wp\/v2\/types\/post"}],"author":[{"embeddable":true,"href":"https:\/\/www.em.com.br\/emfoco\/wp-json\/wp\/v2\/users\/25"}],"replies":[{"embeddable":true,"href":"https:\/\/www.em.com.br\/emfoco\/wp-json\/wp\/v2\/comments?post=134760"}],"version-history":[{"count":1,"href":"https:\/\/www.em.com.br\/emfoco\/wp-json\/wp\/v2\/posts\/134760\/revisions"}],"predecessor-version":[{"id":134761,"href":"https:\/\/www.em.com.br\/emfoco\/wp-json\/wp\/v2\/posts\/134760\/revisions\/134761"}],"wp:featuredmedia":[{"embeddable":true,"href":"https:\/\/www.em.com.br\/emfoco\/wp-json\/wp\/v2\/media\/127418"}],"wp:attachment":[{"href":"https:\/\/www.em.com.br\/emfoco\/wp-json\/wp\/v2\/media?parent=134760"}],"wp:term":[{"taxonomy":"category","embeddable":true,"href":"https:\/\/www.em.com.br\/emfoco\/wp-json\/wp\/v2\/categories?post=134760"},{"taxonomy":"post_tag","embeddable":true,"href":"https:\/\/www.em.com.br\/emfoco\/wp-json\/wp\/v2\/tags?post=134760"}],"curies":[{"name":"wp","href":"https:\/\/api.w.org\/{rel}","templated":true}]}}