{"id":134754,"date":"2025-12-04T13:05:00","date_gmt":"2025-12-04T16:05:00","guid":{"rendered":"https:\/\/www.em.com.br\/emfoco\/?p=134754"},"modified":"2025-12-02T18:48:15","modified_gmt":"2025-12-02T21:48:15","slug":"esse-oleo-natural-ajuda-a-controlar-o-brilho-e-hidrata-profundamente-peles-negras","status":"publish","type":"post","link":"https:\/\/www.em.com.br\/emfoco\/2025\/12\/04\/esse-oleo-natural-ajuda-a-controlar-o-brilho-e-hidrata-profundamente-peles-negras\/","title":{"rendered":"Esse \u00f3leo natural ajuda a controlar o brilho e hidrata profundamente peles negras"},"content":{"rendered":"\n<p>Existe um <strong>\u00f3leo vegetal<\/strong> capaz de entregar brilho controlado e hidrata\u00e7\u00e3o profunda especialmente para peles negras, oferecendo equil\u00edbrio entre luminosidade e tratamento sem pesar. Esse ativo respeita a textura e as necessidades \u00fanicas desse tipo de pele.<\/p>\n\n\n\n<h2 class=\"wp-block-heading\">Por que o \u00f3leo certo transforma a luminosidade da pele negra?<\/h2>\n\n\n\n<p>Peles negras sofrem com perda r\u00e1pida de \u00e1gua e excesso de luminosidade superficial, e o <strong>\u00f3leo de marula<\/strong> atende esses dois extremos com uma textura ultra leve. Ele age repondo lip\u00eddios sem provocar oleosidade aparente, criando equil\u00edbrio di\u00e1rio.<\/p>\n\n\n\n<p>Rico em <strong><a href=\"https:\/\/institutonutrir.com\/alimentos-que-ajudam-a-melhorar-a-saude-dos-cabelos\/\" target=\"_blank\" rel=\"noreferrer noopener\">antioxidantes e \u00e1cidos graxos nutritivos<\/a><\/strong>, ele suaviza aspereza, devolve elasticidade e ajuda a manter o <strong>brilho sofisticado<\/strong> que valoriza a pele. Sua absor\u00e7\u00e3o r\u00e1pida evita res\u00edduos que muitas rotinas rejeitam.<\/p>\n\n\n\n<figure class=\"wp-block-image size-large\"><img loading=\"lazy\" decoding=\"async\" width=\"1024\" height=\"576\" src=\"https:\/\/www.em.com.br\/emfoco\/wp-content\/uploads\/2025\/12\/IA-IMG-20-1024x576.jpg\" alt=\"Esse \u00f3leo natural ajuda a controlar o brilho e hidrata profundamente peles negras\" class=\"wp-image-134773\" srcset=\"https:\/\/www.em.com.br\/emfoco\/wp-content\/uploads\/2025\/12\/IA-IMG-20-1024x576.jpg 1024w, https:\/\/www.em.com.br\/emfoco\/wp-content\/uploads\/2025\/12\/IA-IMG-20-300x169.jpg 300w, https:\/\/www.em.com.br\/emfoco\/wp-content\/uploads\/2025\/12\/IA-IMG-20-768x432.jpg 768w, https:\/\/www.em.com.br\/emfoco\/wp-content\/uploads\/2025\/12\/IA-IMG-20-750x422.jpg 750w, https:\/\/www.em.com.br\/emfoco\/wp-content\/uploads\/2025\/12\/IA-IMG-20-1140x641.jpg 1140w, https:\/\/www.em.com.br\/emfoco\/wp-content\/uploads\/2025\/12\/IA-IMG-20.jpg 1280w\" sizes=\"auto, (max-width: 1024px) 100vw, 1024px\" \/><figcaption class=\"wp-element-caption\">A marula rep\u00f5e lip\u00eddios sem pesar e controla o brilho excessivo<\/figcaption><\/figure>\n\n\n\n<p><em>Leia mais: <strong><a href=\"https:\/\/www.em.com.br\/emfoco\/2025\/12\/02\/cansada-do-frizz-constante-encontrei-um-jeito-de-alinhar-o-cabelo-sem-quimica\/\" target=\"_blank\" rel=\"noreferrer noopener\">Cansada do frizz constante? Encontrei um jeito de alinhar o cabelo sem qu\u00edmica<\/a><\/strong><\/em><\/p>\n\n\n\n<h2 class=\"wp-block-heading\">Quais benef\u00edcios o \u00f3leo de marula entrega de forma imediata?<\/h2>\n\n\n\n<p>O \u00f3leo de marula possui uma composi\u00e7\u00e3o fina que penetra com facilidade e deixa um <strong>glow uniforme<\/strong>. Ele repara a barreira lip\u00eddica e melhora \u00e1reas naturalmente mais secas, como ma\u00e7\u00e3s do rosto e mand\u00edbula. Entre as principais vantagens est\u00e3o as que voc\u00ea v\u00ea a seguir.<\/p>\n\n\n\n<ul class=\"wp-block-list\">\n<li>Redu\u00e7\u00e3o de manchas p\u00f3s-inflamat\u00f3rias por sua a\u00e7\u00e3o calmante e anti-inflamat\u00f3ria.<\/li>\n\n\n\n<li>Controle do brilho, oferecendo luminosidade elegante sem aspecto oleoso.<\/li>\n\n\n\n<li>Hidrata\u00e7\u00e3o profunda que mant\u00e9m a textura firme e uniforme por mais tempo.<\/li>\n<\/ul>\n\n\n\n<h2 class=\"wp-block-heading\">Como a marula equilibra hidrata\u00e7\u00e3o e controle de oleosidade?<\/h2>\n\n\n\n<p>A marula regula a produ\u00e7\u00e3o natural de sebo, mantendo o <strong>equil\u00edbrio da pele negra<\/strong> ao longo do dia. Isso impede brilho excessivo e garante apar\u00eancia saud\u00e1vel mesmo em climas quentes ou \u00famidos, onde a oleosidade costuma aumentar.<\/p>\n\n\n\n<p>Ao refor\u00e7ar a barreira de prote\u00e7\u00e3o, ela tamb\u00e9m minimiza irrita\u00e7\u00f5es e melhora a uniformidade do tom, favorecendo um <strong>acabamento luminoso<\/strong> que n\u00e3o pesa. Essa combina\u00e7\u00e3o torna o \u00f3leo ideal para uso diurno e noturno.<\/p>\n\n\n\n<figure class=\"wp-block-image size-large\"><img loading=\"lazy\" decoding=\"async\" width=\"1024\" height=\"576\" src=\"https:\/\/www.em.com.br\/emfoco\/wp-content\/uploads\/2025\/12\/Pele-negra-hidratada_1764712024074-1024x576.jpg\" alt=\"Esse \u00f3leo natural ajuda a controlar o brilho e hidrata profundamente peles negras\" class=\"wp-image-134772\" srcset=\"https:\/\/www.em.com.br\/emfoco\/wp-content\/uploads\/2025\/12\/Pele-negra-hidratada_1764712024074-1024x576.jpg 1024w, https:\/\/www.em.com.br\/emfoco\/wp-content\/uploads\/2025\/12\/Pele-negra-hidratada_1764712024074-300x169.jpg 300w, https:\/\/www.em.com.br\/emfoco\/wp-content\/uploads\/2025\/12\/Pele-negra-hidratada_1764712024074-768x432.jpg 768w, https:\/\/www.em.com.br\/emfoco\/wp-content\/uploads\/2025\/12\/Pele-negra-hidratada_1764712024074-750x422.jpg 750w, https:\/\/www.em.com.br\/emfoco\/wp-content\/uploads\/2025\/12\/Pele-negra-hidratada_1764712024074-1140x641.jpg 1140w, https:\/\/www.em.com.br\/emfoco\/wp-content\/uploads\/2025\/12\/Pele-negra-hidratada_1764712024074.jpg 1280w\" sizes=\"auto, (max-width: 1024px) 100vw, 1024px\" \/><figcaption class=\"wp-element-caption\">A marula regula o sebo e mant\u00e9m a pele luminosa e est\u00e1vel &#8211; Cr\u00e9ditos: depositphotos.com \/ BeautyHero<\/figcaption><\/figure>\n\n\n\n<h2 class=\"wp-block-heading\">Como usar o \u00f3leo de marula na rotina para resultados consistentes?<\/h2>\n\n\n\n<p>O uso correto garante m\u00e1xima performance e um <strong>brilho controlado<\/strong>. A aplica\u00e7\u00e3o deve ser precisa e moderada para manter a leveza e a efic\u00e1cia da f\u00f3rmula. Entre as orienta\u00e7\u00f5es mais importantes est\u00e3o as que voc\u00ea v\u00ea abaixo.<\/p>\n\n\n\n<ul class=\"wp-block-list\">\n<li>Aplicar 2 a 3 gotas ap\u00f3s o hidratante ou misturadas a ele para melhor absor\u00e7\u00e3o.<\/li>\n\n\n\n<li>Espalhar com movimentos suaves para evitar atrito e manter a textura uniforme.<\/li>\n\n\n\n<li>Usar protetor solar, j\u00e1 que a marula aumenta a reten\u00e7\u00e3o de \u00e1gua e a receptividade aos ativos.<\/li>\n<\/ul>\n\n\n\n<p>A pele negra n\u00e3o precisa de camadas pesadas para ficar bonita, mas de hidrata\u00e7\u00e3o inteligente que respeite sua estrutura natural. O <strong>\u00f3leo de marula<\/strong> une eleg\u00e2ncia e tratamento profundo, devolvendo uma luminosidade real, vi\u00e7osa e naturalmente radiante.<\/p>\n","protected":false},"excerpt":{"rendered":"<p>Existe um \u00f3leo vegetal capaz de entregar brilho controlado e hidrata\u00e7\u00e3o profunda especialmente para peles negras, oferecendo equil\u00edbrio entre luminosidade e tratamento sem pesar. Esse ativo respeita a textura e as necessidades \u00fanicas desse tipo de pele. Por que o \u00f3leo certo transforma a luminosidade da pele negra? Peles negras sofrem com perda r\u00e1pida de [&hellip;]<\/p>\n","protected":false},"author":13,"featured_media":134771,"comment_status":"open","ping_status":"open","sticky":false,"template":"","format":"standard","meta":{"jnews-multi-image_gallery":[],"jnews_single_post":{"format":"standard"},"jnews_primary_category":[],"jnews_social_meta":[],"jnews_override_counter":[],"footnotes":""},"categories":[8819],"tags":[712,19646,19648,19647],"class_list":["post-134754","post","type-post","status-publish","format-standard","has-post-thumbnail","hentry","category-curiosidades","tag-autocuidado","tag-oleo-de-marula","tag-peles-escuras","tag-peles-negras"],"yoast_head":"<!-- This site is optimized with the Yoast SEO plugin v23.8 - https:\/\/yoast.com\/wordpress\/plugins\/seo\/ -->\n<title>Esse \u00f3leo natural ajuda a controlar o brilho e hidrata profundamente peles negras - Estado de Minas - Em foco<\/title>\n<meta name=\"description\" content=\"Chega de pele pesada ou ressecada. O \u00f3leo certo trata com suavidade, controla o brilho e respeita a textura da pele negra em cada gota.\" \/>\n<meta name=\"robots\" content=\"index, follow, max-snippet:-1, max-image-preview:large, max-video-preview:-1\" \/>\n<link rel=\"canonical\" href=\"https:\/\/www.em.com.br\/emfoco\/2025\/12\/04\/esse-oleo-natural-ajuda-a-controlar-o-brilho-e-hidrata-profundamente-peles-negras\/\" \/>\n<meta property=\"og:locale\" content=\"pt_BR\" \/>\n<meta property=\"og:type\" content=\"article\" \/>\n<meta property=\"og:title\" content=\"Esse \u00f3leo natural ajuda a controlar o brilho e hidrata profundamente peles negras - Estado de Minas - Em foco\" \/>\n<meta property=\"og:description\" content=\"Chega de pele pesada ou ressecada. O \u00f3leo certo trata com suavidade, controla o brilho e respeita a textura da pele negra em cada gota.\" \/>\n<meta property=\"og:url\" content=\"https:\/\/www.em.com.br\/emfoco\/2025\/12\/04\/esse-oleo-natural-ajuda-a-controlar-o-brilho-e-hidrata-profundamente-peles-negras\/\" \/>\n<meta property=\"og:site_name\" content=\"Estado de Minas - Em foco\" \/>\n<meta property=\"article:published_time\" content=\"2025-12-04T16:05:00+00:00\" \/>\n<meta property=\"article:modified_time\" content=\"2025-12-02T21:48:15+00:00\" \/>\n<meta property=\"og:image\" content=\"https:\/\/www.em.com.br\/emfoco\/wp-content\/uploads\/2025\/12\/hidratando-pele-negra_1764711912275.jpg\" \/>\n\t<meta property=\"og:image:width\" content=\"1280\" \/>\n\t<meta property=\"og:image:height\" content=\"720\" \/>\n\t<meta property=\"og:image:type\" content=\"image\/jpeg\" \/>\n<meta name=\"author\" content=\"Gabriel Martins\" \/>\n<meta name=\"twitter:card\" content=\"summary_large_image\" \/>\n<meta name=\"twitter:label1\" content=\"Escrito por\" \/>\n\t<meta name=\"twitter:data1\" content=\"Gabriel Martins\" \/>\n\t<meta name=\"twitter:label2\" content=\"Est. tempo de leitura\" \/>\n\t<meta name=\"twitter:data2\" content=\"4 minutos\" \/>\n<!-- \/ Yoast SEO plugin. -->","yoast_head_json":{"title":"Esse \u00f3leo natural ajuda a controlar o brilho e hidrata profundamente peles negras - Estado de Minas - Em foco","description":"Chega de pele pesada ou ressecada. O \u00f3leo certo trata com suavidade, controla o brilho e respeita a textura da pele negra em cada gota.","robots":{"index":"index","follow":"follow","max-snippet":"max-snippet:-1","max-image-preview":"max-image-preview:large","max-video-preview":"max-video-preview:-1"},"canonical":"https:\/\/www.em.com.br\/emfoco\/2025\/12\/04\/esse-oleo-natural-ajuda-a-controlar-o-brilho-e-hidrata-profundamente-peles-negras\/","og_locale":"pt_BR","og_type":"article","og_title":"Esse \u00f3leo natural ajuda a controlar o brilho e hidrata profundamente peles negras - Estado de Minas - Em foco","og_description":"Chega de pele pesada ou ressecada. O \u00f3leo certo trata com suavidade, controla o brilho e respeita a textura da pele negra em cada gota.","og_url":"https:\/\/www.em.com.br\/emfoco\/2025\/12\/04\/esse-oleo-natural-ajuda-a-controlar-o-brilho-e-hidrata-profundamente-peles-negras\/","og_site_name":"Estado de Minas - Em foco","article_published_time":"2025-12-04T16:05:00+00:00","article_modified_time":"2025-12-02T21:48:15+00:00","og_image":[{"width":1280,"height":720,"url":"https:\/\/www.em.com.br\/emfoco\/wp-content\/uploads\/2025\/12\/hidratando-pele-negra_1764711912275.jpg","type":"image\/jpeg"}],"author":"Gabriel Martins","twitter_card":"summary_large_image","twitter_misc":{"Escrito por":"Gabriel Martins","Est. tempo de leitura":"4 minutos"},"schema":{"@context":"https:\/\/schema.org","@graph":[{"@type":"WebPage","@id":"https:\/\/www.em.com.br\/emfoco\/2025\/12\/04\/esse-oleo-natural-ajuda-a-controlar-o-brilho-e-hidrata-profundamente-peles-negras\/","url":"https:\/\/www.em.com.br\/emfoco\/2025\/12\/04\/esse-oleo-natural-ajuda-a-controlar-o-brilho-e-hidrata-profundamente-peles-negras\/","name":"Esse \u00f3leo natural ajuda a controlar o brilho e hidrata profundamente peles negras - Estado de Minas - Em foco","isPartOf":{"@id":"https:\/\/www.em.com.br\/emfoco\/#website"},"primaryImageOfPage":{"@id":"https:\/\/www.em.com.br\/emfoco\/2025\/12\/04\/esse-oleo-natural-ajuda-a-controlar-o-brilho-e-hidrata-profundamente-peles-negras\/#primaryimage"},"image":{"@id":"https:\/\/www.em.com.br\/emfoco\/2025\/12\/04\/esse-oleo-natural-ajuda-a-controlar-o-brilho-e-hidrata-profundamente-peles-negras\/#primaryimage"},"thumbnailUrl":"https:\/\/www.em.com.br\/emfoco\/wp-content\/uploads\/2025\/12\/hidratando-pele-negra_1764711912275.jpg","datePublished":"2025-12-04T16:05:00+00:00","dateModified":"2025-12-02T21:48:15+00:00","author":{"@id":"https:\/\/www.em.com.br\/emfoco\/#\/schema\/person\/1c9ddeab18b98abeffef834667bcf08a"},"description":"Chega de pele pesada ou ressecada. O \u00f3leo certo trata com suavidade, controla o brilho e respeita a textura da pele negra em cada gota.","breadcrumb":{"@id":"https:\/\/www.em.com.br\/emfoco\/2025\/12\/04\/esse-oleo-natural-ajuda-a-controlar-o-brilho-e-hidrata-profundamente-peles-negras\/#breadcrumb"},"inLanguage":"pt-BR","potentialAction":[{"@type":"ReadAction","target":["https:\/\/www.em.com.br\/emfoco\/2025\/12\/04\/esse-oleo-natural-ajuda-a-controlar-o-brilho-e-hidrata-profundamente-peles-negras\/"]}]},{"@type":"ImageObject","inLanguage":"pt-BR","@id":"https:\/\/www.em.com.br\/emfoco\/2025\/12\/04\/esse-oleo-natural-ajuda-a-controlar-o-brilho-e-hidrata-profundamente-peles-negras\/#primaryimage","url":"https:\/\/www.em.com.br\/emfoco\/wp-content\/uploads\/2025\/12\/hidratando-pele-negra_1764711912275.jpg","contentUrl":"https:\/\/www.em.com.br\/emfoco\/wp-content\/uploads\/2025\/12\/hidratando-pele-negra_1764711912275.jpg","width":1280,"height":720,"caption":"O \u00f3leo de marula equilibra hidrata\u00e7\u00e3o e brilho, valorizando naturalmente a pele negra - Cr\u00e9ditos: depositphotos.com \/ Milkos"},{"@type":"BreadcrumbList","@id":"https:\/\/www.em.com.br\/emfoco\/2025\/12\/04\/esse-oleo-natural-ajuda-a-controlar-o-brilho-e-hidrata-profundamente-peles-negras\/#breadcrumb","itemListElement":[{"@type":"ListItem","position":1,"name":"In\u00edcio","item":"https:\/\/www.em.com.br\/emfoco\/"},{"@type":"ListItem","position":2,"name":"Esse \u00f3leo natural ajuda a controlar o brilho e hidrata profundamente peles negras"}]},{"@type":"WebSite","@id":"https:\/\/www.em.com.br\/emfoco\/#website","url":"https:\/\/www.em.com.br\/emfoco\/","name":"Estado de Minas - Em foco","description":"Acompanhe as \u00faltimas not\u00edcias e fique bem informado sobre tudo o que acontece em Minas Gerais, Brasil e no mundo.","potentialAction":[{"@type":"SearchAction","target":{"@type":"EntryPoint","urlTemplate":"https:\/\/www.em.com.br\/emfoco\/?s={search_term_string}"},"query-input":{"@type":"PropertyValueSpecification","valueRequired":true,"valueName":"search_term_string"}}],"inLanguage":"pt-BR"},{"@type":"Person","@id":"https:\/\/www.em.com.br\/emfoco\/#\/schema\/person\/1c9ddeab18b98abeffef834667bcf08a","name":"Gabriel Martins","image":{"@type":"ImageObject","inLanguage":"pt-BR","@id":"https:\/\/www.em.com.br\/emfoco\/#\/schema\/person\/image\/","url":"https:\/\/secure.gravatar.com\/avatar\/f0f1e2efdfd88f1ad2cb08c5c2731e50?s=96&d=mm&r=g","contentUrl":"https:\/\/secure.gravatar.com\/avatar\/f0f1e2efdfd88f1ad2cb08c5c2731e50?s=96&d=mm&r=g","caption":"Gabriel Martins"},"sameAs":["https:\/\/www.em.com.br\/emfoco\/"],"url":"https:\/\/www.em.com.br\/emfoco\/author\/gabrielmartinsmyth\/"}]}},"_links":{"self":[{"href":"https:\/\/www.em.com.br\/emfoco\/wp-json\/wp\/v2\/posts\/134754","targetHints":{"allow":["GET"]}}],"collection":[{"href":"https:\/\/www.em.com.br\/emfoco\/wp-json\/wp\/v2\/posts"}],"about":[{"href":"https:\/\/www.em.com.br\/emfoco\/wp-json\/wp\/v2\/types\/post"}],"author":[{"embeddable":true,"href":"https:\/\/www.em.com.br\/emfoco\/wp-json\/wp\/v2\/users\/13"}],"replies":[{"embeddable":true,"href":"https:\/\/www.em.com.br\/emfoco\/wp-json\/wp\/v2\/comments?post=134754"}],"version-history":[{"count":1,"href":"https:\/\/www.em.com.br\/emfoco\/wp-json\/wp\/v2\/posts\/134754\/revisions"}],"predecessor-version":[{"id":134774,"href":"https:\/\/www.em.com.br\/emfoco\/wp-json\/wp\/v2\/posts\/134754\/revisions\/134774"}],"wp:featuredmedia":[{"embeddable":true,"href":"https:\/\/www.em.com.br\/emfoco\/wp-json\/wp\/v2\/media\/134771"}],"wp:attachment":[{"href":"https:\/\/www.em.com.br\/emfoco\/wp-json\/wp\/v2\/media?parent=134754"}],"wp:term":[{"taxonomy":"category","embeddable":true,"href":"https:\/\/www.em.com.br\/emfoco\/wp-json\/wp\/v2\/categories?post=134754"},{"taxonomy":"post_tag","embeddable":true,"href":"https:\/\/www.em.com.br\/emfoco\/wp-json\/wp\/v2\/tags?post=134754"}],"curies":[{"name":"wp","href":"https:\/\/api.w.org\/{rel}","templated":true}]}}