{"id":134751,"date":"2025-12-04T16:15:00","date_gmt":"2025-12-04T19:15:00","guid":{"rendered":"https:\/\/www.em.com.br\/emfoco\/?p=134751"},"modified":"2025-12-02T18:57:56","modified_gmt":"2025-12-02T21:57:56","slug":"muita-gente-perde-plantas-saudaveis-por-esse-erro-nas-raizes-que-ninguem-enxerga","status":"publish","type":"post","link":"https:\/\/www.em.com.br\/emfoco\/2025\/12\/04\/muita-gente-perde-plantas-saudaveis-por-esse-erro-nas-raizes-que-ninguem-enxerga\/","title":{"rendered":"Muita gente perde plantas saud\u00e1veis por esse erro nas ra\u00edzes que ningu\u00e9m enxerga"},"content":{"rendered":"\n<p>A maior parte das plantas n\u00e3o morre por falta de \u00e1gua ou luz, mas porque as <strong>ra\u00edzes doentes<\/strong> sofrem em sil\u00eancio. Existem sinais discretos que qualquer pessoa pode aprender a interpretar antes que o verde da casa desabe.<\/p>\n\n\n\n<h2 class=\"wp-block-heading\">Por que as ra\u00edzes come\u00e7am a adoecer sem ningu\u00e9m notar?<\/h2>\n\n\n\n<p>Quando o solo permanece encharcado, sem boa <strong>drenagem<\/strong>, as ra\u00edzes deixam de respirar e o excesso de \u00e1gua cria um ambiente perfeito para fungos. Ao mesmo tempo, vasos sem respiro e fertilizante demais sufocam o sistema radicular.<\/p>\n\n\n\n<p>Esses danos come\u00e7am no subterr\u00e2neo, mas surgem primeiro na parte vis\u00edvel: <strong>folhas murchas<\/strong> mesmo com solo \u00famido, amarelamento r\u00e1pido, pontas escuras e cheiro ruim vindo do vaso. S\u00e3o alertas iniciais de que a planta est\u00e1 pedindo socorro.<\/p>\n\n\n\n<figure class=\"wp-block-image size-large\"><img loading=\"lazy\" decoding=\"async\" width=\"1024\" height=\"576\" src=\"https:\/\/www.em.com.br\/emfoco\/wp-content\/uploads\/2025\/12\/Plantas-raizes-morrendo_1764712578002-1024x576.jpg\" alt=\"Muita gente perde plantas saud\u00e1veis por esse erro nas ra\u00edzes que ningu\u00e9m enxerga\" class=\"wp-image-134785\" srcset=\"https:\/\/www.em.com.br\/emfoco\/wp-content\/uploads\/2025\/12\/Plantas-raizes-morrendo_1764712578002-1024x576.jpg 1024w, https:\/\/www.em.com.br\/emfoco\/wp-content\/uploads\/2025\/12\/Plantas-raizes-morrendo_1764712578002-300x169.jpg 300w, https:\/\/www.em.com.br\/emfoco\/wp-content\/uploads\/2025\/12\/Plantas-raizes-morrendo_1764712578002-768x432.jpg 768w, https:\/\/www.em.com.br\/emfoco\/wp-content\/uploads\/2025\/12\/Plantas-raizes-morrendo_1764712578002-750x422.jpg 750w, https:\/\/www.em.com.br\/emfoco\/wp-content\/uploads\/2025\/12\/Plantas-raizes-morrendo_1764712578002-1140x641.jpg 1140w, https:\/\/www.em.com.br\/emfoco\/wp-content\/uploads\/2025\/12\/Plantas-raizes-morrendo_1764712578002.jpg 1280w\" sizes=\"auto, (max-width: 1024px) 100vw, 1024px\" \/><figcaption class=\"wp-element-caption\">Solo encharcado sufoca ra\u00edzes e inicia danos silenciosos na planta &#8211; Cr\u00e9ditos: depositphotos.com \/ GarnaZarina<\/figcaption><\/figure>\n\n\n\n<p><em>Leia mais: <strong><a href=\"https:\/\/www.em.com.br\/emfoco\/2025\/11\/26\/veja-como-nao-matar-sua-orquidea-e-ter-uma-flor-linda-no-seu-jardim\/\" target=\"_blank\" rel=\"noreferrer noopener\">Veja como n\u00e3o matar sua orqu\u00eddea e ter uma flor linda no seu jardim<\/a><\/strong><\/em><\/p>\n\n\n\n<h2 class=\"wp-block-heading\">Quais sinais no vaso mostram que as ra\u00edzes est\u00e3o em perigo?<\/h2>\n\n\n\n<p>Antes de a planta perder for\u00e7a, o pr\u00f3prio <strong>solo<\/strong> revela problemas: superf\u00edcie esverdeada, bolores, textura pesada e \u00famida por dias. Isso indica sufocamento radicular. Veja abaixo os sinais mais claros que aparecem no vaso:<\/p>\n\n\n\n<ul class=\"wp-block-list\">\n<li><strong>Cheiro desagrad\u00e1vel<\/strong>: indica prolifera\u00e7\u00e3o de fungos e podrid\u00e3o interna.<\/li>\n\n\n\n<li><strong>Terra afundando<\/strong>: mostra que partes das ra\u00edzes est\u00e3o apodrecendo.<\/li>\n\n\n\n<li><strong>\u00c1gua parada<\/strong>: revela reten\u00e7\u00e3o extrema que impede o oxig\u00eanio de circular.<\/li>\n<\/ul>\n\n\n\n<h2 class=\"wp-block-heading\">Como identificar rapidamente se a raiz est\u00e1 saud\u00e1vel ou n\u00e3o?<\/h2>\n\n\n\n<p>O \u201cteste da raiz\u201d ajuda na hora: levante a planta com cuidado ou observe o furo de drenagem. <strong>Ra\u00edzes saud\u00e1veis<\/strong> s\u00e3o firmes, claras e crescem com vigor, sinal de que recebem oxig\u00eanio e espa\u00e7o para se desenvolver.<\/p>\n\n\n\n<p>Se as ra\u00edzes aparecem escuras, pastosas ou se desmancham ao toque, h\u00e1 <strong>podrid\u00e3o radicular<\/strong>. Nessa fase, cada minuto conta para evitar que o dano se espalhe para toda a planta.<\/p>\n\n\n\n<figure class=\"wp-block-image size-large\"><img loading=\"lazy\" decoding=\"async\" width=\"1024\" height=\"576\" src=\"https:\/\/www.em.com.br\/emfoco\/wp-content\/uploads\/2025\/12\/Raizes-de-plantas_1764712627868-1024x576.jpg\" alt=\"Muita gente perde plantas saud\u00e1veis por esse erro nas ra\u00edzes que ningu\u00e9m enxerga\" class=\"wp-image-134786\" srcset=\"https:\/\/www.em.com.br\/emfoco\/wp-content\/uploads\/2025\/12\/Raizes-de-plantas_1764712627868-1024x576.jpg 1024w, https:\/\/www.em.com.br\/emfoco\/wp-content\/uploads\/2025\/12\/Raizes-de-plantas_1764712627868-300x169.jpg 300w, https:\/\/www.em.com.br\/emfoco\/wp-content\/uploads\/2025\/12\/Raizes-de-plantas_1764712627868-768x432.jpg 768w, https:\/\/www.em.com.br\/emfoco\/wp-content\/uploads\/2025\/12\/Raizes-de-plantas_1764712627868-750x422.jpg 750w, https:\/\/www.em.com.br\/emfoco\/wp-content\/uploads\/2025\/12\/Raizes-de-plantas_1764712627868-1140x641.jpg 1140w, https:\/\/www.em.com.br\/emfoco\/wp-content\/uploads\/2025\/12\/Raizes-de-plantas_1764712627868.jpg 1280w\" sizes=\"auto, (max-width: 1024px) 100vw, 1024px\" \/><figcaption class=\"wp-element-caption\">Ra\u00edzes claras e firmes indicam boa oxigena\u00e7\u00e3o e crescimento ativo &#8211; Cr\u00e9ditos: depositphotos.com \/ HayDmitriy<\/figcaption><\/figure>\n\n\n\n<h2 class=\"wp-block-heading\">O que fazer imediatamente ao encontrar ra\u00edzes adoecidas?<\/h2>\n\n\n\n<p>Quando a doen\u00e7a estiver presente, \u00e9 essencial agir r\u00e1pido: remover o excesso de terra molhada, cortar partes escuras e replantar em substrato leve. A seguir, algumas <strong>dicas pr\u00e1ticas<\/strong> que aceleram a recupera\u00e7\u00e3o:<\/p>\n\n\n\n<ul class=\"wp-block-list\">\n<li>Use vaso com furos e camada drenante, evitando \u00e1gua acumulada.<\/li>\n\n\n\n<li>Regue apenas quando o solo estiver quase seco, mantendo o oxig\u00eanio ativo.<\/li>\n\n\n\n<li>Lave as ra\u00edzes ao replantar para eliminar fungos invis\u00edveis.<\/li>\n<\/ul>\n\n\n\n<p><strong>As plantas sempre avisam antes de morrer<\/strong> \u2014 basta saber ouvir o que as ra\u00edzes est\u00e3o dizendo. Identificar o problema cedo transforma qualquer pessoa em algu\u00e9m capaz de recuperar at\u00e9 as plantas que pareciam perdidas, devolvendo for\u00e7a, crescimento e vida ao verde da casa.<\/p>\n","protected":false},"excerpt":{"rendered":"<p>A maior parte das plantas n\u00e3o morre por falta de \u00e1gua ou luz, mas porque as ra\u00edzes doentes sofrem em sil\u00eancio. Existem sinais discretos que qualquer pessoa pode aprender a interpretar antes que o verde da casa desabe. Por que as ra\u00edzes come\u00e7am a adoecer sem ningu\u00e9m notar? Quando o solo permanece encharcado, sem boa [&hellip;]<\/p>\n","protected":false},"author":13,"featured_media":134784,"comment_status":"open","ping_status":"open","sticky":false,"template":"","format":"standard","meta":{"jnews-multi-image_gallery":[],"jnews_single_post":{"format":"standard"},"jnews_primary_category":[],"jnews_social_meta":[],"jnews_override_counter":[],"footnotes":""},"categories":[8819],"tags":[16172,3358,19650],"class_list":["post-134751","post","type-post","status-publish","format-standard","has-post-thumbnail","hentry","category-curiosidades","tag-cuidados-com-as-plantas","tag-jardinagem","tag-raizes-doentes"],"yoast_head":"<!-- This site is optimized with the Yoast SEO plugin v23.8 - https:\/\/yoast.com\/wordpress\/plugins\/seo\/ -->\n<title>Muita gente perde plantas saud\u00e1veis por esse erro nas ra\u00edzes que ningu\u00e9m enxerga - Estado de Minas - Em foco<\/title>\n<meta name=\"description\" content=\"A raiz do problema pode estar escondida. Veja os sinais que indicam que sua planta est\u00e1 doente antes mesmo de ela murchar.\" \/>\n<meta name=\"robots\" content=\"index, follow, max-snippet:-1, max-image-preview:large, max-video-preview:-1\" \/>\n<link rel=\"canonical\" href=\"https:\/\/www.em.com.br\/emfoco\/2025\/12\/04\/muita-gente-perde-plantas-saudaveis-por-esse-erro-nas-raizes-que-ninguem-enxerga\/\" \/>\n<meta property=\"og:locale\" content=\"pt_BR\" \/>\n<meta property=\"og:type\" content=\"article\" \/>\n<meta property=\"og:title\" content=\"Muita gente perde plantas saud\u00e1veis por esse erro nas ra\u00edzes que ningu\u00e9m enxerga - Estado de Minas - Em foco\" \/>\n<meta property=\"og:description\" content=\"A raiz do problema pode estar escondida. Veja os sinais que indicam que sua planta est\u00e1 doente antes mesmo de ela murchar.\" \/>\n<meta property=\"og:url\" content=\"https:\/\/www.em.com.br\/emfoco\/2025\/12\/04\/muita-gente-perde-plantas-saudaveis-por-esse-erro-nas-raizes-que-ninguem-enxerga\/\" \/>\n<meta property=\"og:site_name\" content=\"Estado de Minas - Em foco\" \/>\n<meta property=\"article:published_time\" content=\"2025-12-04T19:15:00+00:00\" \/>\n<meta property=\"article:modified_time\" content=\"2025-12-02T21:57:56+00:00\" \/>\n<meta property=\"og:image\" content=\"https:\/\/www.em.com.br\/emfoco\/wp-content\/uploads\/2025\/12\/Plantas-morrendo_1764712533369.jpg\" \/>\n\t<meta property=\"og:image:width\" content=\"1280\" \/>\n\t<meta property=\"og:image:height\" content=\"720\" \/>\n\t<meta property=\"og:image:type\" content=\"image\/jpeg\" \/>\n<meta name=\"author\" content=\"Gabriel Martins\" \/>\n<meta name=\"twitter:card\" content=\"summary_large_image\" \/>\n<meta name=\"twitter:label1\" content=\"Escrito por\" \/>\n\t<meta name=\"twitter:data1\" content=\"Gabriel Martins\" \/>\n\t<meta name=\"twitter:label2\" content=\"Est. tempo de leitura\" \/>\n\t<meta name=\"twitter:data2\" content=\"3 minutos\" \/>\n<!-- \/ Yoast SEO plugin. -->","yoast_head_json":{"title":"Muita gente perde plantas saud\u00e1veis por esse erro nas ra\u00edzes que ningu\u00e9m enxerga - Estado de Minas - Em foco","description":"A raiz do problema pode estar escondida. Veja os sinais que indicam que sua planta est\u00e1 doente antes mesmo de ela murchar.","robots":{"index":"index","follow":"follow","max-snippet":"max-snippet:-1","max-image-preview":"max-image-preview:large","max-video-preview":"max-video-preview:-1"},"canonical":"https:\/\/www.em.com.br\/emfoco\/2025\/12\/04\/muita-gente-perde-plantas-saudaveis-por-esse-erro-nas-raizes-que-ninguem-enxerga\/","og_locale":"pt_BR","og_type":"article","og_title":"Muita gente perde plantas saud\u00e1veis por esse erro nas ra\u00edzes que ningu\u00e9m enxerga - Estado de Minas - Em foco","og_description":"A raiz do problema pode estar escondida. Veja os sinais que indicam que sua planta est\u00e1 doente antes mesmo de ela murchar.","og_url":"https:\/\/www.em.com.br\/emfoco\/2025\/12\/04\/muita-gente-perde-plantas-saudaveis-por-esse-erro-nas-raizes-que-ninguem-enxerga\/","og_site_name":"Estado de Minas - Em foco","article_published_time":"2025-12-04T19:15:00+00:00","article_modified_time":"2025-12-02T21:57:56+00:00","og_image":[{"width":1280,"height":720,"url":"https:\/\/www.em.com.br\/emfoco\/wp-content\/uploads\/2025\/12\/Plantas-morrendo_1764712533369.jpg","type":"image\/jpeg"}],"author":"Gabriel Martins","twitter_card":"summary_large_image","twitter_misc":{"Escrito por":"Gabriel Martins","Est. tempo de leitura":"3 minutos"},"schema":{"@context":"https:\/\/schema.org","@graph":[{"@type":"WebPage","@id":"https:\/\/www.em.com.br\/emfoco\/2025\/12\/04\/muita-gente-perde-plantas-saudaveis-por-esse-erro-nas-raizes-que-ninguem-enxerga\/","url":"https:\/\/www.em.com.br\/emfoco\/2025\/12\/04\/muita-gente-perde-plantas-saudaveis-por-esse-erro-nas-raizes-que-ninguem-enxerga\/","name":"Muita gente perde plantas saud\u00e1veis por esse erro nas ra\u00edzes que ningu\u00e9m enxerga - Estado de Minas - Em foco","isPartOf":{"@id":"https:\/\/www.em.com.br\/emfoco\/#website"},"primaryImageOfPage":{"@id":"https:\/\/www.em.com.br\/emfoco\/2025\/12\/04\/muita-gente-perde-plantas-saudaveis-por-esse-erro-nas-raizes-que-ninguem-enxerga\/#primaryimage"},"image":{"@id":"https:\/\/www.em.com.br\/emfoco\/2025\/12\/04\/muita-gente-perde-plantas-saudaveis-por-esse-erro-nas-raizes-que-ninguem-enxerga\/#primaryimage"},"thumbnailUrl":"https:\/\/www.em.com.br\/emfoco\/wp-content\/uploads\/2025\/12\/Plantas-morrendo_1764712533369.jpg","datePublished":"2025-12-04T19:15:00+00:00","dateModified":"2025-12-02T21:57:56+00:00","author":{"@id":"https:\/\/www.em.com.br\/emfoco\/#\/schema\/person\/1c9ddeab18b98abeffef834667bcf08a"},"description":"A raiz do problema pode estar escondida. Veja os sinais que indicam que sua planta est\u00e1 doente antes mesmo de ela murchar.","breadcrumb":{"@id":"https:\/\/www.em.com.br\/emfoco\/2025\/12\/04\/muita-gente-perde-plantas-saudaveis-por-esse-erro-nas-raizes-que-ninguem-enxerga\/#breadcrumb"},"inLanguage":"pt-BR","potentialAction":[{"@type":"ReadAction","target":["https:\/\/www.em.com.br\/emfoco\/2025\/12\/04\/muita-gente-perde-plantas-saudaveis-por-esse-erro-nas-raizes-que-ninguem-enxerga\/"]}]},{"@type":"ImageObject","inLanguage":"pt-BR","@id":"https:\/\/www.em.com.br\/emfoco\/2025\/12\/04\/muita-gente-perde-plantas-saudaveis-por-esse-erro-nas-raizes-que-ninguem-enxerga\/#primaryimage","url":"https:\/\/www.em.com.br\/emfoco\/wp-content\/uploads\/2025\/12\/Plantas-morrendo_1764712533369.jpg","contentUrl":"https:\/\/www.em.com.br\/emfoco\/wp-content\/uploads\/2025\/12\/Plantas-morrendo_1764712533369.jpg","width":1280,"height":720,"caption":"Ra\u00edzes sufocadas avisam antes de morrer, e reconhecer sinais salva plantas - Cr\u00e9ditos: depositphotos.com \/ artrecphotography"},{"@type":"BreadcrumbList","@id":"https:\/\/www.em.com.br\/emfoco\/2025\/12\/04\/muita-gente-perde-plantas-saudaveis-por-esse-erro-nas-raizes-que-ninguem-enxerga\/#breadcrumb","itemListElement":[{"@type":"ListItem","position":1,"name":"In\u00edcio","item":"https:\/\/www.em.com.br\/emfoco\/"},{"@type":"ListItem","position":2,"name":"Muita gente perde plantas saud\u00e1veis por esse erro nas ra\u00edzes que ningu\u00e9m enxerga"}]},{"@type":"WebSite","@id":"https:\/\/www.em.com.br\/emfoco\/#website","url":"https:\/\/www.em.com.br\/emfoco\/","name":"Estado de Minas - Em foco","description":"Acompanhe as \u00faltimas not\u00edcias e fique bem informado sobre tudo o que acontece em Minas Gerais, Brasil e no mundo.","potentialAction":[{"@type":"SearchAction","target":{"@type":"EntryPoint","urlTemplate":"https:\/\/www.em.com.br\/emfoco\/?s={search_term_string}"},"query-input":{"@type":"PropertyValueSpecification","valueRequired":true,"valueName":"search_term_string"}}],"inLanguage":"pt-BR"},{"@type":"Person","@id":"https:\/\/www.em.com.br\/emfoco\/#\/schema\/person\/1c9ddeab18b98abeffef834667bcf08a","name":"Gabriel Martins","image":{"@type":"ImageObject","inLanguage":"pt-BR","@id":"https:\/\/www.em.com.br\/emfoco\/#\/schema\/person\/image\/","url":"https:\/\/secure.gravatar.com\/avatar\/f0f1e2efdfd88f1ad2cb08c5c2731e50?s=96&d=mm&r=g","contentUrl":"https:\/\/secure.gravatar.com\/avatar\/f0f1e2efdfd88f1ad2cb08c5c2731e50?s=96&d=mm&r=g","caption":"Gabriel Martins"},"sameAs":["https:\/\/www.em.com.br\/emfoco\/"],"url":"https:\/\/www.em.com.br\/emfoco\/author\/gabrielmartinsmyth\/"}]}},"_links":{"self":[{"href":"https:\/\/www.em.com.br\/emfoco\/wp-json\/wp\/v2\/posts\/134751","targetHints":{"allow":["GET"]}}],"collection":[{"href":"https:\/\/www.em.com.br\/emfoco\/wp-json\/wp\/v2\/posts"}],"about":[{"href":"https:\/\/www.em.com.br\/emfoco\/wp-json\/wp\/v2\/types\/post"}],"author":[{"embeddable":true,"href":"https:\/\/www.em.com.br\/emfoco\/wp-json\/wp\/v2\/users\/13"}],"replies":[{"embeddable":true,"href":"https:\/\/www.em.com.br\/emfoco\/wp-json\/wp\/v2\/comments?post=134751"}],"version-history":[{"count":1,"href":"https:\/\/www.em.com.br\/emfoco\/wp-json\/wp\/v2\/posts\/134751\/revisions"}],"predecessor-version":[{"id":134787,"href":"https:\/\/www.em.com.br\/emfoco\/wp-json\/wp\/v2\/posts\/134751\/revisions\/134787"}],"wp:featuredmedia":[{"embeddable":true,"href":"https:\/\/www.em.com.br\/emfoco\/wp-json\/wp\/v2\/media\/134784"}],"wp:attachment":[{"href":"https:\/\/www.em.com.br\/emfoco\/wp-json\/wp\/v2\/media?parent=134751"}],"wp:term":[{"taxonomy":"category","embeddable":true,"href":"https:\/\/www.em.com.br\/emfoco\/wp-json\/wp\/v2\/categories?post=134751"},{"taxonomy":"post_tag","embeddable":true,"href":"https:\/\/www.em.com.br\/emfoco\/wp-json\/wp\/v2\/tags?post=134751"}],"curies":[{"name":"wp","href":"https:\/\/api.w.org\/{rel}","templated":true}]}}