{"id":134749,"date":"2025-12-04T14:05:00","date_gmt":"2025-12-04T17:05:00","guid":{"rendered":"https:\/\/www.em.com.br\/emfoco\/?p=134749"},"modified":"2025-12-02T18:50:31","modified_gmt":"2025-12-02T21:50:31","slug":"o-melhor-serum-para-pele-seca-apos-os-40-que-nao-pesa-e-hidrata-de-verdade","status":"publish","type":"post","link":"https:\/\/www.em.com.br\/emfoco\/2025\/12\/04\/o-melhor-serum-para-pele-seca-apos-os-40-que-nao-pesa-e-hidrata-de-verdade\/","title":{"rendered":"O melhor s\u00e9rum para pele seca ap\u00f3s os 40 que n\u00e3o pesa e hidrata de verdade"},"content":{"rendered":"\n<p>Peles secas acima dos 40 anos podem perder luminosidade e elasticidade mais r\u00e1pido, mas o <strong>s\u00e9rum de rosa mosqueta<\/strong> oferece um brilho saud\u00e1vel e natural sem pesar, hidratando profundamente a pele madura com um toque suave e confort\u00e1vel.<\/p>\n\n\n\n<h2 class=\"wp-block-heading\">Por que peles secas ap\u00f3s os 40 perdem tanto vi\u00e7o?<\/h2>\n\n\n\n<p>Com o tempo, a pele produz menos lip\u00eddios, fazendo o rosto ficar mais opaco e com sensa\u00e7\u00e3o de repuxamento. Ingredientes que refor\u00e7am a <strong>barreira cut\u00e2nea<\/strong> se tornam essenciais para recuperar o conforto perdido depois dos 40 anos.<\/p>\n\n\n\n<p>Al\u00e9m do ressecamento, surgem pequenas linhas, textura \u00e1spera e manchas que tiram o visual jovem. Ativos nutritivos com <strong><a href=\"https:\/\/www.tuasaude.com\/alimentos-ricos-em-vitamina-a\/\" target=\"_blank\" rel=\"noreferrer noopener\">vitamina A natural<\/a><\/strong> ajudam a renovar e devolver aquela maciez que vem de dentro, sem brilho oleoso ou excessos.<\/p>\n\n\n\n<figure class=\"wp-block-image size-large\"><img loading=\"lazy\" decoding=\"async\" width=\"1024\" height=\"576\" src=\"https:\/\/www.em.com.br\/emfoco\/wp-content\/uploads\/2025\/12\/Serum-para-pele_1764712161332-1024x576.jpg\" alt=\"O melhor s\u00e9rum para pele seca ap\u00f3s os 40 que n\u00e3o pesa e hidrata de verdade\" class=\"wp-image-134776\" srcset=\"https:\/\/www.em.com.br\/emfoco\/wp-content\/uploads\/2025\/12\/Serum-para-pele_1764712161332-1024x576.jpg 1024w, https:\/\/www.em.com.br\/emfoco\/wp-content\/uploads\/2025\/12\/Serum-para-pele_1764712161332-300x169.jpg 300w, https:\/\/www.em.com.br\/emfoco\/wp-content\/uploads\/2025\/12\/Serum-para-pele_1764712161332-768x432.jpg 768w, https:\/\/www.em.com.br\/emfoco\/wp-content\/uploads\/2025\/12\/Serum-para-pele_1764712161332-750x422.jpg 750w, https:\/\/www.em.com.br\/emfoco\/wp-content\/uploads\/2025\/12\/Serum-para-pele_1764712161332-1140x641.jpg 1140w, https:\/\/www.em.com.br\/emfoco\/wp-content\/uploads\/2025\/12\/Serum-para-pele_1764712161332.jpg 1280w\" sizes=\"auto, (max-width: 1024px) 100vw, 1024px\" \/><figcaption class=\"wp-element-caption\">A pele perde lip\u00eddios essenciais e fica opaca mais rapidamente &#8211; Cr\u00e9ditos: depositphotos.com \/ IgorVetushko<\/figcaption><\/figure>\n\n\n\n<h2 class=\"wp-block-heading\">Como o s\u00e9rum natural ajuda a devolver o vi\u00e7o da pele?<\/h2>\n\n\n\n<p>Rico em \u00e1cidos graxos e antioxidantes, esse s\u00e9rum atua direto no ressecamento profundo, reduzindo <strong>opacidade e descama\u00e7\u00f5es<\/strong>. Ele cria um vi\u00e7o elegante, resultado de hidrata\u00e7\u00e3o real que melhora textura e elasticidade. Entre seus principais diferenciais est\u00e3o os itens abaixo.<\/p>\n\n\n\n<ul class=\"wp-block-list\">\n<li><strong>Renova\u00e7\u00e3o celular<\/strong>: suaviza linhas finas e melhora manchas iniciais da pele madura.<\/li>\n\n\n\n<li><strong>Reposi\u00e7\u00e3o de lip\u00eddios<\/strong>: devolve maciez e fortalece a barreira protetora.<\/li>\n\n\n\n<li><strong>Absor\u00e7\u00e3o r\u00e1pida<\/strong>: n\u00e3o pesa, n\u00e3o gruda e pode ser usado com hidratante.<\/li>\n<\/ul>\n\n\n\n<p><em>Leia mais: <strong><a href=\"https:\/\/www.em.com.br\/emfoco\/2025\/12\/02\/cansada-do-frizz-constante-encontrei-um-jeito-de-alinhar-o-cabelo-sem-quimica\/\" target=\"_blank\" rel=\"noreferrer noopener\">Cansada do frizz constante? Encontrei um jeito de alinhar o cabelo sem qu\u00edmica<\/a><\/strong><\/em><\/p>\n\n\n\n<h2 class=\"wp-block-heading\">Quais benef\u00edcios o s\u00e9rum oferece no dia a dia da pele madura?<\/h2>\n\n\n\n<p>Com uso cont\u00ednuo, a pele fica mais firme e iluminada, pois os antioxidantes combatem danos que deixam o rosto sem vida. O toque sedoso refor\u00e7a a sensa\u00e7\u00e3o de <strong>hidrata\u00e7\u00e3o profunda<\/strong> j\u00e1 nas primeiras semanas de uso.<\/p>\n\n\n\n<p>Mulheres acima dos 40 relatam melhora r\u00e1pida na <strong>textura cut\u00e2nea<\/strong>, com redu\u00e7\u00e3o do aspecto ressecado que marca a maquiagem e evidencia rugas. O brilho fica mais uniforme, com rosto confort\u00e1vel ao longo do dia.<\/p>\n\n\n\n<figure class=\"wp-block-image size-large\"><img loading=\"lazy\" decoding=\"async\" width=\"1024\" height=\"576\" src=\"https:\/\/www.em.com.br\/emfoco\/wp-content\/uploads\/2025\/12\/Serum-para-pele_1764712199733-1024x576.jpg\" alt=\"O melhor s\u00e9rum para pele seca ap\u00f3s os 40 que n\u00e3o pesa e hidrata de verdade\" class=\"wp-image-134777\" srcset=\"https:\/\/www.em.com.br\/emfoco\/wp-content\/uploads\/2025\/12\/Serum-para-pele_1764712199733-1024x576.jpg 1024w, https:\/\/www.em.com.br\/emfoco\/wp-content\/uploads\/2025\/12\/Serum-para-pele_1764712199733-300x169.jpg 300w, https:\/\/www.em.com.br\/emfoco\/wp-content\/uploads\/2025\/12\/Serum-para-pele_1764712199733-768x432.jpg 768w, https:\/\/www.em.com.br\/emfoco\/wp-content\/uploads\/2025\/12\/Serum-para-pele_1764712199733-750x422.jpg 750w, https:\/\/www.em.com.br\/emfoco\/wp-content\/uploads\/2025\/12\/Serum-para-pele_1764712199733-1140x641.jpg 1140w, https:\/\/www.em.com.br\/emfoco\/wp-content\/uploads\/2025\/12\/Serum-para-pele_1764712199733.jpg 1280w\" sizes=\"auto, (max-width: 1024px) 100vw, 1024px\" \/><figcaption class=\"wp-element-caption\">O uso cont\u00ednuo melhora textura, firmeza e brilho natural da pele seca &#8211; Cr\u00e9ditos: depositphotos.com \/ IgorVetushko<\/figcaption><\/figure>\n\n\n\n<h2 class=\"wp-block-heading\">Como usar o s\u00e9rum para conquistar um brilho jovem?<\/h2>\n\n\n\n<p>Para potencializar resultados, \u00e9 importante aplicar 2 a 4 gotas \u00e0 noite com movimentos ascendentes no rosto limpo e, pela manh\u00e3, usar <strong>protetor solar<\/strong>. Veja abaixo orienta\u00e7\u00f5es simples para aproveitar tudo o que ele oferece.<\/p>\n\n\n\n<ul class=\"wp-block-list\">\n<li><strong>Misturar ao hidratante<\/strong> quando a pele estiver muito seca, refor\u00e7ando nutri\u00e7\u00e3o.<\/li>\n\n\n\n<li><strong>Evitar \u00e1rea dos olhos<\/strong> se houver sensibilidade, j\u00e1 que promove renova\u00e7\u00e3o intensa.<\/li>\n\n\n\n<li><strong>Const\u00e2ncia<\/strong>: uso di\u00e1rio acende uma luz interna na pele, devolvendo vitalidade e frescor.<\/li>\n<\/ul>\n","protected":false},"excerpt":{"rendered":"<p>Peles secas acima dos 40 anos podem perder luminosidade e elasticidade mais r\u00e1pido, mas o s\u00e9rum de rosa mosqueta oferece um brilho saud\u00e1vel e natural sem pesar, hidratando profundamente a pele madura com um toque suave e confort\u00e1vel. Por que peles secas ap\u00f3s os 40 perdem tanto vi\u00e7o? Com o tempo, a pele produz menos [&hellip;]<\/p>\n","protected":false},"author":13,"featured_media":134775,"comment_status":"open","ping_status":"open","sticky":false,"template":"","format":"standard","meta":{"jnews-multi-image_gallery":[],"jnews_single_post":{"format":"standard"},"jnews_primary_category":[],"jnews_social_meta":[],"jnews_override_counter":[],"footnotes":""},"categories":[8819],"tags":[712,4939,19649],"class_list":["post-134749","post","type-post","status-publish","format-standard","has-post-thumbnail","hentry","category-curiosidades","tag-autocuidado","tag-cuidados-com-a-pele","tag-serum-de-rosa-mosqueta"],"yoast_head":"<!-- This site is optimized with the Yoast SEO plugin v23.8 - https:\/\/yoast.com\/wordpress\/plugins\/seo\/ -->\n<title>O melhor s\u00e9rum para pele seca ap\u00f3s os 40 que n\u00e3o pesa e hidrata de verdade - Estado de Minas - Em foco<\/title>\n<meta name=\"description\" content=\"Pele seca acima dos 40 ganha nova vida com s\u00e9rum de rosa mosqueta que hidrata, ilumina e suaviza sem deixar brilho oleoso.\" \/>\n<meta name=\"robots\" content=\"index, follow, max-snippet:-1, max-image-preview:large, max-video-preview:-1\" \/>\n<link rel=\"canonical\" href=\"https:\/\/www.em.com.br\/emfoco\/2025\/12\/04\/o-melhor-serum-para-pele-seca-apos-os-40-que-nao-pesa-e-hidrata-de-verdade\/\" \/>\n<meta property=\"og:locale\" content=\"pt_BR\" \/>\n<meta property=\"og:type\" content=\"article\" \/>\n<meta property=\"og:title\" content=\"O melhor s\u00e9rum para pele seca ap\u00f3s os 40 que n\u00e3o pesa e hidrata de verdade - Estado de Minas - Em foco\" \/>\n<meta property=\"og:description\" content=\"Pele seca acima dos 40 ganha nova vida com s\u00e9rum de rosa mosqueta que hidrata, ilumina e suaviza sem deixar brilho oleoso.\" \/>\n<meta property=\"og:url\" content=\"https:\/\/www.em.com.br\/emfoco\/2025\/12\/04\/o-melhor-serum-para-pele-seca-apos-os-40-que-nao-pesa-e-hidrata-de-verdade\/\" \/>\n<meta property=\"og:site_name\" content=\"Estado de Minas - Em foco\" \/>\n<meta property=\"article:published_time\" content=\"2025-12-04T17:05:00+00:00\" \/>\n<meta property=\"article:modified_time\" content=\"2025-12-02T21:50:31+00:00\" \/>\n<meta property=\"og:image\" content=\"https:\/\/www.em.com.br\/emfoco\/wp-content\/uploads\/2025\/12\/Serum-para-pele_1764712126386.jpg\" \/>\n\t<meta property=\"og:image:width\" content=\"1280\" \/>\n\t<meta property=\"og:image:height\" content=\"720\" \/>\n\t<meta property=\"og:image:type\" content=\"image\/jpeg\" \/>\n<meta name=\"author\" content=\"Gabriel Martins\" \/>\n<meta name=\"twitter:card\" content=\"summary_large_image\" \/>\n<meta name=\"twitter:label1\" content=\"Escrito por\" \/>\n\t<meta name=\"twitter:data1\" content=\"Gabriel Martins\" \/>\n\t<meta name=\"twitter:label2\" content=\"Est. tempo de leitura\" \/>\n\t<meta name=\"twitter:data2\" content=\"3 minutos\" \/>\n<!-- \/ Yoast SEO plugin. -->","yoast_head_json":{"title":"O melhor s\u00e9rum para pele seca ap\u00f3s os 40 que n\u00e3o pesa e hidrata de verdade - Estado de Minas - Em foco","description":"Pele seca acima dos 40 ganha nova vida com s\u00e9rum de rosa mosqueta que hidrata, ilumina e suaviza sem deixar brilho oleoso.","robots":{"index":"index","follow":"follow","max-snippet":"max-snippet:-1","max-image-preview":"max-image-preview:large","max-video-preview":"max-video-preview:-1"},"canonical":"https:\/\/www.em.com.br\/emfoco\/2025\/12\/04\/o-melhor-serum-para-pele-seca-apos-os-40-que-nao-pesa-e-hidrata-de-verdade\/","og_locale":"pt_BR","og_type":"article","og_title":"O melhor s\u00e9rum para pele seca ap\u00f3s os 40 que n\u00e3o pesa e hidrata de verdade - Estado de Minas - Em foco","og_description":"Pele seca acima dos 40 ganha nova vida com s\u00e9rum de rosa mosqueta que hidrata, ilumina e suaviza sem deixar brilho oleoso.","og_url":"https:\/\/www.em.com.br\/emfoco\/2025\/12\/04\/o-melhor-serum-para-pele-seca-apos-os-40-que-nao-pesa-e-hidrata-de-verdade\/","og_site_name":"Estado de Minas - Em foco","article_published_time":"2025-12-04T17:05:00+00:00","article_modified_time":"2025-12-02T21:50:31+00:00","og_image":[{"width":1280,"height":720,"url":"https:\/\/www.em.com.br\/emfoco\/wp-content\/uploads\/2025\/12\/Serum-para-pele_1764712126386.jpg","type":"image\/jpeg"}],"author":"Gabriel Martins","twitter_card":"summary_large_image","twitter_misc":{"Escrito por":"Gabriel Martins","Est. tempo de leitura":"3 minutos"},"schema":{"@context":"https:\/\/schema.org","@graph":[{"@type":"WebPage","@id":"https:\/\/www.em.com.br\/emfoco\/2025\/12\/04\/o-melhor-serum-para-pele-seca-apos-os-40-que-nao-pesa-e-hidrata-de-verdade\/","url":"https:\/\/www.em.com.br\/emfoco\/2025\/12\/04\/o-melhor-serum-para-pele-seca-apos-os-40-que-nao-pesa-e-hidrata-de-verdade\/","name":"O melhor s\u00e9rum para pele seca ap\u00f3s os 40 que n\u00e3o pesa e hidrata de verdade - Estado de Minas - Em foco","isPartOf":{"@id":"https:\/\/www.em.com.br\/emfoco\/#website"},"primaryImageOfPage":{"@id":"https:\/\/www.em.com.br\/emfoco\/2025\/12\/04\/o-melhor-serum-para-pele-seca-apos-os-40-que-nao-pesa-e-hidrata-de-verdade\/#primaryimage"},"image":{"@id":"https:\/\/www.em.com.br\/emfoco\/2025\/12\/04\/o-melhor-serum-para-pele-seca-apos-os-40-que-nao-pesa-e-hidrata-de-verdade\/#primaryimage"},"thumbnailUrl":"https:\/\/www.em.com.br\/emfoco\/wp-content\/uploads\/2025\/12\/Serum-para-pele_1764712126386.jpg","datePublished":"2025-12-04T17:05:00+00:00","dateModified":"2025-12-02T21:50:31+00:00","author":{"@id":"https:\/\/www.em.com.br\/emfoco\/#\/schema\/person\/1c9ddeab18b98abeffef834667bcf08a"},"description":"Pele seca acima dos 40 ganha nova vida com s\u00e9rum de rosa mosqueta que hidrata, ilumina e suaviza sem deixar brilho oleoso.","breadcrumb":{"@id":"https:\/\/www.em.com.br\/emfoco\/2025\/12\/04\/o-melhor-serum-para-pele-seca-apos-os-40-que-nao-pesa-e-hidrata-de-verdade\/#breadcrumb"},"inLanguage":"pt-BR","potentialAction":[{"@type":"ReadAction","target":["https:\/\/www.em.com.br\/emfoco\/2025\/12\/04\/o-melhor-serum-para-pele-seca-apos-os-40-que-nao-pesa-e-hidrata-de-verdade\/"]}]},{"@type":"ImageObject","inLanguage":"pt-BR","@id":"https:\/\/www.em.com.br\/emfoco\/2025\/12\/04\/o-melhor-serum-para-pele-seca-apos-os-40-que-nao-pesa-e-hidrata-de-verdade\/#primaryimage","url":"https:\/\/www.em.com.br\/emfoco\/wp-content\/uploads\/2025\/12\/Serum-para-pele_1764712126386.jpg","contentUrl":"https:\/\/www.em.com.br\/emfoco\/wp-content\/uploads\/2025\/12\/Serum-para-pele_1764712126386.jpg","width":1280,"height":720,"caption":"O s\u00e9rum de rosa mosqueta devolve vi\u00e7o e hidrata\u00e7\u00e3o profunda \u00e0 pele seca 40+ - Cr\u00e9ditos: depositphotos.com \/ Svetography"},{"@type":"BreadcrumbList","@id":"https:\/\/www.em.com.br\/emfoco\/2025\/12\/04\/o-melhor-serum-para-pele-seca-apos-os-40-que-nao-pesa-e-hidrata-de-verdade\/#breadcrumb","itemListElement":[{"@type":"ListItem","position":1,"name":"In\u00edcio","item":"https:\/\/www.em.com.br\/emfoco\/"},{"@type":"ListItem","position":2,"name":"O melhor s\u00e9rum para pele seca ap\u00f3s os 40 que n\u00e3o pesa e hidrata de verdade"}]},{"@type":"WebSite","@id":"https:\/\/www.em.com.br\/emfoco\/#website","url":"https:\/\/www.em.com.br\/emfoco\/","name":"Estado de Minas - Em foco","description":"Acompanhe as \u00faltimas not\u00edcias e fique bem informado sobre tudo o que acontece em Minas Gerais, Brasil e no mundo.","potentialAction":[{"@type":"SearchAction","target":{"@type":"EntryPoint","urlTemplate":"https:\/\/www.em.com.br\/emfoco\/?s={search_term_string}"},"query-input":{"@type":"PropertyValueSpecification","valueRequired":true,"valueName":"search_term_string"}}],"inLanguage":"pt-BR"},{"@type":"Person","@id":"https:\/\/www.em.com.br\/emfoco\/#\/schema\/person\/1c9ddeab18b98abeffef834667bcf08a","name":"Gabriel Martins","image":{"@type":"ImageObject","inLanguage":"pt-BR","@id":"https:\/\/www.em.com.br\/emfoco\/#\/schema\/person\/image\/","url":"https:\/\/secure.gravatar.com\/avatar\/f0f1e2efdfd88f1ad2cb08c5c2731e50?s=96&d=mm&r=g","contentUrl":"https:\/\/secure.gravatar.com\/avatar\/f0f1e2efdfd88f1ad2cb08c5c2731e50?s=96&d=mm&r=g","caption":"Gabriel Martins"},"sameAs":["https:\/\/www.em.com.br\/emfoco\/"],"url":"https:\/\/www.em.com.br\/emfoco\/author\/gabrielmartinsmyth\/"}]}},"_links":{"self":[{"href":"https:\/\/www.em.com.br\/emfoco\/wp-json\/wp\/v2\/posts\/134749","targetHints":{"allow":["GET"]}}],"collection":[{"href":"https:\/\/www.em.com.br\/emfoco\/wp-json\/wp\/v2\/posts"}],"about":[{"href":"https:\/\/www.em.com.br\/emfoco\/wp-json\/wp\/v2\/types\/post"}],"author":[{"embeddable":true,"href":"https:\/\/www.em.com.br\/emfoco\/wp-json\/wp\/v2\/users\/13"}],"replies":[{"embeddable":true,"href":"https:\/\/www.em.com.br\/emfoco\/wp-json\/wp\/v2\/comments?post=134749"}],"version-history":[{"count":1,"href":"https:\/\/www.em.com.br\/emfoco\/wp-json\/wp\/v2\/posts\/134749\/revisions"}],"predecessor-version":[{"id":134778,"href":"https:\/\/www.em.com.br\/emfoco\/wp-json\/wp\/v2\/posts\/134749\/revisions\/134778"}],"wp:featuredmedia":[{"embeddable":true,"href":"https:\/\/www.em.com.br\/emfoco\/wp-json\/wp\/v2\/media\/134775"}],"wp:attachment":[{"href":"https:\/\/www.em.com.br\/emfoco\/wp-json\/wp\/v2\/media?parent=134749"}],"wp:term":[{"taxonomy":"category","embeddable":true,"href":"https:\/\/www.em.com.br\/emfoco\/wp-json\/wp\/v2\/categories?post=134749"},{"taxonomy":"post_tag","embeddable":true,"href":"https:\/\/www.em.com.br\/emfoco\/wp-json\/wp\/v2\/tags?post=134749"}],"curies":[{"name":"wp","href":"https:\/\/api.w.org\/{rel}","templated":true}]}}