{"id":134710,"date":"2025-12-04T09:25:00","date_gmt":"2025-12-04T12:25:00","guid":{"rendered":"https:\/\/www.em.com.br\/emfoco\/?p=134710"},"modified":"2025-12-02T17:46:51","modified_gmt":"2025-12-02T20:46:51","slug":"as-cores-de-cabelo-que-prometem-dominar-e-rejuvenescer-mulheres-40-em-2026","status":"publish","type":"post","link":"https:\/\/www.em.com.br\/emfoco\/2025\/12\/04\/as-cores-de-cabelo-que-prometem-dominar-e-rejuvenescer-mulheres-40-em-2026\/","title":{"rendered":"As cores de cabelo que prometem dominar e rejuvenescer mulheres 40+ em 2026"},"content":{"rendered":"\n<p>Em 2026, a busca por um visual elegante crescer\u00e1 entre mulheres 40+, que preferem uma <strong>cor de cabelo natural<\/strong> e sofisticada. Tons suaves e luminosos ganham espa\u00e7o por rejuvenesc\u00ea-las sem exageros ou apar\u00eancia artificial.<\/p>\n\n\n\n<h2 class=\"wp-block-heading\">Por que tons naturais ser\u00e3o os preferidos das mulheres 40+?<\/h2>\n\n\n\n<p>A tend\u00eancia de 2026 impulsiona cores equilibradas, como o <strong>castanho avel\u00e3<\/strong> e o mel suave, que entregam brilho sem perder naturalidade. Esses tons valorizam a maturidade com eleg\u00e2ncia e mant\u00eam a identidade visual sem esfor\u00e7o excessivo.<\/p>\n\n\n\n<p>Profissionais destacam que cores discretas reduzem a necessidade de manuten\u00e7\u00e3o e camuflam fios brancos com <strong>harmonia<\/strong>. Elas criam um efeito rejuvenescido, luminoso e pr\u00e1tico para a rotina corrida de quem passou dos 40.<\/p>\n\n\n\n<figure class=\"wp-block-image size-large\"><img loading=\"lazy\" decoding=\"async\" width=\"1024\" height=\"576\" src=\"https:\/\/www.em.com.br\/emfoco\/wp-content\/uploads\/2025\/12\/IA-IMG-1-13-1024x576.jpg\" alt=\"As cores de cabelo que prometem dominar e rejuvenescer mulheres 40+ em 2026\" class=\"wp-image-134728\" srcset=\"https:\/\/www.em.com.br\/emfoco\/wp-content\/uploads\/2025\/12\/IA-IMG-1-13-1024x576.jpg 1024w, https:\/\/www.em.com.br\/emfoco\/wp-content\/uploads\/2025\/12\/IA-IMG-1-13-300x169.jpg 300w, https:\/\/www.em.com.br\/emfoco\/wp-content\/uploads\/2025\/12\/IA-IMG-1-13-768x432.jpg 768w, https:\/\/www.em.com.br\/emfoco\/wp-content\/uploads\/2025\/12\/IA-IMG-1-13-750x422.jpg 750w, https:\/\/www.em.com.br\/emfoco\/wp-content\/uploads\/2025\/12\/IA-IMG-1-13-1140x641.jpg 1140w, https:\/\/www.em.com.br\/emfoco\/wp-content\/uploads\/2025\/12\/IA-IMG-1-13.jpg 1280w\" sizes=\"auto, (max-width: 1024px) 100vw, 1024px\" \/><figcaption class=\"wp-element-caption\">Cores suaves equilibram brilho e naturalidade sem exigir manuten\u00e7\u00f5es frequentes<\/figcaption><\/figure>\n\n\n\n<p><em>Leia mais: <strong><a href=\"https:\/\/www.em.com.br\/emfoco\/2025\/12\/02\/cansada-do-frizz-constante-encontrei-um-jeito-de-alinhar-o-cabelo-sem-quimica\/\" target=\"_blank\" rel=\"noreferrer noopener\">Cansada do frizz constante? Encontrei um jeito de alinhar o cabelo sem qu\u00edmica<\/a><\/strong><\/em><\/p>\n\n\n\n<h2 class=\"wp-block-heading\">Quais tons devem ser tend\u00eancia entre mulheres maduras em 2026?<\/h2>\n\n\n\n<p>Especialistas afirmam que cores quentes e iluminadas se destacam pela capacidade de suavizar tra\u00e7os e real\u00e7ar a textura dos fios, garantindo um resultado <strong>multidimensional<\/strong>. Entre as favoritas est\u00e3o varia\u00e7\u00f5es que preservam um ar natural e sofisticado. Entre as principais op\u00e7\u00f5es est\u00e3o as que voc\u00ea v\u00ea a seguir.<\/p>\n\n\n\n<ul class=\"wp-block-list\">\n<li><strong>Castanho mel luminoso<\/strong>: ilumina sem pesar e combina com m\u00faltiplas peles.<\/li>\n\n\n\n<li><strong>Loiro champanhe<\/strong>: cria leveza e suavidade sem um loiro marcado.<\/li>\n\n\n\n<li><strong>Reflexos dourados<\/strong>: adicionam brilho sutil e profundidade ao visual.<\/li>\n<\/ul>\n\n\n\n<h2 class=\"wp-block-heading\">Como esses tons valorizam a pele madura e facilitam o dia a dia?<\/h2>\n\n\n\n<p>Cores com nuances quentes criam um efeito de suaviza\u00e7\u00e3o na <strong>pele madura<\/strong>, reduzindo contrastes e mantendo um visual natural. Isso ajuda a real\u00e7ar o contorno do rosto sem exigir transforma\u00e7\u00f5es dr\u00e1sticas no estilo.<\/p>\n\n\n\n<p>Al\u00e9m disso, os reflexos discretos proporcionam movimento e camuflam os primeiros brancos com <strong>naturalidade<\/strong>. O resultado \u00e9 um cabelo pr\u00e1tico, elegante e alinhado ao desejo crescente por autenticidade entre mulheres 40+.<\/p>\n\n\n\n<figure class=\"wp-block-image size-large\"><img loading=\"lazy\" decoding=\"async\" width=\"1024\" height=\"576\" src=\"https:\/\/www.em.com.br\/emfoco\/wp-content\/uploads\/2025\/12\/IA-IMG-2-6-1024x576.jpg\" alt=\"As cores de cabelo que prometem dominar e rejuvenescer mulheres 40+ em 2026\" class=\"wp-image-134729\" srcset=\"https:\/\/www.em.com.br\/emfoco\/wp-content\/uploads\/2025\/12\/IA-IMG-2-6-1024x576.jpg 1024w, https:\/\/www.em.com.br\/emfoco\/wp-content\/uploads\/2025\/12\/IA-IMG-2-6-300x169.jpg 300w, https:\/\/www.em.com.br\/emfoco\/wp-content\/uploads\/2025\/12\/IA-IMG-2-6-768x432.jpg 768w, https:\/\/www.em.com.br\/emfoco\/wp-content\/uploads\/2025\/12\/IA-IMG-2-6-750x422.jpg 750w, https:\/\/www.em.com.br\/emfoco\/wp-content\/uploads\/2025\/12\/IA-IMG-2-6-1140x641.jpg 1140w, https:\/\/www.em.com.br\/emfoco\/wp-content\/uploads\/2025\/12\/IA-IMG-2-6.jpg 1280w\" sizes=\"auto, (max-width: 1024px) 100vw, 1024px\" \/><figcaption class=\"wp-element-caption\">Reflexos discretos suavizam tra\u00e7os e camuflam brancos com naturalidade<\/figcaption><\/figure>\n\n\n\n<h2 class=\"wp-block-heading\">Quais cuidados ajudam a manter esses tons sofisticados por mais tempo?<\/h2>\n\n\n\n<p>Para preservar o brilho e a suavidade dos tons quentes, cabeleireiros recomendam rotinas simples que refor\u00e7am a <strong>sa\u00fade capilar<\/strong>. Boas pr\u00e1ticas prolongam o efeito iluminado e evitam o desgaste da cor no dia a dia. Entre as principais recomenda\u00e7\u00f5es est\u00e3o as que voc\u00ea v\u00ea a seguir.<\/p>\n\n\n\n<ul class=\"wp-block-list\">\n<li><strong>Hidrata\u00e7\u00e3o semanal<\/strong> para manter a fibra alinhada e luminosa.<\/li>\n\n\n\n<li><strong>Shampoo suave<\/strong> para evitar desbotamento precoce.<\/li>\n\n\n\n<li><strong>Protetor t\u00e9rmico<\/strong> antes de qualquer fonte de calor.<\/li>\n<\/ul>\n\n\n\n<p>A escolha da cor ideal para 2026 n\u00e3o foca em ousadia extrema, mas em <strong>leveza<\/strong>, suavidade e autoestima. Tons naturais e aquecidos s\u00e3o a forma mais elegante de renovar o visual sem perder autenticidade. Mudar o cabelo n\u00e3o precisa gritar juventude \u2014 basta sussurrar eleg\u00e2ncia.<\/p>\n","protected":false},"excerpt":{"rendered":"<p>Em 2026, a busca por um visual elegante crescer\u00e1 entre mulheres 40+, que preferem uma cor de cabelo natural e sofisticada. Tons suaves e luminosos ganham espa\u00e7o por rejuvenesc\u00ea-las sem exageros ou apar\u00eancia artificial. Por que tons naturais ser\u00e3o os preferidos das mulheres 40+? A tend\u00eancia de 2026 impulsiona cores equilibradas, como o castanho avel\u00e3 [&hellip;]<\/p>\n","protected":false},"author":13,"featured_media":134727,"comment_status":"open","ping_status":"open","sticky":false,"template":"","format":"standard","meta":{"jnews-multi-image_gallery":[],"jnews_single_post":{"format":"standard"},"jnews_primary_category":[],"jnews_social_meta":[],"jnews_override_counter":[],"footnotes":""},"categories":[8819],"tags":[9915,19636,19635],"class_list":["post-134710","post","type-post","status-publish","format-standard","has-post-thumbnail","hentry","category-curiosidades","tag-cor-de-cabelo","tag-cores-de-cabelo-para-o-verao","tag-mulheres-acima-de-40-anos"],"yoast_head":"<!-- This site is optimized with the Yoast SEO plugin v23.8 - https:\/\/yoast.com\/wordpress\/plugins\/seo\/ -->\n<title>As cores de cabelo que prometem dominar e rejuvenescer mulheres 40+ em 2026 - Estado de Minas - Em foco<\/title>\n<meta name=\"description\" content=\"Em 2026, tons naturais e quentes v\u00e3o ser a escolha das mulheres que querem eleg\u00e2ncia, leveza e praticidade no visual ap\u00f3s os 40.\" \/>\n<meta name=\"robots\" content=\"index, follow, max-snippet:-1, max-image-preview:large, max-video-preview:-1\" \/>\n<link rel=\"canonical\" href=\"https:\/\/www.em.com.br\/emfoco\/2025\/12\/04\/as-cores-de-cabelo-que-prometem-dominar-e-rejuvenescer-mulheres-40-em-2026\/\" \/>\n<meta property=\"og:locale\" content=\"pt_BR\" \/>\n<meta property=\"og:type\" content=\"article\" \/>\n<meta property=\"og:title\" content=\"As cores de cabelo que prometem dominar e rejuvenescer mulheres 40+ em 2026 - Estado de Minas - Em foco\" \/>\n<meta property=\"og:description\" content=\"Em 2026, tons naturais e quentes v\u00e3o ser a escolha das mulheres que querem eleg\u00e2ncia, leveza e praticidade no visual ap\u00f3s os 40.\" \/>\n<meta property=\"og:url\" content=\"https:\/\/www.em.com.br\/emfoco\/2025\/12\/04\/as-cores-de-cabelo-que-prometem-dominar-e-rejuvenescer-mulheres-40-em-2026\/\" \/>\n<meta property=\"og:site_name\" content=\"Estado de Minas - Em foco\" \/>\n<meta property=\"article:published_time\" content=\"2025-12-04T12:25:00+00:00\" \/>\n<meta property=\"article:modified_time\" content=\"2025-12-02T20:46:51+00:00\" \/>\n<meta property=\"og:image\" content=\"https:\/\/www.em.com.br\/emfoco\/wp-content\/uploads\/2025\/12\/IA-IMG-18.jpg\" \/>\n\t<meta property=\"og:image:width\" content=\"1280\" \/>\n\t<meta property=\"og:image:height\" content=\"720\" \/>\n\t<meta property=\"og:image:type\" content=\"image\/jpeg\" \/>\n<meta name=\"author\" content=\"Gabriel Martins\" \/>\n<meta name=\"twitter:card\" content=\"summary_large_image\" \/>\n<meta name=\"twitter:label1\" content=\"Escrito por\" \/>\n\t<meta name=\"twitter:data1\" content=\"Gabriel Martins\" \/>\n\t<meta name=\"twitter:label2\" content=\"Est. tempo de leitura\" \/>\n\t<meta name=\"twitter:data2\" content=\"4 minutos\" \/>\n<!-- \/ Yoast SEO plugin. -->","yoast_head_json":{"title":"As cores de cabelo que prometem dominar e rejuvenescer mulheres 40+ em 2026 - Estado de Minas - Em foco","description":"Em 2026, tons naturais e quentes v\u00e3o ser a escolha das mulheres que querem eleg\u00e2ncia, leveza e praticidade no visual ap\u00f3s os 40.","robots":{"index":"index","follow":"follow","max-snippet":"max-snippet:-1","max-image-preview":"max-image-preview:large","max-video-preview":"max-video-preview:-1"},"canonical":"https:\/\/www.em.com.br\/emfoco\/2025\/12\/04\/as-cores-de-cabelo-que-prometem-dominar-e-rejuvenescer-mulheres-40-em-2026\/","og_locale":"pt_BR","og_type":"article","og_title":"As cores de cabelo que prometem dominar e rejuvenescer mulheres 40+ em 2026 - Estado de Minas - Em foco","og_description":"Em 2026, tons naturais e quentes v\u00e3o ser a escolha das mulheres que querem eleg\u00e2ncia, leveza e praticidade no visual ap\u00f3s os 40.","og_url":"https:\/\/www.em.com.br\/emfoco\/2025\/12\/04\/as-cores-de-cabelo-que-prometem-dominar-e-rejuvenescer-mulheres-40-em-2026\/","og_site_name":"Estado de Minas - Em foco","article_published_time":"2025-12-04T12:25:00+00:00","article_modified_time":"2025-12-02T20:46:51+00:00","og_image":[{"width":1280,"height":720,"url":"https:\/\/www.em.com.br\/emfoco\/wp-content\/uploads\/2025\/12\/IA-IMG-18.jpg","type":"image\/jpeg"}],"author":"Gabriel Martins","twitter_card":"summary_large_image","twitter_misc":{"Escrito por":"Gabriel Martins","Est. tempo de leitura":"4 minutos"},"schema":{"@context":"https:\/\/schema.org","@graph":[{"@type":"WebPage","@id":"https:\/\/www.em.com.br\/emfoco\/2025\/12\/04\/as-cores-de-cabelo-que-prometem-dominar-e-rejuvenescer-mulheres-40-em-2026\/","url":"https:\/\/www.em.com.br\/emfoco\/2025\/12\/04\/as-cores-de-cabelo-que-prometem-dominar-e-rejuvenescer-mulheres-40-em-2026\/","name":"As cores de cabelo que prometem dominar e rejuvenescer mulheres 40+ em 2026 - Estado de Minas - Em foco","isPartOf":{"@id":"https:\/\/www.em.com.br\/emfoco\/#website"},"primaryImageOfPage":{"@id":"https:\/\/www.em.com.br\/emfoco\/2025\/12\/04\/as-cores-de-cabelo-que-prometem-dominar-e-rejuvenescer-mulheres-40-em-2026\/#primaryimage"},"image":{"@id":"https:\/\/www.em.com.br\/emfoco\/2025\/12\/04\/as-cores-de-cabelo-que-prometem-dominar-e-rejuvenescer-mulheres-40-em-2026\/#primaryimage"},"thumbnailUrl":"https:\/\/www.em.com.br\/emfoco\/wp-content\/uploads\/2025\/12\/IA-IMG-18.jpg","datePublished":"2025-12-04T12:25:00+00:00","dateModified":"2025-12-02T20:46:51+00:00","author":{"@id":"https:\/\/www.em.com.br\/emfoco\/#\/schema\/person\/1c9ddeab18b98abeffef834667bcf08a"},"description":"Em 2026, tons naturais e quentes v\u00e3o ser a escolha das mulheres que querem eleg\u00e2ncia, leveza e praticidade no visual ap\u00f3s os 40.","breadcrumb":{"@id":"https:\/\/www.em.com.br\/emfoco\/2025\/12\/04\/as-cores-de-cabelo-que-prometem-dominar-e-rejuvenescer-mulheres-40-em-2026\/#breadcrumb"},"inLanguage":"pt-BR","potentialAction":[{"@type":"ReadAction","target":["https:\/\/www.em.com.br\/emfoco\/2025\/12\/04\/as-cores-de-cabelo-que-prometem-dominar-e-rejuvenescer-mulheres-40-em-2026\/"]}]},{"@type":"ImageObject","inLanguage":"pt-BR","@id":"https:\/\/www.em.com.br\/emfoco\/2025\/12\/04\/as-cores-de-cabelo-que-prometem-dominar-e-rejuvenescer-mulheres-40-em-2026\/#primaryimage","url":"https:\/\/www.em.com.br\/emfoco\/wp-content\/uploads\/2025\/12\/IA-IMG-18.jpg","contentUrl":"https:\/\/www.em.com.br\/emfoco\/wp-content\/uploads\/2025\/12\/IA-IMG-18.jpg","width":1280,"height":720,"caption":"Tons naturais e iluminados trar\u00e3o eleg\u00e2ncia discreta para mulheres 40+ em 2026"},{"@type":"BreadcrumbList","@id":"https:\/\/www.em.com.br\/emfoco\/2025\/12\/04\/as-cores-de-cabelo-que-prometem-dominar-e-rejuvenescer-mulheres-40-em-2026\/#breadcrumb","itemListElement":[{"@type":"ListItem","position":1,"name":"In\u00edcio","item":"https:\/\/www.em.com.br\/emfoco\/"},{"@type":"ListItem","position":2,"name":"As cores de cabelo que prometem dominar e rejuvenescer mulheres 40+ em 2026"}]},{"@type":"WebSite","@id":"https:\/\/www.em.com.br\/emfoco\/#website","url":"https:\/\/www.em.com.br\/emfoco\/","name":"Estado de Minas - Em foco","description":"Acompanhe as \u00faltimas not\u00edcias e fique bem informado sobre tudo o que acontece em Minas Gerais, Brasil e no mundo.","potentialAction":[{"@type":"SearchAction","target":{"@type":"EntryPoint","urlTemplate":"https:\/\/www.em.com.br\/emfoco\/?s={search_term_string}"},"query-input":{"@type":"PropertyValueSpecification","valueRequired":true,"valueName":"search_term_string"}}],"inLanguage":"pt-BR"},{"@type":"Person","@id":"https:\/\/www.em.com.br\/emfoco\/#\/schema\/person\/1c9ddeab18b98abeffef834667bcf08a","name":"Gabriel Martins","image":{"@type":"ImageObject","inLanguage":"pt-BR","@id":"https:\/\/www.em.com.br\/emfoco\/#\/schema\/person\/image\/","url":"https:\/\/secure.gravatar.com\/avatar\/f0f1e2efdfd88f1ad2cb08c5c2731e50?s=96&d=mm&r=g","contentUrl":"https:\/\/secure.gravatar.com\/avatar\/f0f1e2efdfd88f1ad2cb08c5c2731e50?s=96&d=mm&r=g","caption":"Gabriel Martins"},"sameAs":["https:\/\/www.em.com.br\/emfoco\/"],"url":"https:\/\/www.em.com.br\/emfoco\/author\/gabrielmartinsmyth\/"}]}},"_links":{"self":[{"href":"https:\/\/www.em.com.br\/emfoco\/wp-json\/wp\/v2\/posts\/134710","targetHints":{"allow":["GET"]}}],"collection":[{"href":"https:\/\/www.em.com.br\/emfoco\/wp-json\/wp\/v2\/posts"}],"about":[{"href":"https:\/\/www.em.com.br\/emfoco\/wp-json\/wp\/v2\/types\/post"}],"author":[{"embeddable":true,"href":"https:\/\/www.em.com.br\/emfoco\/wp-json\/wp\/v2\/users\/13"}],"replies":[{"embeddable":true,"href":"https:\/\/www.em.com.br\/emfoco\/wp-json\/wp\/v2\/comments?post=134710"}],"version-history":[{"count":1,"href":"https:\/\/www.em.com.br\/emfoco\/wp-json\/wp\/v2\/posts\/134710\/revisions"}],"predecessor-version":[{"id":134731,"href":"https:\/\/www.em.com.br\/emfoco\/wp-json\/wp\/v2\/posts\/134710\/revisions\/134731"}],"wp:featuredmedia":[{"embeddable":true,"href":"https:\/\/www.em.com.br\/emfoco\/wp-json\/wp\/v2\/media\/134727"}],"wp:attachment":[{"href":"https:\/\/www.em.com.br\/emfoco\/wp-json\/wp\/v2\/media?parent=134710"}],"wp:term":[{"taxonomy":"category","embeddable":true,"href":"https:\/\/www.em.com.br\/emfoco\/wp-json\/wp\/v2\/categories?post=134710"},{"taxonomy":"post_tag","embeddable":true,"href":"https:\/\/www.em.com.br\/emfoco\/wp-json\/wp\/v2\/tags?post=134710"}],"curies":[{"name":"wp","href":"https:\/\/api.w.org\/{rel}","templated":true}]}}