{"id":134675,"date":"2025-12-03T18:25:00","date_gmt":"2025-12-03T21:25:00","guid":{"rendered":"https:\/\/www.em.com.br\/emfoco\/?p=134675"},"modified":"2025-12-02T21:14:46","modified_gmt":"2025-12-03T00:14:46","slug":"esqueca-as-entradinhas-sem-graca-essa-sera-a-tendencia-mais-gostosa-para-este-natal-de-2025","status":"publish","type":"post","link":"https:\/\/www.em.com.br\/emfoco\/2025\/12\/03\/esqueca-as-entradinhas-sem-graca-essa-sera-a-tendencia-mais-gostosa-para-este-natal-de-2025\/","title":{"rendered":"Esque\u00e7a as entradinhas sem gra\u00e7a, essa ser\u00e1 a tend\u00eancia mais gostosa para este Natal de 2025"},"content":{"rendered":"\n<p>Em muitas casas, a ceia de Natal de 2025 est\u00e1 passando por uma mudan\u00e7a silenciosa, mas constante. No lugar dos pratos pesados e tradicionais, ganham espa\u00e7o op\u00e7\u00f5es mais leves, adequadas ao calor do ver\u00e3o no Brasil e em outros pa\u00edses do hemisf\u00e9rio sul, como a&nbsp;<strong>salada fria de p\u00eassegos com frango e folhas verdes<\/strong>, alternativa pr\u00e1tica, refrescante e visualmente atraente para abrir a refei\u00e7\u00e3o.<\/p>\n\n\n\n<h2 class=\"wp-block-heading\">Por que a salada fria de p\u00eassegos e frango \u00e9 ideal para o Natal de 2025<\/h2>\n\n\n\n<p>A palavra-chave desta tend\u00eancia \u00e9\u00a0<strong>leveza<\/strong>. Em dezembro, com temperaturas elevadas em grande parte do pa\u00eds, muitos anfitri\u00f5es preferem uma\u00a0<strong><a href=\"https:\/\/www.receiteria.com.br\/receitas-de-saladas-de-natal\/\" target=\"_blank\" rel=\"noreferrer noopener\">salada natalina fria<\/a><\/strong>\u00a0em vez de entradas tradicionais mais gordurosas ou com molhos pesados, mantendo o sabor festivo sem excesso de calorias.<\/p>\n\n\n\n<p>A combina\u00e7\u00e3o de frango desfiado, p\u00eassegos e folhas variadas cria um prato nutritivo, com boa saciedade, mas sem sensa\u00e7\u00e3o de peso ap\u00f3s o consumo. Al\u00e9m disso, o equil\u00edbrio entre doce e salgado agrada a diferentes paladares e combina bem com vinhos brancos leves e espumantes servidos na ceia.<\/p>\n\n\n\n<h2 class=\"wp-block-heading\">Como adaptar a salada fria de p\u00eassegos \u00e0s prefer\u00eancias da fam\u00edlia<\/h2>\n\n\n\n<p>Um dos destaques dessa&nbsp;<strong>salada natalina fria<\/strong>&nbsp;\u00e9 a versatilidade. A base da receita pode ser modificada facilmente de acordo com a disponibilidade de ingredientes e o perfil alimentar da fam\u00edlia, mantendo sempre o contraste entre frescor, do\u00e7ura e croc\u00e2ncia.<\/p>\n\n\n\n<figure class=\"wp-block-image size-large\"><img loading=\"lazy\" decoding=\"async\" width=\"1024\" height=\"576\" src=\"https:\/\/www.em.com.br\/emfoco\/wp-content\/uploads\/2025\/12\/Gemini_Generated_Image_6tges56tges56tge-1-1024x576.png\" alt=\"Esque\u00e7a as entradinhas sem gra\u00e7a, essa ser\u00e1 a tend\u00eancia mais gostosa para este Natal de 2025\" class=\"wp-image-134891\" srcset=\"https:\/\/www.em.com.br\/emfoco\/wp-content\/uploads\/2025\/12\/Gemini_Generated_Image_6tges56tges56tge-1-1024x576.png 1024w, https:\/\/www.em.com.br\/emfoco\/wp-content\/uploads\/2025\/12\/Gemini_Generated_Image_6tges56tges56tge-1-300x169.png 300w, https:\/\/www.em.com.br\/emfoco\/wp-content\/uploads\/2025\/12\/Gemini_Generated_Image_6tges56tges56tge-1-768x432.png 768w, https:\/\/www.em.com.br\/emfoco\/wp-content\/uploads\/2025\/12\/Gemini_Generated_Image_6tges56tges56tge-1-750x422.png 750w, https:\/\/www.em.com.br\/emfoco\/wp-content\/uploads\/2025\/12\/Gemini_Generated_Image_6tges56tges56tge-1-1140x641.png 1140w, https:\/\/www.em.com.br\/emfoco\/wp-content\/uploads\/2025\/12\/Gemini_Generated_Image_6tges56tges56tge-1.png 1280w\" sizes=\"auto, (max-width: 1024px) 100vw, 1024px\" \/><figcaption class=\"wp-element-caption\">A salada fria que virou estrela do Natal 2025<\/figcaption><\/figure>\n\n\n\n<p>O frango pode ser substitu\u00eddo por peru, tender desfiado ou at\u00e9 gr\u00e3o-de-bico, criando vers\u00f5es para carn\u00edvoros, flexitarianos e vegetarianos. J\u00e1 os p\u00eassegos podem ser frescos ou em calda bem escorrida, e as folhas verdes variam entre r\u00facula, alface, espinafre jovem e outras combina\u00e7\u00f5es do dia a dia.<\/p>\n\n\n\n<h2 class=\"wp-block-heading\">Como organizar o preparo antecipado da salada fria de Natal<\/h2>\n\n\n\n<p>Do ponto de vista pr\u00e1tico, essa&nbsp;<em>salada fria de Natal<\/em>&nbsp;se destaca por poder ser mantida na geladeira at\u00e9 a hora de servir, desde que o molho seja adicionado apenas no final. Isso reduz o trabalho de \u00faltima hora, facilita a organiza\u00e7\u00e3o da mesa e ajuda a preservar o frescor das folhas.<\/p>\n\n\n\n<p>Para quem busca uma mesa colorida, o prato oferece um visual marcante com tons de verde, laranja, branco e roxo. O segredo est\u00e1 em montar os componentes em camadas, manter tudo bem refrigerado e s\u00f3 finalizar com castanhas e molho instantes antes da ceia.<\/p>\n\n\n\n<h2 class=\"wp-block-heading\">Como preparar a salada fria de p\u00eassegos com frango e folhas verdes<\/h2>\n\n\n\n<p>A receita da\u00a0<strong>salada fria de <a href=\"https:\/\/www.em.com.br\/emfoco\/2025\/09\/28\/a-arvore-frutifera-ideal-para-plantar-em-outubro-e-dar-sombra-no-verao\/\" target=\"_blank\" rel=\"noreferrer noopener\">p\u00eassegos<\/a>, frango e folhas verdes<\/strong>\u00a0segue uma l\u00f3gica simples: primeiro se prepara a prote\u00edna, depois a base de folhas e, por fim, entra o toque frutado e crocante. S\u00e3o itens que muitas fam\u00edlias j\u00e1 t\u00eam em casa durante as festas, o que torna o prato acess\u00edvel.<\/p>\n\n\n\n<p>Uma vers\u00e3o bastante utilizada dessa salada natalina leva os seguintes itens principais, que podem ser ajustados em quantidade conforme o n\u00famero de convidados:<\/p>\n\n\n\n<ul class=\"wp-block-list\">\n<li><strong>Frango:<\/strong>&nbsp;peito de frango cozido, assado ou grelhado, desfiado ou em lascas;<\/li>\n\n\n\n<li><strong>P\u00eassegos:<\/strong>&nbsp;frescos em fatias ou em calda, bem escorridos e cortados em gomos ou cubos;<\/li>\n\n\n\n<li><strong>Mix de folhas verdes:<\/strong>&nbsp;r\u00facula, espinafre baby, alface americana, crespa ou manteiga, bem higienizadas e secas;<\/li>\n\n\n\n<li><strong>Cebola roxa:<\/strong>&nbsp;fatiada bem fina ou em cubinhos para dar contraste de sabor e cor;<\/li>\n\n\n\n<li><strong>Castanhas:<\/strong>&nbsp;nozes, am\u00eandoas ou castanha-de-caju levemente tostadas para garantir croc\u00e2ncia;<\/li>\n\n\n\n<li><strong>Queijo (opcional):<\/strong>&nbsp;feta, minas, ricota firme ou port salut em cubos;<\/li>\n\n\n\n<li><strong>Temperos b\u00e1sicos:<\/strong>&nbsp;sal, pimenta-do-reino e ervas frescas ou secas a gosto.<\/li>\n<\/ul>\n\n\n\n<figure class=\"wp-block-image size-large\"><img loading=\"lazy\" decoding=\"async\" width=\"1024\" height=\"576\" src=\"https:\/\/www.em.com.br\/emfoco\/wp-content\/uploads\/2025\/12\/Gemini_Generated_Image_jc9pjujc9pjujc9p-1-1024x576.png\" alt=\"Esque\u00e7a as entradinhas sem gra\u00e7a, essa ser\u00e1 a tend\u00eancia mais gostosa para este Natal de 2025\" class=\"wp-image-134892\" srcset=\"https:\/\/www.em.com.br\/emfoco\/wp-content\/uploads\/2025\/12\/Gemini_Generated_Image_jc9pjujc9pjujc9p-1-1024x576.png 1024w, https:\/\/www.em.com.br\/emfoco\/wp-content\/uploads\/2025\/12\/Gemini_Generated_Image_jc9pjujc9pjujc9p-1-300x169.png 300w, https:\/\/www.em.com.br\/emfoco\/wp-content\/uploads\/2025\/12\/Gemini_Generated_Image_jc9pjujc9pjujc9p-1-768x432.png 768w, https:\/\/www.em.com.br\/emfoco\/wp-content\/uploads\/2025\/12\/Gemini_Generated_Image_jc9pjujc9pjujc9p-1-750x422.png 750w, https:\/\/www.em.com.br\/emfoco\/wp-content\/uploads\/2025\/12\/Gemini_Generated_Image_jc9pjujc9pjujc9p-1-1140x641.png 1140w, https:\/\/www.em.com.br\/emfoco\/wp-content\/uploads\/2025\/12\/Gemini_Generated_Image_jc9pjujc9pjujc9p-1.png 1280w\" sizes=\"auto, (max-width: 1024px) 100vw, 1024px\" \/><figcaption class=\"wp-element-caption\">O prato natalino leve que agrada toda a fam\u00edlia<\/figcaption><\/figure>\n\n\n\n<h2 class=\"wp-block-heading\">Quais s\u00e3o os passos essenciais para montar a salada fria<\/h2>\n\n\n\n<p>O preparo pode ser organizado em etapas simples, o que facilita delegar tarefas na cozinha e adiantar parte da receita algumas horas antes da ceia. Assim, o anfitri\u00e3o ganha tempo para receber os convidados com mais tranquilidade.<\/p>\n\n\n\n<ol class=\"wp-block-list\">\n<li><strong>Cozinhar o frango:<\/strong>&nbsp;ferver em \u00e1gua com sal e ervas, assar no forno ou grelhar na frigideira; deixar esfriar completamente antes de desfiar ou cortar.<\/li>\n\n\n\n<li><strong>Preparar as folhas:<\/strong>&nbsp;lavar, higienizar e secar bem o mix verde, evitando excesso de \u00e1gua, que prejudica a textura.<\/li>\n\n\n\n<li><strong>Cortar os p\u00eassegos:<\/strong>&nbsp;em gomos, fatias ou cubos; se forem em calda, escorrer bem e, se desejado, secar levemente em papel-toalha.<\/li>\n\n\n\n<li><strong>Tostar as castanhas:<\/strong>&nbsp;levar ao forno ou \u00e0 frigideira seca por poucos minutos, at\u00e9 liberarem aroma e ficarem levemente douradas.<\/li>\n\n\n\n<li><strong>Montar a base:<\/strong>&nbsp;em uma travessa grande, acomodar as folhas, espalhar a cebola roxa e o queijo em cubos.<\/li>\n\n\n\n<li><strong>Adicionar frango e frutas:<\/strong>&nbsp;distribuir o frango desfiado e os p\u00eassegos por cima, sem misturar demais, para manter o visual.<\/li>\n\n\n\n<li><strong>Finalizar com as castanhas:<\/strong>&nbsp;jogar as nozes ou am\u00eandoas tostadas por cima pouco antes de levar \u00e0 mesa.<\/li>\n<\/ol>\n\n\n\n<h2 class=\"wp-block-heading\">Qual \u00e9 o molho mais indicado para essa salada natalina fria<\/h2>\n\n\n\n<p>Para acompanhar a&nbsp;<strong>salada fria de frango com p\u00eassegos<\/strong>, o molho mais indicado \u00e9 uma vinagrete suave, levemente adocicada, que equilibra o sabor das frutas e da carne branca. A ideia \u00e9 real\u00e7ar os ingredientes, sem encobrir o conjunto com um tempero pesado.<\/p>\n\n\n\n<p>Um molho comum inclui azeite extravirgem, suco de lim\u00e3o ou lima rec\u00e9m-espremido, mostarda suave, um toque de mel, sal e pimenta-do-reino mo\u00edda na hora. Recomenda-se misturar bem, ajustar acidez e dul\u00e7or, manter na geladeira e s\u00f3 temperar a salada na hora de servir ou oferecer o molho \u00e0 parte.<\/p>\n\n\n\n<h2 class=\"wp-block-heading\">Como incluir a salada fria de p\u00eassegos no card\u00e1pio da ceia<\/h2>\n\n\n\n<p>No card\u00e1pio natalino, essa&nbsp;<strong>salada de p\u00eassegos com frango<\/strong>&nbsp;pode atuar como entrada principal ou acompanhamento leve para pratos como peru, lombo su\u00edno ou peixes assados. Em vers\u00f5es sem carne, com p\u00eassegos, folhas, castanhas e queijo, atende bem convidados vegetarianos.<\/p>\n\n\n\n<p>Ao planejar a quantidade, muitos anfitri\u00f5es consideram cerca de uma x\u00edcara generosa de&nbsp;<strong>salada fria de Natal<\/strong>&nbsp;por pessoa, ajustando para cima em encontros menores ou quando o prato \u00e9 uma das principais atra\u00e7\u00f5es da mesa.<\/p>\n\n\n\n<p><\/p>\n","protected":false},"excerpt":{"rendered":"<p>Em muitas casas, a ceia de Natal de 2025 est\u00e1 passando por uma mudan\u00e7a silenciosa, mas constante. No lugar dos pratos pesados e tradicionais, ganham espa\u00e7o op\u00e7\u00f5es mais leves, adequadas ao calor do ver\u00e3o no Brasil e em outros pa\u00edses do hemisf\u00e9rio sul, como a&nbsp;salada fria de p\u00eassegos com frango e folhas verdes, alternativa pr\u00e1tica, [&hellip;]<\/p>\n","protected":false},"author":11,"featured_media":134893,"comment_status":"open","ping_status":"open","sticky":false,"template":"","format":"standard","meta":{"jnews-multi-image_gallery":[],"jnews_single_post":{"format":"standard"},"jnews_primary_category":[],"jnews_social_meta":[],"jnews_override_counter":[],"footnotes":""},"categories":[8819,1],"tags":[19065,19663,10111],"class_list":["post-134675","post","type-post","status-publish","format-standard","has-post-thumbnail","hentry","category-curiosidades","category-noticias","tag-ceia-de-natal","tag-natal-2025","tag-receita-leve"],"yoast_head":"<!-- This site is optimized with the Yoast SEO plugin v23.8 - https:\/\/yoast.com\/wordpress\/plugins\/seo\/ -->\n<title>Esque\u00e7a as entradinhas sem gra\u00e7a, essa ser\u00e1 a tend\u00eancia mais gostosa para este Natal de 2025 - Estado de Minas - Em foco<\/title>\n<meta name=\"description\" content=\"A salada fria de p\u00eassegos com frango virou tend\u00eancia no Natal 2025 por ser leve, colorida e pr\u00e1tica. Ideal para o calor e f\u00e1cil de preparar antes da ceia.\" \/>\n<meta name=\"robots\" content=\"index, follow, max-snippet:-1, max-image-preview:large, max-video-preview:-1\" \/>\n<link rel=\"canonical\" href=\"https:\/\/www.em.com.br\/emfoco\/2025\/12\/03\/esqueca-as-entradinhas-sem-graca-essa-sera-a-tendencia-mais-gostosa-para-este-natal-de-2025\/\" \/>\n<meta property=\"og:locale\" content=\"pt_BR\" \/>\n<meta property=\"og:type\" content=\"article\" \/>\n<meta property=\"og:title\" content=\"Esque\u00e7a as entradinhas sem gra\u00e7a, essa ser\u00e1 a tend\u00eancia mais gostosa para este Natal de 2025 - Estado de Minas - Em foco\" \/>\n<meta property=\"og:description\" content=\"A salada fria de p\u00eassegos com frango virou tend\u00eancia no Natal 2025 por ser leve, colorida e pr\u00e1tica. Ideal para o calor e f\u00e1cil de preparar antes da ceia.\" \/>\n<meta property=\"og:url\" content=\"https:\/\/www.em.com.br\/emfoco\/2025\/12\/03\/esqueca-as-entradinhas-sem-graca-essa-sera-a-tendencia-mais-gostosa-para-este-natal-de-2025\/\" \/>\n<meta property=\"og:site_name\" content=\"Estado de Minas - Em foco\" \/>\n<meta property=\"article:published_time\" content=\"2025-12-03T21:25:00+00:00\" \/>\n<meta property=\"article:modified_time\" content=\"2025-12-03T00:14:46+00:00\" \/>\n<meta property=\"og:image\" content=\"https:\/\/www.em.com.br\/emfoco\/wp-content\/uploads\/2025\/12\/Gemini_Generated_Image_fm8tdgfm8tdgfm8t-1.png\" \/>\n\t<meta property=\"og:image:width\" content=\"1280\" \/>\n\t<meta property=\"og:image:height\" content=\"720\" \/>\n\t<meta property=\"og:image:type\" content=\"image\/png\" \/>\n<meta name=\"author\" content=\"Andre\u0301 Rangel\u00a0\" \/>\n<meta name=\"twitter:card\" content=\"summary_large_image\" \/>\n<meta name=\"twitter:label1\" content=\"Escrito por\" \/>\n\t<meta name=\"twitter:data1\" content=\"Andre\u0301 Rangel\u00a0\" \/>\n\t<meta name=\"twitter:label2\" content=\"Est. tempo de leitura\" \/>\n\t<meta name=\"twitter:data2\" content=\"6 minutos\" \/>\n<!-- \/ Yoast SEO plugin. -->","yoast_head_json":{"title":"Esque\u00e7a as entradinhas sem gra\u00e7a, essa ser\u00e1 a tend\u00eancia mais gostosa para este Natal de 2025 - Estado de Minas - Em foco","description":"A salada fria de p\u00eassegos com frango virou tend\u00eancia no Natal 2025 por ser leve, colorida e pr\u00e1tica. Ideal para o calor e f\u00e1cil de preparar antes da ceia.","robots":{"index":"index","follow":"follow","max-snippet":"max-snippet:-1","max-image-preview":"max-image-preview:large","max-video-preview":"max-video-preview:-1"},"canonical":"https:\/\/www.em.com.br\/emfoco\/2025\/12\/03\/esqueca-as-entradinhas-sem-graca-essa-sera-a-tendencia-mais-gostosa-para-este-natal-de-2025\/","og_locale":"pt_BR","og_type":"article","og_title":"Esque\u00e7a as entradinhas sem gra\u00e7a, essa ser\u00e1 a tend\u00eancia mais gostosa para este Natal de 2025 - Estado de Minas - Em foco","og_description":"A salada fria de p\u00eassegos com frango virou tend\u00eancia no Natal 2025 por ser leve, colorida e pr\u00e1tica. Ideal para o calor e f\u00e1cil de preparar antes da ceia.","og_url":"https:\/\/www.em.com.br\/emfoco\/2025\/12\/03\/esqueca-as-entradinhas-sem-graca-essa-sera-a-tendencia-mais-gostosa-para-este-natal-de-2025\/","og_site_name":"Estado de Minas - Em foco","article_published_time":"2025-12-03T21:25:00+00:00","article_modified_time":"2025-12-03T00:14:46+00:00","og_image":[{"width":1280,"height":720,"url":"https:\/\/www.em.com.br\/emfoco\/wp-content\/uploads\/2025\/12\/Gemini_Generated_Image_fm8tdgfm8tdgfm8t-1.png","type":"image\/png"}],"author":"Andre\u0301 Rangel\u00a0","twitter_card":"summary_large_image","twitter_misc":{"Escrito por":"Andre\u0301 Rangel\u00a0","Est. tempo de leitura":"6 minutos"},"schema":{"@context":"https:\/\/schema.org","@graph":[{"@type":"WebPage","@id":"https:\/\/www.em.com.br\/emfoco\/2025\/12\/03\/esqueca-as-entradinhas-sem-graca-essa-sera-a-tendencia-mais-gostosa-para-este-natal-de-2025\/","url":"https:\/\/www.em.com.br\/emfoco\/2025\/12\/03\/esqueca-as-entradinhas-sem-graca-essa-sera-a-tendencia-mais-gostosa-para-este-natal-de-2025\/","name":"Esque\u00e7a as entradinhas sem gra\u00e7a, essa ser\u00e1 a tend\u00eancia mais gostosa para este Natal de 2025 - Estado de Minas - Em foco","isPartOf":{"@id":"https:\/\/www.em.com.br\/emfoco\/#website"},"primaryImageOfPage":{"@id":"https:\/\/www.em.com.br\/emfoco\/2025\/12\/03\/esqueca-as-entradinhas-sem-graca-essa-sera-a-tendencia-mais-gostosa-para-este-natal-de-2025\/#primaryimage"},"image":{"@id":"https:\/\/www.em.com.br\/emfoco\/2025\/12\/03\/esqueca-as-entradinhas-sem-graca-essa-sera-a-tendencia-mais-gostosa-para-este-natal-de-2025\/#primaryimage"},"thumbnailUrl":"https:\/\/www.em.com.br\/emfoco\/wp-content\/uploads\/2025\/12\/Gemini_Generated_Image_fm8tdgfm8tdgfm8t-1.png","datePublished":"2025-12-03T21:25:00+00:00","dateModified":"2025-12-03T00:14:46+00:00","author":{"@id":"https:\/\/www.em.com.br\/emfoco\/#\/schema\/person\/60eda09c1fedf0d6891f4cef4b60b8b8"},"description":"A salada fria de p\u00eassegos com frango virou tend\u00eancia no Natal 2025 por ser leve, colorida e pr\u00e1tica. Ideal para o calor e f\u00e1cil de preparar antes da ceia.","breadcrumb":{"@id":"https:\/\/www.em.com.br\/emfoco\/2025\/12\/03\/esqueca-as-entradinhas-sem-graca-essa-sera-a-tendencia-mais-gostosa-para-este-natal-de-2025\/#breadcrumb"},"inLanguage":"pt-BR","potentialAction":[{"@type":"ReadAction","target":["https:\/\/www.em.com.br\/emfoco\/2025\/12\/03\/esqueca-as-entradinhas-sem-graca-essa-sera-a-tendencia-mais-gostosa-para-este-natal-de-2025\/"]}]},{"@type":"ImageObject","inLanguage":"pt-BR","@id":"https:\/\/www.em.com.br\/emfoco\/2025\/12\/03\/esqueca-as-entradinhas-sem-graca-essa-sera-a-tendencia-mais-gostosa-para-este-natal-de-2025\/#primaryimage","url":"https:\/\/www.em.com.br\/emfoco\/wp-content\/uploads\/2025\/12\/Gemini_Generated_Image_fm8tdgfm8tdgfm8t-1.png","contentUrl":"https:\/\/www.em.com.br\/emfoco\/wp-content\/uploads\/2025\/12\/Gemini_Generated_Image_fm8tdgfm8tdgfm8t-1.png","width":1280,"height":720,"caption":"O prato refrescante que surpreende no Natal 2025"},{"@type":"BreadcrumbList","@id":"https:\/\/www.em.com.br\/emfoco\/2025\/12\/03\/esqueca-as-entradinhas-sem-graca-essa-sera-a-tendencia-mais-gostosa-para-este-natal-de-2025\/#breadcrumb","itemListElement":[{"@type":"ListItem","position":1,"name":"In\u00edcio","item":"https:\/\/www.em.com.br\/emfoco\/"},{"@type":"ListItem","position":2,"name":"Esque\u00e7a as entradinhas sem gra\u00e7a, essa ser\u00e1 a tend\u00eancia mais gostosa para este Natal de 2025"}]},{"@type":"WebSite","@id":"https:\/\/www.em.com.br\/emfoco\/#website","url":"https:\/\/www.em.com.br\/emfoco\/","name":"Estado de Minas - Em foco","description":"Acompanhe as \u00faltimas not\u00edcias e fique bem informado sobre tudo o que acontece em Minas Gerais, Brasil e no mundo.","potentialAction":[{"@type":"SearchAction","target":{"@type":"EntryPoint","urlTemplate":"https:\/\/www.em.com.br\/emfoco\/?s={search_term_string}"},"query-input":{"@type":"PropertyValueSpecification","valueRequired":true,"valueName":"search_term_string"}}],"inLanguage":"pt-BR"},{"@type":"Person","@id":"https:\/\/www.em.com.br\/emfoco\/#\/schema\/person\/60eda09c1fedf0d6891f4cef4b60b8b8","name":"Andre\u0301 Rangel\u00a0","image":{"@type":"ImageObject","inLanguage":"pt-BR","@id":"https:\/\/www.em.com.br\/emfoco\/#\/schema\/person\/image\/","url":"https:\/\/secure.gravatar.com\/avatar\/6234dc814c77c8ef6d8bba622c787efc?s=96&d=mm&r=g","contentUrl":"https:\/\/secure.gravatar.com\/avatar\/6234dc814c77c8ef6d8bba622c787efc?s=96&d=mm&r=g","caption":"Andre\u0301 Rangel\u00a0"},"url":"https:\/\/www.em.com.br\/emfoco\/author\/luizmyth\/"}]}},"_links":{"self":[{"href":"https:\/\/www.em.com.br\/emfoco\/wp-json\/wp\/v2\/posts\/134675","targetHints":{"allow":["GET"]}}],"collection":[{"href":"https:\/\/www.em.com.br\/emfoco\/wp-json\/wp\/v2\/posts"}],"about":[{"href":"https:\/\/www.em.com.br\/emfoco\/wp-json\/wp\/v2\/types\/post"}],"author":[{"embeddable":true,"href":"https:\/\/www.em.com.br\/emfoco\/wp-json\/wp\/v2\/users\/11"}],"replies":[{"embeddable":true,"href":"https:\/\/www.em.com.br\/emfoco\/wp-json\/wp\/v2\/comments?post=134675"}],"version-history":[{"count":4,"href":"https:\/\/www.em.com.br\/emfoco\/wp-json\/wp\/v2\/posts\/134675\/revisions"}],"predecessor-version":[{"id":134894,"href":"https:\/\/www.em.com.br\/emfoco\/wp-json\/wp\/v2\/posts\/134675\/revisions\/134894"}],"wp:featuredmedia":[{"embeddable":true,"href":"https:\/\/www.em.com.br\/emfoco\/wp-json\/wp\/v2\/media\/134893"}],"wp:attachment":[{"href":"https:\/\/www.em.com.br\/emfoco\/wp-json\/wp\/v2\/media?parent=134675"}],"wp:term":[{"taxonomy":"category","embeddable":true,"href":"https:\/\/www.em.com.br\/emfoco\/wp-json\/wp\/v2\/categories?post=134675"},{"taxonomy":"post_tag","embeddable":true,"href":"https:\/\/www.em.com.br\/emfoco\/wp-json\/wp\/v2\/tags?post=134675"}],"curies":[{"name":"wp","href":"https:\/\/api.w.org\/{rel}","templated":true}]}}