{"id":134667,"date":"2025-12-03T13:45:00","date_gmt":"2025-12-03T16:45:00","guid":{"rendered":"https:\/\/www.em.com.br\/emfoco\/?p=134667"},"modified":"2025-12-02T21:13:59","modified_gmt":"2025-12-03T00:13:59","slug":"uma-famosa-marca-de-roupas-tem-uma-queda-inesperada-com-41-anos-de-historia-fecha-mais-de-300-lojas-no-mundo","status":"publish","type":"post","link":"https:\/\/www.em.com.br\/emfoco\/2025\/12\/03\/uma-famosa-marca-de-roupas-tem-uma-queda-inesperada-com-41-anos-de-historia-fecha-mais-de-300-lojas-no-mundo\/","title":{"rendered":"Uma famosa marca de roupas tem uma queda inesperada, com 41 anos de hist\u00f3ria, fecha mais de 300 lojas no mundo"},"content":{"rendered":"\n<p>A hist\u00f3ria recente da <strong>Forever 21<\/strong> tornou-se um s\u00edmbolo das mudan\u00e7as em curso no varejo de moda jovem e acess\u00edvel. A fal\u00eancia da rede nos Estados Unidos, acompanhada do fechamento de centenas de lojas, exp\u00f5e a dificuldade de um modelo de neg\u00f3cio baseado em expans\u00e3o acelerada, pre\u00e7os baixos e depend\u00eancia do ponto de venda f\u00edsico, ao mesmo tempo, em que evidencia como a transforma\u00e7\u00e3o digital e as novas exig\u00eancias de consumidores, especialmente os mais jovens, passaram a determinar a sobreviv\u00eancia das marcas no setor.<\/p>\n\n\n\n<h2 class=\"wp-block-heading\">Forever 21 e o fast fashion est\u00e3o em crise com a mudan\u00e7a no consumo de moda<\/h2>\n\n\n\n<p>O decl\u00ednio da<a href=\"https:\/\/www.instagram.com\/forever21brasil\/?hl=pt\" target=\"_blank\" rel=\"noreferrer noopener\"> Forever 21<\/a> est\u00e1 diretamente ligado \u00e0 mudan\u00e7a de comportamento do consumidor de moda jovem. Pesquisas indicam que novas gera\u00e7\u00f5es passaram a priorizar sustentabilidade, condi\u00e7\u00f5es de trabalho e transpar\u00eancia sobre a origem das pe\u00e7as, pressionando marcas por pr\u00e1ticas mais respons\u00e1veis.<\/p>\n\n\n\n<p>Nesse cen\u00e1rio, o fast fashion tradicional, baseado em produ\u00e7\u00e3o em massa e alta rotatividade, come\u00e7ou a ser questionado por seu potencial de desperd\u00edcio e impacto ambiental. Ao mesmo tempo, cresce o interesse por pe\u00e7as de maior durabilidade, moda de segunda m\u00e3o e marcas com posicionamento socioambiental claro.<\/p>\n\n\n\n<figure class=\"wp-block-image\"><img decoding=\"async\" src=\"https:\/\/www.em.com.br\/emfoco\/wp-content\/uploads\/2025\/12\/Forever-21_1764721689318-1024x576.jpg\" alt=\"\"\/><figcaption class=\"wp-element-caption\">O decl\u00ednio da Forever 21 que deixou o setor de moda em alerta &#8211; Cr\u00e9ditos: depositphotos.com \/ grand-warszawski<\/figcaption><\/figure>\n\n\n\n<h2 class=\"wp-block-heading\">Como a fal\u00eancia da Forever 21 nos EUA impacta a marca em outros mercados<\/h2>\n\n\n\n<p>A <a href=\"https:\/\/www.em.com.br\/emfoco\/2025\/11\/26\/empresa-famosa-tenta-sobreviver-apos-falencia-pessoal-dos-socios-cria-entraves-eleva-riscos-e-ameaca-empregos\/\" target=\"_blank\" rel=\"noreferrer noopener\">fal\u00eancia <\/a>da Forever 21 nos Estados Unidos n\u00e3o significou o desaparecimento imediato da marca em outros pa\u00edses. Os direitos globais pertencem ao <strong>Authentic Brands Group (ABG)<\/strong>, que atua por meio de licenciamentos e permite que parceiros locais adaptem o portf\u00f3lio e o modelo de opera\u00e7\u00e3o.<\/p>\n\n\n\n<p>Em alguns mercados, essa estrat\u00e9gia resultou em opera\u00e7\u00f5es mais enxutas, com menos lojas f\u00edsicas e maior integra\u00e7\u00e3o ao e-commerce. No Brasil, por\u00e9m, a rede encerrou suas atividades em 2022, embora o licenciamento internacional ainda possibilite um retorno em formatos mais flex\u00edveis e digitais.<\/p>\n\n\n\n<ul class=\"wp-block-list\">\n<li>Lojas menores, focadas em experi\u00eancia e conex\u00e3o com a marca;<\/li>\n\n\n\n<li>Parcerias com varejistas multimarcas e de departamentos;<\/li>\n\n\n\n<li>Opera\u00e7\u00f5es concentradas em e-commerce e marketplaces;<\/li>\n\n\n\n<li>Colabs com influenciadores e marcas j\u00e1 consolidadas.<\/li>\n<\/ul>\n\n\n\n<h2 class=\"wp-block-heading\">Quais foram os principais erros estrat\u00e9gicos da Forever 21<\/h2>\n\n\n\n<p>A queda da Forever 21 \u00e9 atribu\u00edda a uma combina\u00e7\u00e3o de fatores, entre eles a expans\u00e3o f\u00edsica agressiva, que elevou custos de aluguel, log\u00edstica e opera\u00e7\u00e3o em um momento de queda no fluxo de shoppings. Paralelamente, a gest\u00e3o de estoques falhou, com excesso de pe\u00e7as encalhadas e cole\u00e7\u00f5es que chegavam defasadas \u00e0s lojas.<\/p>\n\n\n\n<p>A empresa tamb\u00e9m demorou a acompanhar a digitaliza\u00e7\u00e3o do setor, ficando atr\u00e1s de concorrentes como Zara, H&amp;M e Shein no uso de dados para ajustar produ\u00e7\u00e3o e comunica\u00e7\u00e3o. Somam-se a isso cr\u00edticas ligadas \u00e0 falta de clareza sobre pr\u00e1ticas trabalhistas e ambientais, o que fragilizou sua imagem.<\/p>\n\n\n\n<ol class=\"wp-block-list\">\n<li>Expans\u00e3o acima da capacidade financeira;<\/li>\n\n\n\n<li>Depend\u00eancia de grandes lojas f\u00edsicas;<\/li>\n\n\n\n<li>Baixa integra\u00e7\u00e3o entre varejo f\u00edsico e digital;<\/li>\n\n\n\n<li>Gest\u00e3o de estoque pouco eficiente;<\/li>\n\n\n\n<li>Press\u00e3o por sustentabilidade e \u00e9tica na produ\u00e7\u00e3o.<\/li>\n<\/ol>\n\n\n\n<figure class=\"wp-block-image\"><img decoding=\"async\" src=\"https:\/\/www.em.com.br\/emfoco\/wp-content\/uploads\/2025\/11\/Gemini_Generated_Image_9mfhz29mfhz29mfh-1-1024x576.png\" alt=\"\"\/><figcaption class=\"wp-element-caption\">Fal\u00eancia \u00e0 pior fase da hist\u00f3ria das empresas<\/figcaption><\/figure>\n\n\n\n<h2 class=\"wp-block-heading\">Qual \u00e9 o futuro do fast fashion ap\u00f3s o caso Forever 21<\/h2>\n\n\n\n<p>A fal\u00eancia da Forever 21 n\u00e3o encerra a demanda por moda r\u00e1pida, mas mostra que o setor passa por ajustes profundos. Marcas de fast fashion que seguem em expans\u00e3o adotam hoje dados em tempo real, produ\u00e7\u00e3o em lotes menores e testes de cole\u00e7\u00f5es em poucas lojas antes de ampli\u00e1-las.<\/p>\n\n\n\n<p>Ganha for\u00e7a tamb\u00e9m a chamada moda circular, com iniciativas de revenda, reciclagem de tecidos, cole\u00e7\u00f5es c\u00e1psula e programas de recolhimento de roupas usadas. Mesmo empresas de moda acess\u00edvel buscam equilibrar pre\u00e7o, velocidade e responsabilidade socioambiental para manter sua relev\u00e2ncia.<\/p>\n\n\n\n<h2 class=\"wp-block-heading\">O que o varejo de moda aprende com a trajet\u00f3ria da Forever 21<\/h2>\n\n\n\n<p>O caso Forever 21 tornou-se refer\u00eancia em debates sobre o futuro do varejo de moda acess\u00edvel. Sua trajet\u00f3ria refor\u00e7a a import\u00e2ncia de transforma\u00e7\u00e3o digital cont\u00ednua, adapta\u00e7\u00e3o r\u00e1pida ao comportamento do consumidor e transpar\u00eancia nas pr\u00e1ticas de produ\u00e7\u00e3o e comunica\u00e7\u00e3o.<\/p>\n\n\n\n<p>Para o setor, a experi\u00eancia da marca funciona como alerta sobre os riscos de atrasar investimentos em tecnologia, ignorar sinais de satura\u00e7\u00e3o do modelo f\u00edsico tradicional e subestimar o peso da reputa\u00e7\u00e3o socioambiental. Em um ambiente altamente conectado, ouvir o consumidor e integrar canais \u00e9 decisivo para a sobreviv\u00eancia das marcas de fast fashion.<\/p>\n\n\n\n<p><\/p>\n","protected":false},"excerpt":{"rendered":"<p>A hist\u00f3ria recente da Forever 21 tornou-se um s\u00edmbolo das mudan\u00e7as em curso no varejo de moda jovem e acess\u00edvel. A fal\u00eancia da rede nos Estados Unidos, acompanhada do fechamento de centenas de lojas, exp\u00f5e a dificuldade de um modelo de neg\u00f3cio baseado em expans\u00e3o acelerada, pre\u00e7os baixos e depend\u00eancia do ponto de venda f\u00edsico, [&hellip;]<\/p>\n","protected":false},"author":11,"featured_media":134881,"comment_status":"open","ping_status":"open","sticky":false,"template":"","format":"standard","meta":{"jnews-multi-image_gallery":[],"jnews_single_post":{"format":"standard"},"jnews_primary_category":[],"jnews_social_meta":[],"jnews_override_counter":[],"footnotes":""},"categories":[28,1],"tags":[19657,5478,16559,4977],"class_list":["post-134667","post","type-post","status-publish","format-standard","has-post-thumbnail","hentry","category-economia","category-noticias","tag-crise-da-forever-21","tag-falencia","tag-fast-fashion","tag-moda"],"yoast_head":"<!-- This site is optimized with the Yoast SEO plugin v23.8 - https:\/\/yoast.com\/wordpress\/plugins\/seo\/ -->\n<title>Uma famosa marca de roupas tem uma queda inesperada, com 41 anos de hist\u00f3ria, fecha mais de 300 lojas no mundo - Estado de Minas - Em foco<\/title>\n<meta name=\"description\" content=\"A crise da Forever 21 virou alerta para o fast fashion e mostra como consumo, sustentabilidade e digitaliza\u00e7\u00e3o est\u00e3o redefinindo o futuro da moda jovem.\" \/>\n<meta name=\"robots\" content=\"index, follow, max-snippet:-1, max-image-preview:large, max-video-preview:-1\" \/>\n<link rel=\"canonical\" href=\"https:\/\/www.em.com.br\/emfoco\/2025\/12\/03\/uma-famosa-marca-de-roupas-tem-uma-queda-inesperada-com-41-anos-de-historia-fecha-mais-de-300-lojas-no-mundo\/\" \/>\n<meta property=\"og:locale\" content=\"pt_BR\" \/>\n<meta property=\"og:type\" content=\"article\" \/>\n<meta property=\"og:title\" content=\"Uma famosa marca de roupas tem uma queda inesperada, com 41 anos de hist\u00f3ria, fecha mais de 300 lojas no mundo - Estado de Minas - Em foco\" \/>\n<meta property=\"og:description\" content=\"A crise da Forever 21 virou alerta para o fast fashion e mostra como consumo, sustentabilidade e digitaliza\u00e7\u00e3o est\u00e3o redefinindo o futuro da moda jovem.\" \/>\n<meta property=\"og:url\" content=\"https:\/\/www.em.com.br\/emfoco\/2025\/12\/03\/uma-famosa-marca-de-roupas-tem-uma-queda-inesperada-com-41-anos-de-historia-fecha-mais-de-300-lojas-no-mundo\/\" \/>\n<meta property=\"og:site_name\" content=\"Estado de Minas - Em foco\" \/>\n<meta property=\"article:published_time\" content=\"2025-12-03T16:45:00+00:00\" \/>\n<meta property=\"article:modified_time\" content=\"2025-12-03T00:13:59+00:00\" \/>\n<meta property=\"og:image\" content=\"https:\/\/www.em.com.br\/emfoco\/wp-content\/uploads\/2025\/12\/Gemini_Generated_Image_wzbg63wzbg63wzbg-1.png\" \/>\n\t<meta property=\"og:image:width\" content=\"1280\" \/>\n\t<meta property=\"og:image:height\" content=\"720\" \/>\n\t<meta property=\"og:image:type\" content=\"image\/png\" \/>\n<meta name=\"author\" content=\"Andre\u0301 Rangel\u00a0\" \/>\n<meta name=\"twitter:card\" content=\"summary_large_image\" \/>\n<meta name=\"twitter:label1\" content=\"Escrito por\" \/>\n\t<meta name=\"twitter:data1\" content=\"Andre\u0301 Rangel\u00a0\" \/>\n\t<meta name=\"twitter:label2\" content=\"Est. tempo de leitura\" \/>\n\t<meta name=\"twitter:data2\" content=\"5 minutos\" \/>\n<!-- \/ Yoast SEO plugin. -->","yoast_head_json":{"title":"Uma famosa marca de roupas tem uma queda inesperada, com 41 anos de hist\u00f3ria, fecha mais de 300 lojas no mundo - Estado de Minas - Em foco","description":"A crise da Forever 21 virou alerta para o fast fashion e mostra como consumo, sustentabilidade e digitaliza\u00e7\u00e3o est\u00e3o redefinindo o futuro da moda jovem.","robots":{"index":"index","follow":"follow","max-snippet":"max-snippet:-1","max-image-preview":"max-image-preview:large","max-video-preview":"max-video-preview:-1"},"canonical":"https:\/\/www.em.com.br\/emfoco\/2025\/12\/03\/uma-famosa-marca-de-roupas-tem-uma-queda-inesperada-com-41-anos-de-historia-fecha-mais-de-300-lojas-no-mundo\/","og_locale":"pt_BR","og_type":"article","og_title":"Uma famosa marca de roupas tem uma queda inesperada, com 41 anos de hist\u00f3ria, fecha mais de 300 lojas no mundo - Estado de Minas - Em foco","og_description":"A crise da Forever 21 virou alerta para o fast fashion e mostra como consumo, sustentabilidade e digitaliza\u00e7\u00e3o est\u00e3o redefinindo o futuro da moda jovem.","og_url":"https:\/\/www.em.com.br\/emfoco\/2025\/12\/03\/uma-famosa-marca-de-roupas-tem-uma-queda-inesperada-com-41-anos-de-historia-fecha-mais-de-300-lojas-no-mundo\/","og_site_name":"Estado de Minas - Em foco","article_published_time":"2025-12-03T16:45:00+00:00","article_modified_time":"2025-12-03T00:13:59+00:00","og_image":[{"width":1280,"height":720,"url":"https:\/\/www.em.com.br\/emfoco\/wp-content\/uploads\/2025\/12\/Gemini_Generated_Image_wzbg63wzbg63wzbg-1.png","type":"image\/png"}],"author":"Andre\u0301 Rangel\u00a0","twitter_card":"summary_large_image","twitter_misc":{"Escrito por":"Andre\u0301 Rangel\u00a0","Est. tempo de leitura":"5 minutos"},"schema":{"@context":"https:\/\/schema.org","@graph":[{"@type":"WebPage","@id":"https:\/\/www.em.com.br\/emfoco\/2025\/12\/03\/uma-famosa-marca-de-roupas-tem-uma-queda-inesperada-com-41-anos-de-historia-fecha-mais-de-300-lojas-no-mundo\/","url":"https:\/\/www.em.com.br\/emfoco\/2025\/12\/03\/uma-famosa-marca-de-roupas-tem-uma-queda-inesperada-com-41-anos-de-historia-fecha-mais-de-300-lojas-no-mundo\/","name":"Uma famosa marca de roupas tem uma queda inesperada, com 41 anos de hist\u00f3ria, fecha mais de 300 lojas no mundo - Estado de Minas - Em foco","isPartOf":{"@id":"https:\/\/www.em.com.br\/emfoco\/#website"},"primaryImageOfPage":{"@id":"https:\/\/www.em.com.br\/emfoco\/2025\/12\/03\/uma-famosa-marca-de-roupas-tem-uma-queda-inesperada-com-41-anos-de-historia-fecha-mais-de-300-lojas-no-mundo\/#primaryimage"},"image":{"@id":"https:\/\/www.em.com.br\/emfoco\/2025\/12\/03\/uma-famosa-marca-de-roupas-tem-uma-queda-inesperada-com-41-anos-de-historia-fecha-mais-de-300-lojas-no-mundo\/#primaryimage"},"thumbnailUrl":"https:\/\/www.em.com.br\/emfoco\/wp-content\/uploads\/2025\/12\/Gemini_Generated_Image_wzbg63wzbg63wzbg-1.png","datePublished":"2025-12-03T16:45:00+00:00","dateModified":"2025-12-03T00:13:59+00:00","author":{"@id":"https:\/\/www.em.com.br\/emfoco\/#\/schema\/person\/60eda09c1fedf0d6891f4cef4b60b8b8"},"description":"A crise da Forever 21 virou alerta para o fast fashion e mostra como consumo, sustentabilidade e digitaliza\u00e7\u00e3o est\u00e3o redefinindo o futuro da moda jovem.","breadcrumb":{"@id":"https:\/\/www.em.com.br\/emfoco\/2025\/12\/03\/uma-famosa-marca-de-roupas-tem-uma-queda-inesperada-com-41-anos-de-historia-fecha-mais-de-300-lojas-no-mundo\/#breadcrumb"},"inLanguage":"pt-BR","potentialAction":[{"@type":"ReadAction","target":["https:\/\/www.em.com.br\/emfoco\/2025\/12\/03\/uma-famosa-marca-de-roupas-tem-uma-queda-inesperada-com-41-anos-de-historia-fecha-mais-de-300-lojas-no-mundo\/"]}]},{"@type":"ImageObject","inLanguage":"pt-BR","@id":"https:\/\/www.em.com.br\/emfoco\/2025\/12\/03\/uma-famosa-marca-de-roupas-tem-uma-queda-inesperada-com-41-anos-de-historia-fecha-mais-de-300-lojas-no-mundo\/#primaryimage","url":"https:\/\/www.em.com.br\/emfoco\/wp-content\/uploads\/2025\/12\/Gemini_Generated_Image_wzbg63wzbg63wzbg-1.png","contentUrl":"https:\/\/www.em.com.br\/emfoco\/wp-content\/uploads\/2025\/12\/Gemini_Generated_Image_wzbg63wzbg63wzbg-1.png","width":1280,"height":720,"caption":"A queda inesperada da Forever 21 que sacudiu o fast fashion"},{"@type":"BreadcrumbList","@id":"https:\/\/www.em.com.br\/emfoco\/2025\/12\/03\/uma-famosa-marca-de-roupas-tem-uma-queda-inesperada-com-41-anos-de-historia-fecha-mais-de-300-lojas-no-mundo\/#breadcrumb","itemListElement":[{"@type":"ListItem","position":1,"name":"In\u00edcio","item":"https:\/\/www.em.com.br\/emfoco\/"},{"@type":"ListItem","position":2,"name":"Uma famosa marca de roupas tem uma queda inesperada, com 41 anos de hist\u00f3ria, fecha mais de 300 lojas no mundo"}]},{"@type":"WebSite","@id":"https:\/\/www.em.com.br\/emfoco\/#website","url":"https:\/\/www.em.com.br\/emfoco\/","name":"Estado de Minas - Em foco","description":"Acompanhe as \u00faltimas not\u00edcias e fique bem informado sobre tudo o que acontece em Minas Gerais, Brasil e no mundo.","potentialAction":[{"@type":"SearchAction","target":{"@type":"EntryPoint","urlTemplate":"https:\/\/www.em.com.br\/emfoco\/?s={search_term_string}"},"query-input":{"@type":"PropertyValueSpecification","valueRequired":true,"valueName":"search_term_string"}}],"inLanguage":"pt-BR"},{"@type":"Person","@id":"https:\/\/www.em.com.br\/emfoco\/#\/schema\/person\/60eda09c1fedf0d6891f4cef4b60b8b8","name":"Andre\u0301 Rangel\u00a0","image":{"@type":"ImageObject","inLanguage":"pt-BR","@id":"https:\/\/www.em.com.br\/emfoco\/#\/schema\/person\/image\/","url":"https:\/\/secure.gravatar.com\/avatar\/6234dc814c77c8ef6d8bba622c787efc?s=96&d=mm&r=g","contentUrl":"https:\/\/secure.gravatar.com\/avatar\/6234dc814c77c8ef6d8bba622c787efc?s=96&d=mm&r=g","caption":"Andre\u0301 Rangel\u00a0"},"url":"https:\/\/www.em.com.br\/emfoco\/author\/luizmyth\/"}]}},"_links":{"self":[{"href":"https:\/\/www.em.com.br\/emfoco\/wp-json\/wp\/v2\/posts\/134667","targetHints":{"allow":["GET"]}}],"collection":[{"href":"https:\/\/www.em.com.br\/emfoco\/wp-json\/wp\/v2\/posts"}],"about":[{"href":"https:\/\/www.em.com.br\/emfoco\/wp-json\/wp\/v2\/types\/post"}],"author":[{"embeddable":true,"href":"https:\/\/www.em.com.br\/emfoco\/wp-json\/wp\/v2\/users\/11"}],"replies":[{"embeddable":true,"href":"https:\/\/www.em.com.br\/emfoco\/wp-json\/wp\/v2\/comments?post=134667"}],"version-history":[{"count":4,"href":"https:\/\/www.em.com.br\/emfoco\/wp-json\/wp\/v2\/posts\/134667\/revisions"}],"predecessor-version":[{"id":134882,"href":"https:\/\/www.em.com.br\/emfoco\/wp-json\/wp\/v2\/posts\/134667\/revisions\/134882"}],"wp:featuredmedia":[{"embeddable":true,"href":"https:\/\/www.em.com.br\/emfoco\/wp-json\/wp\/v2\/media\/134881"}],"wp:attachment":[{"href":"https:\/\/www.em.com.br\/emfoco\/wp-json\/wp\/v2\/media?parent=134667"}],"wp:term":[{"taxonomy":"category","embeddable":true,"href":"https:\/\/www.em.com.br\/emfoco\/wp-json\/wp\/v2\/categories?post=134667"},{"taxonomy":"post_tag","embeddable":true,"href":"https:\/\/www.em.com.br\/emfoco\/wp-json\/wp\/v2\/tags?post=134667"}],"curies":[{"name":"wp","href":"https:\/\/api.w.org\/{rel}","templated":true}]}}