{"id":134560,"date":"2025-12-03T13:35:00","date_gmt":"2025-12-03T16:35:00","guid":{"rendered":"https:\/\/www.em.com.br\/emfoco\/?p=134560"},"modified":"2025-12-02T14:08:10","modified_gmt":"2025-12-02T17:08:10","slug":"tpm-pegando-pesado-essa-erva-alivia-colicas-melhora-o-humor-e-ainda-por-ser-plantada-em-casa","status":"publish","type":"post","link":"https:\/\/www.em.com.br\/emfoco\/2025\/12\/03\/tpm-pegando-pesado-essa-erva-alivia-colicas-melhora-o-humor-e-ainda-por-ser-plantada-em-casa\/","title":{"rendered":"TPM pegando pesado? Essa erva alivia c\u00f3licas, melhora o humor e ainda por ser plantada em casa"},"content":{"rendered":"\n<p>Existe uma <strong>erva calmante capaz de aliviar os sintomas da TPM<\/strong>, reduzir irritabilidade e trazer sensa\u00e7\u00e3o de bem-estar, e o mais encantador \u00e9 que ela pode ser cultivada facilmente na pr\u00f3pria cozinha, liberando um aroma relaxante e muito usado em ch\u00e1s.<\/p>\n\n\n\n<h2 class=\"wp-block-heading\">Qual \u00e9 a erva calmante ideal para aliviar a TPM?<\/h2>\n\n\n\n<p>A planta em destaque \u00e9 a <strong>camomila<\/strong>, cujas flores cont\u00eam apigenina, um composto natural com a\u00e7\u00e3o calmante e leve efeito ansiol\u00edtico, perfeito para momentos de estresse, irritabilidade e desconfortos emocionais comuns durante a TPM.<\/p>\n\n\n\n<p>Seu ch\u00e1 ajuda a reduzir <strong>tens\u00e3o muscular<\/strong>, melhorar o humor, aliviar c\u00f3licas leves e facilitar o sono, sendo uma alternativa natural e acess\u00edvel para quem <strong><a href=\"https:\/\/pmc-ncbi-nlm-nih-gov.translate.goog\/articles\/PMC6970572\/?_x_tr_sl=en&amp;_x_tr_tl=pt&amp;_x_tr_hl=pt&amp;_x_tr_pto=tc\" target=\"_blank\" rel=\"noreferrer noopener\">busca equil\u00edbrio e acolhimento<\/a><\/strong> nos dias mais sens\u00edveis do ciclo.<\/p>\n\n\n\n<figure class=\"wp-block-image size-large\"><img loading=\"lazy\" decoding=\"async\" width=\"1024\" height=\"576\" src=\"https:\/\/www.em.com.br\/emfoco\/wp-content\/uploads\/2025\/12\/Camomila_1764695218162-1024x576.jpg\" alt=\"TPM pegando pesado? Essa erva alivia c\u00f3licas, melhora o humor e ainda por ser plantada em casa\" class=\"wp-image-134581\" srcset=\"https:\/\/www.em.com.br\/emfoco\/wp-content\/uploads\/2025\/12\/Camomila_1764695218162-1024x576.jpg 1024w, https:\/\/www.em.com.br\/emfoco\/wp-content\/uploads\/2025\/12\/Camomila_1764695218162-300x169.jpg 300w, https:\/\/www.em.com.br\/emfoco\/wp-content\/uploads\/2025\/12\/Camomila_1764695218162-768x432.jpg 768w, https:\/\/www.em.com.br\/emfoco\/wp-content\/uploads\/2025\/12\/Camomila_1764695218162-750x422.jpg 750w, https:\/\/www.em.com.br\/emfoco\/wp-content\/uploads\/2025\/12\/Camomila_1764695218162-1140x641.jpg 1140w, https:\/\/www.em.com.br\/emfoco\/wp-content\/uploads\/2025\/12\/Camomila_1764695218162.jpg 1280w\" sizes=\"auto, (max-width: 1024px) 100vw, 1024px\" \/><figcaption class=\"wp-element-caption\">A camomila cont\u00e9m apigenina, composto que reduz tens\u00e3o emocional e irritabilidade &#8211; Cr\u00e9ditos: depositphotos.com \/ gdolgikh<\/figcaption><\/figure>\n\n\n\n<h2 class=\"wp-block-heading\">Como plantar camomila na cozinha de forma pr\u00e1tica?<\/h2>\n\n\n\n<p>A camomila se adapta bem a <strong>vasos pequenos<\/strong> e cresce r\u00e1pido, exigindo poucos cuidados e funcionando perfeitamente em ambientes internos iluminados. Entre os passos essenciais para cultivar a erva est\u00e3o os que voc\u00ea v\u00ea a seguir.<\/p>\n\n\n\n<ul class=\"wp-block-list\">\n<li><strong>Vaso com boa drenagem:<\/strong> escolha um recipiente pequeno ou m\u00e9dio com furos para evitar solo encharcado.<\/li>\n\n\n\n<li><strong>Solo leve e arenoso:<\/strong> misturas drenadas favorecem o crescimento das ra\u00edzes e evitam excesso de umidade.<\/li>\n\n\n\n<li><strong>Luz suave di\u00e1ria:<\/strong> mantenha pr\u00f3ximo \u00e0 janela para garantir luminosidade indireta e brota\u00e7\u00e3o cont\u00ednua.<\/li>\n<\/ul>\n\n\n\n<p><em>Leia mais: <strong><a href=\"https:\/\/www.em.com.br\/emfoco\/2025\/12\/02\/familia-quase-vai-parar-no-hospital-por-confundir-planta-toxica-com-hortalica-comestivel\/\" target=\"_blank\" rel=\"noreferrer noopener\">Fam\u00edlia quase vai parar no hospital por confundir planta t\u00f3xica com hortali\u00e7a comest\u00edvel<\/a><\/strong><\/em><\/p>\n\n\n\n<h2 class=\"wp-block-heading\">Por que a camomila funciona t\u00e3o bem para aliviar sintomas da TPM?<\/h2>\n\n\n\n<p>A a\u00e7\u00e3o da <strong>apigenina<\/strong> nas flores ajuda a relaxar o sistema nervoso, reduz a irritabilidade e suaviza impactos emocionais do ciclo, tornando o ch\u00e1 uma op\u00e7\u00e3o acolhedora para dias mais tensos.<\/p>\n\n\n\n<p>Al\u00e9m disso, o consumo regular alivia <strong>c\u00f3licas leves<\/strong> e desconfortos no baixo ventre, enquanto as compressas mornas com a infus\u00e3o ajudam a reduzir dor abdominal durante crises mais incisivas.<\/p>\n\n\n\n<figure class=\"wp-block-image size-large\"><img loading=\"lazy\" decoding=\"async\" width=\"1024\" height=\"576\" src=\"https:\/\/www.em.com.br\/emfoco\/wp-content\/uploads\/2025\/12\/Camomila-cha_1764695252839-1024x576.jpg\" alt=\"TPM pegando pesado? Essa erva alivia c\u00f3licas, melhora o humor e ainda por ser plantada em casa\" class=\"wp-image-134582\" srcset=\"https:\/\/www.em.com.br\/emfoco\/wp-content\/uploads\/2025\/12\/Camomila-cha_1764695252839-1024x576.jpg 1024w, https:\/\/www.em.com.br\/emfoco\/wp-content\/uploads\/2025\/12\/Camomila-cha_1764695252839-300x169.jpg 300w, https:\/\/www.em.com.br\/emfoco\/wp-content\/uploads\/2025\/12\/Camomila-cha_1764695252839-768x432.jpg 768w, https:\/\/www.em.com.br\/emfoco\/wp-content\/uploads\/2025\/12\/Camomila-cha_1764695252839-750x422.jpg 750w, https:\/\/www.em.com.br\/emfoco\/wp-content\/uploads\/2025\/12\/Camomila-cha_1764695252839-1140x641.jpg 1140w, https:\/\/www.em.com.br\/emfoco\/wp-content\/uploads\/2025\/12\/Camomila-cha_1764695252839.jpg 1280w\" sizes=\"auto, (max-width: 1024px) 100vw, 1024px\" \/><figcaption class=\"wp-element-caption\">A apigenina relaxa o sistema nervoso e suaviza desconfortos menstruais &#8211; Cr\u00e9ditos: depositphotos.com \/ kolesnikovserg<\/figcaption><\/figure>\n\n\n\n<h2 class=\"wp-block-heading\">Como usar a camomila corretamente para sentir os benef\u00edcios?<\/h2>\n\n\n\n<p>O preparo \u00e9 simples: basta adicionar uma colher de sopa de <strong>flores frescas<\/strong> ou secas em \u00e1gua quente e deixar em infus\u00e3o por alguns minutos, criando um ch\u00e1 suave para consumo \u00e0 noite ou durante epis\u00f3dios de TPM. Entre as aplica\u00e7\u00f5es \u00fateis est\u00e3o as que voc\u00ea v\u00ea a seguir.<\/p>\n\n\n\n<ul class=\"wp-block-list\">\n<li><strong>Ch\u00e1 para relaxamento:<\/strong> ideal antes de dormir ou durante momentos de irritabilidade do ciclo.<\/li>\n\n\n\n<li><strong>Compressas mornas:<\/strong> aplique na regi\u00e3o abdominal para aliviar c\u00f3licas leves e tens\u00e3o muscular.<\/li>\n\n\n\n<li><strong>Uso moderado:<\/strong> evitar excesso caso haja alergia a plantas da fam\u00edlia das margaridas.<\/li>\n<\/ul>\n\n\n\n<p>Ter camomila na cozinha \u00e9 como manter um pequeno ref\u00fagio de calma sempre ao alcance das m\u00e3os. Cultivar essa erva hoje \u00e9 dar a si mesma a chance de enfrentar a TPM com mais leveza, equil\u00edbrio e acolhimento natural.<\/p>\n","protected":false},"excerpt":{"rendered":"<p>Existe uma erva calmante capaz de aliviar os sintomas da TPM, reduzir irritabilidade e trazer sensa\u00e7\u00e3o de bem-estar, e o mais encantador \u00e9 que ela pode ser cultivada facilmente na pr\u00f3pria cozinha, liberando um aroma relaxante e muito usado em ch\u00e1s. Qual \u00e9 a erva calmante ideal para aliviar a TPM? A planta em destaque [&hellip;]<\/p>\n","protected":false},"author":13,"featured_media":134580,"comment_status":"open","ping_status":"open","sticky":false,"template":"","format":"standard","meta":{"jnews-multi-image_gallery":[],"jnews_single_post":{"format":"standard"},"jnews_primary_category":[],"jnews_social_meta":[],"jnews_override_counter":[],"footnotes":""},"categories":[8819],"tags":[19621,17719,3358,13590],"class_list":["post-134560","post","type-post","status-publish","format-standard","has-post-thumbnail","hentry","category-curiosidades","tag-aliviar-sintomas-da-tpm","tag-erva-calmante","tag-jardinagem","tag-tpm"],"yoast_head":"<!-- This site is optimized with the Yoast SEO plugin v23.8 - https:\/\/yoast.com\/wordpress\/plugins\/seo\/ -->\n<title>TPM pegando pesado? Essa erva alivia c\u00f3licas, melhora o humor e ainda por ser plantada em casa - Estado de Minas - Em foco<\/title>\n<meta name=\"description\" content=\"Sofre com TPM? Essa erva alivia c\u00f3licas, irrita\u00e7\u00e3o e melhora o sono. Veja como cultivar e usar camomila para se sentir bem de novo.\" \/>\n<meta name=\"robots\" content=\"index, follow, max-snippet:-1, max-image-preview:large, max-video-preview:-1\" \/>\n<link rel=\"canonical\" href=\"https:\/\/www.em.com.br\/emfoco\/2025\/12\/03\/tpm-pegando-pesado-essa-erva-alivia-colicas-melhora-o-humor-e-ainda-por-ser-plantada-em-casa\/\" \/>\n<meta property=\"og:locale\" content=\"pt_BR\" \/>\n<meta property=\"og:type\" content=\"article\" \/>\n<meta property=\"og:title\" content=\"TPM pegando pesado? Essa erva alivia c\u00f3licas, melhora o humor e ainda por ser plantada em casa - Estado de Minas - Em foco\" \/>\n<meta property=\"og:description\" content=\"Sofre com TPM? Essa erva alivia c\u00f3licas, irrita\u00e7\u00e3o e melhora o sono. Veja como cultivar e usar camomila para se sentir bem de novo.\" \/>\n<meta property=\"og:url\" content=\"https:\/\/www.em.com.br\/emfoco\/2025\/12\/03\/tpm-pegando-pesado-essa-erva-alivia-colicas-melhora-o-humor-e-ainda-por-ser-plantada-em-casa\/\" \/>\n<meta property=\"og:site_name\" content=\"Estado de Minas - Em foco\" \/>\n<meta property=\"article:published_time\" content=\"2025-12-03T16:35:00+00:00\" \/>\n<meta property=\"article:modified_time\" content=\"2025-12-02T17:08:10+00:00\" \/>\n<meta property=\"og:image\" content=\"https:\/\/www.em.com.br\/emfoco\/wp-content\/uploads\/2025\/12\/mosaico_1764695181388.jpg\" \/>\n\t<meta property=\"og:image:width\" content=\"1280\" \/>\n\t<meta property=\"og:image:height\" content=\"720\" \/>\n\t<meta property=\"og:image:type\" content=\"image\/jpeg\" \/>\n<meta name=\"author\" content=\"Gabriel Martins\" \/>\n<meta name=\"twitter:card\" content=\"summary_large_image\" \/>\n<meta name=\"twitter:label1\" content=\"Escrito por\" \/>\n\t<meta name=\"twitter:data1\" content=\"Gabriel Martins\" \/>\n\t<meta name=\"twitter:label2\" content=\"Est. tempo de leitura\" \/>\n\t<meta name=\"twitter:data2\" content=\"4 minutos\" \/>\n<!-- \/ Yoast SEO plugin. -->","yoast_head_json":{"title":"TPM pegando pesado? Essa erva alivia c\u00f3licas, melhora o humor e ainda por ser plantada em casa - Estado de Minas - Em foco","description":"Sofre com TPM? Essa erva alivia c\u00f3licas, irrita\u00e7\u00e3o e melhora o sono. Veja como cultivar e usar camomila para se sentir bem de novo.","robots":{"index":"index","follow":"follow","max-snippet":"max-snippet:-1","max-image-preview":"max-image-preview:large","max-video-preview":"max-video-preview:-1"},"canonical":"https:\/\/www.em.com.br\/emfoco\/2025\/12\/03\/tpm-pegando-pesado-essa-erva-alivia-colicas-melhora-o-humor-e-ainda-por-ser-plantada-em-casa\/","og_locale":"pt_BR","og_type":"article","og_title":"TPM pegando pesado? Essa erva alivia c\u00f3licas, melhora o humor e ainda por ser plantada em casa - Estado de Minas - Em foco","og_description":"Sofre com TPM? Essa erva alivia c\u00f3licas, irrita\u00e7\u00e3o e melhora o sono. Veja como cultivar e usar camomila para se sentir bem de novo.","og_url":"https:\/\/www.em.com.br\/emfoco\/2025\/12\/03\/tpm-pegando-pesado-essa-erva-alivia-colicas-melhora-o-humor-e-ainda-por-ser-plantada-em-casa\/","og_site_name":"Estado de Minas - Em foco","article_published_time":"2025-12-03T16:35:00+00:00","article_modified_time":"2025-12-02T17:08:10+00:00","og_image":[{"width":1280,"height":720,"url":"https:\/\/www.em.com.br\/emfoco\/wp-content\/uploads\/2025\/12\/mosaico_1764695181388.jpg","type":"image\/jpeg"}],"author":"Gabriel Martins","twitter_card":"summary_large_image","twitter_misc":{"Escrito por":"Gabriel Martins","Est. tempo de leitura":"4 minutos"},"schema":{"@context":"https:\/\/schema.org","@graph":[{"@type":"WebPage","@id":"https:\/\/www.em.com.br\/emfoco\/2025\/12\/03\/tpm-pegando-pesado-essa-erva-alivia-colicas-melhora-o-humor-e-ainda-por-ser-plantada-em-casa\/","url":"https:\/\/www.em.com.br\/emfoco\/2025\/12\/03\/tpm-pegando-pesado-essa-erva-alivia-colicas-melhora-o-humor-e-ainda-por-ser-plantada-em-casa\/","name":"TPM pegando pesado? Essa erva alivia c\u00f3licas, melhora o humor e ainda por ser plantada em casa - Estado de Minas - Em foco","isPartOf":{"@id":"https:\/\/www.em.com.br\/emfoco\/#website"},"primaryImageOfPage":{"@id":"https:\/\/www.em.com.br\/emfoco\/2025\/12\/03\/tpm-pegando-pesado-essa-erva-alivia-colicas-melhora-o-humor-e-ainda-por-ser-plantada-em-casa\/#primaryimage"},"image":{"@id":"https:\/\/www.em.com.br\/emfoco\/2025\/12\/03\/tpm-pegando-pesado-essa-erva-alivia-colicas-melhora-o-humor-e-ainda-por-ser-plantada-em-casa\/#primaryimage"},"thumbnailUrl":"https:\/\/www.em.com.br\/emfoco\/wp-content\/uploads\/2025\/12\/mosaico_1764695181388.jpg","datePublished":"2025-12-03T16:35:00+00:00","dateModified":"2025-12-02T17:08:10+00:00","author":{"@id":"https:\/\/www.em.com.br\/emfoco\/#\/schema\/person\/1c9ddeab18b98abeffef834667bcf08a"},"description":"Sofre com TPM? Essa erva alivia c\u00f3licas, irrita\u00e7\u00e3o e melhora o sono. Veja como cultivar e usar camomila para se sentir bem de novo.","breadcrumb":{"@id":"https:\/\/www.em.com.br\/emfoco\/2025\/12\/03\/tpm-pegando-pesado-essa-erva-alivia-colicas-melhora-o-humor-e-ainda-por-ser-plantada-em-casa\/#breadcrumb"},"inLanguage":"pt-BR","potentialAction":[{"@type":"ReadAction","target":["https:\/\/www.em.com.br\/emfoco\/2025\/12\/03\/tpm-pegando-pesado-essa-erva-alivia-colicas-melhora-o-humor-e-ainda-por-ser-plantada-em-casa\/"]}]},{"@type":"ImageObject","inLanguage":"pt-BR","@id":"https:\/\/www.em.com.br\/emfoco\/2025\/12\/03\/tpm-pegando-pesado-essa-erva-alivia-colicas-melhora-o-humor-e-ainda-por-ser-plantada-em-casa\/#primaryimage","url":"https:\/\/www.em.com.br\/emfoco\/wp-content\/uploads\/2025\/12\/mosaico_1764695181388.jpg","contentUrl":"https:\/\/www.em.com.br\/emfoco\/wp-content\/uploads\/2025\/12\/mosaico_1764695181388.jpg","width":1280,"height":720,"caption":"A camomila \u00e9 uma erva calmante que alivia irrita\u00e7\u00f5es t\u00edpicas da TPM - Cr\u00e9ditos: depositphotos.com \/ HayDmitriy - depositphotos.com \/ cyberjade"},{"@type":"BreadcrumbList","@id":"https:\/\/www.em.com.br\/emfoco\/2025\/12\/03\/tpm-pegando-pesado-essa-erva-alivia-colicas-melhora-o-humor-e-ainda-por-ser-plantada-em-casa\/#breadcrumb","itemListElement":[{"@type":"ListItem","position":1,"name":"In\u00edcio","item":"https:\/\/www.em.com.br\/emfoco\/"},{"@type":"ListItem","position":2,"name":"TPM pegando pesado? Essa erva alivia c\u00f3licas, melhora o humor e ainda por ser plantada em casa"}]},{"@type":"WebSite","@id":"https:\/\/www.em.com.br\/emfoco\/#website","url":"https:\/\/www.em.com.br\/emfoco\/","name":"Estado de Minas - Em foco","description":"Acompanhe as \u00faltimas not\u00edcias e fique bem informado sobre tudo o que acontece em Minas Gerais, Brasil e no mundo.","potentialAction":[{"@type":"SearchAction","target":{"@type":"EntryPoint","urlTemplate":"https:\/\/www.em.com.br\/emfoco\/?s={search_term_string}"},"query-input":{"@type":"PropertyValueSpecification","valueRequired":true,"valueName":"search_term_string"}}],"inLanguage":"pt-BR"},{"@type":"Person","@id":"https:\/\/www.em.com.br\/emfoco\/#\/schema\/person\/1c9ddeab18b98abeffef834667bcf08a","name":"Gabriel Martins","image":{"@type":"ImageObject","inLanguage":"pt-BR","@id":"https:\/\/www.em.com.br\/emfoco\/#\/schema\/person\/image\/","url":"https:\/\/secure.gravatar.com\/avatar\/f0f1e2efdfd88f1ad2cb08c5c2731e50?s=96&d=mm&r=g","contentUrl":"https:\/\/secure.gravatar.com\/avatar\/f0f1e2efdfd88f1ad2cb08c5c2731e50?s=96&d=mm&r=g","caption":"Gabriel Martins"},"sameAs":["https:\/\/www.em.com.br\/emfoco\/"],"url":"https:\/\/www.em.com.br\/emfoco\/author\/gabrielmartinsmyth\/"}]}},"_links":{"self":[{"href":"https:\/\/www.em.com.br\/emfoco\/wp-json\/wp\/v2\/posts\/134560","targetHints":{"allow":["GET"]}}],"collection":[{"href":"https:\/\/www.em.com.br\/emfoco\/wp-json\/wp\/v2\/posts"}],"about":[{"href":"https:\/\/www.em.com.br\/emfoco\/wp-json\/wp\/v2\/types\/post"}],"author":[{"embeddable":true,"href":"https:\/\/www.em.com.br\/emfoco\/wp-json\/wp\/v2\/users\/13"}],"replies":[{"embeddable":true,"href":"https:\/\/www.em.com.br\/emfoco\/wp-json\/wp\/v2\/comments?post=134560"}],"version-history":[{"count":1,"href":"https:\/\/www.em.com.br\/emfoco\/wp-json\/wp\/v2\/posts\/134560\/revisions"}],"predecessor-version":[{"id":134583,"href":"https:\/\/www.em.com.br\/emfoco\/wp-json\/wp\/v2\/posts\/134560\/revisions\/134583"}],"wp:featuredmedia":[{"embeddable":true,"href":"https:\/\/www.em.com.br\/emfoco\/wp-json\/wp\/v2\/media\/134580"}],"wp:attachment":[{"href":"https:\/\/www.em.com.br\/emfoco\/wp-json\/wp\/v2\/media?parent=134560"}],"wp:term":[{"taxonomy":"category","embeddable":true,"href":"https:\/\/www.em.com.br\/emfoco\/wp-json\/wp\/v2\/categories?post=134560"},{"taxonomy":"post_tag","embeddable":true,"href":"https:\/\/www.em.com.br\/emfoco\/wp-json\/wp\/v2\/tags?post=134560"}],"curies":[{"name":"wp","href":"https:\/\/api.w.org\/{rel}","templated":true}]}}