{"id":134527,"date":"2025-12-03T16:35:29","date_gmt":"2025-12-03T19:35:29","guid":{"rendered":"https:\/\/www.em.com.br\/emfoco\/?p=134527"},"modified":"2025-12-02T16:35:32","modified_gmt":"2025-12-02T19:35:32","slug":"fugindo-do-branco-tradicional-monte-looks-para-um-reveillon-moderno-e-elegante","status":"publish","type":"post","link":"https:\/\/www.em.com.br\/emfoco\/2025\/12\/03\/fugindo-do-branco-tradicional-monte-looks-para-um-reveillon-moderno-e-elegante\/","title":{"rendered":"Fugindo do branco tradicional, monte looks para um r\u00e9veillon moderno e elegante"},"content":{"rendered":"\n<p>Com a chegada das festas de fim de ano e do ver\u00e3o, a escolha do <strong>look para Natal e Ano Novo<\/strong> ganha espa\u00e7o nas conversas e nas listas de prioridades. Entre ceias em fam\u00edlia, encontros ao ar livre e festas mais formais, cresce a busca por produ\u00e7\u00f5es que unam eleg\u00e2ncia, praticidade, frescor e at\u00e9 preocupa\u00e7\u00f5es como <strong>sustentabilidade<\/strong> e reaproveitamento de pe\u00e7as, valorizando um guarda-roupa funcional e vers\u00e1til.<\/p>\n\n\n\n<h2 class=\"wp-block-heading\">O que considerar antes de escolher o look de fim de ano<\/h2>\n\n\n\n<p>Antes de pensar em vestidos, bodies ou conjuntinhos, \u00e9 essencial alinhar o <strong>look de festas de fim de ano<\/strong> ao tipo de evento, ao hor\u00e1rio e ao clima. Tamb\u00e9m vale observar seu estilo pessoal e n\u00edvel de conforto desejado, para garantir mobilidade durante a ceia, fotos e momentos de <strong>celebra\u00e7\u00e3o<\/strong>.<\/p>\n\n\n\n<iframe loading=\"lazy\" src=\"https:\/\/assets.pinterest.com\/ext\/embed.html?id=732820170654122634\" height=\"714\" width=\"345\" frameborder=\"0\" scrolling=\"no\" ><\/iframe>\n\n\n\n<p>Leia tamb\u00e9m:&nbsp;<a href=\"https:\/\/www.em.com.br\/emfoco\/2025\/11\/21\/10-ideias-de-penteados-para-brilhar-nas-festas-de-natal-e-ano-novo\/\" target=\"_blank\" rel=\"noopener\">10 ideias de penteados para brilhar nas festas de Natal e Ano Novo<\/a><\/p>\n\n\n\n<p>Entre as op\u00e7\u00f5es mais lembradas quando o assunto \u00e9 <strong>look para festas de fim de ano<\/strong>, vestidos leves, bodies vers\u00e1teis e conjuntos com saia ou cal\u00e7a em tecidos fluidos aparecem como protagonistas. Pe\u00e7as que transitam do informal ao elegante com poucos ajustes s\u00e3o ideais para otimizar o <strong>guarda-roupa<\/strong>.<\/p>\n\n\n\n<h2 class=\"wp-block-heading\">Quais cores e tecidos favorecem o look de Natal e Ano Novo<\/h2>\n\n\n\n<p>A escolha da paleta de cores do <strong>look de Natal e Ano Novo<\/strong> passa por tons tradicionais \u2013 como vermelho, verde e dourado \u2013 e por propostas claras e iluminadas, como branco, off-white e past\u00e9is. Tecidos como linho, viscose, crepes tecnol\u00f3gicos e malhas finas garantem frescor e um caimento agrad\u00e1vel, mesmo em festas longas, especialmente em regi\u00f5es mais quentes do <strong>Brasil<\/strong>.<\/p>\n\n\n\n<iframe loading=\"lazy\" src=\"https:\/\/assets.pinterest.com\/ext\/embed.html?id=9499849210314504\" height=\"714\" width=\"345\" frameborder=\"0\" scrolling=\"no\" ><\/iframe>\n\n\n\n<h2 class=\"wp-block-heading\">Como montar um look de fim de ano pr\u00e1tico e vers\u00e1til<\/h2>\n\n\n\n<p>Montar um <strong>look de fim de ano pr\u00e1tico<\/strong> envolve eleger poucas pe\u00e7as-chave que combinem entre si, criando um \u201cguarda-roupa c\u00e1psula de festas\u201d. Essa abordagem \u00e9 \u00fatil para quem viaja, deseja reduzir excessos e ainda manter um visual variado em diferentes <strong>comemora\u00e7\u00f5es<\/strong>.<\/p>\n\n\n\n<ul class=\"wp-block-list\">\n<li><strong>Vestido neutro reutiliz\u00e1vel<\/strong>: em cor lisa, de bom caimento, que receba bem acess\u00f3rios diferentes. Pode ser usado tanto no <strong>Natal<\/strong> quanto no R\u00e9veillon com pequenas mudan\u00e7as de styling.<\/li>\n\n\n\n<li><strong>Body ou blusa especial<\/strong>: combina com cal\u00e7a, saia ou short, permitindo variar o conjunto. Modelos em tecidos brilhantes ou com detalhes em <strong>renda<\/strong> elevam o visual sem perder o conforto.<\/li>\n<\/ul>\n\n\n\n<figure class=\"wp-block-embed is-type-rich is-provider-pinterest wp-block-embed-pinterest\"><div class=\"wp-block-embed__wrapper\">\n<iframe loading=\"lazy\" title=\"Body feminino suplex tamanho M 38 a 42 decote quadrado | Shopee Brasil\" src=\"https:\/\/assets.pinterest.com\/ext\/embed.html?id=226376318763575872&#038;src=oembed\" height=\"899\" width=\"450\" frameborder=\"0\" scrolling=\"no\" ><\/iframe>\n<\/div><\/figure>\n\n\n\n<ul class=\"wp-block-list\">\n<li><strong>Terceira pe\u00e7a leve<\/strong>: blazer amplo, quimono, ruana ou jaqueta fina para ambientes com ar-condicionado. Em cores neutras, essa pe\u00e7a complementa diferentes looks e adiciona um toque de <strong>eleg\u00e2ncia<\/strong>.<\/li>\n\n\n\n<li><strong>Sand\u00e1lia confort\u00e1vel<\/strong>: em tom met\u00e1lico ou neutro, que funcione em ocasi\u00f5es formais e casuais. Opte por saltos blocados ou flatforms para garantir <strong>conforto<\/strong> durante toda a noite.<\/li>\n\n\n\n<li><strong>Bolsa pequena<\/strong>: clutch ou minibag para levar o essencial com praticidade. Modelos com acabamento met\u00e1lico ou em palha sofisticada combinam com o clima de <strong>ver\u00e3o<\/strong>.<\/li>\n<\/ul>\n\n\n\n<p>&nbsp;Se voc\u00ea gosta de curiosidades, vai adorar este v\u00eddeo do TikTok selecionado especialmente para voc\u00ea, do canal <a href=\"https:\/\/www.tiktok.com\/@luapimenteel\" target=\"_blank\" rel=\"noreferrer noopener\">luapimenteel<\/a>. Onde ela fala sobre ideias de looks para as festas de fim de ano:<\/p>\n\n\n\n<blockquote class=\"tiktok-embed\" cite=\"https:\/\/www.tiktok.com\/@luapimenteel\/video\/7575209218756660488\" data-video-id=\"7575209218756660488\" style=\"max-width: 605px;min-width: 325px;\" > <section> <a target=\"_blank\" title=\"@luapimenteel\" href=\"https:\/\/www.tiktok.com\/@luapimenteel?refer=embed\">@luapimenteel<\/a> Inspira\u00e7\u00e3o de looks para voc\u00ea usar no ano novo. Qual voc\u00ea gostou mais? \ud83e\udd0d vem 2026, vem r\u00e9veillon <a title=\"anonovo\" target=\"_blank\" href=\"https:\/\/www.tiktok.com\/tag\/anonovo?refer=embed\">#anonovo<\/a> <a title=\"2026\" target=\"_blank\" href=\"https:\/\/www.tiktok.com\/tag\/2026?refer=embed\">#2026<\/a> <a title=\"lookanonovo\" target=\"_blank\" href=\"https:\/\/www.tiktok.com\/tag\/lookanonovo?refer=embed\">#lookanonovo<\/a> <a title=\"dicas\" target=\"_blank\" href=\"https:\/\/www.tiktok.com\/tag\/dicas?refer=embed\">#dicas<\/a> <a title=\"garotasapoiamgarotas\ud83d\udc9d\ud83c\udf80\u2728\ufe0f\" target=\"_blank\" href=\"https:\/\/www.tiktok.com\/tag\/garotasapoiamgarotas%F0%9F%92%9D%F0%9F%8E%80%E2%9C%A8%EF%B8%8F?refer=embed\">#garotasapoiamgarotas\ud83d\udc9d\ud83c\udf80\u2728\ufe0f<\/a> <a target=\"_blank\" title=\"\u266c som original - user84784338895\" href=\"https:\/\/www.tiktok.com\/music\/som-original-7575209255528712978?refer=embed\">\u266c som original &#8211; user84784338895<\/a> <\/section> <\/blockquote> <script async src=\"https:\/\/www.tiktok.com\/embed.js\"><\/script>\n\n\n\n<h2 class=\"wp-block-heading\">Quais detalhes fazem diferen\u00e7a no visual de fim de ano<\/h2>\n\n\n\n<p>Al\u00e9m das roupas em si, acess\u00f3rios met\u00e1licos finos, maquiagem leve e cabelo pr\u00e1tico transformam o <strong>look para festas de fim de ano<\/strong> sem exigir um grande esfor\u00e7o. Quando roupa, cal\u00e7ado, bijoux e beleza dialogam entre si, o visual ganha coer\u00eancia, acompanha o esp\u00edrito de celebra\u00e7\u00e3o e preserva conforto e liberdade de <strong>movimento<\/strong> durante toda a noite.<\/p>\n","protected":false},"excerpt":{"rendered":"<p>Com a chegada das festas de fim de ano e do ver\u00e3o, a escolha do look para Natal e Ano Novo ganha espa\u00e7o nas conversas e nas listas de prioridades. Entre ceias em fam\u00edlia, encontros ao ar livre e festas mais formais, cresce a busca por produ\u00e7\u00f5es que unam eleg\u00e2ncia, praticidade, frescor e at\u00e9 preocupa\u00e7\u00f5es [&hellip;]<\/p>\n","protected":false},"author":9,"featured_media":37205,"comment_status":"open","ping_status":"open","sticky":false,"template":"","format":"standard","meta":{"jnews-multi-image_gallery":[],"jnews_single_post":{"format":"standard"},"jnews_primary_category":[],"jnews_social_meta":[],"jnews_override_counter":[],"footnotes":""},"categories":[8691,8819,1],"tags":[1152,5318,18815],"class_list":["post-134527","post","type-post","status-publish","format-standard","has-post-thumbnail","hentry","category-bem-estar","category-curiosidades","category-noticias","tag-ano-novo","tag-estilo","tag-look"],"yoast_head":"<!-- This site is optimized with the Yoast SEO plugin v23.8 - https:\/\/yoast.com\/wordpress\/plugins\/seo\/ -->\n<title>Fugindo do branco tradicional, monte looks para um r\u00e9veillon moderno e elegante - Estado de Minas - Em foco<\/title>\n<meta name=\"description\" content=\"Monte looks de Natal e Ano Novo unindo conforto e eleg\u00e2ncia. Aposte em tecidos leves e pe\u00e7as vers\u00e1teis para brilhar nas festas.\" \/>\n<meta name=\"robots\" content=\"index, follow, max-snippet:-1, max-image-preview:large, max-video-preview:-1\" \/>\n<link rel=\"canonical\" href=\"https:\/\/www.em.com.br\/emfoco\/2025\/12\/03\/fugindo-do-branco-tradicional-monte-looks-para-um-reveillon-moderno-e-elegante\/\" \/>\n<meta property=\"og:locale\" content=\"pt_BR\" \/>\n<meta property=\"og:type\" content=\"article\" \/>\n<meta property=\"og:title\" content=\"Fugindo do branco tradicional, monte looks para um r\u00e9veillon moderno e elegante - Estado de Minas - Em foco\" \/>\n<meta property=\"og:description\" content=\"Monte looks de Natal e Ano Novo unindo conforto e eleg\u00e2ncia. Aposte em tecidos leves e pe\u00e7as vers\u00e1teis para brilhar nas festas.\" \/>\n<meta property=\"og:url\" content=\"https:\/\/www.em.com.br\/emfoco\/2025\/12\/03\/fugindo-do-branco-tradicional-monte-looks-para-um-reveillon-moderno-e-elegante\/\" \/>\n<meta property=\"og:site_name\" content=\"Estado de Minas - Em foco\" \/>\n<meta property=\"article:published_time\" content=\"2025-12-03T19:35:29+00:00\" \/>\n<meta property=\"article:modified_time\" content=\"2025-12-02T19:35:32+00:00\" \/>\n<meta property=\"og:image\" content=\"https:\/\/www.em.com.br\/emfoco\/wp-content\/uploads\/2025\/04\/guarda-roupa_1744306775018.jpg\" \/>\n\t<meta property=\"og:image:width\" content=\"1280\" \/>\n\t<meta property=\"og:image:height\" content=\"720\" \/>\n\t<meta property=\"og:image:type\" content=\"image\/jpeg\" \/>\n<meta name=\"author\" content=\"Daniely Cardoso\" \/>\n<meta name=\"twitter:card\" content=\"summary_large_image\" \/>\n<meta name=\"twitter:label1\" content=\"Escrito por\" \/>\n\t<meta name=\"twitter:data1\" content=\"Daniely Cardoso\" \/>\n\t<meta name=\"twitter:label2\" content=\"Est. tempo de leitura\" \/>\n\t<meta name=\"twitter:data2\" content=\"4 minutos\" \/>\n<!-- \/ Yoast SEO plugin. -->","yoast_head_json":{"title":"Fugindo do branco tradicional, monte looks para um r\u00e9veillon moderno e elegante - Estado de Minas - Em foco","description":"Monte looks de Natal e Ano Novo unindo conforto e eleg\u00e2ncia. Aposte em tecidos leves e pe\u00e7as vers\u00e1teis para brilhar nas festas.","robots":{"index":"index","follow":"follow","max-snippet":"max-snippet:-1","max-image-preview":"max-image-preview:large","max-video-preview":"max-video-preview:-1"},"canonical":"https:\/\/www.em.com.br\/emfoco\/2025\/12\/03\/fugindo-do-branco-tradicional-monte-looks-para-um-reveillon-moderno-e-elegante\/","og_locale":"pt_BR","og_type":"article","og_title":"Fugindo do branco tradicional, monte looks para um r\u00e9veillon moderno e elegante - Estado de Minas - Em foco","og_description":"Monte looks de Natal e Ano Novo unindo conforto e eleg\u00e2ncia. Aposte em tecidos leves e pe\u00e7as vers\u00e1teis para brilhar nas festas.","og_url":"https:\/\/www.em.com.br\/emfoco\/2025\/12\/03\/fugindo-do-branco-tradicional-monte-looks-para-um-reveillon-moderno-e-elegante\/","og_site_name":"Estado de Minas - Em foco","article_published_time":"2025-12-03T19:35:29+00:00","article_modified_time":"2025-12-02T19:35:32+00:00","og_image":[{"width":1280,"height":720,"url":"https:\/\/www.em.com.br\/emfoco\/wp-content\/uploads\/2025\/04\/guarda-roupa_1744306775018.jpg","type":"image\/jpeg"}],"author":"Daniely Cardoso","twitter_card":"summary_large_image","twitter_misc":{"Escrito por":"Daniely Cardoso","Est. tempo de leitura":"4 minutos"},"schema":{"@context":"https:\/\/schema.org","@graph":[{"@type":"WebPage","@id":"https:\/\/www.em.com.br\/emfoco\/2025\/12\/03\/fugindo-do-branco-tradicional-monte-looks-para-um-reveillon-moderno-e-elegante\/","url":"https:\/\/www.em.com.br\/emfoco\/2025\/12\/03\/fugindo-do-branco-tradicional-monte-looks-para-um-reveillon-moderno-e-elegante\/","name":"Fugindo do branco tradicional, monte looks para um r\u00e9veillon moderno e elegante - Estado de Minas - Em foco","isPartOf":{"@id":"https:\/\/www.em.com.br\/emfoco\/#website"},"primaryImageOfPage":{"@id":"https:\/\/www.em.com.br\/emfoco\/2025\/12\/03\/fugindo-do-branco-tradicional-monte-looks-para-um-reveillon-moderno-e-elegante\/#primaryimage"},"image":{"@id":"https:\/\/www.em.com.br\/emfoco\/2025\/12\/03\/fugindo-do-branco-tradicional-monte-looks-para-um-reveillon-moderno-e-elegante\/#primaryimage"},"thumbnailUrl":"https:\/\/www.em.com.br\/emfoco\/wp-content\/uploads\/2025\/04\/guarda-roupa_1744306775018.jpg","datePublished":"2025-12-03T19:35:29+00:00","dateModified":"2025-12-02T19:35:32+00:00","author":{"@id":"https:\/\/www.em.com.br\/emfoco\/#\/schema\/person\/0a8186d72f2c3a5c6276d90b41f271a0"},"description":"Monte looks de Natal e Ano Novo unindo conforto e eleg\u00e2ncia. Aposte em tecidos leves e pe\u00e7as vers\u00e1teis para brilhar nas festas.","breadcrumb":{"@id":"https:\/\/www.em.com.br\/emfoco\/2025\/12\/03\/fugindo-do-branco-tradicional-monte-looks-para-um-reveillon-moderno-e-elegante\/#breadcrumb"},"inLanguage":"pt-BR","potentialAction":[{"@type":"ReadAction","target":["https:\/\/www.em.com.br\/emfoco\/2025\/12\/03\/fugindo-do-branco-tradicional-monte-looks-para-um-reveillon-moderno-e-elegante\/"]}]},{"@type":"ImageObject","inLanguage":"pt-BR","@id":"https:\/\/www.em.com.br\/emfoco\/2025\/12\/03\/fugindo-do-branco-tradicional-monte-looks-para-um-reveillon-moderno-e-elegante\/#primaryimage","url":"https:\/\/www.em.com.br\/emfoco\/wp-content\/uploads\/2025\/04\/guarda-roupa_1744306775018.jpg","contentUrl":"https:\/\/www.em.com.br\/emfoco\/wp-content\/uploads\/2025\/04\/guarda-roupa_1744306775018.jpg","width":1280,"height":720,"caption":"a escolha do look para Natal e Ano Novo ganha espa\u00e7o nas conversas - Cr\u00e9ditos: depositphotos.com \/ VitalikRadko"},{"@type":"BreadcrumbList","@id":"https:\/\/www.em.com.br\/emfoco\/2025\/12\/03\/fugindo-do-branco-tradicional-monte-looks-para-um-reveillon-moderno-e-elegante\/#breadcrumb","itemListElement":[{"@type":"ListItem","position":1,"name":"In\u00edcio","item":"https:\/\/www.em.com.br\/emfoco\/"},{"@type":"ListItem","position":2,"name":"Fugindo do branco tradicional, monte looks para um r\u00e9veillon moderno e elegante"}]},{"@type":"WebSite","@id":"https:\/\/www.em.com.br\/emfoco\/#website","url":"https:\/\/www.em.com.br\/emfoco\/","name":"Estado de Minas - Em foco","description":"Acompanhe as \u00faltimas not\u00edcias e fique bem informado sobre tudo o que acontece em Minas Gerais, Brasil e no mundo.","potentialAction":[{"@type":"SearchAction","target":{"@type":"EntryPoint","urlTemplate":"https:\/\/www.em.com.br\/emfoco\/?s={search_term_string}"},"query-input":{"@type":"PropertyValueSpecification","valueRequired":true,"valueName":"search_term_string"}}],"inLanguage":"pt-BR"},{"@type":"Person","@id":"https:\/\/www.em.com.br\/emfoco\/#\/schema\/person\/0a8186d72f2c3a5c6276d90b41f271a0","name":"Daniely Cardoso","image":{"@type":"ImageObject","inLanguage":"pt-BR","@id":"https:\/\/www.em.com.br\/emfoco\/#\/schema\/person\/image\/","url":"https:\/\/secure.gravatar.com\/avatar\/4b80ddbd124d1f071b626d52d62e5dff?s=96&d=mm&r=g","contentUrl":"https:\/\/secure.gravatar.com\/avatar\/4b80ddbd124d1f071b626d52d62e5dff?s=96&d=mm&r=g","caption":"Daniely Cardoso"},"url":"https:\/\/www.em.com.br\/emfoco\/author\/danielymyth\/"}]}},"_links":{"self":[{"href":"https:\/\/www.em.com.br\/emfoco\/wp-json\/wp\/v2\/posts\/134527","targetHints":{"allow":["GET"]}}],"collection":[{"href":"https:\/\/www.em.com.br\/emfoco\/wp-json\/wp\/v2\/posts"}],"about":[{"href":"https:\/\/www.em.com.br\/emfoco\/wp-json\/wp\/v2\/types\/post"}],"author":[{"embeddable":true,"href":"https:\/\/www.em.com.br\/emfoco\/wp-json\/wp\/v2\/users\/9"}],"replies":[{"embeddable":true,"href":"https:\/\/www.em.com.br\/emfoco\/wp-json\/wp\/v2\/comments?post=134527"}],"version-history":[{"count":3,"href":"https:\/\/www.em.com.br\/emfoco\/wp-json\/wp\/v2\/posts\/134527\/revisions"}],"predecessor-version":[{"id":134677,"href":"https:\/\/www.em.com.br\/emfoco\/wp-json\/wp\/v2\/posts\/134527\/revisions\/134677"}],"wp:featuredmedia":[{"embeddable":true,"href":"https:\/\/www.em.com.br\/emfoco\/wp-json\/wp\/v2\/media\/37205"}],"wp:attachment":[{"href":"https:\/\/www.em.com.br\/emfoco\/wp-json\/wp\/v2\/media?parent=134527"}],"wp:term":[{"taxonomy":"category","embeddable":true,"href":"https:\/\/www.em.com.br\/emfoco\/wp-json\/wp\/v2\/categories?post=134527"},{"taxonomy":"post_tag","embeddable":true,"href":"https:\/\/www.em.com.br\/emfoco\/wp-json\/wp\/v2\/tags?post=134527"}],"curies":[{"name":"wp","href":"https:\/\/api.w.org\/{rel}","templated":true}]}}