{"id":134526,"date":"2025-12-03T15:45:22","date_gmt":"2025-12-03T18:45:22","guid":{"rendered":"https:\/\/www.em.com.br\/emfoco\/?p=134526"},"modified":"2025-12-02T16:29:25","modified_gmt":"2025-12-02T19:29:25","slug":"a-solucao-natural-que-alivia-o-inchaco-e-elimina-gases-apos-as-refeicoes","status":"publish","type":"post","link":"https:\/\/www.em.com.br\/emfoco\/2025\/12\/03\/a-solucao-natural-que-alivia-o-inchaco-e-elimina-gases-apos-as-refeicoes\/","title":{"rendered":"A solu\u00e7\u00e3o natural que alivia o incha\u00e7o e elimina gases ap\u00f3s as refei\u00e7\u00f5es"},"content":{"rendered":"\n<p>Entre as plantas medicinais mais comentadas na atualidade, o <b>endro<\/b> tem ganhado espa\u00e7o nas conversas sobre alimenta\u00e7\u00e3o equilibrada e cuidados naturais com o organismo. Conhecido tamb\u00e9m como <b>dill<\/b>, essa erva arom\u00e1tica \u00e9 usada h\u00e1 s\u00e9culos na culin\u00e1ria e na fitoterapia, sobretudo por causa de seus poss\u00edveis efeitos sobre o sistema digestivo, como al\u00edvio de gases, sensa\u00e7\u00e3o de est\u00f4mago pesado e desconfortos ap\u00f3s refei\u00e7\u00f5es mais gordurosas.<\/p>\n\n\n\n<h2 class=\"wp-block-heading\">O que \u00e9 o endro e qual sua rela\u00e7\u00e3o com a digest\u00e3o<\/h2>\n\n\n\n<p>O <b>endro<\/b> \u00e9 uma planta arom\u00e1tica da fam\u00edlia <b>Apiaceae<\/b>, a mesma do coentro, da salsa e do funcho, utilizada tanto fresca quanto seca em pratos variados. Suas folhas e sementes concentram \u00f3leos essenciais como carvona, limoneno e anetol, compostos frequentemente associados a efeitos carminativos e digestivos em estudos laboratoriais e em pr\u00e1ticas tradicionais.<\/p>\n\n\n<div class=\"wp-block-image\">\n<figure class=\"aligncenter size-large\"><img loading=\"lazy\" decoding=\"async\" width=\"1024\" height=\"576\" src=\"https:\/\/www.em.com.br\/emfoco\/wp-content\/uploads\/2025\/12\/Anethum-graveolens_1764703491299-1024x576.jpg\" alt=\"\" class=\"wp-image-134670\" srcset=\"https:\/\/www.em.com.br\/emfoco\/wp-content\/uploads\/2025\/12\/Anethum-graveolens_1764703491299-1024x576.jpg 1024w, https:\/\/www.em.com.br\/emfoco\/wp-content\/uploads\/2025\/12\/Anethum-graveolens_1764703491299-300x169.jpg 300w, https:\/\/www.em.com.br\/emfoco\/wp-content\/uploads\/2025\/12\/Anethum-graveolens_1764703491299-768x432.jpg 768w, https:\/\/www.em.com.br\/emfoco\/wp-content\/uploads\/2025\/12\/Anethum-graveolens_1764703491299-750x422.jpg 750w, https:\/\/www.em.com.br\/emfoco\/wp-content\/uploads\/2025\/12\/Anethum-graveolens_1764703491299-1140x641.jpg 1140w, https:\/\/www.em.com.br\/emfoco\/wp-content\/uploads\/2025\/12\/Anethum-graveolens_1764703491299.jpg 1280w\" sizes=\"auto, (max-width: 1024px) 100vw, 1024px\" \/><figcaption class=\"wp-element-caption\">O endro \u00e9 uma planta arom\u00e1tica da fam\u00edlia Apiaceae, a mesma do coentro, da salsa e do funcho &#8211; Cr\u00e9ditos: depositphotos.com \/ orestligetka.ukr.net<\/figcaption><\/figure><\/div>\n\n\n<p>Leia tamb\u00e9m:&nbsp;<a href=\"https:\/\/www.em.com.br\/emfoco\/2025\/11\/30\/a-fruta-dragao-que-ajuda-na-digestao-fortalece-imunidade-e-cuida-do-coracao\/\" target=\"_blank\" rel=\"noopener\">A fruta drag\u00e3o que ajuda na digest\u00e3o, fortalece imunidade e cuida do cora\u00e7\u00e3o<\/a><\/p>\n\n\n\n<h2 class=\"wp-block-heading\">Quais s\u00e3o os principais benef\u00edcios do endro para digest\u00e3o<\/h2>\n\n\n\n<p>Entre os poss\u00edveis benef\u00edcios digestivos do <b>endro<\/b>, destaca-se o efeito <b>carminativo<\/b>, que pode favorecer a elimina\u00e7\u00e3o de gases e aliviar a sensa\u00e7\u00e3o de estufamento ap\u00f3s as refei\u00e7\u00f5es. H\u00e1 tamb\u00e9m relatos de uso para reduzir sensa\u00e7\u00e3o de peso no est\u00f4mago e inc\u00f4modos leves de m\u00e1 digest\u00e3o, sobretudo quando combinado com alimenta\u00e7\u00e3o mais leve, boa mastiga\u00e7\u00e3o e hidrata\u00e7\u00e3o adequada.<\/p>\n\n\n\n<ul class=\"wp-block-list\">\n<li><strong>Efeito carminativo<\/strong> que favorece a elimina\u00e7\u00e3o de gases e reduz o incha\u00e7o abdominal.<\/li>\n\n\n\n<li><strong>A\u00e7\u00e3o antiespasm\u00f3dica suave<\/strong> que pode auxiliar em c\u00f3licas e desconfortos leves.<\/li>\n\n\n\n<li><strong>Est\u00edmulo do paladar<\/strong> que incentiva mastiga\u00e7\u00e3o mais lenta, facilitando a digest\u00e3o.<\/li>\n\n\n\n<li><strong>Compostos antioxidantes<\/strong> que apoiam o equil\u00edbrio da microbiota intestinal.<\/li>\n<\/ul>\n\n\n<div class=\"wp-block-image\">\n<figure class=\"aligncenter size-large\"><img loading=\"lazy\" decoding=\"async\" width=\"1024\" height=\"576\" src=\"https:\/\/www.em.com.br\/emfoco\/wp-content\/uploads\/2025\/12\/Anethum-graveolens_1764701168625-1024x576.jpg\" alt=\"\" class=\"wp-image-134633\" srcset=\"https:\/\/www.em.com.br\/emfoco\/wp-content\/uploads\/2025\/12\/Anethum-graveolens_1764701168625-1024x576.jpg 1024w, https:\/\/www.em.com.br\/emfoco\/wp-content\/uploads\/2025\/12\/Anethum-graveolens_1764701168625-300x169.jpg 300w, https:\/\/www.em.com.br\/emfoco\/wp-content\/uploads\/2025\/12\/Anethum-graveolens_1764701168625-768x432.jpg 768w, https:\/\/www.em.com.br\/emfoco\/wp-content\/uploads\/2025\/12\/Anethum-graveolens_1764701168625-750x422.jpg 750w, https:\/\/www.em.com.br\/emfoco\/wp-content\/uploads\/2025\/12\/Anethum-graveolens_1764701168625-1140x641.jpg 1140w, https:\/\/www.em.com.br\/emfoco\/wp-content\/uploads\/2025\/12\/Anethum-graveolens_1764701168625.jpg 1280w\" sizes=\"auto, (max-width: 1024px) 100vw, 1024px\" \/><figcaption class=\"wp-element-caption\">Entre os poss\u00edveis benef\u00edcios digestivos do endro, destaca-se o efeito carminativo &#8211; Cr\u00e9ditos: depositphotos.com \/ Jcomp<\/figcaption><\/figure><\/div>\n\n\n<h2 class=\"wp-block-heading\">Como usar o endro no dia a dia para favorecer a digest\u00e3o<\/h2>\n\n\n\n<p>Na rotina, o <b>endro<\/b> pode ser usado principalmente como <b>tempero fresco<\/b>, adicionado ao final do preparo de pratos para preservar aroma e compostos vol\u00e1teis, ou em forma seca, quando o fresco n\u00e3o est\u00e1 dispon\u00edvel. Para tornar o uso mais pr\u00e1tico e direcionado ao conforto digestivo, \u00e9 poss\u00edvel inclu\u00ed-lo em diferentes prepara\u00e7\u00f5es do cotidiano.<\/p>\n\n\n\n<ul class=\"wp-block-list\">\n<li>Adicionar folhas picadas de <b>endro fresco<\/b> a saladas cruas, ricas em fibras naturais e \u00e1gua.<\/li>\n\n\n\n<li>Temperar <b>peixes grelhados<\/b> ou assados, op\u00e7\u00f5es geralmente mais leves que frituras.<\/li>\n\n\n\n<li>Incorporar o <b>endro<\/b> a iogurtes salgados, molhos frios e conservas, comuns em refei\u00e7\u00f5es mais gordurosas.<\/li>\n\n\n\n<li>Combinar com outras ervas digestivas, como <b>hortel\u00e3<\/b> e salsinha, em caldos e marinadas.<\/li>\n<\/ul>\n\n\n\n<ol class=\"wp-block-list\">\n<li>Iniciar o uso com pequenas quantidades de <b>endro<\/b> nas refei\u00e7\u00f5es.<\/li>\n\n\n\n<li>Observar a resposta do <b>organismo<\/b> quanto a gases e desconfortos.<\/li>\n\n\n\n<li>Evitar exageros, mantendo a erva como parte de uma alimenta\u00e7\u00e3o <b>variada<\/b>.<\/li>\n\n\n\n<li>Buscar orienta\u00e7\u00e3o profissional se houver sintomas persistentes ou intensos.<\/li>\n<\/ol>\n\n\n\n<p>Para aprofundar esse assunto, o v\u00eddeo a seguir do canal <a href=\"https:\/\/www.youtube.com\/@EmagrecertoSistemas\" target=\"_blank\" rel=\"noopener\">Emagrecerto Alimenta\u00e7\u00e3o Saud\u00e1vel<\/a>, explica mais detalhadamente os benef\u00edcios do endro para a digest\u00e3o:<\/p>\n\n\n\n<figure class=\"wp-block-embed is-type-video is-provider-youtube wp-block-embed-youtube wp-embed-aspect-16-9 wp-has-aspect-ratio\"><div class=\"wp-block-embed__wrapper\">\n<div class=\"jeg_video_container jeg_video_content\"><iframe loading=\"lazy\" title=\"O que \u00e9 Endro e para que Serve?\" width=\"500\" height=\"281\" src=\"https:\/\/www.youtube.com\/embed\/4qnxr8Zh5V4?feature=oembed\" frameborder=\"0\" allow=\"accelerometer; autoplay; clipboard-write; encrypted-media; gyroscope; picture-in-picture; web-share\" referrerpolicy=\"strict-origin-when-cross-origin\" allowfullscreen><\/iframe><\/div>\n<\/div><\/figure>\n\n\n\n<h2 class=\"wp-block-heading\">Quais cuidados e limita\u00e7\u00f5es devem ser considerados no uso do endro<\/h2>\n\n\n\n<p>Apesar dos poss\u00edveis benef\u00edcios, o <b>endro<\/b> n\u00e3o substitui diagn\u00f3stico ou tratamento <b>m\u00e9dico<\/b> para gastrite, \u00falcera, refluxo ou doen\u00e7as intestinais mais complexas, sendo apenas um coadjuvante. Pessoas com alergia a plantas da fam\u00edlia Apiaceae, gestantes, lactantes e indiv\u00edduos em uso cont\u00ednuo de medicamentos devem consultar profissional de sa\u00fade antes de consumir ch\u00e1s concentrados ou suplementos \u00e0 base de endro, especialmente se houver dor intensa, perda de peso inexplicada ou sangue nas fezes.<\/p>\n","protected":false},"excerpt":{"rendered":"<p>Entre as plantas medicinais mais comentadas na atualidade, o endro tem ganhado espa\u00e7o nas conversas sobre alimenta\u00e7\u00e3o equilibrada e cuidados naturais com o organismo. Conhecido tamb\u00e9m como dill, essa erva arom\u00e1tica \u00e9 usada h\u00e1 s\u00e9culos na culin\u00e1ria e na fitoterapia, sobretudo por causa de seus poss\u00edveis efeitos sobre o sistema digestivo, como al\u00edvio de gases, [&hellip;]<\/p>\n","protected":false},"author":9,"featured_media":134631,"comment_status":"open","ping_status":"open","sticky":false,"template":"","format":"standard","meta":{"jnews-multi-image_gallery":[],"jnews_single_post":{"format":"standard"},"jnews_primary_category":[],"jnews_social_meta":[],"jnews_override_counter":[],"footnotes":""},"categories":[8691,8819,1],"tags":[4205,19616,8026],"class_list":["post-134526","post","type-post","status-publish","format-standard","has-post-thumbnail","hentry","category-bem-estar","category-curiosidades","category-noticias","tag-digestao","tag-endro","tag-planta-medicinal"],"yoast_head":"<!-- This site is optimized with the Yoast SEO plugin v23.8 - https:\/\/yoast.com\/wordpress\/plugins\/seo\/ -->\n<title>A solu\u00e7\u00e3o natural que alivia o incha\u00e7o e elimina gases ap\u00f3s as refei\u00e7\u00f5es - Estado de Minas - Em foco<\/title>\n<meta name=\"description\" content=\"Esta erva arom\u00e1tica alivia gases e a sensa\u00e7\u00e3o de est\u00f4mago pesado. Saiba como usar o endro para melhorar a digest\u00e3o de forma natural.\" \/>\n<meta name=\"robots\" content=\"index, follow, max-snippet:-1, max-image-preview:large, max-video-preview:-1\" \/>\n<link rel=\"canonical\" href=\"https:\/\/www.em.com.br\/emfoco\/2025\/12\/03\/a-solucao-natural-que-alivia-o-inchaco-e-elimina-gases-apos-as-refeicoes\/\" \/>\n<meta property=\"og:locale\" content=\"pt_BR\" \/>\n<meta property=\"og:type\" content=\"article\" \/>\n<meta property=\"og:title\" content=\"A solu\u00e7\u00e3o natural que alivia o incha\u00e7o e elimina gases ap\u00f3s as refei\u00e7\u00f5es - Estado de Minas - Em foco\" \/>\n<meta property=\"og:description\" content=\"Esta erva arom\u00e1tica alivia gases e a sensa\u00e7\u00e3o de est\u00f4mago pesado. Saiba como usar o endro para melhorar a digest\u00e3o de forma natural.\" \/>\n<meta property=\"og:url\" content=\"https:\/\/www.em.com.br\/emfoco\/2025\/12\/03\/a-solucao-natural-que-alivia-o-inchaco-e-elimina-gases-apos-as-refeicoes\/\" \/>\n<meta property=\"og:site_name\" content=\"Estado de Minas - Em foco\" \/>\n<meta property=\"article:published_time\" content=\"2025-12-03T18:45:22+00:00\" \/>\n<meta property=\"article:modified_time\" content=\"2025-12-02T19:29:25+00:00\" \/>\n<meta property=\"og:image\" content=\"https:\/\/www.em.com.br\/emfoco\/wp-content\/uploads\/2025\/12\/Anethum-graveolens_1764700866543.jpg\" \/>\n\t<meta property=\"og:image:width\" content=\"1280\" \/>\n\t<meta property=\"og:image:height\" content=\"720\" \/>\n\t<meta property=\"og:image:type\" content=\"image\/jpeg\" \/>\n<meta name=\"author\" content=\"Daniely Cardoso\" \/>\n<meta name=\"twitter:card\" content=\"summary_large_image\" \/>\n<meta name=\"twitter:label1\" content=\"Escrito por\" \/>\n\t<meta name=\"twitter:data1\" content=\"Daniely Cardoso\" \/>\n\t<meta name=\"twitter:label2\" content=\"Est. tempo de leitura\" \/>\n\t<meta name=\"twitter:data2\" content=\"4 minutos\" \/>\n<!-- \/ Yoast SEO plugin. -->","yoast_head_json":{"title":"A solu\u00e7\u00e3o natural que alivia o incha\u00e7o e elimina gases ap\u00f3s as refei\u00e7\u00f5es - Estado de Minas - Em foco","description":"Esta erva arom\u00e1tica alivia gases e a sensa\u00e7\u00e3o de est\u00f4mago pesado. Saiba como usar o endro para melhorar a digest\u00e3o de forma natural.","robots":{"index":"index","follow":"follow","max-snippet":"max-snippet:-1","max-image-preview":"max-image-preview:large","max-video-preview":"max-video-preview:-1"},"canonical":"https:\/\/www.em.com.br\/emfoco\/2025\/12\/03\/a-solucao-natural-que-alivia-o-inchaco-e-elimina-gases-apos-as-refeicoes\/","og_locale":"pt_BR","og_type":"article","og_title":"A solu\u00e7\u00e3o natural que alivia o incha\u00e7o e elimina gases ap\u00f3s as refei\u00e7\u00f5es - Estado de Minas - Em foco","og_description":"Esta erva arom\u00e1tica alivia gases e a sensa\u00e7\u00e3o de est\u00f4mago pesado. Saiba como usar o endro para melhorar a digest\u00e3o de forma natural.","og_url":"https:\/\/www.em.com.br\/emfoco\/2025\/12\/03\/a-solucao-natural-que-alivia-o-inchaco-e-elimina-gases-apos-as-refeicoes\/","og_site_name":"Estado de Minas - Em foco","article_published_time":"2025-12-03T18:45:22+00:00","article_modified_time":"2025-12-02T19:29:25+00:00","og_image":[{"width":1280,"height":720,"url":"https:\/\/www.em.com.br\/emfoco\/wp-content\/uploads\/2025\/12\/Anethum-graveolens_1764700866543.jpg","type":"image\/jpeg"}],"author":"Daniely Cardoso","twitter_card":"summary_large_image","twitter_misc":{"Escrito por":"Daniely Cardoso","Est. tempo de leitura":"4 minutos"},"schema":{"@context":"https:\/\/schema.org","@graph":[{"@type":"WebPage","@id":"https:\/\/www.em.com.br\/emfoco\/2025\/12\/03\/a-solucao-natural-que-alivia-o-inchaco-e-elimina-gases-apos-as-refeicoes\/","url":"https:\/\/www.em.com.br\/emfoco\/2025\/12\/03\/a-solucao-natural-que-alivia-o-inchaco-e-elimina-gases-apos-as-refeicoes\/","name":"A solu\u00e7\u00e3o natural que alivia o incha\u00e7o e elimina gases ap\u00f3s as refei\u00e7\u00f5es - Estado de Minas - Em foco","isPartOf":{"@id":"https:\/\/www.em.com.br\/emfoco\/#website"},"primaryImageOfPage":{"@id":"https:\/\/www.em.com.br\/emfoco\/2025\/12\/03\/a-solucao-natural-que-alivia-o-inchaco-e-elimina-gases-apos-as-refeicoes\/#primaryimage"},"image":{"@id":"https:\/\/www.em.com.br\/emfoco\/2025\/12\/03\/a-solucao-natural-que-alivia-o-inchaco-e-elimina-gases-apos-as-refeicoes\/#primaryimage"},"thumbnailUrl":"https:\/\/www.em.com.br\/emfoco\/wp-content\/uploads\/2025\/12\/Anethum-graveolens_1764700866543.jpg","datePublished":"2025-12-03T18:45:22+00:00","dateModified":"2025-12-02T19:29:25+00:00","author":{"@id":"https:\/\/www.em.com.br\/emfoco\/#\/schema\/person\/0a8186d72f2c3a5c6276d90b41f271a0"},"description":"Esta erva arom\u00e1tica alivia gases e a sensa\u00e7\u00e3o de est\u00f4mago pesado. Saiba como usar o endro para melhorar a digest\u00e3o de forma natural.","breadcrumb":{"@id":"https:\/\/www.em.com.br\/emfoco\/2025\/12\/03\/a-solucao-natural-que-alivia-o-inchaco-e-elimina-gases-apos-as-refeicoes\/#breadcrumb"},"inLanguage":"pt-BR","potentialAction":[{"@type":"ReadAction","target":["https:\/\/www.em.com.br\/emfoco\/2025\/12\/03\/a-solucao-natural-que-alivia-o-inchaco-e-elimina-gases-apos-as-refeicoes\/"]}]},{"@type":"ImageObject","inLanguage":"pt-BR","@id":"https:\/\/www.em.com.br\/emfoco\/2025\/12\/03\/a-solucao-natural-que-alivia-o-inchaco-e-elimina-gases-apos-as-refeicoes\/#primaryimage","url":"https:\/\/www.em.com.br\/emfoco\/wp-content\/uploads\/2025\/12\/Anethum-graveolens_1764700866543.jpg","contentUrl":"https:\/\/www.em.com.br\/emfoco\/wp-content\/uploads\/2025\/12\/Anethum-graveolens_1764700866543.jpg","width":1280,"height":720,"caption":"O endro est\u00e1 entre as plantas medicinais mais comentadas na atualidade,Cr\u00e9ditos: depositphotos.com \/ MadeleineSteinbach"},{"@type":"BreadcrumbList","@id":"https:\/\/www.em.com.br\/emfoco\/2025\/12\/03\/a-solucao-natural-que-alivia-o-inchaco-e-elimina-gases-apos-as-refeicoes\/#breadcrumb","itemListElement":[{"@type":"ListItem","position":1,"name":"In\u00edcio","item":"https:\/\/www.em.com.br\/emfoco\/"},{"@type":"ListItem","position":2,"name":"A solu\u00e7\u00e3o natural que alivia o incha\u00e7o e elimina gases ap\u00f3s as refei\u00e7\u00f5es"}]},{"@type":"WebSite","@id":"https:\/\/www.em.com.br\/emfoco\/#website","url":"https:\/\/www.em.com.br\/emfoco\/","name":"Estado de Minas - Em foco","description":"Acompanhe as \u00faltimas not\u00edcias e fique bem informado sobre tudo o que acontece em Minas Gerais, Brasil e no mundo.","potentialAction":[{"@type":"SearchAction","target":{"@type":"EntryPoint","urlTemplate":"https:\/\/www.em.com.br\/emfoco\/?s={search_term_string}"},"query-input":{"@type":"PropertyValueSpecification","valueRequired":true,"valueName":"search_term_string"}}],"inLanguage":"pt-BR"},{"@type":"Person","@id":"https:\/\/www.em.com.br\/emfoco\/#\/schema\/person\/0a8186d72f2c3a5c6276d90b41f271a0","name":"Daniely Cardoso","image":{"@type":"ImageObject","inLanguage":"pt-BR","@id":"https:\/\/www.em.com.br\/emfoco\/#\/schema\/person\/image\/","url":"https:\/\/secure.gravatar.com\/avatar\/4b80ddbd124d1f071b626d52d62e5dff?s=96&d=mm&r=g","contentUrl":"https:\/\/secure.gravatar.com\/avatar\/4b80ddbd124d1f071b626d52d62e5dff?s=96&d=mm&r=g","caption":"Daniely Cardoso"},"url":"https:\/\/www.em.com.br\/emfoco\/author\/danielymyth\/"}]}},"_links":{"self":[{"href":"https:\/\/www.em.com.br\/emfoco\/wp-json\/wp\/v2\/posts\/134526","targetHints":{"allow":["GET"]}}],"collection":[{"href":"https:\/\/www.em.com.br\/emfoco\/wp-json\/wp\/v2\/posts"}],"about":[{"href":"https:\/\/www.em.com.br\/emfoco\/wp-json\/wp\/v2\/types\/post"}],"author":[{"embeddable":true,"href":"https:\/\/www.em.com.br\/emfoco\/wp-json\/wp\/v2\/users\/9"}],"replies":[{"embeddable":true,"href":"https:\/\/www.em.com.br\/emfoco\/wp-json\/wp\/v2\/comments?post=134526"}],"version-history":[{"count":3,"href":"https:\/\/www.em.com.br\/emfoco\/wp-json\/wp\/v2\/posts\/134526\/revisions"}],"predecessor-version":[{"id":134671,"href":"https:\/\/www.em.com.br\/emfoco\/wp-json\/wp\/v2\/posts\/134526\/revisions\/134671"}],"wp:featuredmedia":[{"embeddable":true,"href":"https:\/\/www.em.com.br\/emfoco\/wp-json\/wp\/v2\/media\/134631"}],"wp:attachment":[{"href":"https:\/\/www.em.com.br\/emfoco\/wp-json\/wp\/v2\/media?parent=134526"}],"wp:term":[{"taxonomy":"category","embeddable":true,"href":"https:\/\/www.em.com.br\/emfoco\/wp-json\/wp\/v2\/categories?post=134526"},{"taxonomy":"post_tag","embeddable":true,"href":"https:\/\/www.em.com.br\/emfoco\/wp-json\/wp\/v2\/tags?post=134526"}],"curies":[{"name":"wp","href":"https:\/\/api.w.org\/{rel}","templated":true}]}}