{"id":134519,"date":"2025-12-03T21:55:00","date_gmt":"2025-12-04T00:55:00","guid":{"rendered":"https:\/\/www.em.com.br\/emfoco\/?p=134519"},"modified":"2025-12-02T14:03:16","modified_gmt":"2025-12-02T17:03:16","slug":"governo-convoca-milhoes-de-familias-para-atualizar-cadastro-e-nao-perder-os-beneficios","status":"publish","type":"post","link":"https:\/\/www.em.com.br\/emfoco\/2025\/12\/03\/governo-convoca-milhoes-de-familias-para-atualizar-cadastro-e-nao-perder-os-beneficios\/","title":{"rendered":"Governo convoca milh\u00f5es de fam\u00edlias para atualizar cadastro e n\u00e3o perder os benef\u00edcios"},"content":{"rendered":"\n<p>Em 2025, milh\u00f5es de fam\u00edlias em todo o pa\u00eds passaram a lidar com um tema que impacta diretamente o or\u00e7amento dom\u00e9stico: a atualiza\u00e7\u00e3o do cadastro no <strong>Cad\u00danico<\/strong>. A medida atinge, em especial, quem depende de benef\u00edcios como <strong>Bolsa Fam\u00edlia<\/strong>, <strong>BPC <\/strong>e <strong>Tarifa Social de Energia El\u00e9trica<\/strong>, que exigem dados atualizados para continuar sendo pagos, seguindo prazos, documentos espec\u00edficos, regras da <strong>Lei n\u00ba 15.077\/2024<\/strong> e cuidados para evitar bloqueios por falta de informa\u00e7\u00e3o.<\/p>\n\n\n\n<h2 class=\"wp-block-heading\">O que \u00e9 a atualiza\u00e7\u00e3o do Cad\u00danico e por que ela \u00e9 obrigat\u00f3ria em 2025<\/h2>\n\n\n<div class=\"wp-block-image\">\n<figure class=\"aligncenter size-large\"><img loading=\"lazy\" decoding=\"async\" width=\"1024\" height=\"576\" src=\"https:\/\/www.em.com.br\/emfoco\/wp-content\/uploads\/2025\/12\/imagem_2025-11-22_214913090-e1764623116419-1024x576.png\" alt=\"\" class=\"wp-image-134251\" srcset=\"https:\/\/www.em.com.br\/emfoco\/wp-content\/uploads\/2025\/12\/imagem_2025-11-22_214913090-e1764623116419-1024x576.png 1024w, https:\/\/www.em.com.br\/emfoco\/wp-content\/uploads\/2025\/12\/imagem_2025-11-22_214913090-e1764623116419-300x169.png 300w, https:\/\/www.em.com.br\/emfoco\/wp-content\/uploads\/2025\/12\/imagem_2025-11-22_214913090-e1764623116419-768x432.png 768w, https:\/\/www.em.com.br\/emfoco\/wp-content\/uploads\/2025\/12\/imagem_2025-11-22_214913090-e1764623116419-750x422.png 750w, https:\/\/www.em.com.br\/emfoco\/wp-content\/uploads\/2025\/12\/imagem_2025-11-22_214913090-e1764623116419-1140x641.png 1140w, https:\/\/www.em.com.br\/emfoco\/wp-content\/uploads\/2025\/12\/imagem_2025-11-22_214913090-e1764623116419.png 1280w\" sizes=\"auto, (max-width: 1024px) 100vw, 1024px\" \/><figcaption class=\"wp-element-caption\">Atualize cadastro e mantenha seus benef\u00edcios ativo<\/figcaption><\/figure><\/div>\n\n\n<p>A <strong>atualiza\u00e7\u00e3o do Cad\u00danico<\/strong> \u00e9 o procedimento pelo qual o governo federal verifica se as informa\u00e7\u00f5es da fam\u00edlia ainda refletem a realidade, como renda, composi\u00e7\u00e3o familiar, endere\u00e7o e situa\u00e7\u00e3o de trabalho. Como a renda pode mudar, crian\u00e7as podem nascer, pessoas podem falecer ou se mudar, o cadastro precisa ser revisado periodicamente, sob risco de bloqueio autom\u00e1tico em caso de longos per\u00edodos sem revis\u00e3o.<\/p>\n\n\n\n<p>A regra geral \u00e9 que essa revis\u00e3o ocorra a cada <strong>24 meses<\/strong>, ou sempre que houver altera\u00e7\u00e3o relevante na vida da fam\u00edlia. Esse recadastramento \u00e9 obrigat\u00f3rio porque o <strong>Cad\u00danico <\/strong>\u00e9 a principal porta de entrada para programas como <strong>Bolsa Fam\u00edlia<\/strong>, <strong>BPC, Tarifa Social de Energia<\/strong>, programas habitacionais e benef\u00edcios eventuais, garantindo que os recursos cheguem a quem realmente se enquadra nos crit\u00e9rios de renda e vulnerabilidade social.<\/p>\n\n\n\n<h2 class=\"wp-block-heading\">Quem precisa fazer a atualiza\u00e7\u00e3o do Cad\u00danico em 2025<\/h2>\n\n\n\n<p>Em 2025, o governo federal convocou cerca de <strong>6,4 milh\u00f5es de fam\u00edlias<\/strong> para realizar a atualiza\u00e7\u00e3o do <strong>Cad\u00danico <\/strong>at\u00e9 fevereiro de 2026, sobretudo aquelas com cadastro desatualizado ou com inconsist\u00eancias em cruzamentos de dados. Fam\u00edlias com renda vari\u00e1vel, trabalhos informais ou mudan\u00e7as recentes de endere\u00e7o tendem a ser chamadas com maior frequ\u00eancia para revis\u00e3o antecipada.<\/p>\n\n\n\n<p>Entre os grupos mais afetados est\u00e3o fam\u00edlias que recebem benef\u00edcios cont\u00ednuos e utilizam o <strong>Cad\u00danico <\/strong>como principal forma de comprovar renda e composi\u00e7\u00e3o familiar. De modo geral, entram na lista de convoca\u00e7\u00e3o perfis como benefici\u00e1rios do <strong>Bolsa Fam\u00edlia, BPC\/LOAS, Tarifa Social de Energia<\/strong> e participantes de programas habitacionais ou benef\u00edcios eventuais.<\/p>\n\n\n\n<h2 class=\"wp-block-heading\">Como saber se a fam\u00edlia est\u00e1 convocada para atualizar o Cad\u00danico<\/h2>\n\n\n\n<p>Para verificar se a fam\u00edlia est\u00e1 entre as convocadas para recadastramento do <strong>Cadastro \u00danico<\/strong>, \u00e9 poss\u00edvel consultar aplicativos oficiais, canais da prefeitura ou entrar em contato com o <strong>CRAS<\/strong>. Em muitos munic\u00edpios, o sistema tamb\u00e9m emite alertas autom\u00e1ticos quando o cadastro se aproxima de dois anos sem atualiza\u00e7\u00e3o.<\/p>\n\n\n\n<p>O comunicado pode chegar por carta, mensagem de celular ou aplicativo, mas \u00e9 essencial que o respons\u00e1vel familiar acompanhe com frequ\u00eancia as informa\u00e7\u00f5es oficiais e mantenha telefone e endere\u00e7o atualizados. Mesmo quem n\u00e3o recebeu aviso formal, mas est\u00e1 h\u00e1 mais de 24 meses sem atualizar, deve buscar atendimento para prevenir bloqueios e suspens\u00f5es inesperadas de benef\u00edcios.<\/p>\n\n\n\n<h2 class=\"wp-block-heading\">Onde fazer a atualiza\u00e7\u00e3o do Cad\u00danico e quais documentos levar<\/h2>\n\n\n\n<p>A atualiza\u00e7\u00e3o do <strong>Cadastro \u00danico<\/strong> \u00e9 realizada presencialmente em unidades do <strong>CRAS<\/strong> e em outros postos de atendimento definidos pelos munic\u00edpios, como centros de assist\u00eancia social, unidades de gest\u00e3o de benef\u00edcios e mutir\u00f5es em bairros. Cada cidade define se o atendimento ser\u00e1 por agendamento, ordem de chegada ou hor\u00e1rios estendidos em per\u00edodos de grande procura.<\/p>\n\n\n\n<p>O <strong>respons\u00e1vel familiar<\/strong> deve comparecer com sua documenta\u00e7\u00e3o e a dos demais moradores do domic\u00edlio. Em geral, s\u00e3o solicitados documentos b\u00e1sicos de identifica\u00e7\u00e3o, endere\u00e7o e renda, que comprovam a situa\u00e7\u00e3o socioecon\u00f4mica da fam\u00edlia perante o sistema do governo.<\/p>\n\n\n\n<p>Leia mais: <a href=\"https:\/\/www.em.com.br\/emfoco\/2025\/11\/16\/conheca-a-regra-do-cadunico-que-garante-o-valor-total-do-seu-gas\/\" target=\"_blank\" rel=\"noreferrer noopener\">Conhe\u00e7a a regra do Cad\u00danico que garante o valor total do seu g\u00e1s<\/a><\/p>\n\n\n\n<h2 class=\"wp-block-heading\">Quais documentos s\u00e3o necess\u00e1rios para atualizar o Cad\u00danico<\/h2>\n\n\n\n<p>Antes de ir ao atendimento, \u00e9 importante organizar os principais documentos para evitar retornos desnecess\u00e1rios e atrasos na an\u00e1lise. A seguir, veja uma lista dos itens mais frequentemente exigidos pelos \u00f3rg\u00e3os respons\u00e1veis pela inscri\u00e7\u00e3o e atualiza\u00e7\u00e3o cadastral:<\/p>\n\n\n\n<ul class=\"wp-block-list\">\n<li><strong>Documento de identifica\u00e7\u00e3o<\/strong> com foto (RG, CNH, carteira de trabalho f\u00edsica ou digital).<\/li>\n\n\n\n<li><strong>CPF<\/strong> de todas as pessoas da fam\u00edlia, quando houver.<\/li>\n\n\n\n<li><strong>Certid\u00e3o de nascimento<\/strong> ou casamento de crian\u00e7as e adolescentes.<\/li>\n\n\n\n<li><strong>Comprovante de endere\u00e7o<\/strong>, preferencialmente conta recente de \u00e1gua, luz ou contrato de aluguel.<\/li>\n\n\n\n<li><strong>Comprovantes de renda<\/strong>, como holerites, extratos do <strong>INSS <\/strong>ou declara\u00e7\u00e3o de trabalho informal\/aut\u00f4nomo.<\/li>\n<\/ul>\n\n\n\n<h2 class=\"wp-block-heading\">Quais s\u00e3o os passos para atualizar o Cad\u00danico sem cometer erros<\/h2>\n\n\n\n<p>O recadastramento do <strong>Cad\u00danico <\/strong>\u00e9 simples, mas erros podem gerar an\u00e1lise demorada ou bloqueio de benef\u00edcios por suspeita de diverg\u00eancia. O ideal \u00e9 confirmar se h\u00e1 necessidade de atualiza\u00e7\u00e3o, reunir toda a documenta\u00e7\u00e3o com anteced\u00eancia e informar ao entrevistador todas as mudan\u00e7as de renda, endere\u00e7o e composi\u00e7\u00e3o familiar desde o \u00faltimo cadastro.<\/p>\n\n\n\n<p>Ao final do atendimento, o respons\u00e1vel deve conferir o resumo do cadastro, corrigir eventuais equ\u00edvocos ainda na hora e guardar o comprovante de atualiza\u00e7\u00e3o. Esse documento \u00e9 importante para demonstrar que o recadastramento foi feito dentro do prazo, inclusive em casos de recurso ou revis\u00e3o de bloqueio.<\/p>\n\n\n\n<h2 class=\"wp-block-heading\">Quais erros na atualiza\u00e7\u00e3o do Cad\u00danico podem causar bloqueio de benef\u00edcios<\/h2>\n\n\n<div class=\"wp-block-image\">\n<figure class=\"aligncenter size-large\"><img loading=\"lazy\" decoding=\"async\" width=\"1024\" height=\"576\" src=\"https:\/\/www.em.com.br\/emfoco\/wp-content\/uploads\/2025\/06\/documentacao_1749176136212-1024x576.jpg\" alt=\"Crefisa se posiciona sobre suspens\u00e3o parcial do contrato com o INSS\" class=\"wp-image-56661\" srcset=\"https:\/\/www.em.com.br\/emfoco\/wp-content\/uploads\/2025\/06\/documentacao_1749176136212-1024x576.jpg 1024w, https:\/\/www.em.com.br\/emfoco\/wp-content\/uploads\/2025\/06\/documentacao_1749176136212-300x169.jpg 300w, https:\/\/www.em.com.br\/emfoco\/wp-content\/uploads\/2025\/06\/documentacao_1749176136212-768x432.jpg 768w, https:\/\/www.em.com.br\/emfoco\/wp-content\/uploads\/2025\/06\/documentacao_1749176136212-750x422.jpg 750w, https:\/\/www.em.com.br\/emfoco\/wp-content\/uploads\/2025\/06\/documentacao_1749176136212-1140x641.jpg 1140w, https:\/\/www.em.com.br\/emfoco\/wp-content\/uploads\/2025\/06\/documentacao_1749176136212.jpg 1280w\" sizes=\"auto, (max-width: 1024px) 100vw, 1024px\" \/><figcaption class=\"wp-element-caption\">Atualize cadastro e mantenha seus benef\u00edcios ativo &#8211; Cr\u00e9ditos: depositphotos.com \/ pressmaster<\/figcaption><\/figure><\/div>\n\n\n<p>Alguns enganos comuns durante a <strong>atualiza\u00e7\u00e3o do Cadastro \u00danico<\/strong> podem resultar em atrasos, bloqueios tempor\u00e1rios ou at\u00e9 cancelamento de benef\u00edcios, principalmente ap\u00f3s o fortalecimento do cruzamento de dados pela <strong><a href=\"https:\/\/www.planalto.gov.br\/ccivil_03\/_ato2023-2026\/2024\/lei\/L15077.htm#:~:text=L15077&amp;text=Altera%20as%20Leis%20n%C2%BAs%208.171,p%C3%BAblicas%3B%20e%20d%C3%A1%20outras%20provid%C3%AAncias.\" target=\"_blank\" rel=\"noreferrer noopener\">Lei n\u00ba 15.077\/2024<\/a><\/strong>. Informa\u00e7\u00f5es incompletas, omiss\u00e3o de renda e incompatibilidade entre o declarado e o que consta em bases como <strong>INSS<\/strong> e <strong>Receita Federal<\/strong> s\u00e3o exemplos frequentes.<\/p>\n\n\n\n<p>Entre os erros mais graves est\u00e3o n\u00e3o informar toda a renda da fam\u00edlia, deixar de registrar moradores que efetivamente vivem na resid\u00eancia e n\u00e3o comunicar mudan\u00e7a de endere\u00e7o. Para evitar problemas, \u00e9 fundamental manter transpar\u00eancia e atualizar os dados sempre que houver altera\u00e7\u00e3o relevante, mesmo antes do prazo de 24 meses.<\/p>\n\n\n\n<p>Leia mais: <a href=\"https:\/\/www.em.com.br\/emfoco\/2025\/11\/25\/tarifa-social-exige-o-cadunico-para-zerar-o-seu-gasto-com-a-conta-de-agua\/\" target=\"_blank\" rel=\"noreferrer noopener\">Tarifa Social exige o Cad\u00danico para zerar o seu gasto com a conta de \u00e1gua<\/a><\/p>\n\n\n\n<h2 class=\"wp-block-heading\">Por que manter o Cad\u00danico em dia \u00e9 importante para o futuro da fam\u00edlia<\/h2>\n\n\n\n<p>Manter o <strong>Cadastro \u00danico atualizado<\/strong> n\u00e3o impacta apenas benef\u00edcios imediatos, como <strong>Bolsa Fam\u00edlia, BPC ou tarifas sociais<\/strong>; ele tamb\u00e9m \u00e9 porta de entrada para novos programas. Em muitas cidades, o registro atualizado \u00e9 usado como crit\u00e9rio para qualifica\u00e7\u00e3o profissional, distribui\u00e7\u00e3o de cestas de alimentos em emerg\u00eancias, acesso a moradias populares e amplia\u00e7\u00e3o de servi\u00e7os socioassistenciais.<\/p>\n\n\n\n<p>Ao cumprir prazos e informar corretamente mudan\u00e7as na composi\u00e7\u00e3o familiar e na renda, as fam\u00edlias garantem mais seguran\u00e7a na continuidade dos benef\u00edcios e ampliam as chances de serem contempladas em futuras pol\u00edticas p\u00fablicas. Em um cen\u00e1rio de ajustes econ\u00f4micos e mudan\u00e7as sociais, ter o <strong>Cad\u00danico regularizado<\/strong> \u00e9 um instrumento central de prote\u00e7\u00e3o social, planejamento de longo prazo e acesso a oportunidades.<\/p>\n","protected":false},"excerpt":{"rendered":"<p>Em 2025, milh\u00f5es de fam\u00edlias em todo o pa\u00eds passaram a lidar com um tema que impacta diretamente o or\u00e7amento dom\u00e9stico: a atualiza\u00e7\u00e3o do cadastro no Cad\u00danico. A medida atinge, em especial, quem depende de benef\u00edcios como Bolsa Fam\u00edlia, BPC e Tarifa Social de Energia El\u00e9trica, que exigem dados atualizados para continuar sendo pagos, seguindo [&hellip;]<\/p>\n","protected":false},"author":20,"featured_media":134570,"comment_status":"open","ping_status":"open","sticky":false,"template":"","format":"standard","meta":{"jnews-multi-image_gallery":[],"jnews_single_post":{"format":"standard"},"jnews_primary_category":[],"jnews_social_meta":[],"jnews_override_counter":[],"footnotes":""},"categories":[28,1],"tags":[618,256,614],"class_list":["post-134519","post","type-post","status-publish","format-standard","has-post-thumbnail","hentry","category-economia","category-noticias","tag-atualizacao","tag-beneficios","tag-cadunico"],"yoast_head":"<!-- This site is optimized with the Yoast SEO plugin v23.8 - https:\/\/yoast.com\/wordpress\/plugins\/seo\/ -->\n<title>Governo convoca milh\u00f5es de fam\u00edlias para atualizar cadastro e n\u00e3o perder os benef\u00edcios - Estado de Minas - Em foco<\/title>\n<meta name=\"description\" content=\"Governo convoca fam\u00edlias para atualizar cadastro e evitar perda de benef\u00edcios; saiba como regularizar sua situa\u00e7\u00e3o a tempo com mais seguran\u00e7a.\" \/>\n<meta name=\"robots\" content=\"index, follow, max-snippet:-1, max-image-preview:large, max-video-preview:-1\" \/>\n<link rel=\"canonical\" href=\"https:\/\/www.em.com.br\/emfoco\/2025\/12\/03\/governo-convoca-milhoes-de-familias-para-atualizar-cadastro-e-nao-perder-os-beneficios\/\" \/>\n<meta property=\"og:locale\" content=\"pt_BR\" \/>\n<meta property=\"og:type\" content=\"article\" \/>\n<meta property=\"og:title\" content=\"Governo convoca milh\u00f5es de fam\u00edlias para atualizar cadastro e n\u00e3o perder os benef\u00edcios - Estado de Minas - Em foco\" \/>\n<meta property=\"og:description\" content=\"Governo convoca fam\u00edlias para atualizar cadastro e evitar perda de benef\u00edcios; saiba como regularizar sua situa\u00e7\u00e3o a tempo com mais seguran\u00e7a.\" \/>\n<meta property=\"og:url\" content=\"https:\/\/www.em.com.br\/emfoco\/2025\/12\/03\/governo-convoca-milhoes-de-familias-para-atualizar-cadastro-e-nao-perder-os-beneficios\/\" \/>\n<meta property=\"og:site_name\" content=\"Estado de Minas - Em foco\" \/>\n<meta property=\"article:published_time\" content=\"2025-12-04T00:55:00+00:00\" \/>\n<meta property=\"article:modified_time\" content=\"2025-12-02T17:03:16+00:00\" \/>\n<meta property=\"og:image\" content=\"https:\/\/www.em.com.br\/emfoco\/wp-content\/uploads\/2025\/12\/imagem_2025-11-23_063158492-e1764694805810-1024x576.png\" \/>\n\t<meta property=\"og:image:width\" content=\"1024\" \/>\n\t<meta property=\"og:image:height\" content=\"576\" \/>\n\t<meta property=\"og:image:type\" content=\"image\/png\" \/>\n<meta name=\"author\" content=\"Ingrid Diniz\" \/>\n<meta name=\"twitter:card\" content=\"summary_large_image\" \/>\n<meta name=\"twitter:label1\" content=\"Escrito por\" \/>\n\t<meta name=\"twitter:data1\" content=\"Ingrid Diniz\" \/>\n\t<meta name=\"twitter:label2\" content=\"Est. tempo de leitura\" \/>\n\t<meta name=\"twitter:data2\" content=\"7 minutos\" \/>\n<!-- \/ Yoast SEO plugin. -->","yoast_head_json":{"title":"Governo convoca milh\u00f5es de fam\u00edlias para atualizar cadastro e n\u00e3o perder os benef\u00edcios - Estado de Minas - Em foco","description":"Governo convoca fam\u00edlias para atualizar cadastro e evitar perda de benef\u00edcios; saiba como regularizar sua situa\u00e7\u00e3o a tempo com mais seguran\u00e7a.","robots":{"index":"index","follow":"follow","max-snippet":"max-snippet:-1","max-image-preview":"max-image-preview:large","max-video-preview":"max-video-preview:-1"},"canonical":"https:\/\/www.em.com.br\/emfoco\/2025\/12\/03\/governo-convoca-milhoes-de-familias-para-atualizar-cadastro-e-nao-perder-os-beneficios\/","og_locale":"pt_BR","og_type":"article","og_title":"Governo convoca milh\u00f5es de fam\u00edlias para atualizar cadastro e n\u00e3o perder os benef\u00edcios - Estado de Minas - Em foco","og_description":"Governo convoca fam\u00edlias para atualizar cadastro e evitar perda de benef\u00edcios; saiba como regularizar sua situa\u00e7\u00e3o a tempo com mais seguran\u00e7a.","og_url":"https:\/\/www.em.com.br\/emfoco\/2025\/12\/03\/governo-convoca-milhoes-de-familias-para-atualizar-cadastro-e-nao-perder-os-beneficios\/","og_site_name":"Estado de Minas - Em foco","article_published_time":"2025-12-04T00:55:00+00:00","article_modified_time":"2025-12-02T17:03:16+00:00","og_image":[{"width":1024,"height":576,"url":"https:\/\/www.em.com.br\/emfoco\/wp-content\/uploads\/2025\/12\/imagem_2025-11-23_063158492-e1764694805810-1024x576.png","type":"image\/png"}],"author":"Ingrid Diniz","twitter_card":"summary_large_image","twitter_misc":{"Escrito por":"Ingrid Diniz","Est. tempo de leitura":"7 minutos"},"schema":{"@context":"https:\/\/schema.org","@graph":[{"@type":"WebPage","@id":"https:\/\/www.em.com.br\/emfoco\/2025\/12\/03\/governo-convoca-milhoes-de-familias-para-atualizar-cadastro-e-nao-perder-os-beneficios\/","url":"https:\/\/www.em.com.br\/emfoco\/2025\/12\/03\/governo-convoca-milhoes-de-familias-para-atualizar-cadastro-e-nao-perder-os-beneficios\/","name":"Governo convoca milh\u00f5es de fam\u00edlias para atualizar cadastro e n\u00e3o perder os benef\u00edcios - Estado de Minas - Em foco","isPartOf":{"@id":"https:\/\/www.em.com.br\/emfoco\/#website"},"primaryImageOfPage":{"@id":"https:\/\/www.em.com.br\/emfoco\/2025\/12\/03\/governo-convoca-milhoes-de-familias-para-atualizar-cadastro-e-nao-perder-os-beneficios\/#primaryimage"},"image":{"@id":"https:\/\/www.em.com.br\/emfoco\/2025\/12\/03\/governo-convoca-milhoes-de-familias-para-atualizar-cadastro-e-nao-perder-os-beneficios\/#primaryimage"},"thumbnailUrl":"https:\/\/www.em.com.br\/emfoco\/wp-content\/uploads\/2025\/12\/imagem_2025-11-23_063158492-e1764694805810.png","datePublished":"2025-12-04T00:55:00+00:00","dateModified":"2025-12-02T17:03:16+00:00","author":{"@id":"https:\/\/www.em.com.br\/emfoco\/#\/schema\/person\/649e610b4eb8fff87ff394e54fe17b2b"},"description":"Governo convoca fam\u00edlias para atualizar cadastro e evitar perda de benef\u00edcios; saiba como regularizar sua situa\u00e7\u00e3o a tempo com mais seguran\u00e7a.","breadcrumb":{"@id":"https:\/\/www.em.com.br\/emfoco\/2025\/12\/03\/governo-convoca-milhoes-de-familias-para-atualizar-cadastro-e-nao-perder-os-beneficios\/#breadcrumb"},"inLanguage":"pt-BR","potentialAction":[{"@type":"ReadAction","target":["https:\/\/www.em.com.br\/emfoco\/2025\/12\/03\/governo-convoca-milhoes-de-familias-para-atualizar-cadastro-e-nao-perder-os-beneficios\/"]}]},{"@type":"ImageObject","inLanguage":"pt-BR","@id":"https:\/\/www.em.com.br\/emfoco\/2025\/12\/03\/governo-convoca-milhoes-de-familias-para-atualizar-cadastro-e-nao-perder-os-beneficios\/#primaryimage","url":"https:\/\/www.em.com.br\/emfoco\/wp-content\/uploads\/2025\/12\/imagem_2025-11-23_063158492-e1764694805810.png","contentUrl":"https:\/\/www.em.com.br\/emfoco\/wp-content\/uploads\/2025\/12\/imagem_2025-11-23_063158492-e1764694805810.png","width":1280,"height":720,"caption":"Como garantir o Vale-G\u00e1s sem perder o benef\u00edcio"},{"@type":"BreadcrumbList","@id":"https:\/\/www.em.com.br\/emfoco\/2025\/12\/03\/governo-convoca-milhoes-de-familias-para-atualizar-cadastro-e-nao-perder-os-beneficios\/#breadcrumb","itemListElement":[{"@type":"ListItem","position":1,"name":"In\u00edcio","item":"https:\/\/www.em.com.br\/emfoco\/"},{"@type":"ListItem","position":2,"name":"Governo convoca milh\u00f5es de fam\u00edlias para atualizar cadastro e n\u00e3o perder os benef\u00edcios"}]},{"@type":"WebSite","@id":"https:\/\/www.em.com.br\/emfoco\/#website","url":"https:\/\/www.em.com.br\/emfoco\/","name":"Estado de Minas - Em foco","description":"Acompanhe as \u00faltimas not\u00edcias e fique bem informado sobre tudo o que acontece em Minas Gerais, Brasil e no mundo.","potentialAction":[{"@type":"SearchAction","target":{"@type":"EntryPoint","urlTemplate":"https:\/\/www.em.com.br\/emfoco\/?s={search_term_string}"},"query-input":{"@type":"PropertyValueSpecification","valueRequired":true,"valueName":"search_term_string"}}],"inLanguage":"pt-BR"},{"@type":"Person","@id":"https:\/\/www.em.com.br\/emfoco\/#\/schema\/person\/649e610b4eb8fff87ff394e54fe17b2b","name":"Ingrid Diniz","image":{"@type":"ImageObject","inLanguage":"pt-BR","@id":"https:\/\/www.em.com.br\/emfoco\/#\/schema\/person\/image\/","url":"https:\/\/secure.gravatar.com\/avatar\/a3baa1449ec5c39b4c42babc9d4f3951?s=96&d=mm&r=g","contentUrl":"https:\/\/secure.gravatar.com\/avatar\/a3baa1449ec5c39b4c42babc9d4f3951?s=96&d=mm&r=g","caption":"Ingrid Diniz"},"sameAs":["https:\/\/www.em.com.br\/"],"url":"https:\/\/www.em.com.br\/emfoco\/author\/ingridmyth\/"}]}},"_links":{"self":[{"href":"https:\/\/www.em.com.br\/emfoco\/wp-json\/wp\/v2\/posts\/134519","targetHints":{"allow":["GET"]}}],"collection":[{"href":"https:\/\/www.em.com.br\/emfoco\/wp-json\/wp\/v2\/posts"}],"about":[{"href":"https:\/\/www.em.com.br\/emfoco\/wp-json\/wp\/v2\/types\/post"}],"author":[{"embeddable":true,"href":"https:\/\/www.em.com.br\/emfoco\/wp-json\/wp\/v2\/users\/20"}],"replies":[{"embeddable":true,"href":"https:\/\/www.em.com.br\/emfoco\/wp-json\/wp\/v2\/comments?post=134519"}],"version-history":[{"count":2,"href":"https:\/\/www.em.com.br\/emfoco\/wp-json\/wp\/v2\/posts\/134519\/revisions"}],"predecessor-version":[{"id":134921,"href":"https:\/\/www.em.com.br\/emfoco\/wp-json\/wp\/v2\/posts\/134519\/revisions\/134921"}],"wp:featuredmedia":[{"embeddable":true,"href":"https:\/\/www.em.com.br\/emfoco\/wp-json\/wp\/v2\/media\/134570"}],"wp:attachment":[{"href":"https:\/\/www.em.com.br\/emfoco\/wp-json\/wp\/v2\/media?parent=134519"}],"wp:term":[{"taxonomy":"category","embeddable":true,"href":"https:\/\/www.em.com.br\/emfoco\/wp-json\/wp\/v2\/categories?post=134519"},{"taxonomy":"post_tag","embeddable":true,"href":"https:\/\/www.em.com.br\/emfoco\/wp-json\/wp\/v2\/tags?post=134519"}],"curies":[{"name":"wp","href":"https:\/\/api.w.org\/{rel}","templated":true}]}}