{"id":134517,"date":"2025-12-03T19:05:00","date_gmt":"2025-12-03T22:05:00","guid":{"rendered":"https:\/\/www.em.com.br\/emfoco\/?p=134517"},"modified":"2025-12-02T13:26:29","modified_gmt":"2025-12-02T16:26:29","slug":"aposentadas-e-beneficiarias-do-inss-terao-calendario-especial-para-pagamentos-de-janeiro","status":"publish","type":"post","link":"https:\/\/www.em.com.br\/emfoco\/2025\/12\/03\/aposentadas-e-beneficiarias-do-inss-terao-calendario-especial-para-pagamentos-de-janeiro\/","title":{"rendered":"Aposentadas e benefici\u00e1rias do INSS ter\u00e3o calend\u00e1rio especial para pagamentos de janeiro"},"content":{"rendered":"\n<p>O in\u00edcio do ano traz mudan\u00e7as importantes para quem depende da renda da <strong>Previd\u00eancia Social<\/strong>. Em janeiro, aposentadas e demais benefici\u00e1rias do <strong>INSS <\/strong>contam com um calend\u00e1rio especial de pagamentos organizado para evitar atrasos e aglomera\u00e7\u00f5es, considerando o n\u00famero do benef\u00edcio, os feriados do m\u00eas e a estrat\u00e9gia do governo para distribuir melhor o fluxo de saques ao longo das semanas, garantindo mais previsibilidade e seguran\u00e7a financeira.<\/p>\n\n\n\n<h2 class=\"wp-block-heading\">O que \u00e9 o calend\u00e1rio especial de pagamentos do INSS em janeiro<\/h2>\n\n\n<div class=\"wp-block-image\">\n<figure class=\"aligncenter size-large\"><img loading=\"lazy\" decoding=\"async\" width=\"1024\" height=\"576\" src=\"https:\/\/www.em.com.br\/emfoco\/wp-content\/uploads\/2025\/06\/calendario-de_1748976463507-1024x576.jpg\" alt=\"INSS divulga calend\u00e1rio de junho com pagamento a partir do dia 24\" class=\"wp-image-54999\" srcset=\"https:\/\/www.em.com.br\/emfoco\/wp-content\/uploads\/2025\/06\/calendario-de_1748976463507-1024x576.jpg 1024w, https:\/\/www.em.com.br\/emfoco\/wp-content\/uploads\/2025\/06\/calendario-de_1748976463507-300x169.jpg 300w, https:\/\/www.em.com.br\/emfoco\/wp-content\/uploads\/2025\/06\/calendario-de_1748976463507-768x432.jpg 768w, https:\/\/www.em.com.br\/emfoco\/wp-content\/uploads\/2025\/06\/calendario-de_1748976463507-750x422.jpg 750w, https:\/\/www.em.com.br\/emfoco\/wp-content\/uploads\/2025\/06\/calendario-de_1748976463507-1140x641.jpg 1140w, https:\/\/www.em.com.br\/emfoco\/wp-content\/uploads\/2025\/06\/calendario-de_1748976463507.jpg 1280w\" sizes=\"auto, (max-width: 1024px) 100vw, 1024px\" \/><figcaption class=\"wp-element-caption\">Calend\u00e1rio especial de pagamentos do INSS em janeiro &#8211; Cr\u00e9ditos: depositphotos.com \/ BrianAJackson<\/figcaption><\/figure><\/div>\n\n\n<p>O calend\u00e1rio especial de pagamentos do <strong>INSS <\/strong>em janeiro \u00e9 um cronograma definido antecipadamente para a libera\u00e7\u00e3o de benef\u00edcios como aposentadorias, pens\u00f5es, aux\u00edlios e <strong>BPC<\/strong>. Em vez de concentrar os cr\u00e9ditos em um \u00fanico dia, o instituto distribui as datas ao longo do m\u00eas, normalmente em dias \u00fateis consecutivos, para diferentes grupos de benefici\u00e1rias.<\/p>\n\n\n\n<p>Essa organiza\u00e7\u00e3o leva em conta o valor do benef\u00edcio e o n\u00famero final de identifica\u00e7\u00e3o, desconsiderando o d\u00edgito verificador. Assim, reduzem-se filas nas ag\u00eancias, sobrecarga nos caixas eletr\u00f4nicos e riscos de aglomera\u00e7\u00e3o, al\u00e9m de facilitar o uso de canais digitais e o controle banc\u00e1rio.<\/p>\n\n\n\n<h2 class=\"wp-block-heading\">Como funciona o pagamento para aposentadas e demais benefici\u00e1rias do INSS<\/h2>\n\n\n\n<p>O pagamento segue uma rotina padronizada, baseada no n\u00famero do benef\u00edcio e no valor recebido por cada segurada, separando quem recebe at\u00e9 um sal\u00e1rio m\u00ednimo de quem ganha acima desse valor. Os cr\u00e9ditos s\u00e3o distribu\u00eddos em per\u00edodos diferentes dentro do m\u00eas de compet\u00eancia, respeitando sempre o calend\u00e1rio oficial.<\/p>\n\n\n\n<p>Na pr\u00e1tica, o <strong>INSS <\/strong>autoriza o cr\u00e9dito, o banco conveniado processa a ordem de pagamento e o valor \u00e9 liberado na conta cadastrada ou no cart\u00e3o-benef\u00edcio. A aposentada pode sacar em esp\u00e9cie, usar o cart\u00e3o no d\u00e9bito, transferir para outra conta ou consultar extratos e datas pelo aplicativo e site do <strong>Meu INSS<\/strong>.<\/p>\n\n\n\n<p>Alguns fatores determinam exatamente quando e como o dinheiro ficar\u00e1 dispon\u00edvel para cada benefici\u00e1ria, o que ajuda no planejamento financeiro e na escolha do melhor canal de recebimento:<\/p>\n\n\n\n<ul class=\"wp-block-list\">\n<li><strong>Valor do benef\u00edcio:<\/strong> define o grupo de pagamento (at\u00e9 o piso previdenci\u00e1rio ou acima dele).<\/li>\n\n\n\n<li><strong>Final do n\u00famero do benef\u00edcio:<\/strong> determina o dia exato em que o cr\u00e9dito ser\u00e1 liberado.<\/li>\n\n\n\n<li><strong>Canal de recebimento:<\/strong> conta corrente, poupan\u00e7a ou cart\u00e3o-benef\u00edcio, conforme o cadastro.<\/li>\n\n\n\n<li><strong>Consulta pr\u00e9via:<\/strong> possibilidade de verificar o calend\u00e1rio antes, evitando surpresas.<\/li>\n<\/ul>\n\n\n\n<p>Leia mais: <a href=\"https:\/\/www.em.com.br\/emfoco\/2025\/11\/30\/inss-moderniza-a-prova-de-vida-e-alerta-para-golpes-que-usam-dados-dos-beneficiarios\/\" target=\"_blank\" rel=\"noreferrer noopener\">INSS moderniza a prova de vida e alerta para golpes que usam dados dos benefici\u00e1rios<\/a><\/p>\n\n\n\n<h2 class=\"wp-block-heading\">O que observar no calend\u00e1rio especial do INSS em janeiro<\/h2>\n\n\n<div class=\"wp-block-image\">\n<figure class=\"aligncenter size-large\"><img loading=\"lazy\" decoding=\"async\" width=\"1024\" height=\"576\" src=\"https:\/\/www.em.com.br\/emfoco\/wp-content\/uploads\/2025\/08\/calculadora-dinheiro-reais_1754959288779-1024x576.jpg\" alt=\"Caixa Tem revela o truque para ver a data e o valor exato do seu benef\u00edcio\" class=\"wp-image-89941\" srcset=\"https:\/\/www.em.com.br\/emfoco\/wp-content\/uploads\/2025\/08\/calculadora-dinheiro-reais_1754959288779-1024x576.jpg 1024w, https:\/\/www.em.com.br\/emfoco\/wp-content\/uploads\/2025\/08\/calculadora-dinheiro-reais_1754959288779-300x169.jpg 300w, https:\/\/www.em.com.br\/emfoco\/wp-content\/uploads\/2025\/08\/calculadora-dinheiro-reais_1754959288779-768x432.jpg 768w, https:\/\/www.em.com.br\/emfoco\/wp-content\/uploads\/2025\/08\/calculadora-dinheiro-reais_1754959288779-750x422.jpg 750w, https:\/\/www.em.com.br\/emfoco\/wp-content\/uploads\/2025\/08\/calculadora-dinheiro-reais_1754959288779-1140x641.jpg 1140w, https:\/\/www.em.com.br\/emfoco\/wp-content\/uploads\/2025\/08\/calculadora-dinheiro-reais_1754959288779.jpg 1280w\" sizes=\"auto, (max-width: 1024px) 100vw, 1024px\" \/><figcaption class=\"wp-element-caption\">Calend\u00e1rio especial de pagamentos do INSS em janeiro &#8211; Cr\u00e9ditos: depositphotos.com \/ aln2311  <\/figcaption><\/figure><\/div>\n\n\n<p>Para quem depende da renda previdenci\u00e1ria, organiza\u00e7\u00e3o \u00e9 fundamental. O calend\u00e1rio especial de janeiro costuma come\u00e7ar no fim do pr\u00f3prio m\u00eas de compet\u00eancia e, em alguns anos, pode avan\u00e7ar para o in\u00edcio de fevereiro, exigindo aten\u00e7\u00e3o para n\u00e3o confundir a compet\u00eancia (janeiro) com a data em que o dinheiro fica dispon\u00edvel.<\/p>\n\n\n\n<p>Em 2025, como em anos anteriores, o <strong>INSS <\/strong>divulga o cronograma com anteced\u00eancia em canais oficiais, como o portal gov.br e o aplicativo <strong>Meu INSS<\/strong>. A regra geral \u00e9 manter uma faixa de dias para benef\u00edcios de at\u00e9 um sal\u00e1rio m\u00ednimo e outra para valores acima do piso, seguindo a ordem do n\u00famero final do benef\u00edcio, de 1 a 0.<\/p>\n\n\n\n<ol class=\"wp-block-list\">\n<li><strong>Verificar o final do benef\u00edcio:<\/strong> conferir o n\u00famero correto, ignorando o d\u00edgito ap\u00f3s o tra\u00e7o.<\/li>\n\n\n\n<li><strong>Checar o calend\u00e1rio oficial:<\/strong> usar apenas site, aplicativo ou central 135 do <strong>INSS<\/strong>.<\/li>\n\n\n\n<li><strong>Observar feriados:<\/strong> confirmar se a data cai em dia \u00fatil banc\u00e1rio para planejar saques.<\/li>\n\n\n\n<li><strong>Planejar contas fixas:<\/strong> ajustar vencimentos como aluguel e financiamentos.<\/li>\n\n\n\n<li><strong>Evitar saques em hor\u00e1rios de pico:<\/strong> preferir per\u00edodos mais tranquilos e seguros.<\/li>\n<\/ol>\n\n\n\n<h2 class=\"wp-block-heading\">Como consultar o calend\u00e1rio de pagamentos do INSS com seguran\u00e7a<\/h2>\n\n\n\n<p>A consulta ao calend\u00e1rio de pagamentos ficou mais simples com os servi\u00e7os digitais do <strong>INSS<\/strong>, que reduzem a necessidade de deslocamentos presenciais. O extrato de pagamento costuma indicar a data de cr\u00e9dito programada, permitindo confer\u00eancia r\u00e1pida de qualquer lugar, inclusive por familiares autorizados a auxiliar idosas.<\/p>\n\n\n\n<p>Para evitar erros e golpes, \u00e9 essencial usar apenas canais oficiais e bancos conveniados, sempre com aten\u00e7\u00e3o ao endere\u00e7o dos sites e aos aplicativos corretos. Em todos eles, \u00e9 importante ter em m\u00e3os dados b\u00e1sicos, como CPF, n\u00famero do benef\u00edcio e data de nascimento.<\/p>\n\n\n\n<ul class=\"wp-block-list\">\n<li><strong>Aplicativo Meu INSS:<\/strong> dispon\u00edvel para celulares, exibe data de pagamento, hist\u00f3rico e extratos.<\/li>\n\n\n\n<li><strong><a href=\"https:\/\/www.gov.br\/inss\/pt-br\" target=\"_blank\" rel=\"noreferrer noopener\">Site Meu INSS<\/a>:<\/strong> acessado por computador, com login via CPF e senha gov.br.<\/li>\n\n\n\n<li><strong>Central telef\u00f4nica 135:<\/strong> permite consultar datas e tirar d\u00favidas por liga\u00e7\u00e3o.<\/li>\n\n\n\n<li><strong>Ag\u00eancias do INSS:<\/strong> indicadas apenas quando os canais digitais n\u00e3o resolvem.<\/li>\n\n\n\n<li><strong>Informa\u00e7\u00f5es no banco:<\/strong> previs\u00e3o de cr\u00e9dito pode aparecer no internet banking ou caixa eletr\u00f4nico.<\/li>\n<\/ul>\n\n\n\n<p>Leia mais: <a href=\"https:\/\/www.em.com.br\/emfoco\/2025\/12\/01\/novo-salario-minimo-para-2026-aumento-de-r-1-631-deve-elevar-aposentadorias-mudar-calculo-do-inss-e-ampliar-gastos-federais\/\" target=\"_blank\" rel=\"noreferrer noopener\">Novo sal\u00e1rio m\u00ednimo para 2026: aumento de R$ 1.631 deve elevar aposentadorias, mudar c\u00e1lculo do INSS e ampliar gastos federais<\/a><\/p>\n\n\n\n<h2 class=\"wp-block-heading\">Quais cuidados tomar com o calend\u00e1rio especial de janeiro<\/h2>\n\n\n\n<p>O calend\u00e1rio especial de janeiro coincide com um per\u00edodo de gastos extras, como material escolar, tributos e contas t\u00edpicas do in\u00edcio de ano. Para aposentadas e benefici\u00e1rias do <strong>INSS<\/strong>, isso exige aten\u00e7\u00e3o redobrada, pois a renda previdenci\u00e1ria muitas vezes \u00e9 a principal ou \u00fanica fonte de sustento de toda a fam\u00edlia.<\/p>\n\n\n\n<p>Educadores financeiros e entidades de prote\u00e7\u00e3o ao idoso destacam que o controle de despesas e a preven\u00e7\u00e3o a golpes s\u00e3o fundamentais. Um pequeno planejamento, aliado \u00e0 confer\u00eancia do extrato, \u00e0 prote\u00e7\u00e3o de dados pessoais e \u00e0 recusa educada de ofertas insistentes, ajuda a garantir estabilidade ao or\u00e7amento dom\u00e9stico ao longo do m\u00eas.<\/p>\n\n\n\n<ul class=\"wp-block-list\">\n<li><strong>Evitar adiantamentos sem necessidade:<\/strong> antecipar parcelas pode comprometer meses seguintes.<\/li>\n\n\n\n<li><strong>Desconfiar de ofertas f\u00e1ceis:<\/strong> propostas agressivas de consignado costumam surgir na \u00e9poca de pagamento.<\/li>\n\n\n\n<li><strong>Conferir o extrato:<\/strong> verificar se o valor depositado e os descontos est\u00e3o corretos.<\/li>\n\n\n\n<li><strong>Proteger dados pessoais:<\/strong> nunca informar n\u00famero de benef\u00edcio, senhas ou c\u00f3digos recebidos por SMS.<\/li>\n\n\n\n<li><strong>Organizar um planejamento simples:<\/strong> listar contas essenciais antes de sacar ou gastar.<\/li>\n<\/ul>\n","protected":false},"excerpt":{"rendered":"<p>O in\u00edcio do ano traz mudan\u00e7as importantes para quem depende da renda da Previd\u00eancia Social. Em janeiro, aposentadas e demais benefici\u00e1rias do INSS contam com um calend\u00e1rio especial de pagamentos organizado para evitar atrasos e aglomera\u00e7\u00f5es, considerando o n\u00famero do benef\u00edcio, os feriados do m\u00eas e a estrat\u00e9gia do governo para distribuir melhor o fluxo [&hellip;]<\/p>\n","protected":false},"author":20,"featured_media":134557,"comment_status":"open","ping_status":"open","sticky":false,"template":"","format":"standard","meta":{"jnews-multi-image_gallery":[],"jnews_single_post":{"format":"standard"},"jnews_primary_category":[],"jnews_social_meta":[],"jnews_override_counter":[],"footnotes":""},"categories":[28,1],"tags":[259,174,609],"class_list":["post-134517","post","type-post","status-publish","format-standard","has-post-thumbnail","hentry","category-economia","category-noticias","tag-beneficio","tag-inss","tag-previdencia-social"],"yoast_head":"<!-- This site is optimized with the Yoast SEO plugin v23.8 - https:\/\/yoast.com\/wordpress\/plugins\/seo\/ -->\n<title>Aposentadas e benefici\u00e1rias do INSS ter\u00e3o calend\u00e1rio especial para pagamentos de janeiro - Estado de Minas - Em foco<\/title>\n<meta name=\"description\" content=\"Aposentadas e benefici\u00e1rias do INSS ter\u00e3o calend\u00e1rio especial de pagamentos em janeiro, garantindo organiza\u00e7\u00e3o e acesso facilitado aos valores.\" \/>\n<meta name=\"robots\" content=\"index, follow, max-snippet:-1, max-image-preview:large, max-video-preview:-1\" \/>\n<link rel=\"canonical\" href=\"https:\/\/www.em.com.br\/emfoco\/2025\/12\/03\/aposentadas-e-beneficiarias-do-inss-terao-calendario-especial-para-pagamentos-de-janeiro\/\" \/>\n<meta property=\"og:locale\" content=\"pt_BR\" \/>\n<meta property=\"og:type\" content=\"article\" \/>\n<meta property=\"og:title\" content=\"Aposentadas e benefici\u00e1rias do INSS ter\u00e3o calend\u00e1rio especial para pagamentos de janeiro - Estado de Minas - Em foco\" \/>\n<meta property=\"og:description\" content=\"Aposentadas e benefici\u00e1rias do INSS ter\u00e3o calend\u00e1rio especial de pagamentos em janeiro, garantindo organiza\u00e7\u00e3o e acesso facilitado aos valores.\" \/>\n<meta property=\"og:url\" content=\"https:\/\/www.em.com.br\/emfoco\/2025\/12\/03\/aposentadas-e-beneficiarias-do-inss-terao-calendario-especial-para-pagamentos-de-janeiro\/\" \/>\n<meta property=\"og:site_name\" content=\"Estado de Minas - Em foco\" \/>\n<meta property=\"article:published_time\" content=\"2025-12-03T22:05:00+00:00\" \/>\n<meta property=\"article:modified_time\" content=\"2025-12-02T16:26:29+00:00\" \/>\n<meta property=\"og:image\" content=\"https:\/\/www.em.com.br\/emfoco\/wp-content\/uploads\/2025\/12\/imagem_2025-11-23_055336532-e1764692692237-1024x576.png\" \/>\n\t<meta property=\"og:image:width\" content=\"1024\" \/>\n\t<meta property=\"og:image:height\" content=\"576\" \/>\n\t<meta property=\"og:image:type\" content=\"image\/png\" \/>\n<meta name=\"author\" content=\"Ingrid Diniz\" \/>\n<meta name=\"twitter:card\" content=\"summary_large_image\" \/>\n<meta name=\"twitter:label1\" content=\"Escrito por\" \/>\n\t<meta name=\"twitter:data1\" content=\"Ingrid Diniz\" \/>\n\t<meta name=\"twitter:label2\" content=\"Est. tempo de leitura\" \/>\n\t<meta name=\"twitter:data2\" content=\"6 minutos\" \/>\n<!-- \/ Yoast SEO plugin. -->","yoast_head_json":{"title":"Aposentadas e benefici\u00e1rias do INSS ter\u00e3o calend\u00e1rio especial para pagamentos de janeiro - Estado de Minas - Em foco","description":"Aposentadas e benefici\u00e1rias do INSS ter\u00e3o calend\u00e1rio especial de pagamentos em janeiro, garantindo organiza\u00e7\u00e3o e acesso facilitado aos valores.","robots":{"index":"index","follow":"follow","max-snippet":"max-snippet:-1","max-image-preview":"max-image-preview:large","max-video-preview":"max-video-preview:-1"},"canonical":"https:\/\/www.em.com.br\/emfoco\/2025\/12\/03\/aposentadas-e-beneficiarias-do-inss-terao-calendario-especial-para-pagamentos-de-janeiro\/","og_locale":"pt_BR","og_type":"article","og_title":"Aposentadas e benefici\u00e1rias do INSS ter\u00e3o calend\u00e1rio especial para pagamentos de janeiro - Estado de Minas - Em foco","og_description":"Aposentadas e benefici\u00e1rias do INSS ter\u00e3o calend\u00e1rio especial de pagamentos em janeiro, garantindo organiza\u00e7\u00e3o e acesso facilitado aos valores.","og_url":"https:\/\/www.em.com.br\/emfoco\/2025\/12\/03\/aposentadas-e-beneficiarias-do-inss-terao-calendario-especial-para-pagamentos-de-janeiro\/","og_site_name":"Estado de Minas - Em foco","article_published_time":"2025-12-03T22:05:00+00:00","article_modified_time":"2025-12-02T16:26:29+00:00","og_image":[{"width":1024,"height":576,"url":"https:\/\/www.em.com.br\/emfoco\/wp-content\/uploads\/2025\/12\/imagem_2025-11-23_055336532-e1764692692237-1024x576.png","type":"image\/png"}],"author":"Ingrid Diniz","twitter_card":"summary_large_image","twitter_misc":{"Escrito por":"Ingrid Diniz","Est. tempo de leitura":"6 minutos"},"schema":{"@context":"https:\/\/schema.org","@graph":[{"@type":"WebPage","@id":"https:\/\/www.em.com.br\/emfoco\/2025\/12\/03\/aposentadas-e-beneficiarias-do-inss-terao-calendario-especial-para-pagamentos-de-janeiro\/","url":"https:\/\/www.em.com.br\/emfoco\/2025\/12\/03\/aposentadas-e-beneficiarias-do-inss-terao-calendario-especial-para-pagamentos-de-janeiro\/","name":"Aposentadas e benefici\u00e1rias do INSS ter\u00e3o calend\u00e1rio especial para pagamentos de janeiro - Estado de Minas - Em foco","isPartOf":{"@id":"https:\/\/www.em.com.br\/emfoco\/#website"},"primaryImageOfPage":{"@id":"https:\/\/www.em.com.br\/emfoco\/2025\/12\/03\/aposentadas-e-beneficiarias-do-inss-terao-calendario-especial-para-pagamentos-de-janeiro\/#primaryimage"},"image":{"@id":"https:\/\/www.em.com.br\/emfoco\/2025\/12\/03\/aposentadas-e-beneficiarias-do-inss-terao-calendario-especial-para-pagamentos-de-janeiro\/#primaryimage"},"thumbnailUrl":"https:\/\/www.em.com.br\/emfoco\/wp-content\/uploads\/2025\/12\/imagem_2025-11-23_055336532-e1764692692237.png","datePublished":"2025-12-03T22:05:00+00:00","dateModified":"2025-12-02T16:26:29+00:00","author":{"@id":"https:\/\/www.em.com.br\/emfoco\/#\/schema\/person\/649e610b4eb8fff87ff394e54fe17b2b"},"description":"Aposentadas e benefici\u00e1rias do INSS ter\u00e3o calend\u00e1rio especial de pagamentos em janeiro, garantindo organiza\u00e7\u00e3o e acesso facilitado aos valores.","breadcrumb":{"@id":"https:\/\/www.em.com.br\/emfoco\/2025\/12\/03\/aposentadas-e-beneficiarias-do-inss-terao-calendario-especial-para-pagamentos-de-janeiro\/#breadcrumb"},"inLanguage":"pt-BR","potentialAction":[{"@type":"ReadAction","target":["https:\/\/www.em.com.br\/emfoco\/2025\/12\/03\/aposentadas-e-beneficiarias-do-inss-terao-calendario-especial-para-pagamentos-de-janeiro\/"]}]},{"@type":"ImageObject","inLanguage":"pt-BR","@id":"https:\/\/www.em.com.br\/emfoco\/2025\/12\/03\/aposentadas-e-beneficiarias-do-inss-terao-calendario-especial-para-pagamentos-de-janeiro\/#primaryimage","url":"https:\/\/www.em.com.br\/emfoco\/wp-content\/uploads\/2025\/12\/imagem_2025-11-23_055336532-e1764692692237.png","contentUrl":"https:\/\/www.em.com.br\/emfoco\/wp-content\/uploads\/2025\/12\/imagem_2025-11-23_055336532-e1764692692237.png","width":1280,"height":720,"caption":"BPC 2026 novo valor e quem tem direito"},{"@type":"BreadcrumbList","@id":"https:\/\/www.em.com.br\/emfoco\/2025\/12\/03\/aposentadas-e-beneficiarias-do-inss-terao-calendario-especial-para-pagamentos-de-janeiro\/#breadcrumb","itemListElement":[{"@type":"ListItem","position":1,"name":"In\u00edcio","item":"https:\/\/www.em.com.br\/emfoco\/"},{"@type":"ListItem","position":2,"name":"Aposentadas e benefici\u00e1rias do INSS ter\u00e3o calend\u00e1rio especial para pagamentos de janeiro"}]},{"@type":"WebSite","@id":"https:\/\/www.em.com.br\/emfoco\/#website","url":"https:\/\/www.em.com.br\/emfoco\/","name":"Estado de Minas - Em foco","description":"Acompanhe as \u00faltimas not\u00edcias e fique bem informado sobre tudo o que acontece em Minas Gerais, Brasil e no mundo.","potentialAction":[{"@type":"SearchAction","target":{"@type":"EntryPoint","urlTemplate":"https:\/\/www.em.com.br\/emfoco\/?s={search_term_string}"},"query-input":{"@type":"PropertyValueSpecification","valueRequired":true,"valueName":"search_term_string"}}],"inLanguage":"pt-BR"},{"@type":"Person","@id":"https:\/\/www.em.com.br\/emfoco\/#\/schema\/person\/649e610b4eb8fff87ff394e54fe17b2b","name":"Ingrid Diniz","image":{"@type":"ImageObject","inLanguage":"pt-BR","@id":"https:\/\/www.em.com.br\/emfoco\/#\/schema\/person\/image\/","url":"https:\/\/secure.gravatar.com\/avatar\/a3baa1449ec5c39b4c42babc9d4f3951?s=96&d=mm&r=g","contentUrl":"https:\/\/secure.gravatar.com\/avatar\/a3baa1449ec5c39b4c42babc9d4f3951?s=96&d=mm&r=g","caption":"Ingrid Diniz"},"sameAs":["https:\/\/www.em.com.br\/"],"url":"https:\/\/www.em.com.br\/emfoco\/author\/ingridmyth\/"}]}},"_links":{"self":[{"href":"https:\/\/www.em.com.br\/emfoco\/wp-json\/wp\/v2\/posts\/134517","targetHints":{"allow":["GET"]}}],"collection":[{"href":"https:\/\/www.em.com.br\/emfoco\/wp-json\/wp\/v2\/posts"}],"about":[{"href":"https:\/\/www.em.com.br\/emfoco\/wp-json\/wp\/v2\/types\/post"}],"author":[{"embeddable":true,"href":"https:\/\/www.em.com.br\/emfoco\/wp-json\/wp\/v2\/users\/20"}],"replies":[{"embeddable":true,"href":"https:\/\/www.em.com.br\/emfoco\/wp-json\/wp\/v2\/comments?post=134517"}],"version-history":[{"count":2,"href":"https:\/\/www.em.com.br\/emfoco\/wp-json\/wp\/v2\/posts\/134517\/revisions"}],"predecessor-version":[{"id":134919,"href":"https:\/\/www.em.com.br\/emfoco\/wp-json\/wp\/v2\/posts\/134517\/revisions\/134919"}],"wp:featuredmedia":[{"embeddable":true,"href":"https:\/\/www.em.com.br\/emfoco\/wp-json\/wp\/v2\/media\/134557"}],"wp:attachment":[{"href":"https:\/\/www.em.com.br\/emfoco\/wp-json\/wp\/v2\/media?parent=134517"}],"wp:term":[{"taxonomy":"category","embeddable":true,"href":"https:\/\/www.em.com.br\/emfoco\/wp-json\/wp\/v2\/categories?post=134517"},{"taxonomy":"post_tag","embeddable":true,"href":"https:\/\/www.em.com.br\/emfoco\/wp-json\/wp\/v2\/tags?post=134517"}],"curies":[{"name":"wp","href":"https:\/\/api.w.org\/{rel}","templated":true}]}}