{"id":134516,"date":"2025-12-03T17:25:00","date_gmt":"2025-12-03T20:25:00","guid":{"rendered":"https:\/\/www.em.com.br\/emfoco\/?p=134516"},"modified":"2025-12-02T21:54:36","modified_gmt":"2025-12-03T00:54:36","slug":"o-que-fazer-caso-voce-nao-receba-o-seu-13-ate-o-dia-20-de-dezembro","status":"publish","type":"post","link":"https:\/\/www.em.com.br\/emfoco\/2025\/12\/03\/o-que-fazer-caso-voce-nao-receba-o-seu-13-ate-o-dia-20-de-dezembro\/","title":{"rendered":"O que fazer caso voc\u00ea n\u00e3o receba o seu 13\u00b0 at\u00e9 o dia 20 de dezembro"},"content":{"rendered":"\n<p>O atraso no pagamento do d\u00e9cimo terceiro sal\u00e1rio ainda afeta muitas fam\u00edlias no Brasil e pode comprometer o planejamento financeiro, o pagamento de d\u00edvidas e at\u00e9 a organiza\u00e7\u00e3o das festas de fim de ano; por isso, entender prazos, direitos, deveres do empregador e canais de reclama\u00e7\u00e3o \u00e9 fundamental para proteger o or\u00e7amento e a rela\u00e7\u00e3o de trabalho.<\/p>\n\n\n\n<h2 class=\"wp-block-heading\">O que \u00e9 o d\u00e9cimo terceiro sal\u00e1rio e quando ele \u00e9 considerado atrasado<\/h2>\n\n\n\n<p>O d\u00e9cimo terceiro sal\u00e1rio \u00e9 uma gratifica\u00e7\u00e3o obrigat\u00f3ria paga anualmente a trabalhadores com carteira assinada, empregados dom\u00e9sticos registrados, trabalhadores rurais, urbanos e outros v\u00ednculos formais. De forma simplificada, o valor corresponde a um doze avos da remunera\u00e7\u00e3o por m\u00eas trabalhado no ano, incluindo adicionais habituais que comp\u00f5em o sal\u00e1rio.<\/p>\n\n\n\n<p>A legisla\u00e7\u00e3o prev\u00ea duas etapas principais: a primeira parcela deve ser paga entre fevereiro e novembro e a segunda, at\u00e9 20 de dezembro, salvo acordos espec\u00edficos em conven\u00e7\u00f5es coletivas. O benef\u00edcio \u00e9 considerado atrasado quando n\u00e3o \u00e9 pago at\u00e9 essas datas, quando \u00e9 pago parcialmente ou quando o c\u00e1lculo desconsidera parcelas salariais que deveriam compor a base.<\/p>\n\n\n<div class=\"wp-block-image\">\n<figure class=\"aligncenter size-large\"><img loading=\"lazy\" decoding=\"async\" width=\"1024\" height=\"576\" src=\"https:\/\/www.em.com.br\/emfoco\/wp-content\/uploads\/2025\/06\/dinheiro-reais_1748976575730-1024x576.jpg\" alt=\"Trabalhadores com pend\u00eancias no PIS\/Pasep recebem lote extra em outubro\" class=\"wp-image-55005\" srcset=\"https:\/\/www.em.com.br\/emfoco\/wp-content\/uploads\/2025\/06\/dinheiro-reais_1748976575730-1024x576.jpg 1024w, https:\/\/www.em.com.br\/emfoco\/wp-content\/uploads\/2025\/06\/dinheiro-reais_1748976575730-300x169.jpg 300w, https:\/\/www.em.com.br\/emfoco\/wp-content\/uploads\/2025\/06\/dinheiro-reais_1748976575730-768x432.jpg 768w, https:\/\/www.em.com.br\/emfoco\/wp-content\/uploads\/2025\/06\/dinheiro-reais_1748976575730-750x422.jpg 750w, https:\/\/www.em.com.br\/emfoco\/wp-content\/uploads\/2025\/06\/dinheiro-reais_1748976575730-1140x641.jpg 1140w, https:\/\/www.em.com.br\/emfoco\/wp-content\/uploads\/2025\/06\/dinheiro-reais_1748976575730.jpg 1280w\" sizes=\"auto, (max-width: 1024px) 100vw, 1024px\" \/><figcaption class=\"wp-element-caption\">Passos para receber o 13\u00b0 caso atrase o pagamento &#8211; Cr\u00e9ditos: depositphotos.com \/ brenosaturnino<\/figcaption><\/figure><\/div>\n\n\n<h2 class=\"wp-block-heading\">Quais s\u00e3o os direitos do trabalhador em caso de d\u00e9cimo terceiro atrasado<\/h2>\n\n\n\n<p>Quando o d\u00e9cimo terceiro est\u00e1 atrasado, o trabalhador tem direito a receber integralmente o valor devido, ainda que a empresa alegue dificuldades financeiras. Mesmo com o atraso, o v\u00ednculo empregat\u00edcio permanece \u00edntegro, preservando f\u00e9rias, FGTS, adicionais e as demais garantias previstas em lei ou em conven\u00e7\u00f5es coletivas.<\/p>\n\n\n\n<p>Em situa\u00e7\u00f5es de atraso, podem incidir encargos para o empregador, como multas administrativas, juros e corre\u00e7\u00e3o monet\u00e1ria, especialmente quando o caso chega \u00e0 <strong>Justi\u00e7a do Trabalho<\/strong>. Atrasos recorrentes ou o n\u00e3o pagamento da gratifica\u00e7\u00e3o natalina podem indicar irregularidades mais amplas, o que torna a den\u00fancia formal ainda mais importante.<\/p>\n\n\n\n<h2 class=\"wp-block-heading\">Como reclamar do d\u00e9cimo terceiro atrasado no Minist\u00e9rio do Trabalho<\/h2>\n\n\n\n<p>O passo a passo para reclamar no <strong>Minist\u00e9rio do Trabalho e Emprego<\/strong> foi simplificado com a amplia\u00e7\u00e3o do atendimento digital, permitindo que o trabalhador formalize a den\u00fancia sem sair de casa. O procedimento \u00e9 gratuito, pode ser sigiloso e costuma resultar em fiscaliza\u00e7\u00e3o, notifica\u00e7\u00e3o ao empregador ou outras medidas administrativas para regulariza\u00e7\u00e3o.<\/p>\n\n\n\n<p>Para facilitar a compreens\u00e3o, veja a seguir as etapas mais comuns para registrar uma reclama\u00e7\u00e3o trabalhista espec\u00edfica sobre o atraso ou n\u00e3o pagamento do d\u00e9cimo terceiro sal\u00e1rio:<\/p>\n\n\n\n<ol class=\"wp-block-list\">\n<li><strong>Reunir documentos b\u00e1sicos<\/strong> \u2013 documentos pessoais (RG, CPF), carteira de trabalho f\u00edsica ou digital, comprovantes de pagamento e, se poss\u00edvel, contrato de trabalho.<\/li>\n\n\n\n<li><strong>Acessar os canais oficiais<\/strong> \u2013 entrar no portal do governo federal, nos servi\u00e7os digitais do MTE, ou buscar o telefone oficial de atendimento (como o 158, quando dispon\u00edvel) para orienta\u00e7\u00f5es.<\/li>\n\n\n\n<li><strong>Registrar a reclama\u00e7\u00e3o trabalhista<\/strong> \u2013 preencher o formul\u00e1rio relatando o problema, informando a empresa, CNPJ, endere\u00e7o e descrevendo o atraso, pagamento fora do prazo ou incompleto.<\/li>\n\n\n\n<li><strong>Acompanhar o protocolo<\/strong> \u2013 utilizar o n\u00famero de protocolo para acompanhar o andamento da reclama\u00e7\u00e3o e verificar se haver\u00e1 inspe\u00e7\u00e3o, notifica\u00e7\u00e3o ou outras medidas.<\/li>\n\n\n\n<li><strong>Avaliar outras vias de solu\u00e7\u00e3o<\/strong> \u2013 caso a irregularidade persista ou haja outros direitos violados, buscar o sindicato da categoria ou a <strong>Justi\u00e7a do Trabalho<\/strong>, com orienta\u00e7\u00e3o adequada.<\/li>\n<\/ol>\n\n\n\n<h2 class=\"wp-block-heading\">Quais s\u00e3o os canais para reclamar al\u00e9m do Minist\u00e9rio do Trabalho<\/h2>\n\n\n\n<p>O <strong><a href=\"https:\/\/www.gov.br\/trabalho-e-emprego\/pt-br\" target=\"_blank\" rel=\"noreferrer noopener\">Minist\u00e9rio do Trabalho e Emprego<\/a><\/strong> \u00e9 um dos principais \u00f3rg\u00e3os para tratar do d\u00e9cimo terceiro atrasado, mas n\u00e3o \u00e9 o \u00fanico caminho dispon\u00edvel. Em muitas categorias, sindicatos atuantes intermediam negocia\u00e7\u00f5es, registram den\u00fancias coletivas e participam de reuni\u00f5es com a empresa para exigir a regulariza\u00e7\u00e3o.<\/p>\n\n\n\n<p>Outra possibilidade \u00e9 procurar o <strong>Minist\u00e9rio P\u00fablico do Trabalho<\/strong> (MPT), especialmente quando o atraso atinge v\u00e1rios empregados ao mesmo tempo, indicando pr\u00e1tica reiterada. J\u00e1 a <strong>Justi\u00e7a do Trabalho<\/strong> \u00e9 indicada quando, al\u00e9m da regulariza\u00e7\u00e3o, o trabalhador busca repara\u00e7\u00e3o financeira, como juros, corre\u00e7\u00e3o e eventuais indeniza\u00e7\u00f5es, com apoio de advogado ou sindicato.<\/p>\n\n\n\n<p>Leia mais: <a href=\"https:\/\/www.em.com.br\/emfoco\/2025\/11\/28\/passo-a-passo-para-emitir-sua-carteira-de-trabalho-digital-sem-complicacao\/\" target=\"_blank\" rel=\"noreferrer noopener\">Passo a passo para emitir sua Carteira de Trabalho Digital sem complica\u00e7\u00e3o<\/a><\/p>\n\n\n\n<h2 class=\"wp-block-heading\">O que fazer dentro da empresa antes de formalizar uma queixa oficial<\/h2>\n\n\n\n<p>Em muitos casos, o trabalhador tenta solucionar o problema diretamente com a empresa para verificar se houve erro operacional, problema banc\u00e1rio ou inadimpl\u00eancia deliberada. A recomenda\u00e7\u00e3o \u00e9 sempre buscar atendimentos formais e respostas por escrito, evitando discuss\u00f5es apenas verbais, que n\u00e3o deixam registro e s\u00e3o mais dif\u00edceis de comprovar depois.<\/p>\n\n\n\n<ul class=\"wp-block-list\">\n<li><strong>Confirmar prazos<\/strong> \u2013 verificar se a empresa possui data interna definida para o pagamento, sempre respeitando o limite legal.<\/li>\n\n\n\n<li><strong>Pedir comprovantes<\/strong> \u2013 solicitar holerites ou relat\u00f3rios internos que demonstrem se o valor foi calculado e lan\u00e7ado para pagamento.<\/li>\n\n\n\n<li><strong>Registrar contatos<\/strong> \u2013 guardar e-mails, mensagens ou protocolos de atendimento interno, que servir\u00e3o como evid\u00eancia em eventual reclama\u00e7\u00e3o externa.<\/li>\n\n\n\n<li><strong>Observar colegas<\/strong> \u2013 entender se o problema afeta outros trabalhadores, o que pode indicar atraso generalizado ou falha sist\u00eamica.<\/li>\n<\/ul>\n\n\n\n<h2 class=\"wp-block-heading\">Reclamar do d\u00e9cimo terceiro atrasado pode prejudicar o trabalhador<\/h2>\n\n\n<div class=\"wp-block-image\">\n<figure class=\"aligncenter size-large\"><img loading=\"lazy\" decoding=\"async\" width=\"1024\" height=\"576\" src=\"https:\/\/www.em.com.br\/emfoco\/wp-content\/uploads\/2025\/11\/trabalhadora-mulher_1763610095479-1024x576.jpg\" alt=\"\" class=\"wp-image-130410\" srcset=\"https:\/\/www.em.com.br\/emfoco\/wp-content\/uploads\/2025\/11\/trabalhadora-mulher_1763610095479-1024x576.jpg 1024w, https:\/\/www.em.com.br\/emfoco\/wp-content\/uploads\/2025\/11\/trabalhadora-mulher_1763610095479-300x169.jpg 300w, https:\/\/www.em.com.br\/emfoco\/wp-content\/uploads\/2025\/11\/trabalhadora-mulher_1763610095479-768x432.jpg 768w, https:\/\/www.em.com.br\/emfoco\/wp-content\/uploads\/2025\/11\/trabalhadora-mulher_1763610095479-750x422.jpg 750w, https:\/\/www.em.com.br\/emfoco\/wp-content\/uploads\/2025\/11\/trabalhadora-mulher_1763610095479-1140x641.jpg 1140w, https:\/\/www.em.com.br\/emfoco\/wp-content\/uploads\/2025\/11\/trabalhadora-mulher_1763610095479.jpg 1280w\" sizes=\"auto, (max-width: 1024px) 100vw, 1024px\" \/><figcaption class=\"wp-element-caption\">Passos para receber o 13\u00b0 caso atrase o pagamento &#8211; Cr\u00e9ditos: depositphotos.com \/ HayDmitriy<\/figcaption><\/figure><\/div>\n\n\n<p>Muitos empregados t\u00eam receio de formalizar den\u00fancia por medo de repres\u00e1lias, como mudan\u00e7as de fun\u00e7\u00e3o, persegui\u00e7\u00e3o ou at\u00e9 demiss\u00e3o. A legisla\u00e7\u00e3o trabalhista, no entanto, busca coibir condutas discriminat\u00f3rias ou retaliat\u00f3rias, e medidas tomadas logo ap\u00f3s a queixa podem ser analisadas como ind\u00edcio de retalia\u00e7\u00e3o.<\/p>\n\n\n\n<p>O <strong>Minist\u00e9rio do Trabalho<\/strong>, o <strong>Minist\u00e9rio P\u00fablico do Trabalho e a Justi\u00e7a do Trabalho<\/strong> costumam considerar o contexto em que a reclama\u00e7\u00e3o foi apresentada. Por isso, \u00e9 importante manter registros de datas, documentos enviados e respostas recebidas, al\u00e9m de utilizar, sempre que poss\u00edvel, os mecanismos de sigilo oferecidos pelos canais oficiais, sobretudo em den\u00fancias coletivas.<\/p>\n\n\n\n<p>Leia mais: <a href=\"https:\/\/www.em.com.br\/emfoco\/2025\/11\/29\/como-a-meditacao-melhora-sua-saude-e-trabalho\/\" target=\"_blank\" rel=\"noreferrer noopener\">Como a medita\u00e7\u00e3o melhora sua sa\u00fade e trabalho<\/a><\/p>\n\n\n\n<h2 class=\"wp-block-heading\">Por que \u00e9 importante agir diante de um d\u00e9cimo terceiro atrasado<\/h2>\n\n\n\n<p>Tomar provid\u00eancias diante do d\u00e9cimo terceiro atrasado n\u00e3o se limita \u00e0 recupera\u00e7\u00e3o de um benef\u00edcio pontual, pois ajuda a fiscalizar as rela\u00e7\u00f5es de trabalho. A den\u00fancia formal permite que o poder p\u00fablico identifique padr\u00f5es de descumprimento da lei e direcione inspe\u00e7\u00f5es para setores ou empresas com maior \u00edndice de irregularidades.<\/p>\n\n\n\n<p>Al\u00e9m disso, o registro da reclama\u00e7\u00e3o cria um hist\u00f3rico \u00fatil em futuras a\u00e7\u00f5es judiciais ou negocia\u00e7\u00f5es coletivas, fortalecendo a cultura de respeito aos direitos trabalhistas. Em longo prazo, a postura de buscar os canais adequados reduz a sensa\u00e7\u00e3o de desamparo, incentiva a regulariza\u00e7\u00e3o de pr\u00e1ticas internas e contribui para a prote\u00e7\u00e3o de outros trabalhadores na mesma situa\u00e7\u00e3o.<\/p>\n","protected":false},"excerpt":{"rendered":"<p>O atraso no pagamento do d\u00e9cimo terceiro sal\u00e1rio ainda afeta muitas fam\u00edlias no Brasil e pode comprometer o planejamento financeiro, o pagamento de d\u00edvidas e at\u00e9 a organiza\u00e7\u00e3o das festas de fim de ano; por isso, entender prazos, direitos, deveres do empregador e canais de reclama\u00e7\u00e3o \u00e9 fundamental para proteger o or\u00e7amento e a rela\u00e7\u00e3o [&hellip;]<\/p>\n","protected":false},"author":20,"featured_media":134553,"comment_status":"open","ping_status":"open","sticky":false,"template":"","format":"standard","meta":{"jnews-multi-image_gallery":[],"jnews_single_post":{"format":"standard"},"jnews_primary_category":[],"jnews_social_meta":[],"jnews_override_counter":[],"footnotes":""},"categories":[28,1],"tags":[19066,167,1877],"class_list":["post-134516","post","type-post","status-publish","format-standard","has-post-thumbnail","hentry","category-economia","category-noticias","tag-decimo-terceiro","tag-financas","tag-salario"],"yoast_head":"<!-- This site is optimized with the Yoast SEO plugin v23.8 - https:\/\/yoast.com\/wordpress\/plugins\/seo\/ -->\n<title>O que fazer caso voc\u00ea n\u00e3o receba o seu 13\u00b0 at\u00e9 o dia 20 de dezembro - Estado de Minas - Em foco<\/title>\n<meta name=\"description\" content=\"Saiba o que fazer se o 13\u00b0 sal\u00e1rio n\u00e3o for pago at\u00e9 20 de dezembro e conhe\u00e7a seus direitos para garantir o recebimento correto e seguro.\" \/>\n<meta name=\"robots\" content=\"index, follow, max-snippet:-1, max-image-preview:large, max-video-preview:-1\" \/>\n<link rel=\"canonical\" href=\"https:\/\/www.em.com.br\/emfoco\/2025\/12\/03\/o-que-fazer-caso-voce-nao-receba-o-seu-13-ate-o-dia-20-de-dezembro\/\" \/>\n<meta property=\"og:locale\" content=\"pt_BR\" \/>\n<meta property=\"og:type\" content=\"article\" \/>\n<meta property=\"og:title\" content=\"O que fazer caso voc\u00ea n\u00e3o receba o seu 13\u00b0 at\u00e9 o dia 20 de dezembro - Estado de Minas - Em foco\" \/>\n<meta property=\"og:description\" content=\"Saiba o que fazer se o 13\u00b0 sal\u00e1rio n\u00e3o for pago at\u00e9 20 de dezembro e conhe\u00e7a seus direitos para garantir o recebimento correto e seguro.\" \/>\n<meta property=\"og:url\" content=\"https:\/\/www.em.com.br\/emfoco\/2025\/12\/03\/o-que-fazer-caso-voce-nao-receba-o-seu-13-ate-o-dia-20-de-dezembro\/\" \/>\n<meta property=\"og:site_name\" content=\"Estado de Minas - Em foco\" \/>\n<meta property=\"article:published_time\" content=\"2025-12-03T20:25:00+00:00\" \/>\n<meta property=\"article:modified_time\" content=\"2025-12-03T00:54:36+00:00\" \/>\n<meta property=\"og:image\" content=\"https:\/\/www.em.com.br\/emfoco\/wp-content\/uploads\/2025\/12\/imagem_2025-11-23_053534642-e1764691488629-1024x576.png\" \/>\n\t<meta property=\"og:image:width\" content=\"1024\" \/>\n\t<meta property=\"og:image:height\" content=\"576\" \/>\n\t<meta property=\"og:image:type\" content=\"image\/png\" \/>\n<meta name=\"author\" content=\"Ingrid Diniz\" \/>\n<meta name=\"twitter:card\" content=\"summary_large_image\" \/>\n<meta name=\"twitter:label1\" content=\"Escrito por\" \/>\n\t<meta name=\"twitter:data1\" content=\"Ingrid Diniz\" \/>\n\t<meta name=\"twitter:label2\" content=\"Est. tempo de leitura\" \/>\n\t<meta name=\"twitter:data2\" content=\"7 minutos\" \/>\n<!-- \/ Yoast SEO plugin. -->","yoast_head_json":{"title":"O que fazer caso voc\u00ea n\u00e3o receba o seu 13\u00b0 at\u00e9 o dia 20 de dezembro - Estado de Minas - Em foco","description":"Saiba o que fazer se o 13\u00b0 sal\u00e1rio n\u00e3o for pago at\u00e9 20 de dezembro e conhe\u00e7a seus direitos para garantir o recebimento correto e seguro.","robots":{"index":"index","follow":"follow","max-snippet":"max-snippet:-1","max-image-preview":"max-image-preview:large","max-video-preview":"max-video-preview:-1"},"canonical":"https:\/\/www.em.com.br\/emfoco\/2025\/12\/03\/o-que-fazer-caso-voce-nao-receba-o-seu-13-ate-o-dia-20-de-dezembro\/","og_locale":"pt_BR","og_type":"article","og_title":"O que fazer caso voc\u00ea n\u00e3o receba o seu 13\u00b0 at\u00e9 o dia 20 de dezembro - Estado de Minas - Em foco","og_description":"Saiba o que fazer se o 13\u00b0 sal\u00e1rio n\u00e3o for pago at\u00e9 20 de dezembro e conhe\u00e7a seus direitos para garantir o recebimento correto e seguro.","og_url":"https:\/\/www.em.com.br\/emfoco\/2025\/12\/03\/o-que-fazer-caso-voce-nao-receba-o-seu-13-ate-o-dia-20-de-dezembro\/","og_site_name":"Estado de Minas - Em foco","article_published_time":"2025-12-03T20:25:00+00:00","article_modified_time":"2025-12-03T00:54:36+00:00","og_image":[{"width":1024,"height":576,"url":"https:\/\/www.em.com.br\/emfoco\/wp-content\/uploads\/2025\/12\/imagem_2025-11-23_053534642-e1764691488629-1024x576.png","type":"image\/png"}],"author":"Ingrid Diniz","twitter_card":"summary_large_image","twitter_misc":{"Escrito por":"Ingrid Diniz","Est. tempo de leitura":"7 minutos"},"schema":{"@context":"https:\/\/schema.org","@graph":[{"@type":"WebPage","@id":"https:\/\/www.em.com.br\/emfoco\/2025\/12\/03\/o-que-fazer-caso-voce-nao-receba-o-seu-13-ate-o-dia-20-de-dezembro\/","url":"https:\/\/www.em.com.br\/emfoco\/2025\/12\/03\/o-que-fazer-caso-voce-nao-receba-o-seu-13-ate-o-dia-20-de-dezembro\/","name":"O que fazer caso voc\u00ea n\u00e3o receba o seu 13\u00b0 at\u00e9 o dia 20 de dezembro - Estado de Minas - Em foco","isPartOf":{"@id":"https:\/\/www.em.com.br\/emfoco\/#website"},"primaryImageOfPage":{"@id":"https:\/\/www.em.com.br\/emfoco\/2025\/12\/03\/o-que-fazer-caso-voce-nao-receba-o-seu-13-ate-o-dia-20-de-dezembro\/#primaryimage"},"image":{"@id":"https:\/\/www.em.com.br\/emfoco\/2025\/12\/03\/o-que-fazer-caso-voce-nao-receba-o-seu-13-ate-o-dia-20-de-dezembro\/#primaryimage"},"thumbnailUrl":"https:\/\/www.em.com.br\/emfoco\/wp-content\/uploads\/2025\/12\/imagem_2025-11-23_053534642-e1764691488629.png","datePublished":"2025-12-03T20:25:00+00:00","dateModified":"2025-12-03T00:54:36+00:00","author":{"@id":"https:\/\/www.em.com.br\/emfoco\/#\/schema\/person\/649e610b4eb8fff87ff394e54fe17b2b"},"description":"Saiba o que fazer se o 13\u00b0 sal\u00e1rio n\u00e3o for pago at\u00e9 20 de dezembro e conhe\u00e7a seus direitos para garantir o recebimento correto e seguro.","breadcrumb":{"@id":"https:\/\/www.em.com.br\/emfoco\/2025\/12\/03\/o-que-fazer-caso-voce-nao-receba-o-seu-13-ate-o-dia-20-de-dezembro\/#breadcrumb"},"inLanguage":"pt-BR","potentialAction":[{"@type":"ReadAction","target":["https:\/\/www.em.com.br\/emfoco\/2025\/12\/03\/o-que-fazer-caso-voce-nao-receba-o-seu-13-ate-o-dia-20-de-dezembro\/"]}]},{"@type":"ImageObject","inLanguage":"pt-BR","@id":"https:\/\/www.em.com.br\/emfoco\/2025\/12\/03\/o-que-fazer-caso-voce-nao-receba-o-seu-13-ate-o-dia-20-de-dezembro\/#primaryimage","url":"https:\/\/www.em.com.br\/emfoco\/wp-content\/uploads\/2025\/12\/imagem_2025-11-23_053534642-e1764691488629.png","contentUrl":"https:\/\/www.em.com.br\/emfoco\/wp-content\/uploads\/2025\/12\/imagem_2025-11-23_053534642-e1764691488629.png","width":1280,"height":720,"caption":"Quem ganha e quem perde com o novo sal\u00e1rio m\u00ednimo de 2026"},{"@type":"BreadcrumbList","@id":"https:\/\/www.em.com.br\/emfoco\/2025\/12\/03\/o-que-fazer-caso-voce-nao-receba-o-seu-13-ate-o-dia-20-de-dezembro\/#breadcrumb","itemListElement":[{"@type":"ListItem","position":1,"name":"In\u00edcio","item":"https:\/\/www.em.com.br\/emfoco\/"},{"@type":"ListItem","position":2,"name":"O que fazer caso voc\u00ea n\u00e3o receba o seu 13\u00b0 at\u00e9 o dia 20 de dezembro"}]},{"@type":"WebSite","@id":"https:\/\/www.em.com.br\/emfoco\/#website","url":"https:\/\/www.em.com.br\/emfoco\/","name":"Estado de Minas - Em foco","description":"Acompanhe as \u00faltimas not\u00edcias e fique bem informado sobre tudo o que acontece em Minas Gerais, Brasil e no mundo.","potentialAction":[{"@type":"SearchAction","target":{"@type":"EntryPoint","urlTemplate":"https:\/\/www.em.com.br\/emfoco\/?s={search_term_string}"},"query-input":{"@type":"PropertyValueSpecification","valueRequired":true,"valueName":"search_term_string"}}],"inLanguage":"pt-BR"},{"@type":"Person","@id":"https:\/\/www.em.com.br\/emfoco\/#\/schema\/person\/649e610b4eb8fff87ff394e54fe17b2b","name":"Ingrid Diniz","image":{"@type":"ImageObject","inLanguage":"pt-BR","@id":"https:\/\/www.em.com.br\/emfoco\/#\/schema\/person\/image\/","url":"https:\/\/secure.gravatar.com\/avatar\/a3baa1449ec5c39b4c42babc9d4f3951?s=96&d=mm&r=g","contentUrl":"https:\/\/secure.gravatar.com\/avatar\/a3baa1449ec5c39b4c42babc9d4f3951?s=96&d=mm&r=g","caption":"Ingrid Diniz"},"sameAs":["https:\/\/www.em.com.br\/"],"url":"https:\/\/www.em.com.br\/emfoco\/author\/ingridmyth\/"}]}},"_links":{"self":[{"href":"https:\/\/www.em.com.br\/emfoco\/wp-json\/wp\/v2\/posts\/134516","targetHints":{"allow":["GET"]}}],"collection":[{"href":"https:\/\/www.em.com.br\/emfoco\/wp-json\/wp\/v2\/posts"}],"about":[{"href":"https:\/\/www.em.com.br\/emfoco\/wp-json\/wp\/v2\/types\/post"}],"author":[{"embeddable":true,"href":"https:\/\/www.em.com.br\/emfoco\/wp-json\/wp\/v2\/users\/20"}],"replies":[{"embeddable":true,"href":"https:\/\/www.em.com.br\/emfoco\/wp-json\/wp\/v2\/comments?post=134516"}],"version-history":[{"count":2,"href":"https:\/\/www.em.com.br\/emfoco\/wp-json\/wp\/v2\/posts\/134516\/revisions"}],"predecessor-version":[{"id":134918,"href":"https:\/\/www.em.com.br\/emfoco\/wp-json\/wp\/v2\/posts\/134516\/revisions\/134918"}],"wp:featuredmedia":[{"embeddable":true,"href":"https:\/\/www.em.com.br\/emfoco\/wp-json\/wp\/v2\/media\/134553"}],"wp:attachment":[{"href":"https:\/\/www.em.com.br\/emfoco\/wp-json\/wp\/v2\/media?parent=134516"}],"wp:term":[{"taxonomy":"category","embeddable":true,"href":"https:\/\/www.em.com.br\/emfoco\/wp-json\/wp\/v2\/categories?post=134516"},{"taxonomy":"post_tag","embeddable":true,"href":"https:\/\/www.em.com.br\/emfoco\/wp-json\/wp\/v2\/tags?post=134516"}],"curies":[{"name":"wp","href":"https:\/\/api.w.org\/{rel}","templated":true}]}}