{"id":134497,"date":"2025-12-03T20:15:00","date_gmt":"2025-12-03T23:15:00","guid":{"rendered":"https:\/\/www.em.com.br\/emfoco\/?p=134497"},"modified":"2025-12-02T21:15:12","modified_gmt":"2025-12-03T00:15:12","slug":"adeus-as-cameras-de-seguranca-tradicionais-a-tendencia-que-esta-revolucionando-a-seguranca-das-casas","status":"publish","type":"post","link":"https:\/\/www.em.com.br\/emfoco\/2025\/12\/03\/adeus-as-cameras-de-seguranca-tradicionais-a-tendencia-que-esta-revolucionando-a-seguranca-das-casas\/","title":{"rendered":"Adeus \u00e0s c\u00e2meras de seguran\u00e7a tradicionais: a tend\u00eancia que est\u00e1 revolucionando a seguran\u00e7a das casas"},"content":{"rendered":"\n<p>O aumento dos assaltos e furtos em \u00e1reas residenciais tem levado muitas fam\u00edlias a repensar a seguran\u00e7a do lar, buscando sistemas mais completos, capazes de registrar imagens, identificar situa\u00e7\u00f5es suspeitas e enviar avisos em tempo real, cen\u00e1rio em que a&nbsp;<strong>c\u00e2mera de seguran\u00e7a com intelig\u00eancia artificial<\/strong>&nbsp;passa a ocupar um espa\u00e7o central nas discuss\u00f5es sobre prote\u00e7\u00e3o dom\u00e9stica em 2025.<\/p>\n\n\n\n<h2 class=\"wp-block-heading\">O que diferencia a c\u00e2mera de seguran\u00e7a com intelig\u00eancia artificial<\/h2>\n\n\n\n<p>A&nbsp;<strong>c\u00e2mera de seguran\u00e7a com intelig\u00eancia artificial<\/strong>&nbsp;vai al\u00e9m da simples grava\u00e7\u00e3o de imagens: ela interpreta a cena, reconhece padr\u00f5es e classifica objetos. Em vez de apenas detectar movimento, passa a distinguir se o deslocamento \u00e9 de uma pessoa, de um animal ou de um ve\u00edculo, reduzindo alarmes irrelevantes e focando no que realmente representa risco.<\/p>\n\n\n\n<p>Com a ado\u00e7\u00e3o crescente de<a href=\"https:\/\/www.samsung.com\/br\/tvs\/tv-buying-guide\/what-is-4k-tv\/\" target=\"_blank\" rel=\"noreferrer noopener\"> resolu\u00e7\u00e3o 4K Ultra HD<\/a>, torna-se mais f\u00e1cil identificar detalhes como placas de ve\u00edculos ou caracter\u00edsticas faciais. Associada \u00e0 IA, essa alta defini\u00e7\u00e3o permite ampliar trechos espec\u00edficos sem comprometer tanto a nitidez, auxiliando na an\u00e1lise posterior em casos de ocorr\u00eancia policial ou investiga\u00e7\u00e3o de comportamentos suspeitos nas proximidades do im\u00f3vel.<\/p>\n\n\n\n<figure class=\"wp-block-image size-large\"><img loading=\"lazy\" decoding=\"async\" width=\"1024\" height=\"576\" src=\"https:\/\/www.em.com.br\/emfoco\/wp-content\/uploads\/2025\/12\/Gemini_Generated_Image_9u390s9u390s9u39-1-1-1024x576.png\" alt=\"Adeus \u00e0s c\u00e2meras de seguran\u00e7a tradicionais: a tend\u00eancia que est\u00e1 revolucionando a seguran\u00e7a das casas\" class=\"wp-image-134897\" srcset=\"https:\/\/www.em.com.br\/emfoco\/wp-content\/uploads\/2025\/12\/Gemini_Generated_Image_9u390s9u390s9u39-1-1-1024x576.png 1024w, https:\/\/www.em.com.br\/emfoco\/wp-content\/uploads\/2025\/12\/Gemini_Generated_Image_9u390s9u390s9u39-1-1-300x169.png 300w, https:\/\/www.em.com.br\/emfoco\/wp-content\/uploads\/2025\/12\/Gemini_Generated_Image_9u390s9u390s9u39-1-1-768x432.png 768w, https:\/\/www.em.com.br\/emfoco\/wp-content\/uploads\/2025\/12\/Gemini_Generated_Image_9u390s9u390s9u39-1-1-750x422.png 750w, https:\/\/www.em.com.br\/emfoco\/wp-content\/uploads\/2025\/12\/Gemini_Generated_Image_9u390s9u390s9u39-1-1-1140x641.png 1140w, https:\/\/www.em.com.br\/emfoco\/wp-content\/uploads\/2025\/12\/Gemini_Generated_Image_9u390s9u390s9u39-1-1.png 1280w\" sizes=\"auto, (max-width: 1024px) 100vw, 1024px\" \/><figcaption class=\"wp-element-caption\">A c\u00e2mera inteligente que virou aliada da seguran\u00e7a em 2025<\/figcaption><\/figure>\n\n\n\n<h2 class=\"wp-block-heading\">Como a intelig\u00eancia artificial melhora a vigil\u00e2ncia residencial<\/h2>\n\n\n\n<p>A presen\u00e7a de&nbsp;<strong>intelig\u00eancia artificial nas c\u00e2meras de seguran\u00e7a<\/strong>&nbsp;automatiza tarefas e aumenta a precis\u00e3o na detec\u00e7\u00e3o de situa\u00e7\u00f5es suspeitas. Em \u00e1reas urbanas com grande circula\u00e7\u00e3o, a IA aprende padr\u00f5es de normalidade e destaca apenas comportamentos fora do comum, reduzindo o volume de notifica\u00e7\u00f5es desnecess\u00e1rias para o morador.<\/p>\n\n\n\n<p>Para organizar melhor esse tipo de monitoramento, muitos sistemas oferecem recursos espec\u00edficos de classifica\u00e7\u00e3o, que tornam o hist\u00f3rico de eventos mais \u00fatil e f\u00e1cil de consultar.<\/p>\n\n\n\n<ul class=\"wp-block-list\">\n<li><strong>Detec\u00e7\u00e3o de pessoas:<\/strong>&nbsp;diferencia seres humanos de outros objetos em movimento.<\/li>\n\n\n\n<li><strong>Reconhecimento de animais:<\/strong>&nbsp;evita alertas quando apenas c\u00e3es ou gatos transitam pelo quintal.<\/li>\n\n\n\n<li><strong>Identifica\u00e7\u00e3o de ve\u00edculos:<\/strong>&nbsp;acompanha carros e motos que permanecem tempo demais em frente \u00e0 resid\u00eancia.<\/li>\n\n\n\n<li><strong>Leitura de placas:<\/strong>&nbsp;alguns modelos registram e arquivam as placas de autom\u00f3veis que circulam pela \u00e1rea monitorada.<\/li>\n<\/ul>\n\n\n\n<h2 class=\"wp-block-heading\">C\u00e2mera de seguran\u00e7a com intelig\u00eancia artificial vale a pena para resid\u00eancias<\/h2>\n\n\n\n<p>Na <a href=\"https:\/\/www.em.com.br\/emfoco\/2025\/11\/01\/automacao-domestica-facilita-a-rotina-e-faz-sucesso-nas-casas-brasileiras\/\" target=\"_blank\" rel=\"noreferrer noopener\">rotina dom\u00e9stica<\/a>, uma\u00a0<strong>c\u00e2mera de seguran\u00e7a com IA<\/strong>\u00a0atua como complemento a fechaduras refor\u00e7adas, alarmes e cercas, oferecendo monitoramento em tempo real via celular e alertas espec\u00edficos. Isso \u00e9 especialmente \u00fatil para quem passa muitas horas fora ou deseja acompanhar acessos de servi\u00e7o, garagens e \u00e1reas com circula\u00e7\u00e3o de prestadores.<\/p>\n\n\n\n<p>Ao analisar se o sistema faz sentido, \u00e9 importante considerar fatores como o porte do im\u00f3vel, o fluxo de pessoas, o hist\u00f3rico de ocorr\u00eancias na regi\u00e3o e a qualidade da conectividade. Em muitos modelos, a IA tamb\u00e9m otimiza o brilho, corrige \u00e1reas escuras e grava em m\u00e1xima qualidade apenas eventos relevantes, economizando espa\u00e7o em nuvem ou em gravadores f\u00edsicos.<\/p>\n\n\n\n<h2 class=\"wp-block-heading\">Quanto custa instalar c\u00e2meras de seguran\u00e7a residenciais em 2025<\/h2>\n\n\n\n<p>O investimento em&nbsp;<strong>c\u00e2meras de seguran\u00e7a para resid\u00eancia<\/strong>&nbsp;em 2025 varia conforme o tipo de equipamento e a complexidade da instala\u00e7\u00e3o. No contexto argentino, estimativas indicam que o custo da m\u00e3o de obra por c\u00e2mera pode ficar entre 49.900 e 70.000 pesos, incluindo fixa\u00e7\u00e3o dos dispositivos, passagem de cabos e configura\u00e7\u00e3o b\u00e1sica do sistema por instaladores el\u00e9tricos ou empresas especializadas.<\/p>\n\n\n\n<figure class=\"wp-block-image size-large\"><img loading=\"lazy\" decoding=\"async\" width=\"1024\" height=\"576\" src=\"https:\/\/www.em.com.br\/emfoco\/wp-content\/uploads\/2025\/12\/Gemini_Generated_Image_jaixzljaixzljaix-1-1024x576.png\" alt=\"Adeus \u00e0s c\u00e2meras de seguran\u00e7a tradicionais: a tend\u00eancia que est\u00e1 revolucionando a seguran\u00e7a das casas\" class=\"wp-image-134899\" srcset=\"https:\/\/www.em.com.br\/emfoco\/wp-content\/uploads\/2025\/12\/Gemini_Generated_Image_jaixzljaixzljaix-1-1024x576.png 1024w, https:\/\/www.em.com.br\/emfoco\/wp-content\/uploads\/2025\/12\/Gemini_Generated_Image_jaixzljaixzljaix-1-300x169.png 300w, https:\/\/www.em.com.br\/emfoco\/wp-content\/uploads\/2025\/12\/Gemini_Generated_Image_jaixzljaixzljaix-1-768x432.png 768w, https:\/\/www.em.com.br\/emfoco\/wp-content\/uploads\/2025\/12\/Gemini_Generated_Image_jaixzljaixzljaix-1-750x422.png 750w, https:\/\/www.em.com.br\/emfoco\/wp-content\/uploads\/2025\/12\/Gemini_Generated_Image_jaixzljaixzljaix-1-1140x641.png 1140w, https:\/\/www.em.com.br\/emfoco\/wp-content\/uploads\/2025\/12\/Gemini_Generated_Image_jaixzljaixzljaix-1.png 1280w\" sizes=\"auto, (max-width: 1024px) 100vw, 1024px\" \/><figcaption class=\"wp-element-caption\">O avan\u00e7o que deixa sua casa mais protegida<\/figcaption><\/figure>\n\n\n\n<p>Al\u00e9m da m\u00e3o de obra, \u00e9 preciso contabilizar os pr\u00f3prios equipamentos, que podem incluir c\u00e2meras com ou sem IA, gravadores (DVR ou NVR), cabeamento, conectores, fontes de alimenta\u00e7\u00e3o e nobreak. Em algumas situa\u00e7\u00f5es, entram tamb\u00e9m canaliza\u00e7\u00f5es met\u00e1licas embutidas para proteger cabos, que podem custar cerca de 36.700 pesos adicionais, fazendo o valor total subir conforme o n\u00famero de c\u00e2meras, a qualidade desejada e o uso de armazenamento em nuvem pago.<\/p>\n\n\n\n<h2 class=\"wp-block-heading\">Quais cuidados tomar ao escolher c\u00e2meras de seguran\u00e7a com intelig\u00eancia artificial<\/h2>\n\n\n\n<p>Antes de fechar um pacote de&nbsp;<strong>c\u00e2meras de seguran\u00e7a com intelig\u00eancia artificial<\/strong>, \u00e9 importante observar a compatibilidade entre dispositivos e aplicativos de monitoramento, garantindo facilidade de uso. Tamb\u00e9m vale verificar se o fabricante oferece atualiza\u00e7\u00f5es de software frequentes, algo essencial para que a IA se mantenha eficiente na identifica\u00e7\u00e3o de amea\u00e7as e redu\u00e7\u00e3o de falsos alertas.<\/p>\n\n\n\n<p>Outro ponto crucial \u00e9 a pol\u00edtica de privacidade, avaliando quanto do processamento \u00e9 feito na nuvem ou localmente, para evitar exposi\u00e7\u00e3o excessiva de dados sens\u00edveis. Um projeto bem planejado, com orienta\u00e7\u00e3o profissional, ajuda a definir os melhores pontos de instala\u00e7\u00e3o, \u00e2ngulos de cobertura e equil\u00edbrio entre c\u00e2meras internas e externas, potencializando o uso da IA na prote\u00e7\u00e3o cotidiana das resid\u00eancias.<\/p>\n","protected":false},"excerpt":{"rendered":"<p>O aumento dos assaltos e furtos em \u00e1reas residenciais tem levado muitas fam\u00edlias a repensar a seguran\u00e7a do lar, buscando sistemas mais completos, capazes de registrar imagens, identificar situa\u00e7\u00f5es suspeitas e enviar avisos em tempo real, cen\u00e1rio em que a&nbsp;c\u00e2mera de seguran\u00e7a com intelig\u00eancia artificial&nbsp;passa a ocupar um espa\u00e7o central nas discuss\u00f5es sobre prote\u00e7\u00e3o dom\u00e9stica [&hellip;]<\/p>\n","protected":false},"author":11,"featured_media":134898,"comment_status":"open","ping_status":"open","sticky":false,"template":"","format":"standard","meta":{"jnews-multi-image_gallery":[],"jnews_single_post":{"format":"standard"},"jnews_primary_category":[],"jnews_social_meta":[],"jnews_override_counter":[],"footnotes":""},"categories":[1,4204],"tags":[19666,1249,182,161],"class_list":["post-134497","post","type-post","status-publish","format-standard","has-post-thumbnail","hentry","category-noticias","category-tecnologia","tag-camera-inteligente","tag-inteligencia-artificial","tag-seguranca","tag-tecnologia"],"yoast_head":"<!-- This site is optimized with the Yoast SEO plugin v23.8 - https:\/\/yoast.com\/wordpress\/plugins\/seo\/ -->\n<title>Adeus \u00e0s c\u00e2meras de seguran\u00e7a tradicionais: a tend\u00eancia que est\u00e1 revolucionando a seguran\u00e7a das casas - Estado de Minas - Em foco<\/title>\n<meta name=\"description\" content=\"C\u00e2meras com intelig\u00eancia artificial transformam a seguran\u00e7a residencial ao reconhecer pessoas, ve\u00edculos e animais, reduzindo alertas in\u00fateis e aumentando a prote\u00e7\u00e3o.\" \/>\n<meta name=\"robots\" content=\"index, follow, max-snippet:-1, max-image-preview:large, max-video-preview:-1\" \/>\n<link rel=\"canonical\" href=\"https:\/\/www.em.com.br\/emfoco\/2025\/12\/03\/adeus-as-cameras-de-seguranca-tradicionais-a-tendencia-que-esta-revolucionando-a-seguranca-das-casas\/\" \/>\n<meta property=\"og:locale\" content=\"pt_BR\" \/>\n<meta property=\"og:type\" content=\"article\" \/>\n<meta property=\"og:title\" content=\"Adeus \u00e0s c\u00e2meras de seguran\u00e7a tradicionais: a tend\u00eancia que est\u00e1 revolucionando a seguran\u00e7a das casas - Estado de Minas - Em foco\" \/>\n<meta property=\"og:description\" content=\"C\u00e2meras com intelig\u00eancia artificial transformam a seguran\u00e7a residencial ao reconhecer pessoas, ve\u00edculos e animais, reduzindo alertas in\u00fateis e aumentando a prote\u00e7\u00e3o.\" \/>\n<meta property=\"og:url\" content=\"https:\/\/www.em.com.br\/emfoco\/2025\/12\/03\/adeus-as-cameras-de-seguranca-tradicionais-a-tendencia-que-esta-revolucionando-a-seguranca-das-casas\/\" \/>\n<meta property=\"og:site_name\" content=\"Estado de Minas - Em foco\" \/>\n<meta property=\"article:published_time\" content=\"2025-12-03T23:15:00+00:00\" \/>\n<meta property=\"article:modified_time\" content=\"2025-12-03T00:15:12+00:00\" \/>\n<meta property=\"og:image\" content=\"https:\/\/www.em.com.br\/emfoco\/wp-content\/uploads\/2025\/12\/Gemini_Generated_Image_enotejenotejenot-1.png\" \/>\n\t<meta property=\"og:image:width\" content=\"1280\" \/>\n\t<meta property=\"og:image:height\" content=\"720\" \/>\n\t<meta property=\"og:image:type\" content=\"image\/png\" \/>\n<meta name=\"author\" content=\"Andre\u0301 Rangel\u00a0\" \/>\n<meta name=\"twitter:card\" content=\"summary_large_image\" \/>\n<meta name=\"twitter:label1\" content=\"Escrito por\" \/>\n\t<meta name=\"twitter:data1\" content=\"Andre\u0301 Rangel\u00a0\" \/>\n\t<meta name=\"twitter:label2\" content=\"Est. tempo de leitura\" \/>\n\t<meta name=\"twitter:data2\" content=\"5 minutos\" \/>\n<!-- \/ Yoast SEO plugin. -->","yoast_head_json":{"title":"Adeus \u00e0s c\u00e2meras de seguran\u00e7a tradicionais: a tend\u00eancia que est\u00e1 revolucionando a seguran\u00e7a das casas - Estado de Minas - Em foco","description":"C\u00e2meras com intelig\u00eancia artificial transformam a seguran\u00e7a residencial ao reconhecer pessoas, ve\u00edculos e animais, reduzindo alertas in\u00fateis e aumentando a prote\u00e7\u00e3o.","robots":{"index":"index","follow":"follow","max-snippet":"max-snippet:-1","max-image-preview":"max-image-preview:large","max-video-preview":"max-video-preview:-1"},"canonical":"https:\/\/www.em.com.br\/emfoco\/2025\/12\/03\/adeus-as-cameras-de-seguranca-tradicionais-a-tendencia-que-esta-revolucionando-a-seguranca-das-casas\/","og_locale":"pt_BR","og_type":"article","og_title":"Adeus \u00e0s c\u00e2meras de seguran\u00e7a tradicionais: a tend\u00eancia que est\u00e1 revolucionando a seguran\u00e7a das casas - Estado de Minas - Em foco","og_description":"C\u00e2meras com intelig\u00eancia artificial transformam a seguran\u00e7a residencial ao reconhecer pessoas, ve\u00edculos e animais, reduzindo alertas in\u00fateis e aumentando a prote\u00e7\u00e3o.","og_url":"https:\/\/www.em.com.br\/emfoco\/2025\/12\/03\/adeus-as-cameras-de-seguranca-tradicionais-a-tendencia-que-esta-revolucionando-a-seguranca-das-casas\/","og_site_name":"Estado de Minas - Em foco","article_published_time":"2025-12-03T23:15:00+00:00","article_modified_time":"2025-12-03T00:15:12+00:00","og_image":[{"width":1280,"height":720,"url":"https:\/\/www.em.com.br\/emfoco\/wp-content\/uploads\/2025\/12\/Gemini_Generated_Image_enotejenotejenot-1.png","type":"image\/png"}],"author":"Andre\u0301 Rangel\u00a0","twitter_card":"summary_large_image","twitter_misc":{"Escrito por":"Andre\u0301 Rangel\u00a0","Est. tempo de leitura":"5 minutos"},"schema":{"@context":"https:\/\/schema.org","@graph":[{"@type":"WebPage","@id":"https:\/\/www.em.com.br\/emfoco\/2025\/12\/03\/adeus-as-cameras-de-seguranca-tradicionais-a-tendencia-que-esta-revolucionando-a-seguranca-das-casas\/","url":"https:\/\/www.em.com.br\/emfoco\/2025\/12\/03\/adeus-as-cameras-de-seguranca-tradicionais-a-tendencia-que-esta-revolucionando-a-seguranca-das-casas\/","name":"Adeus \u00e0s c\u00e2meras de seguran\u00e7a tradicionais: a tend\u00eancia que est\u00e1 revolucionando a seguran\u00e7a das casas - Estado de Minas - Em foco","isPartOf":{"@id":"https:\/\/www.em.com.br\/emfoco\/#website"},"primaryImageOfPage":{"@id":"https:\/\/www.em.com.br\/emfoco\/2025\/12\/03\/adeus-as-cameras-de-seguranca-tradicionais-a-tendencia-que-esta-revolucionando-a-seguranca-das-casas\/#primaryimage"},"image":{"@id":"https:\/\/www.em.com.br\/emfoco\/2025\/12\/03\/adeus-as-cameras-de-seguranca-tradicionais-a-tendencia-que-esta-revolucionando-a-seguranca-das-casas\/#primaryimage"},"thumbnailUrl":"https:\/\/www.em.com.br\/emfoco\/wp-content\/uploads\/2025\/12\/Gemini_Generated_Image_enotejenotejenot-1.png","datePublished":"2025-12-03T23:15:00+00:00","dateModified":"2025-12-03T00:15:12+00:00","author":{"@id":"https:\/\/www.em.com.br\/emfoco\/#\/schema\/person\/60eda09c1fedf0d6891f4cef4b60b8b8"},"description":"C\u00e2meras com intelig\u00eancia artificial transformam a seguran\u00e7a residencial ao reconhecer pessoas, ve\u00edculos e animais, reduzindo alertas in\u00fateis e aumentando a prote\u00e7\u00e3o.","breadcrumb":{"@id":"https:\/\/www.em.com.br\/emfoco\/2025\/12\/03\/adeus-as-cameras-de-seguranca-tradicionais-a-tendencia-que-esta-revolucionando-a-seguranca-das-casas\/#breadcrumb"},"inLanguage":"pt-BR","potentialAction":[{"@type":"ReadAction","target":["https:\/\/www.em.com.br\/emfoco\/2025\/12\/03\/adeus-as-cameras-de-seguranca-tradicionais-a-tendencia-que-esta-revolucionando-a-seguranca-das-casas\/"]}]},{"@type":"ImageObject","inLanguage":"pt-BR","@id":"https:\/\/www.em.com.br\/emfoco\/2025\/12\/03\/adeus-as-cameras-de-seguranca-tradicionais-a-tendencia-que-esta-revolucionando-a-seguranca-das-casas\/#primaryimage","url":"https:\/\/www.em.com.br\/emfoco\/wp-content\/uploads\/2025\/12\/Gemini_Generated_Image_enotejenotejenot-1.png","contentUrl":"https:\/\/www.em.com.br\/emfoco\/wp-content\/uploads\/2025\/12\/Gemini_Generated_Image_enotejenotejenot-1.png","width":1280,"height":720,"caption":"A tecnologia que transforma vigil\u00e2ncia residencial"},{"@type":"BreadcrumbList","@id":"https:\/\/www.em.com.br\/emfoco\/2025\/12\/03\/adeus-as-cameras-de-seguranca-tradicionais-a-tendencia-que-esta-revolucionando-a-seguranca-das-casas\/#breadcrumb","itemListElement":[{"@type":"ListItem","position":1,"name":"In\u00edcio","item":"https:\/\/www.em.com.br\/emfoco\/"},{"@type":"ListItem","position":2,"name":"Adeus \u00e0s c\u00e2meras de seguran\u00e7a tradicionais: a tend\u00eancia que est\u00e1 revolucionando a seguran\u00e7a das casas"}]},{"@type":"WebSite","@id":"https:\/\/www.em.com.br\/emfoco\/#website","url":"https:\/\/www.em.com.br\/emfoco\/","name":"Estado de Minas - Em foco","description":"Acompanhe as \u00faltimas not\u00edcias e fique bem informado sobre tudo o que acontece em Minas Gerais, Brasil e no mundo.","potentialAction":[{"@type":"SearchAction","target":{"@type":"EntryPoint","urlTemplate":"https:\/\/www.em.com.br\/emfoco\/?s={search_term_string}"},"query-input":{"@type":"PropertyValueSpecification","valueRequired":true,"valueName":"search_term_string"}}],"inLanguage":"pt-BR"},{"@type":"Person","@id":"https:\/\/www.em.com.br\/emfoco\/#\/schema\/person\/60eda09c1fedf0d6891f4cef4b60b8b8","name":"Andre\u0301 Rangel\u00a0","image":{"@type":"ImageObject","inLanguage":"pt-BR","@id":"https:\/\/www.em.com.br\/emfoco\/#\/schema\/person\/image\/","url":"https:\/\/secure.gravatar.com\/avatar\/6234dc814c77c8ef6d8bba622c787efc?s=96&d=mm&r=g","contentUrl":"https:\/\/secure.gravatar.com\/avatar\/6234dc814c77c8ef6d8bba622c787efc?s=96&d=mm&r=g","caption":"Andre\u0301 Rangel\u00a0"},"url":"https:\/\/www.em.com.br\/emfoco\/author\/luizmyth\/"}]}},"_links":{"self":[{"href":"https:\/\/www.em.com.br\/emfoco\/wp-json\/wp\/v2\/posts\/134497","targetHints":{"allow":["GET"]}}],"collection":[{"href":"https:\/\/www.em.com.br\/emfoco\/wp-json\/wp\/v2\/posts"}],"about":[{"href":"https:\/\/www.em.com.br\/emfoco\/wp-json\/wp\/v2\/types\/post"}],"author":[{"embeddable":true,"href":"https:\/\/www.em.com.br\/emfoco\/wp-json\/wp\/v2\/users\/11"}],"replies":[{"embeddable":true,"href":"https:\/\/www.em.com.br\/emfoco\/wp-json\/wp\/v2\/comments?post=134497"}],"version-history":[{"count":3,"href":"https:\/\/www.em.com.br\/emfoco\/wp-json\/wp\/v2\/posts\/134497\/revisions"}],"predecessor-version":[{"id":134900,"href":"https:\/\/www.em.com.br\/emfoco\/wp-json\/wp\/v2\/posts\/134497\/revisions\/134900"}],"wp:featuredmedia":[{"embeddable":true,"href":"https:\/\/www.em.com.br\/emfoco\/wp-json\/wp\/v2\/media\/134898"}],"wp:attachment":[{"href":"https:\/\/www.em.com.br\/emfoco\/wp-json\/wp\/v2\/media?parent=134497"}],"wp:term":[{"taxonomy":"category","embeddable":true,"href":"https:\/\/www.em.com.br\/emfoco\/wp-json\/wp\/v2\/categories?post=134497"},{"taxonomy":"post_tag","embeddable":true,"href":"https:\/\/www.em.com.br\/emfoco\/wp-json\/wp\/v2\/tags?post=134497"}],"curies":[{"name":"wp","href":"https:\/\/api.w.org\/{rel}","templated":true}]}}