{"id":134495,"date":"2025-12-03T16:45:00","date_gmt":"2025-12-03T19:45:00","guid":{"rendered":"https:\/\/www.em.com.br\/emfoco\/?p=134495"},"modified":"2025-12-02T21:14:26","modified_gmt":"2025-12-03T00:14:26","slug":"nos-pesquisamos-e-descobrimos-onde-colocar-a-arvore-de-natal-para-atrair-prosperidade","status":"publish","type":"post","link":"https:\/\/www.em.com.br\/emfoco\/2025\/12\/03\/nos-pesquisamos-e-descobrimos-onde-colocar-a-arvore-de-natal-para-atrair-prosperidade\/","title":{"rendered":"N\u00f3s pesquisamos e descobrimos onde colocar a \u00e1rvore de Natal para atrair prosperidade"},"content":{"rendered":"\n<p>O fim do ano costuma trazer n\u00e3o apenas festas e reencontros, mas tamb\u00e9m uma s\u00e9rie de rituais ligados \u00e0 esperan\u00e7a e \u00e0 prosperidade. Entre esses costumes, montar o pinheiro natalino ocupa um lugar de destaque em muitos lares, e algumas fam\u00edlias passaram a considerar orienta\u00e7\u00f5es do\u00a0<strong>Feng Shui para a \u00e1rvore de Natal<\/strong>, buscando harmonizar o ambiente e direcionar boas energias para 2025 e 2026.<\/p>\n\n\n\n<h2 class=\"wp-block-heading\">Qual \u00e9 o simbolismo do Feng Shui no \u00e1rvore de Natal<\/h2>\n\n\n\n<p>Na vis\u00e3o do<a href=\"https:\/\/www.thespruce.com\/what-is-feng-shui-1275060\" target=\"_blank\" rel=\"noreferrer noopener\"> Feng Shui<\/a>, a \u00e1rvore<strong> de Natal<\/strong>\u00a0funciona como uma antena energ\u00e9tica. O formato triangular remete \u00e0 eleva\u00e7\u00e3o e ao crescimento, enquanto a cor verde est\u00e1 associada \u00e0 vitalidade, \u00e0 sa\u00fade e \u00e0 continuidade da vida.<\/p>\n\n\n\n<p>Al\u00e9m do simbolismo da pr\u00f3pria \u00e1rvore, os adornos refor\u00e7am inten\u00e7\u00f5es espec\u00edficas. Elementos met\u00e1licos podem representar prosperidade material e clareza mental, enquanto tons de verde e violeta se ligam ao desenvolvimento e ao amadurecimento de projetos e rela\u00e7\u00f5es.<\/p>\n\n\n\n<h2 class=\"wp-block-heading\">Onde colocar a \u00e1rvore de Natal para atrair prosperidade<\/h2>\n\n\n\n<p>Um dos pontos mais comentados pelos praticantes \u00e9 o local ideal dentro da casa para posicionar a <strong>\u00e1rvore de Natal<\/strong>. Em geral, o Feng Shui sugere que o pinheiro fique em um espa\u00e7o de conviv\u00eancia e boa circula\u00e7\u00e3o, onde o chi possa fluir sem bloqueios.<\/p>\n\n\n\n<p>Em muitos lares, a sala de estar \u00e9 a escolha principal, por estar associada ao di\u00e1logo e \u00e0 recep\u00e7\u00e3o de visitas. Quando o layout permite, a \u00e1rea pr\u00f3xima \u00e0 entrada da casa tamb\u00e9m ganha destaque, simbolizando a chegada de oportunidades e boas not\u00edcias para o ano seguinte.<\/p>\n\n\n\n<figure class=\"wp-block-image\"><img decoding=\"async\" src=\"https:\/\/www.em.com.br\/emfoco\/wp-content\/uploads\/2025\/10\/arvore-de-Natal_1759710037361-1024x576.jpg\" alt=\"\"\/><figcaption class=\"wp-element-caption\">A magia do Natal em casa &#8211; A magia do Natal &#8211; Cr\u00e9ditos: depositphotos.com \/ IgorVetushko<\/figcaption><\/figure>\n\n\n\n<ul class=\"wp-block-list\">\n<li><strong>Entrada principal:<\/strong>&nbsp;vista como o \u201ccart\u00e3o de visitas\u201d energ\u00e9tico do lar, favorece boas-vindas e abertura a novas possibilidades.<\/li>\n\n\n\n<li><strong>Sala de estar:<\/strong>&nbsp;\u00e1rea de encontros e conversas, associada \u00e0 troca de ideias e \u00e0 alegria compartilhada.<\/li>\n\n\n\n<li><strong>Corredores iluminados:<\/strong>&nbsp;espa\u00e7os de passagem que ajudam a espalhar a energia pelo restante da casa.<\/li>\n<\/ul>\n\n\n\n<h2 class=\"wp-block-heading\">Como o estilo da \u00e1rvore de Natal influ\u00eancia o Feng Shui<\/h2>\n\n\n\n<p>Al\u00e9m da localiza\u00e7\u00e3o, o estilo da\u00a0<a href=\"https:\/\/www.em.com.br\/emfoco\/2025\/11\/12\/adeus-a-estrela-de-natal-o-novo-enfeite-e-mais-elegante-e-moderno-para-colocar-na-sua-arvore-de-natal\/\" target=\"_blank\" rel=\"noreferrer noopener\"><strong>\u00e1rvore de Natal<\/strong>\u00a0<\/a>recebe aten\u00e7\u00e3o no Feng Shui. Excesso de enfeites, cores conflitantes ou linhas muito desproporcionais podem indicar energia dispersa, prejudicando a sensa\u00e7\u00e3o de harmonia visual.<\/p>\n\n\n\n<p>A recomenda\u00e7\u00e3o \u00e9 buscar equil\u00edbrio entre simplicidade e simbolismo, com um pinheiro proporcional ao c\u00f4modo, bem cuidado, limpo e em bom estado. Em 2025, \u00e1rvores menores ou vers\u00f5es alternativas em prateleiras seguem a mesma l\u00f3gica de clareza e boa manuten\u00e7\u00e3o.<\/p>\n\n\n\n<ol class=\"wp-block-list\">\n<li>Escolher um pinheiro proporcional ao tamanho do c\u00f4modo.<\/li>\n\n\n\n<li>Garantir que haja espa\u00e7o para circula\u00e7\u00e3o em volta da \u00e1rvore.<\/li>\n\n\n\n<li>Manter a base firme e visualmente organizada.<\/li>\n\n\n\n<li>Evitar misturar muitos temas ou estilos de enfeites ao mesmo tempo.<\/li>\n<\/ol>\n\n\n\n<h2 class=\"wp-block-heading\">Quais cores e enfeites da \u00e1rvore de Natal favorecem a abund\u00e2ncia<\/h2>\n\n\n\n<p>As cores e adornos da\u00a0<strong>\u00e1rvore de Natal<\/strong>\u00a0s\u00e3o usados no Feng Shui como ferramentas para direcionar o tipo de energia desejada. Tons dourados se conectam ao elemento Metal, ligado \u00e0 prosperidade, organiza\u00e7\u00e3o e reconhecimento, enquanto o verde e o violeta remetem ao crescimento e \u00e0 criatividade.<\/p>\n\n\n\n<p>Entre os enfeites mais usados est\u00e3o objetos met\u00e1licos leves, pequenos espelhos e elementos circulares que lembram moedas ou s\u00edmbolos de fortuna. Cada detalhe pode ser escolhido com inten\u00e7\u00e3o clara, apoiando finan\u00e7as, carreira e projetos pessoais.<\/p>\n\n\n\n<ul class=\"wp-block-list\">\n<li><strong>Dourado:<\/strong>&nbsp;associado \u00e0 abund\u00e2ncia, estabilidade material e sucesso profissional.<\/li>\n\n\n\n<li><strong>Verde:<\/strong>&nbsp;ligado \u00e0 renova\u00e7\u00e3o, sa\u00fade e continuidade da vida familiar.<\/li>\n\n\n\n<li><strong>Violeta:<\/strong>&nbsp;conectado \u00e0 intui\u00e7\u00e3o, sabedoria e processos de transforma\u00e7\u00e3o.<\/li>\n\n\n\n<li><strong>Formas redondas e moedas:<\/strong>&nbsp;remetem ao fluxo cont\u00ednuo de recursos e oportunidades.<\/li>\n<\/ul>\n\n\n\n<h2 class=\"wp-block-heading\">Como manter a energia do \u00e1rvore de Natal durante as festas<\/h2>\n\n\n\n<p>Depois de definir lugar, estilo e cores, a manuten\u00e7\u00e3o da\u00a0<strong>\u00e1rvore de Natal<\/strong>\u00a0ao longo das semanas festivas tamb\u00e9m \u00e9 essencial no Feng Shui. Um pinheiro empoeirado, com fios embolados ou luzes falhando transmite descuido, podendo afetar o bem-estar do ambiente.<\/p>\n\n\n\n<p>Por isso, recomenda-se retirar o p\u00f3 dos enfeites periodicamente, verificar se as luzes funcionam, organizar os presentes sem bloquear a base e evitar ac\u00famulo de objetos alheios ao contexto natalino. Ao final, guardar os adornos com cuidado simboliza respeito ao ciclo que se encerra e prepara\u00e7\u00e3o para um 2026 com mais equil\u00edbrio, prosperidade e harmonia nas rela\u00e7\u00f5es.<\/p>\n","protected":false},"excerpt":{"rendered":"<p>O fim do ano costuma trazer n\u00e3o apenas festas e reencontros, mas tamb\u00e9m uma s\u00e9rie de rituais ligados \u00e0 esperan\u00e7a e \u00e0 prosperidade. Entre esses costumes, montar o pinheiro natalino ocupa um lugar de destaque em muitos lares, e algumas fam\u00edlias passaram a considerar orienta\u00e7\u00f5es do\u00a0Feng Shui para a \u00e1rvore de Natal, buscando harmonizar o [&hellip;]<\/p>\n","protected":false},"author":11,"featured_media":111844,"comment_status":"open","ping_status":"open","sticky":false,"template":"","format":"standard","meta":{"jnews-multi-image_gallery":[],"jnews_single_post":{"format":"standard"},"jnews_primary_category":[],"jnews_social_meta":[],"jnews_override_counter":[],"footnotes":""},"categories":[8819,1],"tags":[17062,868,5847],"class_list":["post-134495","post","type-post","status-publish","format-standard","has-post-thumbnail","hentry","category-curiosidades","category-noticias","tag-arvore-de-natal","tag-energia","tag-feng-shui"],"yoast_head":"<!-- This site is optimized with the Yoast SEO plugin v23.8 - https:\/\/yoast.com\/wordpress\/plugins\/seo\/ -->\n<title>N\u00f3s pesquisamos e descobrimos onde colocar a \u00e1rvore de Natal para atrair prosperidade - Estado de Minas - Em foco<\/title>\n<meta name=\"description\" content=\"O Feng Shui mostra como o \u00e1rvore de Natal pode fortalecer prosperidade e equil\u00edbrio. Harmonia visual e inten\u00e7\u00e3o fazem toda a diferen\u00e7a.\" \/>\n<meta name=\"robots\" content=\"index, follow, max-snippet:-1, max-image-preview:large, max-video-preview:-1\" \/>\n<link rel=\"canonical\" href=\"https:\/\/www.em.com.br\/emfoco\/2025\/12\/03\/nos-pesquisamos-e-descobrimos-onde-colocar-a-arvore-de-natal-para-atrair-prosperidade\/\" \/>\n<meta property=\"og:locale\" content=\"pt_BR\" \/>\n<meta property=\"og:type\" content=\"article\" \/>\n<meta property=\"og:title\" content=\"N\u00f3s pesquisamos e descobrimos onde colocar a \u00e1rvore de Natal para atrair prosperidade - Estado de Minas - Em foco\" \/>\n<meta property=\"og:description\" content=\"O Feng Shui mostra como o \u00e1rvore de Natal pode fortalecer prosperidade e equil\u00edbrio. Harmonia visual e inten\u00e7\u00e3o fazem toda a diferen\u00e7a.\" \/>\n<meta property=\"og:url\" content=\"https:\/\/www.em.com.br\/emfoco\/2025\/12\/03\/nos-pesquisamos-e-descobrimos-onde-colocar-a-arvore-de-natal-para-atrair-prosperidade\/\" \/>\n<meta property=\"og:site_name\" content=\"Estado de Minas - Em foco\" \/>\n<meta property=\"article:published_time\" content=\"2025-12-03T19:45:00+00:00\" \/>\n<meta property=\"article:modified_time\" content=\"2025-12-03T00:14:26+00:00\" \/>\n<meta property=\"og:image\" content=\"https:\/\/www.em.com.br\/emfoco\/wp-content\/uploads\/2025\/10\/arvore-de-Natal_1759709955797.jpg\" \/>\n\t<meta property=\"og:image:width\" content=\"1280\" \/>\n\t<meta property=\"og:image:height\" content=\"720\" \/>\n\t<meta property=\"og:image:type\" content=\"image\/jpeg\" \/>\n<meta name=\"author\" content=\"Andre\u0301 Rangel\u00a0\" \/>\n<meta name=\"twitter:card\" content=\"summary_large_image\" \/>\n<meta name=\"twitter:label1\" content=\"Escrito por\" \/>\n\t<meta name=\"twitter:data1\" content=\"Andre\u0301 Rangel\u00a0\" \/>\n\t<meta name=\"twitter:label2\" content=\"Est. tempo de leitura\" \/>\n\t<meta name=\"twitter:data2\" content=\"5 minutos\" \/>\n<!-- \/ Yoast SEO plugin. -->","yoast_head_json":{"title":"N\u00f3s pesquisamos e descobrimos onde colocar a \u00e1rvore de Natal para atrair prosperidade - Estado de Minas - Em foco","description":"O Feng Shui mostra como o \u00e1rvore de Natal pode fortalecer prosperidade e equil\u00edbrio. Harmonia visual e inten\u00e7\u00e3o fazem toda a diferen\u00e7a.","robots":{"index":"index","follow":"follow","max-snippet":"max-snippet:-1","max-image-preview":"max-image-preview:large","max-video-preview":"max-video-preview:-1"},"canonical":"https:\/\/www.em.com.br\/emfoco\/2025\/12\/03\/nos-pesquisamos-e-descobrimos-onde-colocar-a-arvore-de-natal-para-atrair-prosperidade\/","og_locale":"pt_BR","og_type":"article","og_title":"N\u00f3s pesquisamos e descobrimos onde colocar a \u00e1rvore de Natal para atrair prosperidade - Estado de Minas - Em foco","og_description":"O Feng Shui mostra como o \u00e1rvore de Natal pode fortalecer prosperidade e equil\u00edbrio. Harmonia visual e inten\u00e7\u00e3o fazem toda a diferen\u00e7a.","og_url":"https:\/\/www.em.com.br\/emfoco\/2025\/12\/03\/nos-pesquisamos-e-descobrimos-onde-colocar-a-arvore-de-natal-para-atrair-prosperidade\/","og_site_name":"Estado de Minas - Em foco","article_published_time":"2025-12-03T19:45:00+00:00","article_modified_time":"2025-12-03T00:14:26+00:00","og_image":[{"width":1280,"height":720,"url":"https:\/\/www.em.com.br\/emfoco\/wp-content\/uploads\/2025\/10\/arvore-de-Natal_1759709955797.jpg","type":"image\/jpeg"}],"author":"Andre\u0301 Rangel\u00a0","twitter_card":"summary_large_image","twitter_misc":{"Escrito por":"Andre\u0301 Rangel\u00a0","Est. tempo de leitura":"5 minutos"},"schema":{"@context":"https:\/\/schema.org","@graph":[{"@type":"WebPage","@id":"https:\/\/www.em.com.br\/emfoco\/2025\/12\/03\/nos-pesquisamos-e-descobrimos-onde-colocar-a-arvore-de-natal-para-atrair-prosperidade\/","url":"https:\/\/www.em.com.br\/emfoco\/2025\/12\/03\/nos-pesquisamos-e-descobrimos-onde-colocar-a-arvore-de-natal-para-atrair-prosperidade\/","name":"N\u00f3s pesquisamos e descobrimos onde colocar a \u00e1rvore de Natal para atrair prosperidade - Estado de Minas - Em foco","isPartOf":{"@id":"https:\/\/www.em.com.br\/emfoco\/#website"},"primaryImageOfPage":{"@id":"https:\/\/www.em.com.br\/emfoco\/2025\/12\/03\/nos-pesquisamos-e-descobrimos-onde-colocar-a-arvore-de-natal-para-atrair-prosperidade\/#primaryimage"},"image":{"@id":"https:\/\/www.em.com.br\/emfoco\/2025\/12\/03\/nos-pesquisamos-e-descobrimos-onde-colocar-a-arvore-de-natal-para-atrair-prosperidade\/#primaryimage"},"thumbnailUrl":"https:\/\/www.em.com.br\/emfoco\/wp-content\/uploads\/2025\/10\/arvore-de-Natal_1759709955797.jpg","datePublished":"2025-12-03T19:45:00+00:00","dateModified":"2025-12-03T00:14:26+00:00","author":{"@id":"https:\/\/www.em.com.br\/emfoco\/#\/schema\/person\/60eda09c1fedf0d6891f4cef4b60b8b8"},"description":"O Feng Shui mostra como o \u00e1rvore de Natal pode fortalecer prosperidade e equil\u00edbrio. Harmonia visual e inten\u00e7\u00e3o fazem toda a diferen\u00e7a.","breadcrumb":{"@id":"https:\/\/www.em.com.br\/emfoco\/2025\/12\/03\/nos-pesquisamos-e-descobrimos-onde-colocar-a-arvore-de-natal-para-atrair-prosperidade\/#breadcrumb"},"inLanguage":"pt-BR","potentialAction":[{"@type":"ReadAction","target":["https:\/\/www.em.com.br\/emfoco\/2025\/12\/03\/nos-pesquisamos-e-descobrimos-onde-colocar-a-arvore-de-natal-para-atrair-prosperidade\/"]}]},{"@type":"ImageObject","inLanguage":"pt-BR","@id":"https:\/\/www.em.com.br\/emfoco\/2025\/12\/03\/nos-pesquisamos-e-descobrimos-onde-colocar-a-arvore-de-natal-para-atrair-prosperidade\/#primaryimage","url":"https:\/\/www.em.com.br\/emfoco\/wp-content\/uploads\/2025\/10\/arvore-de-Natal_1759709955797.jpg","contentUrl":"https:\/\/www.em.com.br\/emfoco\/wp-content\/uploads\/2025\/10\/arvore-de-Natal_1759709955797.jpg","width":1280,"height":720,"caption":"A magia do Natal - Cr\u00e9ditos: depositphotos.com \/ IgorVetushko"},{"@type":"BreadcrumbList","@id":"https:\/\/www.em.com.br\/emfoco\/2025\/12\/03\/nos-pesquisamos-e-descobrimos-onde-colocar-a-arvore-de-natal-para-atrair-prosperidade\/#breadcrumb","itemListElement":[{"@type":"ListItem","position":1,"name":"In\u00edcio","item":"https:\/\/www.em.com.br\/emfoco\/"},{"@type":"ListItem","position":2,"name":"N\u00f3s pesquisamos e descobrimos onde colocar a \u00e1rvore de Natal para atrair prosperidade"}]},{"@type":"WebSite","@id":"https:\/\/www.em.com.br\/emfoco\/#website","url":"https:\/\/www.em.com.br\/emfoco\/","name":"Estado de Minas - Em foco","description":"Acompanhe as \u00faltimas not\u00edcias e fique bem informado sobre tudo o que acontece em Minas Gerais, Brasil e no mundo.","potentialAction":[{"@type":"SearchAction","target":{"@type":"EntryPoint","urlTemplate":"https:\/\/www.em.com.br\/emfoco\/?s={search_term_string}"},"query-input":{"@type":"PropertyValueSpecification","valueRequired":true,"valueName":"search_term_string"}}],"inLanguage":"pt-BR"},{"@type":"Person","@id":"https:\/\/www.em.com.br\/emfoco\/#\/schema\/person\/60eda09c1fedf0d6891f4cef4b60b8b8","name":"Andre\u0301 Rangel\u00a0","image":{"@type":"ImageObject","inLanguage":"pt-BR","@id":"https:\/\/www.em.com.br\/emfoco\/#\/schema\/person\/image\/","url":"https:\/\/secure.gravatar.com\/avatar\/6234dc814c77c8ef6d8bba622c787efc?s=96&d=mm&r=g","contentUrl":"https:\/\/secure.gravatar.com\/avatar\/6234dc814c77c8ef6d8bba622c787efc?s=96&d=mm&r=g","caption":"Andre\u0301 Rangel\u00a0"},"url":"https:\/\/www.em.com.br\/emfoco\/author\/luizmyth\/"}]}},"_links":{"self":[{"href":"https:\/\/www.em.com.br\/emfoco\/wp-json\/wp\/v2\/posts\/134495","targetHints":{"allow":["GET"]}}],"collection":[{"href":"https:\/\/www.em.com.br\/emfoco\/wp-json\/wp\/v2\/posts"}],"about":[{"href":"https:\/\/www.em.com.br\/emfoco\/wp-json\/wp\/v2\/types\/post"}],"author":[{"embeddable":true,"href":"https:\/\/www.em.com.br\/emfoco\/wp-json\/wp\/v2\/users\/11"}],"replies":[{"embeddable":true,"href":"https:\/\/www.em.com.br\/emfoco\/wp-json\/wp\/v2\/comments?post=134495"}],"version-history":[{"count":4,"href":"https:\/\/www.em.com.br\/emfoco\/wp-json\/wp\/v2\/posts\/134495\/revisions"}],"predecessor-version":[{"id":134887,"href":"https:\/\/www.em.com.br\/emfoco\/wp-json\/wp\/v2\/posts\/134495\/revisions\/134887"}],"wp:featuredmedia":[{"embeddable":true,"href":"https:\/\/www.em.com.br\/emfoco\/wp-json\/wp\/v2\/media\/111844"}],"wp:attachment":[{"href":"https:\/\/www.em.com.br\/emfoco\/wp-json\/wp\/v2\/media?parent=134495"}],"wp:term":[{"taxonomy":"category","embeddable":true,"href":"https:\/\/www.em.com.br\/emfoco\/wp-json\/wp\/v2\/categories?post=134495"},{"taxonomy":"post_tag","embeddable":true,"href":"https:\/\/www.em.com.br\/emfoco\/wp-json\/wp\/v2\/tags?post=134495"}],"curies":[{"name":"wp","href":"https:\/\/api.w.org\/{rel}","templated":true}]}}