{"id":134475,"date":"2025-12-03T08:15:29","date_gmt":"2025-12-03T11:15:29","guid":{"rendered":"https:\/\/www.em.com.br\/emfoco\/?p=134475"},"modified":"2025-12-08T10:40:11","modified_gmt":"2025-12-08T13:40:11","slug":"as-tendencias-de-looks-de-ano-novo-que-vao-alem-do-branco-e-continuam-em-alta-em-2026","status":"publish","type":"post","link":"https:\/\/www.em.com.br\/emfoco\/2025\/12\/03\/as-tendencias-de-looks-de-ano-novo-que-vao-alem-do-branco-e-continuam-em-alta-em-2026\/","title":{"rendered":"As tend\u00eancias de looks de Ano Novo que v\u00e3o al\u00e9m do branco e continuam em alta em 2026"},"content":{"rendered":"\n<p>Quando se fala em looks de Ano Novo, o branco costuma dominar as escolhas, mas cada vez mais pessoas buscam op\u00e7\u00f5es que expressem estilo, personalidade e refer\u00eancias de moda para al\u00e9m da tradi\u00e7\u00e3o. Em 2026, cores vibrantes, recortes diferentes e misturas de texturas ganham espa\u00e7o ao lado dos cl\u00e1ssicos, criando combina\u00e7\u00f5es que funcionam tanto nas festas na praia quanto em eventos urbanos e sofisticados, sempre com foco em liberdade, conforto e reaproveitamento das pe\u00e7as ao longo do ano.<\/p>\n\n\n\n<h2 class=\"wp-block-heading\">Principais tend\u00eancias de looks de Ano Novo para 2026<\/h2>\n\n\n\n<p>A palavra-chave para entender os looks de R\u00e9veillon em 2026 \u00e9 <b>liberdade<\/b>, com menos rigidez na ideia de \u201cter que usar branco\u201d. Pe\u00e7as coloridas, metalizadas, estampadas e produ\u00e7\u00f5es minimalistas, mas cheias de informa\u00e7\u00e3o de moda, ganham for\u00e7a ao lado do branco tradicional.<\/p>\n\n\n\n<p>O foco passa a ser o equil\u00edbrio entre conforto, est\u00e9tica e funcionalidade, com roupas que circulam em diferentes ocasi\u00f5es ao longo do ano. <b>Vestidos<\/b>, conjuntos, saias e macac\u00f5es surgem em modelagens vers\u00e1teis, pensadas para transitar da praia \u00e0 cidade com apenas a troca de acess\u00f3rios e complementos estrat\u00e9gicos.<\/p>\n\n\n<div class=\"wp-block-image\">\n<figure class=\"aligncenter size-large\"><img loading=\"lazy\" decoding=\"async\" width=\"1024\" height=\"576\" src=\"https:\/\/www.em.com.br\/emfoco\/wp-content\/uploads\/2025\/11\/ano-novo_1764012739985-1024x576.jpg\" alt=\"\" class=\"wp-image-131403\" srcset=\"https:\/\/www.em.com.br\/emfoco\/wp-content\/uploads\/2025\/11\/ano-novo_1764012739985-1024x576.jpg 1024w, https:\/\/www.em.com.br\/emfoco\/wp-content\/uploads\/2025\/11\/ano-novo_1764012739985-300x169.jpg 300w, https:\/\/www.em.com.br\/emfoco\/wp-content\/uploads\/2025\/11\/ano-novo_1764012739985-768x432.jpg 768w, https:\/\/www.em.com.br\/emfoco\/wp-content\/uploads\/2025\/11\/ano-novo_1764012739985-750x422.jpg 750w, https:\/\/www.em.com.br\/emfoco\/wp-content\/uploads\/2025\/11\/ano-novo_1764012739985-1140x641.jpg 1140w, https:\/\/www.em.com.br\/emfoco\/wp-content\/uploads\/2025\/11\/ano-novo_1764012739985.jpg 1280w\" sizes=\"auto, (max-width: 1024px) 100vw, 1024px\" \/><figcaption class=\"wp-element-caption\">A palavra-chave para entender os looks de R\u00e9veillon em 2026 \u00e9 liberdade &#8211; Cr\u00e9ditos: depositphotos.com \/ AlexNosenko<\/figcaption><\/figure><\/div>\n\n\n<p>Leia tamb\u00e9m:&nbsp;<a href=\"https:\/\/www.em.com.br\/emfoco\/2025\/11\/21\/10-ideias-de-penteados-para-brilhar-nas-festas-de-natal-e-ano-novo\/\" target=\"_blank\" rel=\"noopener\">10 ideias de penteados para brilhar nas festas de Natal e Ano Novo<\/a><\/p>\n\n\n\n<h2 class=\"wp-block-heading\">Cores e tecidos que se destacam nos looks de Ano Novo<\/h2>\n\n\n\n<p>Entre as tend\u00eancias que v\u00e3o al\u00e9m do branco, tons de <b>azul<\/b>, verde, rosa e dourado aparecem em vestidos, alfaiataria leve, saias flu\u00eddas e macac\u00f5es. Cada pessoa consegue traduzir seus desejos para 2026 em paletas variadas, sem abrir m\u00e3o da eleg\u00e2ncia e da sofistica\u00e7\u00e3o.<\/p>\n\n\n\n<p>Os tecidos acompanham esse movimento, com <b>linho<\/b>, viscose, laise, tule e lurex garantindo visuais frescos e sofisticados. Transpar\u00eancias estrat\u00e9gicas, franjas, plissados e drapeados d\u00e3o movimento ao look, valorizando o corpo sem depender da cor branca para transmitir renova\u00e7\u00e3o.<\/p>\n\n\n\n<h2 class=\"wp-block-heading\">Como usar looks de Ano Novo coloridos em 2026<\/h2>\n\n\n\n<p>Os looks de Ano Novo coloridos seguem em alta em 2026, celebrando a diversidade de tons e estilos em diferentes tipos de festa. <b>Amarelo<\/b> vibrante, laranja, pink e azul royal convivem com verde menta, lil\u00e1s e rosa pastel, adaptando-se a clubes, jantares ou celebra\u00e7\u00f5es ao ar livre.<\/p>\n\n\n\n<p>O uso de cores em blocos, o chamado <em>color blocking<\/em>, aparece em vestidos bicolores, conjuntos contrastantes e acess\u00f3rios em tons opostos. J\u00e1 o <b>monocrom\u00e1tico<\/b> continua forte, com produ\u00e7\u00f5es inteiras em uma \u00fanica cor, criando imagem coesa e marcante, especialmente em eventos urbanos.<\/p>\n\n\n\n<ul class=\"wp-block-list\">\n<li><strong>Vermelho e vinho<\/strong>: associados \u00e0 energia e atitude, surgem em vestidos longos, slip dresses e conjuntos de top e saia.<\/li>\n<\/ul>\n\n\n\n<iframe loading=\"lazy\" src=\"https:\/\/assets.pinterest.com\/ext\/embed.html?id=3870349674190392\" height=\"664\" width=\"345\" frameborder=\"0\" scrolling=\"no\" ><\/iframe>\n\n\n\n<ul class=\"wp-block-list\">\n<li><strong>Azul em v\u00e1rios tons<\/strong>: do clarinho ao marinho, aparece muito em macac\u00f5es e pe\u00e7as de alfaiataria leve.<\/li>\n<\/ul>\n\n\n\n<iframe loading=\"lazy\" src=\"https:\/\/assets.pinterest.com\/ext\/embed.html?id=5629568279797097\" height=\"643\" width=\"345\" frameborder=\"0\" scrolling=\"no\" ><\/iframe>\n\n\n\n<ul class=\"wp-block-list\">\n<li><strong>Verde<\/strong>: especialmente em varia\u00e7\u00f5es como esmeralda e oliva, em pe\u00e7as fluidas ou com recortes.<\/li>\n<\/ul>\n\n\n\n<iframe loading=\"lazy\" src=\"https:\/\/assets.pinterest.com\/ext\/embed.html?id=8866530509309814\" height=\"711\" width=\"345\" frameborder=\"0\" scrolling=\"no\" ><\/iframe>\n\n\n\n<ul class=\"wp-block-list\">\n<li><strong>Rosa<\/strong>: do pink ao blush, mant\u00e9m espa\u00e7o em vestidos curtos e midis com babados ou drapeados.<\/li>\n<\/ul>\n\n\n\n<iframe loading=\"lazy\" src=\"https:\/\/assets.pinterest.com\/ext\/embed.html?id=90635011246628383\" height=\"538\" width=\"345\" frameborder=\"0\" scrolling=\"no\" ><\/iframe>\n\n\n\n<p>Se voc\u00ea gosta de curiosidades, vai adorar este v\u00eddeo do TikTok selecionado especialmente para voc\u00ea, do canal da <a href=\"https:\/\/www.tiktok.com\/@manueloize\" target=\"_blank\" rel=\"noreferrer noopener\">MANUELA HELOIZE<\/a>, que j\u00e1 tem mais de 90 mil seguidores, onde ela fala sobre o significado de cada cor para o ano novo:<\/p>\n\n\n\n<blockquote class=\"tiktok-embed\" cite=\"https:\/\/www.tiktok.com\/@manueloize\/video\/7578662805570718997\" data-video-id=\"7578662805570718997\" style=\"max-width: 605px;min-width: 325px;\" > <section> <a target=\"_blank\" title=\"@manueloize\" href=\"https:\/\/www.tiktok.com\/@manueloize?refer=embed\">@manueloize<\/a> Qual cor voc\u00ea vai usar?? \u2728\ud83e\udd0d <a title=\"cores\" target=\"_blank\" href=\"https:\/\/www.tiktok.com\/tag\/cores?refer=embed\">#cores<\/a> <a title=\"reveillon\" target=\"_blank\" href=\"https:\/\/www.tiktok.com\/tag\/reveillon?refer=embed\">#reveillon<\/a> <a title=\"anonovo\" target=\"_blank\" href=\"https:\/\/www.tiktok.com\/tag\/anonovo?refer=embed\">#anonovo<\/a> <a title=\"2026\" target=\"_blank\" href=\"https:\/\/www.tiktok.com\/tag\/2026?refer=embed\">#2026<\/a> <a title=\"lookanonovo\" target=\"_blank\" href=\"https:\/\/www.tiktok.com\/tag\/lookanonovo?refer=embed\">#lookanonovo<\/a> <a target=\"_blank\" title=\"\u266c som original - MANUELA HELOIZE\" href=\"https:\/\/www.tiktok.com\/music\/som-original-7578662840447011591?refer=embed\">\u266c som original &#8211; MANUELA HELOIZE<\/a> <\/section> <\/blockquote> <script async src=\"https:\/\/www.tiktok.com\/embed.js\"><\/script>\n\n\n\n<h2 class=\"wp-block-heading\">Como adaptar as tend\u00eancias de Ano Novo para praia, cidade e festas em casa<\/h2>\n\n\n\n<p>As tend\u00eancias que v\u00e3o al\u00e9m do branco, precisam conversar com o contexto em que ser\u00e3o usadas, respeitando clima, conforto e dress code. Na <b>praia<\/b>, roupas leves, tecidos respir\u00e1veis e modelagens soltas s\u00e3o essenciais, com vestidos longos esvoa\u00e7antes, saias pare\u00f4 coloridas, croch\u00ea e sa\u00eddas de praia elaboradas.<\/p>\n\n\n\n<p>Na cidade, a alfaiataria descomplicada e vestidos estruturados ganham espa\u00e7o em festas fechadas ou jantares formais, com saltos confort\u00e1veis e bolsas pequenas. J\u00e1 as celebra\u00e7\u00f5es em <b>casa<\/b> priorizam praticidade, com conjuntos de malha refinada, vestidos midi leves, macac\u00f5es soltinhos e saias midis, combinadas a tops cropped.<\/p>\n\n\n\n<ul class=\"wp-block-list\">\n<li><strong>Praia<\/strong>: tecidos naturais, cores vivas, sand\u00e1lias rasas, rasteirinhas e poucos metais.<\/li>\n\n\n\n<li><strong>Cidade<\/strong>: alfaiataria colorida, saltos m\u00e9dios, bolsas pequenas e acess\u00f3rios marcantes.<\/li>\n\n\n\n<li><strong>Casa<\/strong>: pe\u00e7as confort\u00e1veis, cores suaves ou vibrantes, sem perder a est\u00e9tica festiva.<\/li>\n<\/ul>\n","protected":false},"excerpt":{"rendered":"<p>Quando se fala em looks de Ano Novo, o branco costuma dominar as escolhas, mas cada vez mais pessoas buscam op\u00e7\u00f5es que expressem estilo, personalidade e refer\u00eancias de moda para al\u00e9m da tradi\u00e7\u00e3o. Em 2026, cores vibrantes, recortes diferentes e misturas de texturas ganham espa\u00e7o ao lado dos cl\u00e1ssicos, criando combina\u00e7\u00f5es que funcionam tanto nas [&hellip;]<\/p>\n","protected":false},"author":9,"featured_media":49993,"comment_status":"open","ping_status":"open","sticky":false,"template":"","format":"standard","meta":{"jnews-multi-image_gallery":[],"jnews_single_post":{"format":"standard"},"jnews_primary_category":[],"jnews_social_meta":[],"jnews_override_counter":[],"footnotes":""},"categories":[8691,8819,1],"tags":[782,1152,18815],"class_list":["post-134475","post","type-post","status-publish","format-standard","has-post-thumbnail","hentry","category-bem-estar","category-curiosidades","category-noticias","tag-782","tag-ano-novo","tag-look"],"yoast_head":"<!-- This site is optimized with the Yoast SEO plugin v23.8 - https:\/\/yoast.com\/wordpress\/plugins\/seo\/ -->\n<title>As tend\u00eancias de looks de Ano Novo que v\u00e3o al\u00e9m do branco e continuam em alta em 2026 - Estado de Minas - Em foco<\/title>\n<meta name=\"description\" content=\"O r\u00e9veillon 2026 pede liberdade. Veja tend\u00eancias de cores vibrantes e tecidos leves que funcionam da praia \u00e0 cidade com estilo.\" \/>\n<meta name=\"robots\" content=\"index, follow, max-snippet:-1, max-image-preview:large, max-video-preview:-1\" \/>\n<link rel=\"canonical\" href=\"https:\/\/www.em.com.br\/emfoco\/2025\/12\/03\/as-tendencias-de-looks-de-ano-novo-que-vao-alem-do-branco-e-continuam-em-alta-em-2026\/\" \/>\n<meta property=\"og:locale\" content=\"pt_BR\" \/>\n<meta property=\"og:type\" content=\"article\" \/>\n<meta property=\"og:title\" content=\"As tend\u00eancias de looks de Ano Novo que v\u00e3o al\u00e9m do branco e continuam em alta em 2026 - Estado de Minas - Em foco\" \/>\n<meta property=\"og:description\" content=\"O r\u00e9veillon 2026 pede liberdade. Veja tend\u00eancias de cores vibrantes e tecidos leves que funcionam da praia \u00e0 cidade com estilo.\" \/>\n<meta property=\"og:url\" content=\"https:\/\/www.em.com.br\/emfoco\/2025\/12\/03\/as-tendencias-de-looks-de-ano-novo-que-vao-alem-do-branco-e-continuam-em-alta-em-2026\/\" \/>\n<meta property=\"og:site_name\" content=\"Estado de Minas - Em foco\" \/>\n<meta property=\"article:published_time\" content=\"2025-12-03T11:15:29+00:00\" \/>\n<meta property=\"article:modified_time\" content=\"2025-12-08T13:40:11+00:00\" \/>\n<meta property=\"og:image\" content=\"https:\/\/www.em.com.br\/emfoco\/wp-content\/uploads\/2025\/05\/moda-casamento_1747919098650.jpg\" \/>\n\t<meta property=\"og:image:width\" content=\"1280\" \/>\n\t<meta property=\"og:image:height\" content=\"720\" \/>\n\t<meta property=\"og:image:type\" content=\"image\/jpeg\" \/>\n<meta name=\"author\" content=\"Daniely Cardoso\" \/>\n<meta name=\"twitter:card\" content=\"summary_large_image\" \/>\n<meta name=\"twitter:label1\" content=\"Escrito por\" \/>\n\t<meta name=\"twitter:data1\" content=\"Daniely Cardoso\" \/>\n\t<meta name=\"twitter:label2\" content=\"Est. tempo de leitura\" \/>\n\t<meta name=\"twitter:data2\" content=\"4 minutos\" \/>\n<!-- \/ Yoast SEO plugin. -->","yoast_head_json":{"title":"As tend\u00eancias de looks de Ano Novo que v\u00e3o al\u00e9m do branco e continuam em alta em 2026 - Estado de Minas - Em foco","description":"O r\u00e9veillon 2026 pede liberdade. Veja tend\u00eancias de cores vibrantes e tecidos leves que funcionam da praia \u00e0 cidade com estilo.","robots":{"index":"index","follow":"follow","max-snippet":"max-snippet:-1","max-image-preview":"max-image-preview:large","max-video-preview":"max-video-preview:-1"},"canonical":"https:\/\/www.em.com.br\/emfoco\/2025\/12\/03\/as-tendencias-de-looks-de-ano-novo-que-vao-alem-do-branco-e-continuam-em-alta-em-2026\/","og_locale":"pt_BR","og_type":"article","og_title":"As tend\u00eancias de looks de Ano Novo que v\u00e3o al\u00e9m do branco e continuam em alta em 2026 - Estado de Minas - Em foco","og_description":"O r\u00e9veillon 2026 pede liberdade. Veja tend\u00eancias de cores vibrantes e tecidos leves que funcionam da praia \u00e0 cidade com estilo.","og_url":"https:\/\/www.em.com.br\/emfoco\/2025\/12\/03\/as-tendencias-de-looks-de-ano-novo-que-vao-alem-do-branco-e-continuam-em-alta-em-2026\/","og_site_name":"Estado de Minas - Em foco","article_published_time":"2025-12-03T11:15:29+00:00","article_modified_time":"2025-12-08T13:40:11+00:00","og_image":[{"width":1280,"height":720,"url":"https:\/\/www.em.com.br\/emfoco\/wp-content\/uploads\/2025\/05\/moda-casamento_1747919098650.jpg","type":"image\/jpeg"}],"author":"Daniely Cardoso","twitter_card":"summary_large_image","twitter_misc":{"Escrito por":"Daniely Cardoso","Est. tempo de leitura":"4 minutos"},"schema":{"@context":"https:\/\/schema.org","@graph":[{"@type":"WebPage","@id":"https:\/\/www.em.com.br\/emfoco\/2025\/12\/03\/as-tendencias-de-looks-de-ano-novo-que-vao-alem-do-branco-e-continuam-em-alta-em-2026\/","url":"https:\/\/www.em.com.br\/emfoco\/2025\/12\/03\/as-tendencias-de-looks-de-ano-novo-que-vao-alem-do-branco-e-continuam-em-alta-em-2026\/","name":"As tend\u00eancias de looks de Ano Novo que v\u00e3o al\u00e9m do branco e continuam em alta em 2026 - Estado de Minas - Em foco","isPartOf":{"@id":"https:\/\/www.em.com.br\/emfoco\/#website"},"primaryImageOfPage":{"@id":"https:\/\/www.em.com.br\/emfoco\/2025\/12\/03\/as-tendencias-de-looks-de-ano-novo-que-vao-alem-do-branco-e-continuam-em-alta-em-2026\/#primaryimage"},"image":{"@id":"https:\/\/www.em.com.br\/emfoco\/2025\/12\/03\/as-tendencias-de-looks-de-ano-novo-que-vao-alem-do-branco-e-continuam-em-alta-em-2026\/#primaryimage"},"thumbnailUrl":"https:\/\/www.em.com.br\/emfoco\/wp-content\/uploads\/2025\/05\/moda-casamento_1747919098650.jpg","datePublished":"2025-12-03T11:15:29+00:00","dateModified":"2025-12-08T13:40:11+00:00","author":{"@id":"https:\/\/www.em.com.br\/emfoco\/#\/schema\/person\/0a8186d72f2c3a5c6276d90b41f271a0"},"description":"O r\u00e9veillon 2026 pede liberdade. Veja tend\u00eancias de cores vibrantes e tecidos leves que funcionam da praia \u00e0 cidade com estilo.","breadcrumb":{"@id":"https:\/\/www.em.com.br\/emfoco\/2025\/12\/03\/as-tendencias-de-looks-de-ano-novo-que-vao-alem-do-branco-e-continuam-em-alta-em-2026\/#breadcrumb"},"inLanguage":"pt-BR","potentialAction":[{"@type":"ReadAction","target":["https:\/\/www.em.com.br\/emfoco\/2025\/12\/03\/as-tendencias-de-looks-de-ano-novo-que-vao-alem-do-branco-e-continuam-em-alta-em-2026\/"]}]},{"@type":"ImageObject","inLanguage":"pt-BR","@id":"https:\/\/www.em.com.br\/emfoco\/2025\/12\/03\/as-tendencias-de-looks-de-ano-novo-que-vao-alem-do-branco-e-continuam-em-alta-em-2026\/#primaryimage","url":"https:\/\/www.em.com.br\/emfoco\/wp-content\/uploads\/2025\/05\/moda-casamento_1747919098650.jpg","contentUrl":"https:\/\/www.em.com.br\/emfoco\/wp-content\/uploads\/2025\/05\/moda-casamento_1747919098650.jpg","width":1280,"height":720,"caption":"Os loiros continuam populares neste ver\u00e3o por sua capacidade \u00fanica de iluminar o visual - Cr\u00e9ditos: depositphotos.com \/ NatashaFedorova"},{"@type":"BreadcrumbList","@id":"https:\/\/www.em.com.br\/emfoco\/2025\/12\/03\/as-tendencias-de-looks-de-ano-novo-que-vao-alem-do-branco-e-continuam-em-alta-em-2026\/#breadcrumb","itemListElement":[{"@type":"ListItem","position":1,"name":"In\u00edcio","item":"https:\/\/www.em.com.br\/emfoco\/"},{"@type":"ListItem","position":2,"name":"As tend\u00eancias de looks de Ano Novo que v\u00e3o al\u00e9m do branco e continuam em alta em 2026"}]},{"@type":"WebSite","@id":"https:\/\/www.em.com.br\/emfoco\/#website","url":"https:\/\/www.em.com.br\/emfoco\/","name":"Estado de Minas - Em foco","description":"Acompanhe as \u00faltimas not\u00edcias e fique bem informado sobre tudo o que acontece em Minas Gerais, Brasil e no mundo.","potentialAction":[{"@type":"SearchAction","target":{"@type":"EntryPoint","urlTemplate":"https:\/\/www.em.com.br\/emfoco\/?s={search_term_string}"},"query-input":{"@type":"PropertyValueSpecification","valueRequired":true,"valueName":"search_term_string"}}],"inLanguage":"pt-BR"},{"@type":"Person","@id":"https:\/\/www.em.com.br\/emfoco\/#\/schema\/person\/0a8186d72f2c3a5c6276d90b41f271a0","name":"Daniely Cardoso","image":{"@type":"ImageObject","inLanguage":"pt-BR","@id":"https:\/\/www.em.com.br\/emfoco\/#\/schema\/person\/image\/","url":"https:\/\/secure.gravatar.com\/avatar\/4b80ddbd124d1f071b626d52d62e5dff?s=96&d=mm&r=g","contentUrl":"https:\/\/secure.gravatar.com\/avatar\/4b80ddbd124d1f071b626d52d62e5dff?s=96&d=mm&r=g","caption":"Daniely Cardoso"},"url":"https:\/\/www.em.com.br\/emfoco\/author\/danielymyth\/"}]}},"_links":{"self":[{"href":"https:\/\/www.em.com.br\/emfoco\/wp-json\/wp\/v2\/posts\/134475","targetHints":{"allow":["GET"]}}],"collection":[{"href":"https:\/\/www.em.com.br\/emfoco\/wp-json\/wp\/v2\/posts"}],"about":[{"href":"https:\/\/www.em.com.br\/emfoco\/wp-json\/wp\/v2\/types\/post"}],"author":[{"embeddable":true,"href":"https:\/\/www.em.com.br\/emfoco\/wp-json\/wp\/v2\/users\/9"}],"replies":[{"embeddable":true,"href":"https:\/\/www.em.com.br\/emfoco\/wp-json\/wp\/v2\/comments?post=134475"}],"version-history":[{"count":4,"href":"https:\/\/www.em.com.br\/emfoco\/wp-json\/wp\/v2\/posts\/134475\/revisions"}],"predecessor-version":[{"id":134923,"href":"https:\/\/www.em.com.br\/emfoco\/wp-json\/wp\/v2\/posts\/134475\/revisions\/134923"}],"wp:featuredmedia":[{"embeddable":true,"href":"https:\/\/www.em.com.br\/emfoco\/wp-json\/wp\/v2\/media\/49993"}],"wp:attachment":[{"href":"https:\/\/www.em.com.br\/emfoco\/wp-json\/wp\/v2\/media?parent=134475"}],"wp:term":[{"taxonomy":"category","embeddable":true,"href":"https:\/\/www.em.com.br\/emfoco\/wp-json\/wp\/v2\/categories?post=134475"},{"taxonomy":"post_tag","embeddable":true,"href":"https:\/\/www.em.com.br\/emfoco\/wp-json\/wp\/v2\/tags?post=134475"}],"curies":[{"name":"wp","href":"https:\/\/api.w.org\/{rel}","templated":true}]}}