{"id":134455,"date":"2025-12-03T12:25:00","date_gmt":"2025-12-03T15:25:00","guid":{"rendered":"https:\/\/www.em.com.br\/emfoco\/?p=134455"},"modified":"2025-12-02T21:53:39","modified_gmt":"2025-12-03T00:53:39","slug":"como-reduzir-a-conta-de-luz-com-truques-simples-no-dia-a-dia","status":"publish","type":"post","link":"https:\/\/www.em.com.br\/emfoco\/2025\/12\/03\/como-reduzir-a-conta-de-luz-com-truques-simples-no-dia-a-dia\/","title":{"rendered":"Como reduzir a conta de luz com truques simples no dia a dia"},"content":{"rendered":"\n<p>Reduzir a conta de luz \u00e9 uma preocupa\u00e7\u00e3o comum, principalmente com os reajustes nas tarifas e o impacto ambiental. Pequenas mudan\u00e7as na rotina, uso consciente dos aparelhos e, quando poss\u00edvel, investimentos em efici\u00eancia energ\u00e9tica podem diminuir significativamente o valor pago todo m\u00eas.<\/p>\n\n\n\n<h2 class=\"wp-block-heading\">O que significa reduzir a conta de luz com truques simples no dia a dia<\/h2>\n\n\n\n<p>Reduzir a conta de luz com truques simples \u00e9 mudar h\u00e1bitos e usar melhor os equipamentos que voc\u00ea j\u00e1 tem em casa. N\u00e3o \u00e9 preciso investir logo em tecnologias caras; o foco \u00e9 cortar desperd\u00edcios e evitar exageros.<\/p>\n\n\n\n<p>A\u00e7\u00f5es como desligar aparelhos em stand-by, aproveitar mais a luz natural e ajustar o uso do chuveiro el\u00e9trico j\u00e1 trazem economia. Entender a fatura de energia e conhecer a tarifa da sua regi\u00e3o tamb\u00e9m ajuda a identificar onde vale mais a pena reduzir o consumo.<\/p>\n\n\n<div class=\"wp-block-image\">\n<figure class=\"aligncenter size-large\"><img loading=\"lazy\" decoding=\"async\" width=\"1024\" height=\"576\" src=\"https:\/\/www.em.com.br\/emfoco\/wp-content\/uploads\/2025\/06\/conta-de-luz_1749504401486-1024x576.jpg\" alt=\"Investir em l\u00e2mpadas garante uma economia de at\u00e9 80% na conta\" class=\"wp-image-57984\" srcset=\"https:\/\/www.em.com.br\/emfoco\/wp-content\/uploads\/2025\/06\/conta-de-luz_1749504401486-1024x576.jpg 1024w, https:\/\/www.em.com.br\/emfoco\/wp-content\/uploads\/2025\/06\/conta-de-luz_1749504401486-300x169.jpg 300w, https:\/\/www.em.com.br\/emfoco\/wp-content\/uploads\/2025\/06\/conta-de-luz_1749504401486-768x432.jpg 768w, https:\/\/www.em.com.br\/emfoco\/wp-content\/uploads\/2025\/06\/conta-de-luz_1749504401486-750x422.jpg 750w, https:\/\/www.em.com.br\/emfoco\/wp-content\/uploads\/2025\/06\/conta-de-luz_1749504401486-1140x641.jpg 1140w, https:\/\/www.em.com.br\/emfoco\/wp-content\/uploads\/2025\/06\/conta-de-luz_1749504401486.jpg 1280w\" sizes=\"auto, (max-width: 1024px) 100vw, 1024px\" \/><figcaption class=\"wp-element-caption\">Dicas f\u00e1ceis para economizar energia e reduzir luz &#8211; Cr\u00e9ditos: depositphotos.com \/ volgariver<\/figcaption><\/figure><\/div>\n\n\n<h2 class=\"wp-block-heading\">Como reduzir a conta de luz na pr\u00e1tica dentro de casa<\/h2>\n\n\n\n<p>Em casa, a ilumina\u00e7\u00e3o \u00e9 um dos primeiros pontos a ser ajustado. Trocar l\u00e2mpadas antigas por LED e manter paredes claras ajuda a aproveitar melhor a luz natural e usar menos l\u00e2mpadas durante o dia.<\/p>\n\n\n\n<p>Aparelhos em stand-by, como TVs, micro-ondas e computadores, continuam gastando energia mesmo \u201cdesligados\u201d. Para economizar no dia a dia, algumas atitudes simples funcionam bem:<\/p>\n\n\n\n<ul class=\"wp-block-list\">\n<li>Apagar luzes em c\u00f4modos vazios.<\/li>\n\n\n\n<li>Priorizar l\u00e2mpadas de LED.<\/li>\n\n\n\n<li>Retirar aparelhos da tomada quando n\u00e3o estiverem em uso.<\/li>\n\n\n\n<li>Manter janelas abertas para entrada de luz natural.<\/li>\n<\/ul>\n\n\n\n<p>Leia mais: <a href=\"https:\/\/www.em.com.br\/emfoco\/2025\/11\/30\/familias-de-baixa-renda-ganham-isencao-maior-na-conta-de-energia\/\" target=\"_blank\" rel=\"noreferrer noopener\">Fam\u00edlias de baixa renda ganham isen\u00e7\u00e3o maior na conta de energia<\/a><\/p>\n\n\n\n<h2 class=\"wp-block-heading\">Quais truques simples ajudam a economizar com geladeira, chuveiro e ar-condicionado<\/h2>\n\n\n\n<p>A <strong>geladeira<\/strong> \u00e9 um dos aparelhos que mais consomem energia, pois fica ligada o tempo todo. Verificar a veda\u00e7\u00e3o da porta, evitar abrir muitas vezes e n\u00e3o guardar alimentos quentes ajudam a reduzir o consumo.<\/p>\n\n\n\n<p>O <strong>chuveiro el\u00e9trico<\/strong> tamb\u00e9m pesa na conta. Banhos mais r\u00e1pidos e o uso da posi\u00e7\u00e3o \u201cver\u00e3o\u201d em dias quentes diminuem o gasto. J\u00e1 no <strong>ar-condicionado<\/strong>, manter filtros limpos, usar temperaturas intermedi\u00e1rias e combinar o uso com ventiladores pode trazer conforto com menos consumo.<\/p>\n\n\n\n<ul class=\"wp-block-list\">\n<li>Limpar os filtros do ar-condicionado regularmente.<\/li>\n\n\n\n<li>Manter portas e janelas fechadas com o aparelho ligado.<\/li>\n\n\n\n<li>Usar a fun\u00e7\u00e3o \u201ctimer\u201d para desligar durante a madrugada.<\/li>\n\n\n\n<li>Colocar a geladeira longe do fog\u00e3o e de fontes de calor.<\/li>\n<\/ul>\n\n\n\n<h2 class=\"wp-block-heading\">Como organizar a rotina para gastar menos energia el\u00e9trica<\/h2>\n\n\n<div class=\"wp-block-image\">\n<figure class=\"aligncenter size-large\"><img loading=\"lazy\" decoding=\"async\" width=\"1024\" height=\"576\" src=\"https:\/\/www.em.com.br\/emfoco\/wp-content\/uploads\/2025\/10\/cozinha-smart_1757082997940-1024x576.jpg\" alt=\"Aparelho novo diminui a conta de luz e evita que voc\u00ea jogue comida fora\" class=\"wp-image-113284\" srcset=\"https:\/\/www.em.com.br\/emfoco\/wp-content\/uploads\/2025\/10\/cozinha-smart_1757082997940-1024x576.jpg 1024w, https:\/\/www.em.com.br\/emfoco\/wp-content\/uploads\/2025\/10\/cozinha-smart_1757082997940-300x169.jpg 300w, https:\/\/www.em.com.br\/emfoco\/wp-content\/uploads\/2025\/10\/cozinha-smart_1757082997940-768x432.jpg 768w, https:\/\/www.em.com.br\/emfoco\/wp-content\/uploads\/2025\/10\/cozinha-smart_1757082997940-750x422.jpg 750w, https:\/\/www.em.com.br\/emfoco\/wp-content\/uploads\/2025\/10\/cozinha-smart_1757082997940-1140x641.jpg 1140w, https:\/\/www.em.com.br\/emfoco\/wp-content\/uploads\/2025\/10\/cozinha-smart_1757082997940.jpg 1280w\" sizes=\"auto, (max-width: 1024px) 100vw, 1024px\" \/><figcaption class=\"wp-element-caption\">Dicas f\u00e1ceis para economizar energia e reduzir luz &#8211; Cr\u00e9ditos: depositphotos.com \/ chesky_w<\/figcaption><\/figure><\/div>\n\n\n<p>Organizar a rotina de uso dos eletrodom\u00e9sticos \u00e9 outra forma de economizar. M\u00e1quinas de lavar roupa e lou\u00e7a consomem menos por pe\u00e7a quando usadas com a capacidade adequada, evitando ciclos desnecess\u00e1rios.<\/p>\n\n\n\n<p>Com o ferro de passar, juntar mais roupas para passar de uma vez \u00e9 mais econ\u00f4mico do que lig\u00e1-lo v\u00e1rias vezes. Planejar dias espec\u00edficos para essas tarefas tamb\u00e9m permite concentrar o uso de energia em hor\u00e1rios mais vantajosos, quando houver tarifas diferenciadas.<\/p>\n\n\n\n<ol class=\"wp-block-list\">\n<li>Definir dias para lavar e passar roupas.<\/li>\n\n\n\n<li>Usar programas econ\u00f4micos das m\u00e1quinas de lavar.<\/li>\n\n\n\n<li>Evitar lavar pouca roupa ou pouca lou\u00e7a.<\/li>\n\n\n\n<li>Aproveitar ao m\u00e1ximo a luz natural nas tarefas dom\u00e9sticas.<\/li>\n<\/ol>\n\n\n\n<p>Leia mais: <a href=\"https:\/\/www.em.com.br\/emfoco\/2025\/11\/30\/itens-da-casa-que-consomem-energia-mesmo-desligados-e-pesam-na-sua-conta\/\" target=\"_blank\" rel=\"noreferrer noopener\">Itens da casa que consomem energia mesmo desligados e pesam na sua conta<\/a><\/p>\n\n\n\n<h2 class=\"wp-block-heading\">Vale a pena investir em equipamentos mais econ\u00f4micos e mudan\u00e7as simples na casa<\/h2>\n\n\n\n<p>Al\u00e9m dos truques di\u00e1rios, trocar aos poucos aparelhos antigos por modelos mais eficientes ajuda a reduzir a conta no m\u00e9dio e longo prazo. Equipamentos com selo de efici\u00eancia energ\u00e9tica, como o <em><a href=\"http:\/\/www.procelinfo.com.br\/main.asp?View=%7BB70B5A3C-19EF-499D-B7BC-D6FF3BABE5FA%7D\" target=\"_blank\" rel=\"noreferrer noopener\">Selo Procel<\/a><\/em>, consomem menos para entregar o mesmo resultado.<\/p>\n\n\n\n<p>Pequenas mudan\u00e7as na casa tamb\u00e9m colaboram, como instalar cortinas que bloqueiem o calor forte do sol e favorecer a ventila\u00e7\u00e3o cruzada, abrindo janelas em lados opostos. Quando poss\u00edvel, investir em aquecedor solar de \u00e1gua, sensores de presen\u00e7a em \u00e1reas comuns e manter a instala\u00e7\u00e3o el\u00e9trica em bom estado contribui para um uso mais eficiente e econ\u00f4mico da energia el\u00e9trica.<\/p>\n","protected":false},"excerpt":{"rendered":"<p>Reduzir a conta de luz \u00e9 uma preocupa\u00e7\u00e3o comum, principalmente com os reajustes nas tarifas e o impacto ambiental. Pequenas mudan\u00e7as na rotina, uso consciente dos aparelhos e, quando poss\u00edvel, investimentos em efici\u00eancia energ\u00e9tica podem diminuir significativamente o valor pago todo m\u00eas. O que significa reduzir a conta de luz com truques simples no dia [&hellip;]<\/p>\n","protected":false},"author":20,"featured_media":134499,"comment_status":"open","ping_status":"open","sticky":false,"template":"","format":"standard","meta":{"jnews-multi-image_gallery":[],"jnews_single_post":{"format":"standard"},"jnews_primary_category":[],"jnews_social_meta":[],"jnews_override_counter":[],"footnotes":""},"categories":[28,1],"tags":[1018,160],"class_list":["post-134455","post","type-post","status-publish","format-standard","has-post-thumbnail","hentry","category-economia","category-noticias","tag-conta-de-luz","tag-economia"],"yoast_head":"<!-- This site is optimized with the Yoast SEO plugin v23.8 - https:\/\/yoast.com\/wordpress\/plugins\/seo\/ -->\n<title>Como reduzir a conta de luz com truques simples no dia a dia - Estado de Minas - Em foco<\/title>\n<meta name=\"description\" content=\"Conhe\u00e7a alguns truques simples do dia a dia para reduzir sua conta de luz, economizando energia de forma pr\u00e1tica em casa agora mesmo.\" \/>\n<meta name=\"robots\" content=\"index, follow, max-snippet:-1, max-image-preview:large, max-video-preview:-1\" \/>\n<link rel=\"canonical\" href=\"https:\/\/www.em.com.br\/emfoco\/2025\/12\/03\/como-reduzir-a-conta-de-luz-com-truques-simples-no-dia-a-dia\/\" \/>\n<meta property=\"og:locale\" content=\"pt_BR\" \/>\n<meta property=\"og:type\" content=\"article\" \/>\n<meta property=\"og:title\" content=\"Como reduzir a conta de luz com truques simples no dia a dia - Estado de Minas - Em foco\" \/>\n<meta property=\"og:description\" content=\"Conhe\u00e7a alguns truques simples do dia a dia para reduzir sua conta de luz, economizando energia de forma pr\u00e1tica em casa agora mesmo.\" \/>\n<meta property=\"og:url\" content=\"https:\/\/www.em.com.br\/emfoco\/2025\/12\/03\/como-reduzir-a-conta-de-luz-com-truques-simples-no-dia-a-dia\/\" \/>\n<meta property=\"og:site_name\" content=\"Estado de Minas - Em foco\" \/>\n<meta property=\"article:published_time\" content=\"2025-12-03T15:25:00+00:00\" \/>\n<meta property=\"article:modified_time\" content=\"2025-12-03T00:53:39+00:00\" \/>\n<meta property=\"og:image\" content=\"https:\/\/www.em.com.br\/emfoco\/wp-content\/uploads\/2025\/12\/imagem_2025-11-23_030435126-e1764682380471-1024x576.png\" \/>\n\t<meta property=\"og:image:width\" content=\"1024\" \/>\n\t<meta property=\"og:image:height\" content=\"576\" \/>\n\t<meta property=\"og:image:type\" content=\"image\/png\" \/>\n<meta name=\"author\" content=\"Ingrid Diniz\" \/>\n<meta name=\"twitter:card\" content=\"summary_large_image\" \/>\n<meta name=\"twitter:label1\" content=\"Escrito por\" \/>\n\t<meta name=\"twitter:data1\" content=\"Ingrid Diniz\" \/>\n\t<meta name=\"twitter:label2\" content=\"Est. tempo de leitura\" \/>\n\t<meta name=\"twitter:data2\" content=\"5 minutos\" \/>\n<!-- \/ Yoast SEO plugin. -->","yoast_head_json":{"title":"Como reduzir a conta de luz com truques simples no dia a dia - Estado de Minas - Em foco","description":"Conhe\u00e7a alguns truques simples do dia a dia para reduzir sua conta de luz, economizando energia de forma pr\u00e1tica em casa agora mesmo.","robots":{"index":"index","follow":"follow","max-snippet":"max-snippet:-1","max-image-preview":"max-image-preview:large","max-video-preview":"max-video-preview:-1"},"canonical":"https:\/\/www.em.com.br\/emfoco\/2025\/12\/03\/como-reduzir-a-conta-de-luz-com-truques-simples-no-dia-a-dia\/","og_locale":"pt_BR","og_type":"article","og_title":"Como reduzir a conta de luz com truques simples no dia a dia - Estado de Minas - Em foco","og_description":"Conhe\u00e7a alguns truques simples do dia a dia para reduzir sua conta de luz, economizando energia de forma pr\u00e1tica em casa agora mesmo.","og_url":"https:\/\/www.em.com.br\/emfoco\/2025\/12\/03\/como-reduzir-a-conta-de-luz-com-truques-simples-no-dia-a-dia\/","og_site_name":"Estado de Minas - Em foco","article_published_time":"2025-12-03T15:25:00+00:00","article_modified_time":"2025-12-03T00:53:39+00:00","og_image":[{"width":1024,"height":576,"url":"https:\/\/www.em.com.br\/emfoco\/wp-content\/uploads\/2025\/12\/imagem_2025-11-23_030435126-e1764682380471-1024x576.png","type":"image\/png"}],"author":"Ingrid Diniz","twitter_card":"summary_large_image","twitter_misc":{"Escrito por":"Ingrid Diniz","Est. tempo de leitura":"5 minutos"},"schema":{"@context":"https:\/\/schema.org","@graph":[{"@type":"WebPage","@id":"https:\/\/www.em.com.br\/emfoco\/2025\/12\/03\/como-reduzir-a-conta-de-luz-com-truques-simples-no-dia-a-dia\/","url":"https:\/\/www.em.com.br\/emfoco\/2025\/12\/03\/como-reduzir-a-conta-de-luz-com-truques-simples-no-dia-a-dia\/","name":"Como reduzir a conta de luz com truques simples no dia a dia - Estado de Minas - Em foco","isPartOf":{"@id":"https:\/\/www.em.com.br\/emfoco\/#website"},"primaryImageOfPage":{"@id":"https:\/\/www.em.com.br\/emfoco\/2025\/12\/03\/como-reduzir-a-conta-de-luz-com-truques-simples-no-dia-a-dia\/#primaryimage"},"image":{"@id":"https:\/\/www.em.com.br\/emfoco\/2025\/12\/03\/como-reduzir-a-conta-de-luz-com-truques-simples-no-dia-a-dia\/#primaryimage"},"thumbnailUrl":"https:\/\/www.em.com.br\/emfoco\/wp-content\/uploads\/2025\/12\/imagem_2025-11-23_030435126-e1764682380471.png","datePublished":"2025-12-03T15:25:00+00:00","dateModified":"2025-12-03T00:53:39+00:00","author":{"@id":"https:\/\/www.em.com.br\/emfoco\/#\/schema\/person\/649e610b4eb8fff87ff394e54fe17b2b"},"description":"Conhe\u00e7a alguns truques simples do dia a dia para reduzir sua conta de luz, economizando energia de forma pr\u00e1tica em casa agora mesmo.","breadcrumb":{"@id":"https:\/\/www.em.com.br\/emfoco\/2025\/12\/03\/como-reduzir-a-conta-de-luz-com-truques-simples-no-dia-a-dia\/#breadcrumb"},"inLanguage":"pt-BR","potentialAction":[{"@type":"ReadAction","target":["https:\/\/www.em.com.br\/emfoco\/2025\/12\/03\/como-reduzir-a-conta-de-luz-com-truques-simples-no-dia-a-dia\/"]}]},{"@type":"ImageObject","inLanguage":"pt-BR","@id":"https:\/\/www.em.com.br\/emfoco\/2025\/12\/03\/como-reduzir-a-conta-de-luz-com-truques-simples-no-dia-a-dia\/#primaryimage","url":"https:\/\/www.em.com.br\/emfoco\/wp-content\/uploads\/2025\/12\/imagem_2025-11-23_030435126-e1764682380471.png","contentUrl":"https:\/\/www.em.com.br\/emfoco\/wp-content\/uploads\/2025\/12\/imagem_2025-11-23_030435126-e1764682380471.png","width":1280,"height":720,"caption":"Dicas f\u00e1ceis para economizar energia e reduzir luz"},{"@type":"BreadcrumbList","@id":"https:\/\/www.em.com.br\/emfoco\/2025\/12\/03\/como-reduzir-a-conta-de-luz-com-truques-simples-no-dia-a-dia\/#breadcrumb","itemListElement":[{"@type":"ListItem","position":1,"name":"In\u00edcio","item":"https:\/\/www.em.com.br\/emfoco\/"},{"@type":"ListItem","position":2,"name":"Como reduzir a conta de luz com truques simples no dia a dia"}]},{"@type":"WebSite","@id":"https:\/\/www.em.com.br\/emfoco\/#website","url":"https:\/\/www.em.com.br\/emfoco\/","name":"Estado de Minas - Em foco","description":"Acompanhe as \u00faltimas not\u00edcias e fique bem informado sobre tudo o que acontece em Minas Gerais, Brasil e no mundo.","potentialAction":[{"@type":"SearchAction","target":{"@type":"EntryPoint","urlTemplate":"https:\/\/www.em.com.br\/emfoco\/?s={search_term_string}"},"query-input":{"@type":"PropertyValueSpecification","valueRequired":true,"valueName":"search_term_string"}}],"inLanguage":"pt-BR"},{"@type":"Person","@id":"https:\/\/www.em.com.br\/emfoco\/#\/schema\/person\/649e610b4eb8fff87ff394e54fe17b2b","name":"Ingrid Diniz","image":{"@type":"ImageObject","inLanguage":"pt-BR","@id":"https:\/\/www.em.com.br\/emfoco\/#\/schema\/person\/image\/","url":"https:\/\/secure.gravatar.com\/avatar\/a3baa1449ec5c39b4c42babc9d4f3951?s=96&d=mm&r=g","contentUrl":"https:\/\/secure.gravatar.com\/avatar\/a3baa1449ec5c39b4c42babc9d4f3951?s=96&d=mm&r=g","caption":"Ingrid Diniz"},"sameAs":["https:\/\/www.em.com.br\/"],"url":"https:\/\/www.em.com.br\/emfoco\/author\/ingridmyth\/"}]}},"_links":{"self":[{"href":"https:\/\/www.em.com.br\/emfoco\/wp-json\/wp\/v2\/posts\/134455","targetHints":{"allow":["GET"]}}],"collection":[{"href":"https:\/\/www.em.com.br\/emfoco\/wp-json\/wp\/v2\/posts"}],"about":[{"href":"https:\/\/www.em.com.br\/emfoco\/wp-json\/wp\/v2\/types\/post"}],"author":[{"embeddable":true,"href":"https:\/\/www.em.com.br\/emfoco\/wp-json\/wp\/v2\/users\/20"}],"replies":[{"embeddable":true,"href":"https:\/\/www.em.com.br\/emfoco\/wp-json\/wp\/v2\/comments?post=134455"}],"version-history":[{"count":2,"href":"https:\/\/www.em.com.br\/emfoco\/wp-json\/wp\/v2\/posts\/134455\/revisions"}],"predecessor-version":[{"id":134915,"href":"https:\/\/www.em.com.br\/emfoco\/wp-json\/wp\/v2\/posts\/134455\/revisions\/134915"}],"wp:featuredmedia":[{"embeddable":true,"href":"https:\/\/www.em.com.br\/emfoco\/wp-json\/wp\/v2\/media\/134499"}],"wp:attachment":[{"href":"https:\/\/www.em.com.br\/emfoco\/wp-json\/wp\/v2\/media?parent=134455"}],"wp:term":[{"taxonomy":"category","embeddable":true,"href":"https:\/\/www.em.com.br\/emfoco\/wp-json\/wp\/v2\/categories?post=134455"},{"taxonomy":"post_tag","embeddable":true,"href":"https:\/\/www.em.com.br\/emfoco\/wp-json\/wp\/v2\/tags?post=134455"}],"curies":[{"name":"wp","href":"https:\/\/api.w.org\/{rel}","templated":true}]}}