{"id":134453,"date":"2025-12-03T09:35:00","date_gmt":"2025-12-03T12:35:00","guid":{"rendered":"https:\/\/www.em.com.br\/emfoco\/?p=134453"},"modified":"2025-12-02T21:52:27","modified_gmt":"2025-12-03T00:52:27","slug":"inmet-preve-dezembro-com-clima-instavel-veja-como-isso-impacta-transporte-energia-e-saude","status":"publish","type":"post","link":"https:\/\/www.em.com.br\/emfoco\/2025\/12\/03\/inmet-preve-dezembro-com-clima-instavel-veja-como-isso-impacta-transporte-energia-e-saude\/","title":{"rendered":"INMET prev\u00ea dezembro com clima inst\u00e1vel; veja como isso impacta transporte, energia e sa\u00fade"},"content":{"rendered":"\n<p>O m\u00eas de dezembro de 2025 deve ter clima mais inst\u00e1vel em boa parte do Brasil, segundo o <strong>INMET<\/strong>. Norte, Centro-Oeste, Nordeste e Sudeste tendem a registrar chuvas acima da m\u00e9dia, enquanto parte da regi\u00e3o Sul pode ter menos chuva que o normal. Esse cen\u00e1rio afeta tr\u00e2nsito, transporte, energia, sa\u00fade, rotina dom\u00e9stica, idosos, crian\u00e7as, agricultura, lazer e trabalho.<\/p>\n\n\n\n<h2 class=\"wp-block-heading\">Chuvas acima da m\u00e9dia em dezembro de 2025<\/h2>\n\n\n\n<p><strong>Norte, Centro-Oeste, Nordeste e Sudeste<\/strong> podem ter pancadas de chuva mais frequentes e intensas, com raios e vento forte. Nas cidades, aumenta o risco de alagamentos em \u00e1reas com drenagem prec\u00e1ria e de deslizamentos em encostas.<\/p>\n\n\n\n<p>Diante disso, governo, moradores e empresas precisam revisar planos de emerg\u00eancia. Ruas, \u00f4nibus, trens, metr\u00f4s e aeroportos podem ter atrasos e cancelamentos, prejudicando o deslocamento di\u00e1rio, a log\u00edstica e servi\u00e7os essenciais.<\/p>\n\n\n<div class=\"wp-block-image\">\n<figure class=\"aligncenter size-large\"><img loading=\"lazy\" decoding=\"async\" width=\"1024\" height=\"576\" src=\"https:\/\/www.em.com.br\/emfoco\/wp-content\/uploads\/2025\/09\/chuva_1756771308107-1024x576.jpg\" alt=\"O que a chuva no Sudeste e o calor no Norte significam para voc\u00ea\" class=\"wp-image-104842\" srcset=\"https:\/\/www.em.com.br\/emfoco\/wp-content\/uploads\/2025\/09\/chuva_1756771308107-1024x576.jpg 1024w, https:\/\/www.em.com.br\/emfoco\/wp-content\/uploads\/2025\/09\/chuva_1756771308107-300x169.jpg 300w, https:\/\/www.em.com.br\/emfoco\/wp-content\/uploads\/2025\/09\/chuva_1756771308107-768x432.jpg 768w, https:\/\/www.em.com.br\/emfoco\/wp-content\/uploads\/2025\/09\/chuva_1756771308107-750x422.jpg 750w, https:\/\/www.em.com.br\/emfoco\/wp-content\/uploads\/2025\/09\/chuva_1756771308107-1140x641.jpg 1140w, https:\/\/www.em.com.br\/emfoco\/wp-content\/uploads\/2025\/09\/chuva_1756771308107.jpg 1280w\" sizes=\"auto, (max-width: 1024px) 100vw, 1024px\" \/><figcaption class=\"wp-element-caption\">Impactos do clima inst\u00e1vel em servi\u00e7os essenciais &#8211; Cr\u00e9ditos: depositphotos.com \/ EmvatMosakovskis<\/figcaption><\/figure><\/div>\n\n\n<h2 class=\"wp-block-heading\">Impacto da previs\u00e3o do INMET no dia a dia da popula\u00e7\u00e3o<\/h2>\n\n\n\n<p>A previs\u00e3o clim\u00e1tica influencia decis\u00f5es di\u00e1rias. Em dias com alerta de chuva forte, motoristas enfrentam pistas escorregadias e pouca visibilidade, e pedestres lidam com po\u00e7as, buracos cobertos e cal\u00e7adas escorregadias.<\/p>\n\n\n\n<p>No trabalho, constru\u00e7\u00e3o civil, entregas, turismo, eventos ao ar livre, com\u00e9rcio de rua e transporte coletivo podem adaptar hor\u00e1rios e rotas. Em casa, fam\u00edlias se preparam para poss\u00edveis quedas de energia, protegem equipamentos eletr\u00f4nicos, verificam infiltra\u00e7\u00f5es e refor\u00e7am cuidados com crian\u00e7as e idosos sens\u00edveis \u00e0 umidade e \u00e0 varia\u00e7\u00e3o de temperatura.<\/p>\n\n\n\n<h2 class=\"wp-block-heading\">Cuidados essenciais em casa e no tr\u00e2nsito com chuva intensa<\/h2>\n\n\n\n<p>Com chuva acima da m\u00e9dia, preven\u00e7\u00e3o em casa e no tr\u00e2nsito \u00e9 fundamental. Em \u00e1reas sujeitas a alagamento, \u00e9 importante cuidar do escoamento de \u00e1gua, limpar calhas e ralos e checar telhados e drenagem.<\/p>\n\n\n\n<p>No tr\u00e2nsito, alguns cuidados ajudam a evitar acidentes e panes, sobretudo em vias com hist\u00f3rico de alagamento:<\/p>\n\n\n\n<ul class=\"wp-block-list\">\n<li>Reduzir a velocidade e aumentar a dist\u00e2ncia do ve\u00edculo \u00e0 frente.<\/li>\n\n\n\n<li>Manter os far\u00f3is acesos mesmo de dia.<\/li>\n\n\n\n<li>N\u00e3o atravessar \u00e1reas alagadas sem saber a profundidade.<\/li>\n\n\n\n<li>Revisar pneus, freios e limpadores de para-brisa.<\/li>\n\n\n\n<li>Planejar rotas alternativas com menor risco de alagamento.<\/li>\n<\/ul>\n\n\n\n<h2 class=\"wp-block-heading\">Riscos dentro de casa com chuvas acima da m\u00e9dia<\/h2>\n\n\n\n<p>Com umidade alta, cresce o risco de mofo e fungos em paredes, m\u00f3veis e colch\u00f5es, afetando principalmente quem tem problemas respirat\u00f3rios. Quedas de energia mais frequentes podem prejudicar a conserva\u00e7\u00e3o de alimentos em geladeiras e freezers.<\/p>\n\n\n\n<p>Entre as medidas de preven\u00e7\u00e3o est\u00e3o proteger eletrodom\u00e9sticos de infiltra\u00e7\u00f5es, revisar a parte el\u00e9trica e redobrar a aten\u00e7\u00e3o com crian\u00e7as e idosos em ambientes \u00famidos, onde aumentam as chances de quedas e outros acidentes dom\u00e9sticos.<\/p>\n\n\n\n<p>Leia mais: <a href=\"https:\/\/www.em.com.br\/emfoco\/2025\/11\/30\/alerta-o-clima-no-sudeste-vai-mudar-de-forma-inesperada-na-proxima-semana\/\" target=\"_blank\" rel=\"noreferrer noopener\">Alerta! O clima no Sudeste vai mudar de forma inesperada na pr\u00f3xima semana<\/a><\/p>\n\n\n\n<h2 class=\"wp-block-heading\">Impactos na sa\u00fade, no lazer e na rotina de idosos e crian\u00e7as<\/h2>\n\n\n\n<p>Chuvas acima da m\u00e9dia exigem aten\u00e7\u00e3o \u00e0 sa\u00fade p\u00fablica. \u00c1gua parada favorece mosquitos transmissores de doen\u00e7as, e ambientes fechados e \u00famidos pioram alergias e problemas respirat\u00f3rios em idosos, crian\u00e7as e pessoas com doen\u00e7as cr\u00f4nicas.<\/p>\n\n\n\n<p>No lazer, praias, parques e clubes ao ar livre podem funcionar de forma reduzida, levando fam\u00edlias a priorizarem locais cobertos. Viagens e festas de fim de ano passam a depender de consultas frequentes \u00e0 previs\u00e3o do tempo, com recomenda\u00e7\u00f5es de manter boa hidrata\u00e7\u00e3o, buscar abrigo seguro durante tempestades e usar roupas adequadas \u00e0s mudan\u00e7as r\u00e1pidas de temperatura.<\/p>\n\n\n\n<h2 class=\"wp-block-heading\">Principais preocupa\u00e7\u00f5es com menos chuva na regi\u00e3o Sul<\/h2>\n\n\n<div class=\"wp-block-image\">\n<figure class=\"aligncenter size-large\"><img loading=\"lazy\" decoding=\"async\" width=\"1024\" height=\"576\" src=\"https:\/\/www.em.com.br\/emfoco\/wp-content\/uploads\/2025\/08\/agronegocio_1754978496757-1024x576.jpg\" alt=\"Clima de novembro pressiona a agricultura e pode afetar o pre\u00e7o dos alimentos\" class=\"wp-image-90631\" srcset=\"https:\/\/www.em.com.br\/emfoco\/wp-content\/uploads\/2025\/08\/agronegocio_1754978496757-1024x576.jpg 1024w, https:\/\/www.em.com.br\/emfoco\/wp-content\/uploads\/2025\/08\/agronegocio_1754978496757-300x169.jpg 300w, https:\/\/www.em.com.br\/emfoco\/wp-content\/uploads\/2025\/08\/agronegocio_1754978496757-768x432.jpg 768w, https:\/\/www.em.com.br\/emfoco\/wp-content\/uploads\/2025\/08\/agronegocio_1754978496757-750x422.jpg 750w, https:\/\/www.em.com.br\/emfoco\/wp-content\/uploads\/2025\/08\/agronegocio_1754978496757-1140x641.jpg 1140w, https:\/\/www.em.com.br\/emfoco\/wp-content\/uploads\/2025\/08\/agronegocio_1754978496757.jpg 1280w\" sizes=\"auto, (max-width: 1024px) 100vw, 1024px\" \/><figcaption class=\"wp-element-caption\">Impactos do clima inst\u00e1vel em servi\u00e7os essenciais &#8211; Cr\u00e9ditos: depositphotos.com \/ budabar<\/figcaption><\/figure><\/div>\n\n\n<p>Em parte da regi\u00e3o Sul, a chuva pode ficar abaixo da m\u00e9dia, elevando o risco de estiagem, queda no n\u00edvel de reservat\u00f3rios, preju\u00edzos \u00e0 irriga\u00e7\u00e3o e maior probabilidade de queimadas em vegeta\u00e7\u00e3o seca. Isso exige economia de \u00e1gua e planejamento no campo.<\/p>\n\n\n\n<p>Nesse contexto, a popula\u00e7\u00e3o precisa usar a \u00e1gua de forma consciente e se proteger em dias de baixa umidade. Evitar desperd\u00edcios, escolher hor\u00e1rios mais frescos para atividades f\u00edsicas e refor\u00e7ar a hidrata\u00e7\u00e3o, especialmente de grupos vulner\u00e1veis, ajuda a reduzir o impacto da falta de chuva.<\/p>\n\n\n\n<p>Leia mais: <a href=\"https:\/\/www.em.com.br\/emfoco\/2025\/12\/01\/o-destino-mais-charmoso-da-serra-brasileira-encanta-turistas-com-clima-europeu\/\" target=\"_blank\" rel=\"noreferrer noopener\">O destino mais charmoso da serra brasileira encanta turistas com clima europeu<\/a><\/p>\n\n\n\n<h2 class=\"wp-block-heading\">Import\u00e2ncia de acompanhar alertas oficiais sobre o clima<\/h2>\n\n\n\n<p>Com chuvas acima da m\u00e9dia em grande parte do pa\u00eds e volumes abaixo do normal em parte do Sul, \u00e9 essencial acompanhar informa\u00e7\u00f5es oficiais. Boletins do <strong><a href=\"https:\/\/portal.inmet.gov.br\/\" target=\"_blank\" rel=\"noreferrer noopener\">INMET<\/a><\/strong>, alertas da <strong>Defesa Civil<\/strong> e avisos de prefeituras e concession\u00e1rias de energia ajudam a antecipar riscos e organizar deslocamentos, viagens e atividades.<\/p>\n\n\n\n<p>Ao considerar a previs\u00e3o clim\u00e1tica no planejamento di\u00e1rio, fam\u00edlias, empresas e governos reduzem danos materiais e preservam vidas, algo ainda mais importante em dezembro, m\u00eas de festas, viagens e maior demanda por transporte, energia e servi\u00e7os urbanos.<\/p>\n","protected":false},"excerpt":{"rendered":"<p>O m\u00eas de dezembro de 2025 deve ter clima mais inst\u00e1vel em boa parte do Brasil, segundo o INMET. Norte, Centro-Oeste, Nordeste e Sudeste tendem a registrar chuvas acima da m\u00e9dia, enquanto parte da regi\u00e3o Sul pode ter menos chuva que o normal. Esse cen\u00e1rio afeta tr\u00e2nsito, transporte, energia, sa\u00fade, rotina dom\u00e9stica, idosos, crian\u00e7as, agricultura, [&hellip;]<\/p>\n","protected":false},"author":20,"featured_media":134464,"comment_status":"open","ping_status":"open","sticky":false,"template":"","format":"standard","meta":{"jnews-multi-image_gallery":[],"jnews_single_post":{"format":"standard"},"jnews_primary_category":[],"jnews_social_meta":[],"jnews_override_counter":[],"footnotes":""},"categories":[28,1],"tags":[152,492,251],"class_list":["post-134453","post","type-post","status-publish","format-standard","has-post-thumbnail","hentry","category-economia","category-noticias","tag-clima","tag-inmet","tag-previsao-do-tempo"],"yoast_head":"<!-- This site is optimized with the Yoast SEO plugin v23.8 - https:\/\/yoast.com\/wordpress\/plugins\/seo\/ -->\n<title>INMET prev\u00ea dezembro com clima inst\u00e1vel; veja como isso impacta transporte, energia e sa\u00fade - Estado de Minas - Em foco<\/title>\n<meta name=\"description\" content=\"INMET prev\u00ea dezembro inst\u00e1vel e mostra impactos no transporte, na energia e na sa\u00fade, ajudando voc\u00ea a se preparar para condi\u00e7\u00f5es adversas.\" \/>\n<meta name=\"robots\" content=\"index, follow, max-snippet:-1, max-image-preview:large, max-video-preview:-1\" \/>\n<link rel=\"canonical\" href=\"https:\/\/www.em.com.br\/emfoco\/2025\/12\/03\/inmet-preve-dezembro-com-clima-instavel-veja-como-isso-impacta-transporte-energia-e-saude\/\" \/>\n<meta property=\"og:locale\" content=\"pt_BR\" \/>\n<meta property=\"og:type\" content=\"article\" \/>\n<meta property=\"og:title\" content=\"INMET prev\u00ea dezembro com clima inst\u00e1vel; veja como isso impacta transporte, energia e sa\u00fade - Estado de Minas - Em foco\" \/>\n<meta property=\"og:description\" content=\"INMET prev\u00ea dezembro inst\u00e1vel e mostra impactos no transporte, na energia e na sa\u00fade, ajudando voc\u00ea a se preparar para condi\u00e7\u00f5es adversas.\" \/>\n<meta property=\"og:url\" content=\"https:\/\/www.em.com.br\/emfoco\/2025\/12\/03\/inmet-preve-dezembro-com-clima-instavel-veja-como-isso-impacta-transporte-energia-e-saude\/\" \/>\n<meta property=\"og:site_name\" content=\"Estado de Minas - Em foco\" \/>\n<meta property=\"article:published_time\" content=\"2025-12-03T12:35:00+00:00\" \/>\n<meta property=\"article:modified_time\" content=\"2025-12-03T00:52:27+00:00\" \/>\n<meta property=\"og:image\" content=\"https:\/\/www.em.com.br\/emfoco\/wp-content\/uploads\/2025\/12\/imagem_2025-11-23_021814889-e1764679589327.png\" \/>\n\t<meta property=\"og:image:width\" content=\"1280\" \/>\n\t<meta property=\"og:image:height\" content=\"720\" \/>\n\t<meta property=\"og:image:type\" content=\"image\/png\" \/>\n<meta name=\"author\" content=\"Ingrid Diniz\" \/>\n<meta name=\"twitter:card\" content=\"summary_large_image\" \/>\n<meta name=\"twitter:label1\" content=\"Escrito por\" \/>\n\t<meta name=\"twitter:data1\" content=\"Ingrid Diniz\" \/>\n\t<meta name=\"twitter:label2\" content=\"Est. tempo de leitura\" \/>\n\t<meta name=\"twitter:data2\" content=\"5 minutos\" \/>\n<!-- \/ Yoast SEO plugin. -->","yoast_head_json":{"title":"INMET prev\u00ea dezembro com clima inst\u00e1vel; veja como isso impacta transporte, energia e sa\u00fade - Estado de Minas - Em foco","description":"INMET prev\u00ea dezembro inst\u00e1vel e mostra impactos no transporte, na energia e na sa\u00fade, ajudando voc\u00ea a se preparar para condi\u00e7\u00f5es adversas.","robots":{"index":"index","follow":"follow","max-snippet":"max-snippet:-1","max-image-preview":"max-image-preview:large","max-video-preview":"max-video-preview:-1"},"canonical":"https:\/\/www.em.com.br\/emfoco\/2025\/12\/03\/inmet-preve-dezembro-com-clima-instavel-veja-como-isso-impacta-transporte-energia-e-saude\/","og_locale":"pt_BR","og_type":"article","og_title":"INMET prev\u00ea dezembro com clima inst\u00e1vel; veja como isso impacta transporte, energia e sa\u00fade - Estado de Minas - Em foco","og_description":"INMET prev\u00ea dezembro inst\u00e1vel e mostra impactos no transporte, na energia e na sa\u00fade, ajudando voc\u00ea a se preparar para condi\u00e7\u00f5es adversas.","og_url":"https:\/\/www.em.com.br\/emfoco\/2025\/12\/03\/inmet-preve-dezembro-com-clima-instavel-veja-como-isso-impacta-transporte-energia-e-saude\/","og_site_name":"Estado de Minas - Em foco","article_published_time":"2025-12-03T12:35:00+00:00","article_modified_time":"2025-12-03T00:52:27+00:00","og_image":[{"width":1280,"height":720,"url":"https:\/\/www.em.com.br\/emfoco\/wp-content\/uploads\/2025\/12\/imagem_2025-11-23_021814889-e1764679589327.png","type":"image\/png"}],"author":"Ingrid Diniz","twitter_card":"summary_large_image","twitter_misc":{"Escrito por":"Ingrid Diniz","Est. tempo de leitura":"5 minutos"},"schema":{"@context":"https:\/\/schema.org","@graph":[{"@type":"WebPage","@id":"https:\/\/www.em.com.br\/emfoco\/2025\/12\/03\/inmet-preve-dezembro-com-clima-instavel-veja-como-isso-impacta-transporte-energia-e-saude\/","url":"https:\/\/www.em.com.br\/emfoco\/2025\/12\/03\/inmet-preve-dezembro-com-clima-instavel-veja-como-isso-impacta-transporte-energia-e-saude\/","name":"INMET prev\u00ea dezembro com clima inst\u00e1vel; veja como isso impacta transporte, energia e sa\u00fade - Estado de Minas - Em foco","isPartOf":{"@id":"https:\/\/www.em.com.br\/emfoco\/#website"},"primaryImageOfPage":{"@id":"https:\/\/www.em.com.br\/emfoco\/2025\/12\/03\/inmet-preve-dezembro-com-clima-instavel-veja-como-isso-impacta-transporte-energia-e-saude\/#primaryimage"},"image":{"@id":"https:\/\/www.em.com.br\/emfoco\/2025\/12\/03\/inmet-preve-dezembro-com-clima-instavel-veja-como-isso-impacta-transporte-energia-e-saude\/#primaryimage"},"thumbnailUrl":"https:\/\/www.em.com.br\/emfoco\/wp-content\/uploads\/2025\/12\/imagem_2025-11-23_021814889-e1764679589327.png","datePublished":"2025-12-03T12:35:00+00:00","dateModified":"2025-12-03T00:52:27+00:00","author":{"@id":"https:\/\/www.em.com.br\/emfoco\/#\/schema\/person\/649e610b4eb8fff87ff394e54fe17b2b"},"description":"INMET prev\u00ea dezembro inst\u00e1vel e mostra impactos no transporte, na energia e na sa\u00fade, ajudando voc\u00ea a se preparar para condi\u00e7\u00f5es adversas.","breadcrumb":{"@id":"https:\/\/www.em.com.br\/emfoco\/2025\/12\/03\/inmet-preve-dezembro-com-clima-instavel-veja-como-isso-impacta-transporte-energia-e-saude\/#breadcrumb"},"inLanguage":"pt-BR","potentialAction":[{"@type":"ReadAction","target":["https:\/\/www.em.com.br\/emfoco\/2025\/12\/03\/inmet-preve-dezembro-com-clima-instavel-veja-como-isso-impacta-transporte-energia-e-saude\/"]}]},{"@type":"ImageObject","inLanguage":"pt-BR","@id":"https:\/\/www.em.com.br\/emfoco\/2025\/12\/03\/inmet-preve-dezembro-com-clima-instavel-veja-como-isso-impacta-transporte-energia-e-saude\/#primaryimage","url":"https:\/\/www.em.com.br\/emfoco\/wp-content\/uploads\/2025\/12\/imagem_2025-11-23_021814889-e1764679589327.png","contentUrl":"https:\/\/www.em.com.br\/emfoco\/wp-content\/uploads\/2025\/12\/imagem_2025-11-23_021814889-e1764679589327.png","width":1280,"height":720,"caption":"Temporais no Sudeste e calor forte em outras regi\u00f5es"},{"@type":"BreadcrumbList","@id":"https:\/\/www.em.com.br\/emfoco\/2025\/12\/03\/inmet-preve-dezembro-com-clima-instavel-veja-como-isso-impacta-transporte-energia-e-saude\/#breadcrumb","itemListElement":[{"@type":"ListItem","position":1,"name":"In\u00edcio","item":"https:\/\/www.em.com.br\/emfoco\/"},{"@type":"ListItem","position":2,"name":"INMET prev\u00ea dezembro com clima inst\u00e1vel; veja como isso impacta transporte, energia e sa\u00fade"}]},{"@type":"WebSite","@id":"https:\/\/www.em.com.br\/emfoco\/#website","url":"https:\/\/www.em.com.br\/emfoco\/","name":"Estado de Minas - Em foco","description":"Acompanhe as \u00faltimas not\u00edcias e fique bem informado sobre tudo o que acontece em Minas Gerais, Brasil e no mundo.","potentialAction":[{"@type":"SearchAction","target":{"@type":"EntryPoint","urlTemplate":"https:\/\/www.em.com.br\/emfoco\/?s={search_term_string}"},"query-input":{"@type":"PropertyValueSpecification","valueRequired":true,"valueName":"search_term_string"}}],"inLanguage":"pt-BR"},{"@type":"Person","@id":"https:\/\/www.em.com.br\/emfoco\/#\/schema\/person\/649e610b4eb8fff87ff394e54fe17b2b","name":"Ingrid Diniz","image":{"@type":"ImageObject","inLanguage":"pt-BR","@id":"https:\/\/www.em.com.br\/emfoco\/#\/schema\/person\/image\/","url":"https:\/\/secure.gravatar.com\/avatar\/a3baa1449ec5c39b4c42babc9d4f3951?s=96&d=mm&r=g","contentUrl":"https:\/\/secure.gravatar.com\/avatar\/a3baa1449ec5c39b4c42babc9d4f3951?s=96&d=mm&r=g","caption":"Ingrid Diniz"},"sameAs":["https:\/\/www.em.com.br\/"],"url":"https:\/\/www.em.com.br\/emfoco\/author\/ingridmyth\/"}]}},"_links":{"self":[{"href":"https:\/\/www.em.com.br\/emfoco\/wp-json\/wp\/v2\/posts\/134453","targetHints":{"allow":["GET"]}}],"collection":[{"href":"https:\/\/www.em.com.br\/emfoco\/wp-json\/wp\/v2\/posts"}],"about":[{"href":"https:\/\/www.em.com.br\/emfoco\/wp-json\/wp\/v2\/types\/post"}],"author":[{"embeddable":true,"href":"https:\/\/www.em.com.br\/emfoco\/wp-json\/wp\/v2\/users\/20"}],"replies":[{"embeddable":true,"href":"https:\/\/www.em.com.br\/emfoco\/wp-json\/wp\/v2\/comments?post=134453"}],"version-history":[{"count":2,"href":"https:\/\/www.em.com.br\/emfoco\/wp-json\/wp\/v2\/posts\/134453\/revisions"}],"predecessor-version":[{"id":134912,"href":"https:\/\/www.em.com.br\/emfoco\/wp-json\/wp\/v2\/posts\/134453\/revisions\/134912"}],"wp:featuredmedia":[{"embeddable":true,"href":"https:\/\/www.em.com.br\/emfoco\/wp-json\/wp\/v2\/media\/134464"}],"wp:attachment":[{"href":"https:\/\/www.em.com.br\/emfoco\/wp-json\/wp\/v2\/media?parent=134453"}],"wp:term":[{"taxonomy":"category","embeddable":true,"href":"https:\/\/www.em.com.br\/emfoco\/wp-json\/wp\/v2\/categories?post=134453"},{"taxonomy":"post_tag","embeddable":true,"href":"https:\/\/www.em.com.br\/emfoco\/wp-json\/wp\/v2\/tags?post=134453"}],"curies":[{"name":"wp","href":"https:\/\/api.w.org\/{rel}","templated":true}]}}