{"id":134429,"date":"2025-12-02T10:10:00","date_gmt":"2025-12-02T13:10:00","guid":{"rendered":"https:\/\/www.em.com.br\/emfoco\/?p=134429"},"modified":"2025-12-02T08:29:14","modified_gmt":"2025-12-02T11:29:14","slug":"voce-esta-estragando-seu-brocolis-e-nem-sabe","status":"publish","type":"post","link":"https:\/\/www.em.com.br\/emfoco\/2025\/12\/02\/voce-esta-estragando-seu-brocolis-e-nem-sabe\/","title":{"rendered":"Voc\u00ea est\u00e1 estragando seu br\u00f3colis e nem sabe"},"content":{"rendered":"\n<p>Lavar o <strong>br\u00f3colis <\/strong>de maneira adequada \u00e9 uma etapa importante para garantir seguran\u00e7a alimentar e qualidade nas refei\u00e7\u00f5es do dia a dia, pois por ser uma hortali\u00e7a com muitos \u201craminhos\u201d e pequenas cavidades, costuma acumular terra, insetos e outros res\u00edduos que n\u00e3o s\u00e3o vis\u00edveis \u00e0 primeira vista, e um processo de higieniza\u00e7\u00e3o bem-feito contribui para reduzir o risco de contamina\u00e7\u00f5es, preservar nutrientes e manter o alimento em boas condi\u00e7\u00f5es para consumo.Como lavar o <a href=\"https:\/\/www.em.com.br\/emfoco\/2025\/11\/17\/voce-esta-lavando-brocolis-errado-a-vida-inteira-e-nem-sabia-saiba-a-forma-correta\/\" target=\"_blank\" rel=\"noreferrer noopener\">br\u00f3colis <\/a>corretamente para eliminar sujeira e insetos<\/p>\n\n\n\n<p>A limpeza do <strong>br\u00f3colis <\/strong>come\u00e7a na escolha do ma\u00e7o, dando prefer\u00eancia a unidades com cor verde intensa, sem manchas escuras ou odor forte. Em casa, o primeiro passo \u00e9 cortar o talo principal e separar o br\u00f3colis em buqu\u00eas menores, o que facilita o acesso da \u00e1gua a todas as partes, antes de coloc\u00e1-los em uma tigela grande com \u00e1gua pot\u00e1vel.<\/p>\n\n\n\n<p>Para auxiliar na retirada de <strong>insetos <\/strong>e part\u00edculas de terra, \u00e9 comum deixar o <strong>br\u00f3colis <\/strong>de molho em <strong>\u00e1gua <\/strong>com <strong>hipoclorito <\/strong>pr\u00f3prio para alimentos, vinagre branco ou suco de lim\u00e3o, respeitando sempre o tempo indicado para cada produto. Depois do repouso, \u00e9 essencial descartar a \u00e1gua de imers\u00e3o, enxaguar bem em \u00e1gua corrente e, se poss\u00edvel, secar com pano limpo ou papel-toalha, especialmente quando o br\u00f3colis ser\u00e1 usado em saladas.<\/p>\n\n\n\n<figure class=\"wp-block-image size-large\"><img loading=\"lazy\" decoding=\"async\" width=\"1024\" height=\"559\" src=\"https:\/\/www.em.com.br\/emfoco\/wp-content\/uploads\/2025\/12\/freepik__candid-i-with-natural-textures-and-highly-realisti__46980-1024x559.jpg\" alt=\"\" class=\"wp-image-134444\" srcset=\"https:\/\/www.em.com.br\/emfoco\/wp-content\/uploads\/2025\/12\/freepik__candid-i-with-natural-textures-and-highly-realisti__46980-1024x559.jpg 1024w, https:\/\/www.em.com.br\/emfoco\/wp-content\/uploads\/2025\/12\/freepik__candid-i-with-natural-textures-and-highly-realisti__46980-300x164.jpg 300w, https:\/\/www.em.com.br\/emfoco\/wp-content\/uploads\/2025\/12\/freepik__candid-i-with-natural-textures-and-highly-realisti__46980-768x419.jpg 768w, https:\/\/www.em.com.br\/emfoco\/wp-content\/uploads\/2025\/12\/freepik__candid-i-with-natural-textures-and-highly-realisti__46980-750x409.jpg 750w, https:\/\/www.em.com.br\/emfoco\/wp-content\/uploads\/2025\/12\/freepik__candid-i-with-natural-textures-and-highly-realisti__46980-1140x622.jpg 1140w, https:\/\/www.em.com.br\/emfoco\/wp-content\/uploads\/2025\/12\/freepik__candid-i-with-natural-textures-and-highly-realisti__46980.jpg 1408w\" sizes=\"auto, (max-width: 1024px) 100vw, 1024px\" \/><figcaption class=\"wp-element-caption\">Esse erro comum com o br\u00f3colis pode estar te afastando de uma alimenta\u00e7\u00e3o saud\u00e1vel<\/figcaption><\/figure>\n\n\n\n<h2 class=\"wp-block-heading\">Como lavar o br\u00f3colis para evitar insetos de forma mais eficiente<\/h2>\n\n\n\n<p>A efici\u00eancia da <strong>higieniza\u00e7\u00e3o <\/strong>do <strong>br\u00f3colis <\/strong>para evitar insetos depende principalmente do tempo de imers\u00e3o, da solu\u00e7\u00e3o utilizada e do tamanho dos buqu\u00eas. Quanto menores forem os peda\u00e7os, maior ser\u00e1 o contato da \u00e1gua com as estruturas internas, favorecendo a retirada de pequenos vermes, larvas ou insetos que possam estar alojados entre as flores.<\/p>\n\n\n\n<p>Um procedimento simples e eficiente, adotado em muitas cozinhas dom\u00e9sticas, segue esta sequ\u00eancia organizada de etapas:<\/p>\n\n\n\n<ol class=\"wp-block-list\">\n<li>Separar o <strong>br\u00f3colis <\/strong>em buqu\u00eas m\u00e9dios ou pequenos.<\/li>\n\n\n\n<li>Lavar rapidamente em \u00e1gua corrente para retirar sujeiras mais grossas.<\/li>\n\n\n\n<li>Colocar os buqu\u00eas em uma bacia com \u00e1gua fria e um agente desinfetante adequado.<\/li>\n\n\n\n<li>Deixar de molho pelo tempo recomendado, sem ultrapassar o per\u00edodo indicado na embalagem em caso de produto clorado.<\/li>\n\n\n\n<li>Mexer levemente os floretes na \u00e1gua para ajudar a soltar res\u00edduos.<\/li>\n\n\n\n<li>Enxaguar bem em \u00e1gua corrente, um buqu\u00ea de cada vez, para garantir a remo\u00e7\u00e3o de qualquer resto de solu\u00e7\u00e3o.<\/li>\n<\/ol>\n\n\n\n<p>No canal <a href=\"https:\/\/www.youtube.com\/@Lacasadamineiracanal\" target=\"_blank\" rel=\"noreferrer noopener\">La Casa da Mineira<\/a> vamos ver um exemplo de como lavar o br\u00f3colis:<\/p>\n\n\n\n<figure class=\"wp-block-embed is-type-video is-provider-youtube wp-block-embed-youtube wp-embed-aspect-16-9 wp-has-aspect-ratio\"><div class=\"wp-block-embed__wrapper\">\n<div class=\"jeg_video_container jeg_video_content\"><iframe loading=\"lazy\" title=\"Como lavar br\u00f3colis do jeito certo - tira toda a sujeira! | La casa da mineira\" width=\"500\" height=\"281\" src=\"https:\/\/www.youtube.com\/embed\/KHyog9jqrps?feature=oembed\" frameborder=\"0\" allow=\"accelerometer; autoplay; clipboard-write; encrypted-media; gyroscope; picture-in-picture; web-share\" referrerpolicy=\"strict-origin-when-cross-origin\" allowfullscreen><\/iframe><\/div>\n<\/div><\/figure>\n\n\n\n<h2 class=\"wp-block-heading\">Escaldar o br\u00f3colis realmente ajuda a preservar cor, textura e nutrientes<\/h2>\n\n\n\n<p>O escaldamento, ou branqueamento, \u00e9 uma t\u00e9cnica usada antes do congelamento ou de alguns tipos de cozimento, na qual o <strong>br\u00f3colis <\/strong>limpo \u00e9 rapidamente submerso em \u00e1gua fervente e depois em \u00e1gua gelada. Essa altern\u00e2ncia de temperaturas ajuda a manter a cor verde, reduzir a a\u00e7\u00e3o de enzimas que degradam o alimento e conservar melhor a textura.<\/p>\n\n\n\n<p>Al\u00e9m do aspecto visual mais vibrante, o escaldamento contribui para preservar <strong>vitaminas <\/strong>e minerais por mais tempo, sobretudo quando o <strong>br\u00f3colis <\/strong>ser\u00e1 congelado. O tempo curto em \u00e1gua fervente tamb\u00e9m impede que a hortali\u00e7a fique mole demais, ajudando a manter uma consist\u00eancia agrad\u00e1vel ap\u00f3s o reaquecimento em refogados, sopas ou prepara\u00e7\u00f5es no vapor.<\/p>\n\n\n\n<h2 class=\"wp-block-heading\">Como congelar o br\u00f3colis depois de lavar e escaldar<\/h2>\n\n\n\n<p>O congelamento adequado \u00e9 \u00fatil para quem deseja ter <strong>br\u00f3colis <\/strong>dispon\u00edvel com praticidade, reduzindo idas frequentes ao mercado. Depois de lavado e, se desejado, escaldado, \u00e9 importante remover o m\u00e1ximo poss\u00edvel de <strong>\u00e1gua <\/strong>dos buqu\u00eas para evitar a forma\u00e7\u00e3o de cristais de gelo grandes, que podem prejudicar a textura ap\u00f3s o descongelamento.<\/p>\n\n\n\n<p>Uma forma pr\u00e1tica \u00e9 organizar os <strong>buqu\u00eas <\/strong>em uma \u00fanica camada sobre uma assadeira, deixando espa\u00e7o entre eles para um pr\u00e9-congelamento r\u00e1pido. Ap\u00f3s algumas horas no freezer, quando estiverem firmes, basta transferir para sacos ou recipientes pr\u00f3prios para congelamento, retirar o m\u00e1ximo de ar, identificar a data e, na hora do uso, levar diretamente ao cozimento sem necessidade de descongelar completamente.<\/p>\n\n\n\n<h2 class=\"wp-block-heading\">Quais s\u00e3o os principais benef\u00edcios nutricionais do br\u00f3colis<\/h2>\n\n\n\n<p>O br\u00f3colis \u00e9 uma hortali\u00e7a rica em <strong>vitaminas<\/strong>, minerais e compostos bioativos, destacando-se pela <strong>vitamina C<\/strong>, pelo \u00e1cido f\u00f3lico e por fibras sol\u00faveis e insol\u00faveis. Esses nutrientes auxiliam na prote\u00e7\u00e3o das c\u00e9lulas, no funcionamento do sistema imunol\u00f3gico, na renova\u00e7\u00e3o celular, no tr\u00e2nsito intestinal e na sensa\u00e7\u00e3o de saciedade, sendo aliados em planos alimentares voltados ao controle de peso.<\/p>\n\n\n\n<p>Al\u00e9m disso, o br\u00f3colis fornece minerais como pot\u00e1ssio, c\u00e1lcio e ferro, al\u00e9m de carotenoides e outros fitoqu\u00edmicos associados a estilos de vida saud\u00e1veis. T\u00e9cnicas de preparo que usam menos \u00e1gua e tempo reduzido de coc\u00e7\u00e3o, como vapor ou salteado r\u00e1pido, tendem a preservar melhor esses nutrientes do que longos per\u00edodos de fervura.<\/p>\n\n\n\n<h2 class=\"wp-block-heading\">Como incluir o br\u00f3colis no dia a dia de forma pr\u00e1tica<\/h2>\n\n\n\n<p>Depois de bem lavado, desinfetado e, se desejado, congelado, o br\u00f3colis pode ser inclu\u00eddo em diversas refei\u00e7\u00f5es de maneira simples e vers\u00e1til. Para facilitar o consumo frequente, \u00e9 interessante planejar por\u00e7\u00f5es j\u00e1 higienizadas e, se poss\u00edvel, pr\u00e9-cozidas levemente, prontas para uso r\u00e1pido ao longo da semana.<\/p>\n\n\n\n<p>Esse planejamento permite variar o uso do br\u00f3colis em prepara\u00e7\u00f5es cotidianas, tornando o consumo mais pr\u00e1tico e frequente, como nas op\u00e7\u00f5es abaixo:<\/p>\n\n\n\n<ul class=\"wp-block-list\">\n<li>Saladas mornas ou frias com br\u00f3colis levemente crocante.<\/li>\n\n\n\n<li>Refogados simples com alho e azeite, servidos como acompanhamento.<\/li>\n\n\n\n<li>Omeletes, tortas salgadas, massas, gratinados e arroz incrementado.<\/li>\n\n\n\n<li>Sopas, cremes e prepara\u00e7\u00f5es no vapor em combina\u00e7\u00f5es com outras hortali\u00e7as.<\/li>\n<\/ul>\n","protected":false},"excerpt":{"rendered":"<p>Lavar o br\u00f3colis de maneira adequada \u00e9 uma etapa importante para garantir seguran\u00e7a alimentar e qualidade nas refei\u00e7\u00f5es do dia a dia, pois por ser uma hortali\u00e7a com muitos \u201craminhos\u201d e pequenas cavidades, costuma acumular terra, insetos e outros res\u00edduos que n\u00e3o s\u00e3o vis\u00edveis \u00e0 primeira vista, e um processo de higieniza\u00e7\u00e3o bem-feito contribui para [&hellip;]<\/p>\n","protected":false},"author":19,"featured_media":134442,"comment_status":"open","ping_status":"open","sticky":false,"template":"","format":"standard","meta":{"jnews-multi-image_gallery":[],"jnews_single_post":{"format":"standard"},"jnews_primary_category":[],"jnews_social_meta":[],"jnews_override_counter":[],"footnotes":""},"categories":[8691],"tags":[4068,16319,16783],"class_list":["post-134429","post","type-post","status-publish","format-standard","has-post-thumbnail","hentry","category-bem-estar","tag-brocolis","tag-como-lavar-brocolis","tag-lavar-brocolis"],"yoast_head":"<!-- This site is optimized with the Yoast SEO plugin v23.8 - https:\/\/yoast.com\/wordpress\/plugins\/seo\/ -->\n<title>Voc\u00ea est\u00e1 estragando seu br\u00f3colis e nem sabe - Estado de Minas - Em foco<\/title>\n<meta name=\"description\" content=\"Voc\u00ea pode estar lavando e congelando o br\u00f3colis do jeito errado sem saber. Aprenda o m\u00e9todo certo e proteja sua sa\u00fade de verdade.\" \/>\n<meta name=\"robots\" content=\"index, follow, max-snippet:-1, max-image-preview:large, max-video-preview:-1\" \/>\n<link rel=\"canonical\" href=\"https:\/\/www.em.com.br\/emfoco\/2025\/12\/02\/voce-esta-estragando-seu-brocolis-e-nem-sabe\/\" \/>\n<meta property=\"og:locale\" content=\"pt_BR\" \/>\n<meta property=\"og:type\" content=\"article\" \/>\n<meta property=\"og:title\" content=\"Voc\u00ea est\u00e1 estragando seu br\u00f3colis e nem sabe - Estado de Minas - Em foco\" \/>\n<meta property=\"og:description\" content=\"Voc\u00ea pode estar lavando e congelando o br\u00f3colis do jeito errado sem saber. Aprenda o m\u00e9todo certo e proteja sua sa\u00fade de verdade.\" \/>\n<meta property=\"og:url\" content=\"https:\/\/www.em.com.br\/emfoco\/2025\/12\/02\/voce-esta-estragando-seu-brocolis-e-nem-sabe\/\" \/>\n<meta property=\"og:site_name\" content=\"Estado de Minas - Em foco\" \/>\n<meta property=\"article:published_time\" content=\"2025-12-02T13:10:00+00:00\" \/>\n<meta property=\"article:modified_time\" content=\"2025-12-02T11:29:14+00:00\" \/>\n<meta property=\"og:image\" content=\"https:\/\/www.em.com.br\/emfoco\/wp-content\/uploads\/2025\/12\/freepik__candid-i-with-natural-textures-and-highly-realisti__46981.jpg\" \/>\n\t<meta property=\"og:image:width\" content=\"1280\" \/>\n\t<meta property=\"og:image:height\" content=\"731\" \/>\n\t<meta property=\"og:image:type\" content=\"image\/jpeg\" \/>\n<meta name=\"author\" content=\"Vanessa Tavares\" \/>\n<meta name=\"twitter:card\" content=\"summary_large_image\" \/>\n<meta name=\"twitter:label1\" content=\"Escrito por\" \/>\n\t<meta name=\"twitter:data1\" content=\"Vanessa Tavares\" \/>\n\t<meta name=\"twitter:label2\" content=\"Est. tempo de leitura\" \/>\n\t<meta name=\"twitter:data2\" content=\"6 minutos\" \/>\n<!-- \/ Yoast SEO plugin. -->","yoast_head_json":{"title":"Voc\u00ea est\u00e1 estragando seu br\u00f3colis e nem sabe - Estado de Minas - Em foco","description":"Voc\u00ea pode estar lavando e congelando o br\u00f3colis do jeito errado sem saber. Aprenda o m\u00e9todo certo e proteja sua sa\u00fade de verdade.","robots":{"index":"index","follow":"follow","max-snippet":"max-snippet:-1","max-image-preview":"max-image-preview:large","max-video-preview":"max-video-preview:-1"},"canonical":"https:\/\/www.em.com.br\/emfoco\/2025\/12\/02\/voce-esta-estragando-seu-brocolis-e-nem-sabe\/","og_locale":"pt_BR","og_type":"article","og_title":"Voc\u00ea est\u00e1 estragando seu br\u00f3colis e nem sabe - Estado de Minas - Em foco","og_description":"Voc\u00ea pode estar lavando e congelando o br\u00f3colis do jeito errado sem saber. Aprenda o m\u00e9todo certo e proteja sua sa\u00fade de verdade.","og_url":"https:\/\/www.em.com.br\/emfoco\/2025\/12\/02\/voce-esta-estragando-seu-brocolis-e-nem-sabe\/","og_site_name":"Estado de Minas - Em foco","article_published_time":"2025-12-02T13:10:00+00:00","article_modified_time":"2025-12-02T11:29:14+00:00","og_image":[{"width":1280,"height":731,"url":"https:\/\/www.em.com.br\/emfoco\/wp-content\/uploads\/2025\/12\/freepik__candid-i-with-natural-textures-and-highly-realisti__46981.jpg","type":"image\/jpeg"}],"author":"Vanessa Tavares","twitter_card":"summary_large_image","twitter_misc":{"Escrito por":"Vanessa Tavares","Est. tempo de leitura":"6 minutos"},"schema":{"@context":"https:\/\/schema.org","@graph":[{"@type":"WebPage","@id":"https:\/\/www.em.com.br\/emfoco\/2025\/12\/02\/voce-esta-estragando-seu-brocolis-e-nem-sabe\/","url":"https:\/\/www.em.com.br\/emfoco\/2025\/12\/02\/voce-esta-estragando-seu-brocolis-e-nem-sabe\/","name":"Voc\u00ea est\u00e1 estragando seu br\u00f3colis e nem sabe - Estado de Minas - Em foco","isPartOf":{"@id":"https:\/\/www.em.com.br\/emfoco\/#website"},"primaryImageOfPage":{"@id":"https:\/\/www.em.com.br\/emfoco\/2025\/12\/02\/voce-esta-estragando-seu-brocolis-e-nem-sabe\/#primaryimage"},"image":{"@id":"https:\/\/www.em.com.br\/emfoco\/2025\/12\/02\/voce-esta-estragando-seu-brocolis-e-nem-sabe\/#primaryimage"},"thumbnailUrl":"https:\/\/www.em.com.br\/emfoco\/wp-content\/uploads\/2025\/12\/freepik__candid-i-with-natural-textures-and-highly-realisti__46981.jpg","datePublished":"2025-12-02T13:10:00+00:00","dateModified":"2025-12-02T11:29:14+00:00","author":{"@id":"https:\/\/www.em.com.br\/emfoco\/#\/schema\/person\/4a7a157aac450b98edc86f15a7434f0b"},"description":"Voc\u00ea pode estar lavando e congelando o br\u00f3colis do jeito errado sem saber. Aprenda o m\u00e9todo certo e proteja sua sa\u00fade de verdade.","breadcrumb":{"@id":"https:\/\/www.em.com.br\/emfoco\/2025\/12\/02\/voce-esta-estragando-seu-brocolis-e-nem-sabe\/#breadcrumb"},"inLanguage":"pt-BR","potentialAction":[{"@type":"ReadAction","target":["https:\/\/www.em.com.br\/emfoco\/2025\/12\/02\/voce-esta-estragando-seu-brocolis-e-nem-sabe\/"]}]},{"@type":"ImageObject","inLanguage":"pt-BR","@id":"https:\/\/www.em.com.br\/emfoco\/2025\/12\/02\/voce-esta-estragando-seu-brocolis-e-nem-sabe\/#primaryimage","url":"https:\/\/www.em.com.br\/emfoco\/wp-content\/uploads\/2025\/12\/freepik__candid-i-with-natural-textures-and-highly-realisti__46981.jpg","contentUrl":"https:\/\/www.em.com.br\/emfoco\/wp-content\/uploads\/2025\/12\/freepik__candid-i-with-natural-textures-and-highly-realisti__46981.jpg","width":1280,"height":731,"caption":"Muita gente estraga o br\u00f3colis sem perceber e isso pode afetar at\u00e9 a sa\u00fade"},{"@type":"BreadcrumbList","@id":"https:\/\/www.em.com.br\/emfoco\/2025\/12\/02\/voce-esta-estragando-seu-brocolis-e-nem-sabe\/#breadcrumb","itemListElement":[{"@type":"ListItem","position":1,"name":"In\u00edcio","item":"https:\/\/www.em.com.br\/emfoco\/"},{"@type":"ListItem","position":2,"name":"Voc\u00ea est\u00e1 estragando seu br\u00f3colis e nem sabe"}]},{"@type":"WebSite","@id":"https:\/\/www.em.com.br\/emfoco\/#website","url":"https:\/\/www.em.com.br\/emfoco\/","name":"Estado de Minas - Em foco","description":"Acompanhe as \u00faltimas not\u00edcias e fique bem informado sobre tudo o que acontece em Minas Gerais, Brasil e no mundo.","potentialAction":[{"@type":"SearchAction","target":{"@type":"EntryPoint","urlTemplate":"https:\/\/www.em.com.br\/emfoco\/?s={search_term_string}"},"query-input":{"@type":"PropertyValueSpecification","valueRequired":true,"valueName":"search_term_string"}}],"inLanguage":"pt-BR"},{"@type":"Person","@id":"https:\/\/www.em.com.br\/emfoco\/#\/schema\/person\/4a7a157aac450b98edc86f15a7434f0b","name":"Vanessa Tavares","image":{"@type":"ImageObject","inLanguage":"pt-BR","@id":"https:\/\/www.em.com.br\/emfoco\/#\/schema\/person\/image\/","url":"https:\/\/secure.gravatar.com\/avatar\/088c9372da58da00f00f8e508f13d635?s=96&d=mm&r=g","contentUrl":"https:\/\/secure.gravatar.com\/avatar\/088c9372da58da00f00f8e508f13d635?s=96&d=mm&r=g","caption":"Vanessa Tavares"},"sameAs":["https:\/\/www.em.com.br\/emfoco"],"url":"https:\/\/www.em.com.br\/emfoco\/author\/vanessamyth\/"}]}},"_links":{"self":[{"href":"https:\/\/www.em.com.br\/emfoco\/wp-json\/wp\/v2\/posts\/134429","targetHints":{"allow":["GET"]}}],"collection":[{"href":"https:\/\/www.em.com.br\/emfoco\/wp-json\/wp\/v2\/posts"}],"about":[{"href":"https:\/\/www.em.com.br\/emfoco\/wp-json\/wp\/v2\/types\/post"}],"author":[{"embeddable":true,"href":"https:\/\/www.em.com.br\/emfoco\/wp-json\/wp\/v2\/users\/19"}],"replies":[{"embeddable":true,"href":"https:\/\/www.em.com.br\/emfoco\/wp-json\/wp\/v2\/comments?post=134429"}],"version-history":[{"count":3,"href":"https:\/\/www.em.com.br\/emfoco\/wp-json\/wp\/v2\/posts\/134429\/revisions"}],"predecessor-version":[{"id":134450,"href":"https:\/\/www.em.com.br\/emfoco\/wp-json\/wp\/v2\/posts\/134429\/revisions\/134450"}],"wp:featuredmedia":[{"embeddable":true,"href":"https:\/\/www.em.com.br\/emfoco\/wp-json\/wp\/v2\/media\/134442"}],"wp:attachment":[{"href":"https:\/\/www.em.com.br\/emfoco\/wp-json\/wp\/v2\/media?parent=134429"}],"wp:term":[{"taxonomy":"category","embeddable":true,"href":"https:\/\/www.em.com.br\/emfoco\/wp-json\/wp\/v2\/categories?post=134429"},{"taxonomy":"post_tag","embeddable":true,"href":"https:\/\/www.em.com.br\/emfoco\/wp-json\/wp\/v2\/tags?post=134429"}],"curies":[{"name":"wp","href":"https:\/\/api.w.org\/{rel}","templated":true}]}}