{"id":13434,"date":"2025-02-04T10:20:00","date_gmt":"2025-02-04T13:20:00","guid":{"rendered":"https:\/\/www.em.com.br\/emfoco\/?p=13434"},"modified":"2025-02-01T10:20:18","modified_gmt":"2025-02-01T13:20:18","slug":"voce-nao-vai-acreditar-nas-maravilhas-deste-pais-que-une-tradicao-e-modernidade","status":"publish","type":"post","link":"https:\/\/www.em.com.br\/emfoco\/2025\/02\/04\/voce-nao-vai-acreditar-nas-maravilhas-deste-pais-que-une-tradicao-e-modernidade\/","title":{"rendered":"Voc\u00ea n\u00e3o vai acreditar nas maravilhas deste pa\u00eds que une tradi\u00e7\u00e3o e modernidade"},"content":{"rendered":"\n<p>A <strong>Tun\u00edsia<\/strong>, situada no norte da <strong>\u00c1frica<\/strong>, \u00e9 um destino fascinante que atrai turistas com sua rica hist\u00f3ria e beleza natural. Este pa\u00eds oferece uma combina\u00e7\u00e3o cativante de antigas civiliza\u00e7\u00f5es, paisagens impressionantes e uma cultura mediterr\u00e2nea vibrante. Conhecida por suas cidades hist\u00f3ricas e pelas vastas extens\u00f5es do deserto do <strong>Saara<\/strong>, a Tun\u00edsia proporciona uma experi\u00eancia inesquec\u00edvel para seus visitantes.<\/p>\n\n\n\n<p>Como ber\u00e7o de civiliza\u00e7\u00f5es antigas, incluindo a ic\u00f4nica <strong>Cartago<\/strong>, a Tun\u00edsia tem sido um centro de influ\u00eancia cultural e comercial ao longo dos s\u00e9culos. Hoje, o pa\u00eds \u00e9 um mosaico de tradi\u00e7\u00f5es que refletem suas diversificadas ra\u00edzes fen\u00edcias, romanas, \u00e1rabes, otomanas e francesas, vis\u00edveis na arquitetura, m\u00fasica e comida tunisiana.<\/p>\n\n\n\n<h2 class=\"wp-block-heading\">Quais s\u00e3o os principais atrativos tur\u00edsticos da Tun\u00edsia?<\/h2>\n\n\n\n<p>A Tun\u00edsia \u00e9 repleta de locais hist\u00f3ricos e naturais que chamam a aten\u00e7\u00e3o de qualquer viajante. A antiga cidade de Cartago \u00e9 um destaque imperd\u00edvel, famosa por suas grandiosas ru\u00ednas, incluindo anfiteatros e termas. Outro destino not\u00e1vel \u00e9 <strong>Sidi Bou Said<\/strong>, uma encantadora vila que oferece vistas deslumbrantes do <strong>Mediterr\u00e2neo <\/strong>com suas caracter\u00edsticas casas brancas e azuis.<\/p>\n\n\n\n<p>A capital, <strong><a href=\"https:\/\/pt.wikipedia.org\/wiki\/Tunes\" target=\"_blank\" rel=\"noreferrer noopener\">T\u00fanis<\/a><\/strong>, conta com a <strong>Medina<\/strong>, um mercado tradicional reconhecido como patrim\u00f4nio mundial pela <strong>UNESCO<\/strong>. No deserto do Saara, regi\u00f5es como <strong>Douz <\/strong>e <strong>Tozeur <\/strong>oferecem experi\u00eancias \u00fanicas como passeios de camelo entre dunas douradas e visitas a o\u00e1sis pitorescos. O <strong>Anfiteatro de El Jem<\/strong>, um dos maiores do mundo, continua a impressionar com sua hist\u00f3ria e arquitetura imponente.<\/p>\n\n\n\n<figure class=\"wp-block-image size-large\"><img loading=\"lazy\" decoding=\"async\" width=\"1024\" height=\"576\" src=\"https:\/\/www.em.com.br\/emfoco\/wp-content\/uploads\/2025\/01\/Sahara_1737734164769-1024x576.jpg\" alt=\"Voc\u00ea n\u00e3o vai acreditar nas maravilhas deste pa\u00eds que une tradi\u00e7\u00e3o e modernidade\" class=\"wp-image-13440\" srcset=\"https:\/\/www.em.com.br\/emfoco\/wp-content\/uploads\/2025\/01\/Sahara_1737734164769-1024x576.jpg 1024w, https:\/\/www.em.com.br\/emfoco\/wp-content\/uploads\/2025\/01\/Sahara_1737734164769-300x169.jpg 300w, https:\/\/www.em.com.br\/emfoco\/wp-content\/uploads\/2025\/01\/Sahara_1737734164769-768x432.jpg 768w, https:\/\/www.em.com.br\/emfoco\/wp-content\/uploads\/2025\/01\/Sahara_1737734164769-750x422.jpg 750w, https:\/\/www.em.com.br\/emfoco\/wp-content\/uploads\/2025\/01\/Sahara_1737734164769-1140x642.jpg 1140w, https:\/\/www.em.com.br\/emfoco\/wp-content\/uploads\/2025\/01\/Sahara_1737734164769.jpg 1279w\" sizes=\"auto, (max-width: 1024px) 100vw, 1024px\" \/><figcaption class=\"wp-element-caption\">Deserto do Saara &#8211; Cr\u00e9ditos: depositphotos.com \/ pulpitis<\/figcaption><\/figure>\n\n\n\n<h2 class=\"wp-block-heading\">Como \u00e9 a culin\u00e1ria tunisiana?<\/h2>\n\n\n\n<p>A <strong><a href=\"https:\/\/www.em.com.br\/emfoco\/2024\/12\/01\/descubra-lavras-novas-cachoeiras-gastronomia-e-encanto-mineiro\/\" target=\"_blank\" rel=\"noreferrer noopener\">gastronomia<\/a><\/strong> na Tun\u00edsia \u00e9 uma explos\u00e3o de sabores e especiarias, ancorada na tradi\u00e7\u00e3o e na criatividade. O cuscuz, prato nacional, \u00e9 geralmente servido com uma variedade de carnes e vegetais. Outra iguaria \u00e9 o brik, um pastel frito recheado com ingredientes como ovo e atum. O tajine tunisiano, que se assemelha a uma torta salgada, \u00e9 uma especialidade \u00fanica do pa\u00eds.<\/p>\n\n\n\n<p>A sopa de gr\u00e3o-de-bico chamada lablabi \u00e9 particularmente popular nos meses mais frios, proporcionando uma refei\u00e7\u00e3o nutritiva e reconfortante. Ingredientes como a harissa, uma pasta de pimenta apimentada, e o azeite de oliva s\u00e3o fundamentais, evidenciando a riqueza e a profundidade dos pratos locais.<\/p>\n\n\n\n<h2 class=\"wp-block-heading\">Por que visitar as praias tunisianas?<\/h2>\n\n\n\n<p>As praias da Tun\u00edsia s\u00e3o verdadeiros ref\u00fagios para quem busca relaxamento e beleza natural. Do Mediterr\u00e2neo, surgem destinos paradis\u00edacos como <strong>Hammamet<\/strong>, conhecida por seus resorts elegantes, <strong>Djerba<\/strong>, uma ilha que destaca suas ra\u00edzes berberes, e <strong>Sousse<\/strong>, famosa por suas \u00e1guas cristalinas e areias brancas.<\/p>\n\n\n\n<p>Al\u00e9m do encanto costeiro, Djerba oferece uma mistura de tranquilidade e tradi\u00e7\u00e3o que cativa todos os visitantes. Suas vilas pitorescas e artesanato local s\u00e3o demonstra\u00e7\u00f5es genu\u00ednas da cultura tunisiana, enriquecendo ainda mais a experi\u00eancia de quem a visita.<\/p>\n\n\n\n<h2 class=\"wp-block-heading\">Como aproveitar ao m\u00e1ximo uma viagem \u00e0 Tun\u00edsia?<\/h2>\n\n\n\n<p>Para desfrutar plenamente de tudo que a Tun\u00edsia tem a oferecer, \u00e9 aconselh\u00e1vel visit\u00e1-la durante a primavera ou o outono, quando as temperaturas s\u00e3o agrad\u00e1veis e adequadas para explorar tanto os locais hist\u00f3ricos quanto as belezas naturais. A moeda local \u00e9 o dinar tunisiano, e trocar dinheiro no pr\u00f3prio pa\u00eds pode oferecer taxas mais vantajosas.<\/p>\n\n\n\n<p>Quanto ao transporte, a Tun\u00edsia tem bons servi\u00e7os de t\u00e1xis e \u00f4nibus, mas para aqueles que desejam explorar regi\u00f5es mais remotas, alugar um carro pode ser uma alternativa conveniente. Com tudo que a Tun\u00edsia apresenta em termos de cultura, hist\u00f3ria e paisagem, o pa\u00eds se revela como uma verdadeira joia do Mediterr\u00e2neo, pronta para ser explorada por aqueles que buscam um destino \u00fanico e enriquecedor.<\/p>\n","protected":false},"excerpt":{"rendered":"<p>A Tun\u00edsia, situada no norte da \u00c1frica, \u00e9 um destino fascinante que atrai turistas com sua rica hist\u00f3ria e beleza natural. Este pa\u00eds oferece uma combina\u00e7\u00e3o cativante de antigas civiliza\u00e7\u00f5es, paisagens impressionantes e uma cultura mediterr\u00e2nea vibrante. Conhecida por suas cidades hist\u00f3ricas e pelas vastas extens\u00f5es do deserto do Saara, a Tun\u00edsia proporciona uma experi\u00eancia [&hellip;]<\/p>\n","protected":false},"author":5,"featured_media":13436,"comment_status":"open","ping_status":"open","sticky":false,"template":"","format":"standard","meta":{"jnews-multi-image_gallery":[],"jnews_single_post":{"format":"standard"},"jnews_primary_category":[],"jnews_social_meta":[],"jnews_override_counter":[],"footnotes":""},"categories":[26,1],"tags":[3919,4135,157],"class_list":["post-13434","post","type-post","status-publish","format-standard","has-post-thumbnail","hentry","category-cidades","category-noticias","tag-africa","tag-tunisia","tag-turismo"],"yoast_head":"<!-- This site is optimized with the Yoast SEO plugin v23.8 - https:\/\/yoast.com\/wordpress\/plugins\/seo\/ -->\n<title>Voc\u00ea n\u00e3o vai acreditar nas maravilhas deste pa\u00eds que une tradi\u00e7\u00e3o e modernidade - Estado de Minas - Em foco<\/title>\n<meta name=\"description\" content=\"Ru\u00ednas antigas, culin\u00e1ria ex\u00f3tica e paisagens deslumbrantes fazem deste lugar uma experi\u00eancia \u00fanica. Voc\u00ea precisa explorar!\" \/>\n<meta name=\"robots\" content=\"index, follow, max-snippet:-1, max-image-preview:large, max-video-preview:-1\" \/>\n<link rel=\"canonical\" href=\"https:\/\/www.em.com.br\/emfoco\/2025\/02\/04\/voce-nao-vai-acreditar-nas-maravilhas-deste-pais-que-une-tradicao-e-modernidade\/\" \/>\n<meta property=\"og:locale\" content=\"pt_BR\" \/>\n<meta property=\"og:type\" content=\"article\" \/>\n<meta property=\"og:title\" content=\"Voc\u00ea n\u00e3o vai acreditar nas maravilhas deste pa\u00eds que une tradi\u00e7\u00e3o e modernidade - Estado de Minas - Em foco\" \/>\n<meta property=\"og:description\" content=\"Ru\u00ednas antigas, culin\u00e1ria ex\u00f3tica e paisagens deslumbrantes fazem deste lugar uma experi\u00eancia \u00fanica. Voc\u00ea precisa explorar!\" \/>\n<meta property=\"og:url\" content=\"https:\/\/www.em.com.br\/emfoco\/2025\/02\/04\/voce-nao-vai-acreditar-nas-maravilhas-deste-pais-que-une-tradicao-e-modernidade\/\" \/>\n<meta property=\"og:site_name\" content=\"Estado de Minas - Em foco\" \/>\n<meta property=\"article:published_time\" content=\"2025-02-04T13:20:00+00:00\" \/>\n<meta property=\"article:modified_time\" content=\"2025-02-01T13:20:18+00:00\" \/>\n<meta property=\"og:image\" content=\"https:\/\/www.em.com.br\/emfoco\/wp-content\/uploads\/2025\/01\/Tunisia_1737733993390.jpg\" \/>\n\t<meta property=\"og:image:width\" content=\"1280\" \/>\n\t<meta property=\"og:image:height\" content=\"720\" \/>\n\t<meta property=\"og:image:type\" content=\"image\/jpeg\" \/>\n<meta name=\"author\" content=\"N\u00fabia Rangel\" \/>\n<meta name=\"twitter:card\" content=\"summary_large_image\" \/>\n<meta name=\"twitter:label1\" content=\"Escrito por\" \/>\n\t<meta name=\"twitter:data1\" content=\"N\u00fabia Rangel\" \/>\n\t<meta name=\"twitter:label2\" content=\"Est. tempo de leitura\" \/>\n\t<meta name=\"twitter:data2\" content=\"4 minutos\" \/>\n<!-- \/ Yoast SEO plugin. -->","yoast_head_json":{"title":"Voc\u00ea n\u00e3o vai acreditar nas maravilhas deste pa\u00eds que une tradi\u00e7\u00e3o e modernidade - Estado de Minas - Em foco","description":"Ru\u00ednas antigas, culin\u00e1ria ex\u00f3tica e paisagens deslumbrantes fazem deste lugar uma experi\u00eancia \u00fanica. Voc\u00ea precisa explorar!","robots":{"index":"index","follow":"follow","max-snippet":"max-snippet:-1","max-image-preview":"max-image-preview:large","max-video-preview":"max-video-preview:-1"},"canonical":"https:\/\/www.em.com.br\/emfoco\/2025\/02\/04\/voce-nao-vai-acreditar-nas-maravilhas-deste-pais-que-une-tradicao-e-modernidade\/","og_locale":"pt_BR","og_type":"article","og_title":"Voc\u00ea n\u00e3o vai acreditar nas maravilhas deste pa\u00eds que une tradi\u00e7\u00e3o e modernidade - Estado de Minas - Em foco","og_description":"Ru\u00ednas antigas, culin\u00e1ria ex\u00f3tica e paisagens deslumbrantes fazem deste lugar uma experi\u00eancia \u00fanica. Voc\u00ea precisa explorar!","og_url":"https:\/\/www.em.com.br\/emfoco\/2025\/02\/04\/voce-nao-vai-acreditar-nas-maravilhas-deste-pais-que-une-tradicao-e-modernidade\/","og_site_name":"Estado de Minas - Em foco","article_published_time":"2025-02-04T13:20:00+00:00","article_modified_time":"2025-02-01T13:20:18+00:00","og_image":[{"width":1280,"height":720,"url":"https:\/\/www.em.com.br\/emfoco\/wp-content\/uploads\/2025\/01\/Tunisia_1737733993390.jpg","type":"image\/jpeg"}],"author":"N\u00fabia Rangel","twitter_card":"summary_large_image","twitter_misc":{"Escrito por":"N\u00fabia Rangel","Est. tempo de leitura":"4 minutos"},"schema":{"@context":"https:\/\/schema.org","@graph":[{"@type":"WebPage","@id":"https:\/\/www.em.com.br\/emfoco\/2025\/02\/04\/voce-nao-vai-acreditar-nas-maravilhas-deste-pais-que-une-tradicao-e-modernidade\/","url":"https:\/\/www.em.com.br\/emfoco\/2025\/02\/04\/voce-nao-vai-acreditar-nas-maravilhas-deste-pais-que-une-tradicao-e-modernidade\/","name":"Voc\u00ea n\u00e3o vai acreditar nas maravilhas deste pa\u00eds que une tradi\u00e7\u00e3o e modernidade - Estado de Minas - Em foco","isPartOf":{"@id":"https:\/\/www.em.com.br\/emfoco\/#website"},"primaryImageOfPage":{"@id":"https:\/\/www.em.com.br\/emfoco\/2025\/02\/04\/voce-nao-vai-acreditar-nas-maravilhas-deste-pais-que-une-tradicao-e-modernidade\/#primaryimage"},"image":{"@id":"https:\/\/www.em.com.br\/emfoco\/2025\/02\/04\/voce-nao-vai-acreditar-nas-maravilhas-deste-pais-que-une-tradicao-e-modernidade\/#primaryimage"},"thumbnailUrl":"https:\/\/www.em.com.br\/emfoco\/wp-content\/uploads\/2025\/01\/Tunisia_1737733993390.jpg","datePublished":"2025-02-04T13:20:00+00:00","dateModified":"2025-02-01T13:20:18+00:00","author":{"@id":"https:\/\/www.em.com.br\/emfoco\/#\/schema\/person\/524437ef54f8a5d32591b143307f2e20"},"description":"Ru\u00ednas antigas, culin\u00e1ria ex\u00f3tica e paisagens deslumbrantes fazem deste lugar uma experi\u00eancia \u00fanica. Voc\u00ea precisa explorar!","breadcrumb":{"@id":"https:\/\/www.em.com.br\/emfoco\/2025\/02\/04\/voce-nao-vai-acreditar-nas-maravilhas-deste-pais-que-une-tradicao-e-modernidade\/#breadcrumb"},"inLanguage":"pt-BR","potentialAction":[{"@type":"ReadAction","target":["https:\/\/www.em.com.br\/emfoco\/2025\/02\/04\/voce-nao-vai-acreditar-nas-maravilhas-deste-pais-que-une-tradicao-e-modernidade\/"]}]},{"@type":"ImageObject","inLanguage":"pt-BR","@id":"https:\/\/www.em.com.br\/emfoco\/2025\/02\/04\/voce-nao-vai-acreditar-nas-maravilhas-deste-pais-que-une-tradicao-e-modernidade\/#primaryimage","url":"https:\/\/www.em.com.br\/emfoco\/wp-content\/uploads\/2025\/01\/Tunisia_1737733993390.jpg","contentUrl":"https:\/\/www.em.com.br\/emfoco\/wp-content\/uploads\/2025\/01\/Tunisia_1737733993390.jpg","width":1280,"height":720,"caption":"Tun\u00edsia - Cr\u00e9ditos: depositphotos.com \/ Gelia78"},{"@type":"BreadcrumbList","@id":"https:\/\/www.em.com.br\/emfoco\/2025\/02\/04\/voce-nao-vai-acreditar-nas-maravilhas-deste-pais-que-une-tradicao-e-modernidade\/#breadcrumb","itemListElement":[{"@type":"ListItem","position":1,"name":"In\u00edcio","item":"https:\/\/www.em.com.br\/emfoco\/"},{"@type":"ListItem","position":2,"name":"Voc\u00ea n\u00e3o vai acreditar nas maravilhas deste pa\u00eds que une tradi\u00e7\u00e3o e modernidade"}]},{"@type":"WebSite","@id":"https:\/\/www.em.com.br\/emfoco\/#website","url":"https:\/\/www.em.com.br\/emfoco\/","name":"Estado de Minas - Em foco","description":"Acompanhe as \u00faltimas not\u00edcias e fique bem informado sobre tudo o que acontece em Minas Gerais, Brasil e no mundo.","potentialAction":[{"@type":"SearchAction","target":{"@type":"EntryPoint","urlTemplate":"https:\/\/www.em.com.br\/emfoco\/?s={search_term_string}"},"query-input":{"@type":"PropertyValueSpecification","valueRequired":true,"valueName":"search_term_string"}}],"inLanguage":"pt-BR"},{"@type":"Person","@id":"https:\/\/www.em.com.br\/emfoco\/#\/schema\/person\/524437ef54f8a5d32591b143307f2e20","name":"N\u00fabia Rangel","image":{"@type":"ImageObject","inLanguage":"pt-BR","@id":"https:\/\/www.em.com.br\/emfoco\/#\/schema\/person\/image\/","url":"https:\/\/secure.gravatar.com\/avatar\/47cff2827a5ba23c37e8068c86817ea4?s=96&d=mm&r=g","contentUrl":"https:\/\/secure.gravatar.com\/avatar\/47cff2827a5ba23c37e8068c86817ea4?s=96&d=mm&r=g","caption":"N\u00fabia Rangel"},"sameAs":["https:\/\/www.em.com.br\/emfoco\/"],"url":"https:\/\/www.em.com.br\/emfoco\/author\/nubiamyth\/"}]}},"_links":{"self":[{"href":"https:\/\/www.em.com.br\/emfoco\/wp-json\/wp\/v2\/posts\/13434","targetHints":{"allow":["GET"]}}],"collection":[{"href":"https:\/\/www.em.com.br\/emfoco\/wp-json\/wp\/v2\/posts"}],"about":[{"href":"https:\/\/www.em.com.br\/emfoco\/wp-json\/wp\/v2\/types\/post"}],"author":[{"embeddable":true,"href":"https:\/\/www.em.com.br\/emfoco\/wp-json\/wp\/v2\/users\/5"}],"replies":[{"embeddable":true,"href":"https:\/\/www.em.com.br\/emfoco\/wp-json\/wp\/v2\/comments?post=13434"}],"version-history":[{"count":3,"href":"https:\/\/www.em.com.br\/emfoco\/wp-json\/wp\/v2\/posts\/13434\/revisions"}],"predecessor-version":[{"id":15778,"href":"https:\/\/www.em.com.br\/emfoco\/wp-json\/wp\/v2\/posts\/13434\/revisions\/15778"}],"wp:featuredmedia":[{"embeddable":true,"href":"https:\/\/www.em.com.br\/emfoco\/wp-json\/wp\/v2\/media\/13436"}],"wp:attachment":[{"href":"https:\/\/www.em.com.br\/emfoco\/wp-json\/wp\/v2\/media?parent=13434"}],"wp:term":[{"taxonomy":"category","embeddable":true,"href":"https:\/\/www.em.com.br\/emfoco\/wp-json\/wp\/v2\/categories?post=13434"},{"taxonomy":"post_tag","embeddable":true,"href":"https:\/\/www.em.com.br\/emfoco\/wp-json\/wp\/v2\/tags?post=13434"}],"curies":[{"name":"wp","href":"https:\/\/api.w.org\/{rel}","templated":true}]}}