{"id":134301,"date":"2025-12-03T18:45:09","date_gmt":"2025-12-03T21:45:09","guid":{"rendered":"https:\/\/www.em.com.br\/emfoco\/?p=134301"},"modified":"2025-12-01T19:18:09","modified_gmt":"2025-12-01T22:18:09","slug":"saiba-por-que-seu-travesseiro-fica-amarelado-e-como-evitar-que-isso-aconteca","status":"publish","type":"post","link":"https:\/\/www.em.com.br\/emfoco\/2025\/12\/03\/saiba-por-que-seu-travesseiro-fica-amarelado-e-como-evitar-que-isso-aconteca\/","title":{"rendered":"Saiba por que seu travesseiro fica amarelado e como evitar que isso aconte\u00e7a"},"content":{"rendered":"\n<p>O <strong>amarelamento do travesseiro<\/strong> \u00e9 muito comum e muitas vezes ignorado, mas esse aspecto envelhecido revela ac\u00famulo de suor, oleosidade e micro-organismos que podem afetar a sa\u00fade, criando um alerta importante antes mesmo de conhecer todas as causas e solu\u00e7\u00f5es.<\/p>\n\n\n\n<h2 class=\"wp-block-heading\">O que realmente faz o travesseiro amarelar com o passar do tempo?<\/h2>\n\n\n\n<p>O suor noturno, os <strong>\u00f3leos naturais<\/strong> da pele, restos de maquiagem, cremes e at\u00e9 saliva penetram no enchimento do travesseiro, criando manchas amareladas que se intensificam com o uso cont\u00ednuo ao longo dos meses.<\/p>\n\n\n\n<p>No calor, o corpo transpira mais, aumentando a <strong>umidade interna<\/strong> do travesseiro e facilitando a prolifera\u00e7\u00e3o de \u00e1caros, fungos e bact\u00e9rias, que al\u00e9m de manchar o tecido, podem piorar alergias e irrita\u00e7\u00f5es respirat\u00f3rias.<\/p>\n\n\n\n<figure class=\"wp-block-image size-large\"><img loading=\"lazy\" decoding=\"async\" width=\"1024\" height=\"576\" src=\"https:\/\/www.em.com.br\/emfoco\/wp-content\/uploads\/2025\/12\/Travesseiro-manchado_1764627410771-1024x576.jpg\" alt=\"Saiba por que seu travesseiro fica amarelado e como evitar que isso aconte\u00e7a\" class=\"wp-image-134334\" srcset=\"https:\/\/www.em.com.br\/emfoco\/wp-content\/uploads\/2025\/12\/Travesseiro-manchado_1764627410771-1024x576.jpg 1024w, https:\/\/www.em.com.br\/emfoco\/wp-content\/uploads\/2025\/12\/Travesseiro-manchado_1764627410771-300x169.jpg 300w, https:\/\/www.em.com.br\/emfoco\/wp-content\/uploads\/2025\/12\/Travesseiro-manchado_1764627410771-768x432.jpg 768w, https:\/\/www.em.com.br\/emfoco\/wp-content\/uploads\/2025\/12\/Travesseiro-manchado_1764627410771-750x422.jpg 750w, https:\/\/www.em.com.br\/emfoco\/wp-content\/uploads\/2025\/12\/Travesseiro-manchado_1764627410771-1140x641.jpg 1140w, https:\/\/www.em.com.br\/emfoco\/wp-content\/uploads\/2025\/12\/Travesseiro-manchado_1764627410771.jpg 1280w\" sizes=\"auto, (max-width: 1024px) 100vw, 1024px\" \/><figcaption class=\"wp-element-caption\">Suor e oleosidade penetram no enchimento e causam manchas &#8211; Cr\u00e9ditos: depositphotos.com \/ eyepark<\/figcaption><\/figure>\n\n\n\n<h2 class=\"wp-block-heading\">Quais cuidados simples evitam que o travesseiro fique amarelado?<\/h2>\n\n\n\n<p>Alguns h\u00e1bitos di\u00e1rios ajudam a impedir que suor e oleosidade atinjam o enchimento do <strong>travesseiro<\/strong>, mantendo-o limpo por mais tempo. Entre as medidas mais eficazes est\u00e3o as que voc\u00ea v\u00ea a seguir.<\/p>\n\n\n\n<ul class=\"wp-block-list\">\n<li><strong>Usar capas protetoras imperme\u00e1veis<\/strong>, que bloqueiam a passagem do suor e prolongam a vida \u00fatil do travesseiro.<\/li>\n\n\n\n<li><strong>Trocar a fronha duas a tr\u00eas vezes por semana<\/strong> para reduzir ac\u00famulo de oleosidade, maquiagem e res\u00edduos de cremes.<\/li>\n\n\n\n<li><strong>Evitar dormir com cabelo molhado<\/strong>, j\u00e1 que a umidade constante acelera manchas e favorece fungos internos.<\/li>\n<\/ul>\n\n\n\n<p><em>Leia mais: <strong><a href=\"https:\/\/www.em.com.br\/emfoco\/2025\/11\/29\/como-evitar-gastos-desnecessarios-com-limpeza-usando-solucoes-caseiras\/\" target=\"_blank\" rel=\"noreferrer noopener\">Como evitar gastos desnecess\u00e1rios com limpeza usando solu\u00e7\u00f5es caseiras<\/a><\/strong><\/em><\/p>\n\n\n\n<h2 class=\"wp-block-heading\">Por que esses cuidados s\u00e3o essenciais para manter o travesseiro saud\u00e1vel?<\/h2>\n\n\n\n<p>Com o tempo, manchas escuras, cheiro persistente e <strong>deforma\u00e7\u00f5es<\/strong> indicam que o travesseiro j\u00e1 acumulou micro-organismos suficientes para prejudicar a respira\u00e7\u00e3o e a qualidade do sono, exigindo cuidados imediatos.<\/p>\n\n\n\n<p>Manter o travesseiro limpo reduz a presen\u00e7a de <strong><a href=\"https:\/\/www.tuasaude.com\/acaro\/\" target=\"_blank\" rel=\"noreferrer noopener\">\u00e1caros<\/a><\/strong>, evita crises de rinite e diminui a irrita\u00e7\u00e3o da pele, especialmente em quem tem sensibilidade. Seguir as recomenda\u00e7\u00f5es certas ajuda a prolongar o uso com seguran\u00e7a.<\/p>\n\n\n\n<p>A seguir confira dicas do canal do TikTok <strong>@receitasdavivioficial<\/strong> para remover manchas amareladas de travesseiros: <\/p>\n\n\n\n<blockquote class=\"tiktok-embed\" cite=\"https:\/\/www.tiktok.com\/@receitasdavivioficial\/video\/7189639233303317766\" data-video-id=\"7189639233303317766\" style=\"max-width: 605px;min-width: 325px;\" > <section> <a target=\"_blank\" title=\"@receitasdavivioficial\" href=\"https:\/\/www.tiktok.com\/@receitasdavivioficial?refer=embed\">@receitasdavivioficial<\/a> Seu Travesseiro encardido fica NOVO! Sem Lavar Sem usa Clorofina!<a title=\"aprendanotiktok\" target=\"_blank\" href=\"https:\/\/www.tiktok.com\/tag\/aprendanotiktok?refer=embed\">#aprendanotiktok<\/a> <a title=\"dicasdecasa\" target=\"_blank\" href=\"https:\/\/www.tiktok.com\/tag\/dicasdecasa?refer=embed\">#dicasdecasa<\/a> <a title=\"limpezadacasa\" target=\"_blank\" href=\"https:\/\/www.tiktok.com\/tag\/limpezadacasa?refer=embed\">#limpezadacasa<\/a> <a title=\"clorofilla\" target=\"_blank\" href=\"https:\/\/www.tiktok.com\/tag\/clorofilla?refer=embed\">#clorofilla<\/a> <a target=\"_blank\" title=\"\u266c som original - Receitas da Vivi\" href=\"https:\/\/www.tiktok.com\/music\/som-original-7189639282317855493?refer=embed\">\u266c som original &#8211; Receitas da Vivi<\/a> <\/section> <\/blockquote> <script async src=\"https:\/\/www.tiktok.com\/embed.js\"><\/script>\n\n\n\n<h2 class=\"wp-block-heading\">Quais truques deixam o travesseiro limpo por mais tempo?<\/h2>\n\n\n\n<p>Al\u00e9m dos cuidados b\u00e1sicos, alguns truques dom\u00e9sticos ajudam a controlar o <strong>amarelado<\/strong> e eliminar odores, mantendo o travesseiro mais fresco. Entre as estrat\u00e9gias mais pr\u00e1ticas est\u00e3o as que voc\u00ea v\u00ea a seguir.<\/p>\n\n\n\n<ul class=\"wp-block-list\">\n<li>Usar bicarbonato de s\u00f3dio para neutralizar odores e absorver umidade.<\/li>\n\n\n\n<li>Aplicar vinagre branco na lavagem para ajudar na higieniza\u00e7\u00e3o profunda.<\/li>\n\n\n\n<li>Secar totalmente ao sol para eliminar umidade e impedir prolifera\u00e7\u00e3o de fungos.<\/li>\n<\/ul>\n\n\n\n<p>Um travesseiro limpo n\u00e3o representa apenas conforto, mas sa\u00fade e qualidade de vida. Adotar esses cuidados simples hoje garante noites mais leves, higi\u00eanicas e totalmente livres das manchas que tanto incomodam.<\/p>\n","protected":false},"excerpt":{"rendered":"<p>O amarelamento do travesseiro \u00e9 muito comum e muitas vezes ignorado, mas esse aspecto envelhecido revela ac\u00famulo de suor, oleosidade e micro-organismos que podem afetar a sa\u00fade, criando um alerta importante antes mesmo de conhecer todas as causas e solu\u00e7\u00f5es. O que realmente faz o travesseiro amarelar com o passar do tempo? O suor noturno, [&hellip;]<\/p>\n","protected":false},"author":13,"featured_media":134333,"comment_status":"open","ping_status":"open","sticky":false,"template":"","format":"standard","meta":{"jnews-multi-image_gallery":[],"jnews_single_post":{"format":"standard"},"jnews_primary_category":[],"jnews_social_meta":[],"jnews_override_counter":[],"footnotes":""},"categories":[8819],"tags":[16012,19589,19588],"class_list":["post-134301","post","type-post","status-publish","format-standard","has-post-thumbnail","hentry","category-curiosidades","tag-cuidados-em-casa","tag-travesseiros","tag-travesseiros-amarelos"],"yoast_head":"<!-- This site is optimized with the Yoast SEO plugin v23.8 - https:\/\/yoast.com\/wordpress\/plugins\/seo\/ -->\n<title>Saiba por que seu travesseiro fica amarelado e como evitar que isso aconte\u00e7a - Estado de Minas - Em foco<\/title>\n<meta name=\"description\" content=\"Saiba como o travesseiro amarelo pode estar agravando suas alergias e veja os cuidados simples que evitam esse problema no dia a dia.\" \/>\n<meta name=\"robots\" content=\"index, follow, max-snippet:-1, max-image-preview:large, max-video-preview:-1\" \/>\n<link rel=\"canonical\" href=\"https:\/\/www.em.com.br\/emfoco\/2025\/12\/03\/saiba-por-que-seu-travesseiro-fica-amarelado-e-como-evitar-que-isso-aconteca\/\" \/>\n<meta property=\"og:locale\" content=\"pt_BR\" \/>\n<meta property=\"og:type\" content=\"article\" \/>\n<meta property=\"og:title\" content=\"Saiba por que seu travesseiro fica amarelado e como evitar que isso aconte\u00e7a - Estado de Minas - Em foco\" \/>\n<meta property=\"og:description\" content=\"Saiba como o travesseiro amarelo pode estar agravando suas alergias e veja os cuidados simples que evitam esse problema no dia a dia.\" \/>\n<meta property=\"og:url\" content=\"https:\/\/www.em.com.br\/emfoco\/2025\/12\/03\/saiba-por-que-seu-travesseiro-fica-amarelado-e-como-evitar-que-isso-aconteca\/\" \/>\n<meta property=\"og:site_name\" content=\"Estado de Minas - Em foco\" \/>\n<meta property=\"article:published_time\" content=\"2025-12-03T21:45:09+00:00\" \/>\n<meta property=\"article:modified_time\" content=\"2025-12-01T22:18:09+00:00\" \/>\n<meta property=\"og:image\" content=\"https:\/\/www.em.com.br\/emfoco\/wp-content\/uploads\/2025\/12\/IA-IMG-2-4.jpg\" \/>\n\t<meta property=\"og:image:width\" content=\"1280\" \/>\n\t<meta property=\"og:image:height\" content=\"720\" \/>\n\t<meta property=\"og:image:type\" content=\"image\/jpeg\" \/>\n<meta name=\"author\" content=\"Gabriel Martins\" \/>\n<meta name=\"twitter:card\" content=\"summary_large_image\" \/>\n<meta name=\"twitter:label1\" content=\"Escrito por\" \/>\n\t<meta name=\"twitter:data1\" content=\"Gabriel Martins\" \/>\n\t<meta name=\"twitter:label2\" content=\"Est. tempo de leitura\" \/>\n\t<meta name=\"twitter:data2\" content=\"3 minutos\" \/>\n<!-- \/ Yoast SEO plugin. -->","yoast_head_json":{"title":"Saiba por que seu travesseiro fica amarelado e como evitar que isso aconte\u00e7a - Estado de Minas - Em foco","description":"Saiba como o travesseiro amarelo pode estar agravando suas alergias e veja os cuidados simples que evitam esse problema no dia a dia.","robots":{"index":"index","follow":"follow","max-snippet":"max-snippet:-1","max-image-preview":"max-image-preview:large","max-video-preview":"max-video-preview:-1"},"canonical":"https:\/\/www.em.com.br\/emfoco\/2025\/12\/03\/saiba-por-que-seu-travesseiro-fica-amarelado-e-como-evitar-que-isso-aconteca\/","og_locale":"pt_BR","og_type":"article","og_title":"Saiba por que seu travesseiro fica amarelado e como evitar que isso aconte\u00e7a - Estado de Minas - Em foco","og_description":"Saiba como o travesseiro amarelo pode estar agravando suas alergias e veja os cuidados simples que evitam esse problema no dia a dia.","og_url":"https:\/\/www.em.com.br\/emfoco\/2025\/12\/03\/saiba-por-que-seu-travesseiro-fica-amarelado-e-como-evitar-que-isso-aconteca\/","og_site_name":"Estado de Minas - Em foco","article_published_time":"2025-12-03T21:45:09+00:00","article_modified_time":"2025-12-01T22:18:09+00:00","og_image":[{"width":1280,"height":720,"url":"https:\/\/www.em.com.br\/emfoco\/wp-content\/uploads\/2025\/12\/IA-IMG-2-4.jpg","type":"image\/jpeg"}],"author":"Gabriel Martins","twitter_card":"summary_large_image","twitter_misc":{"Escrito por":"Gabriel Martins","Est. tempo de leitura":"3 minutos"},"schema":{"@context":"https:\/\/schema.org","@graph":[{"@type":"WebPage","@id":"https:\/\/www.em.com.br\/emfoco\/2025\/12\/03\/saiba-por-que-seu-travesseiro-fica-amarelado-e-como-evitar-que-isso-aconteca\/","url":"https:\/\/www.em.com.br\/emfoco\/2025\/12\/03\/saiba-por-que-seu-travesseiro-fica-amarelado-e-como-evitar-que-isso-aconteca\/","name":"Saiba por que seu travesseiro fica amarelado e como evitar que isso aconte\u00e7a - Estado de Minas - Em foco","isPartOf":{"@id":"https:\/\/www.em.com.br\/emfoco\/#website"},"primaryImageOfPage":{"@id":"https:\/\/www.em.com.br\/emfoco\/2025\/12\/03\/saiba-por-que-seu-travesseiro-fica-amarelado-e-como-evitar-que-isso-aconteca\/#primaryimage"},"image":{"@id":"https:\/\/www.em.com.br\/emfoco\/2025\/12\/03\/saiba-por-que-seu-travesseiro-fica-amarelado-e-como-evitar-que-isso-aconteca\/#primaryimage"},"thumbnailUrl":"https:\/\/www.em.com.br\/emfoco\/wp-content\/uploads\/2025\/12\/IA-IMG-2-4.jpg","datePublished":"2025-12-03T21:45:09+00:00","dateModified":"2025-12-01T22:18:09+00:00","author":{"@id":"https:\/\/www.em.com.br\/emfoco\/#\/schema\/person\/1c9ddeab18b98abeffef834667bcf08a"},"description":"Saiba como o travesseiro amarelo pode estar agravando suas alergias e veja os cuidados simples que evitam esse problema no dia a dia.","breadcrumb":{"@id":"https:\/\/www.em.com.br\/emfoco\/2025\/12\/03\/saiba-por-que-seu-travesseiro-fica-amarelado-e-como-evitar-que-isso-aconteca\/#breadcrumb"},"inLanguage":"pt-BR","potentialAction":[{"@type":"ReadAction","target":["https:\/\/www.em.com.br\/emfoco\/2025\/12\/03\/saiba-por-que-seu-travesseiro-fica-amarelado-e-como-evitar-que-isso-aconteca\/"]}]},{"@type":"ImageObject","inLanguage":"pt-BR","@id":"https:\/\/www.em.com.br\/emfoco\/2025\/12\/03\/saiba-por-que-seu-travesseiro-fica-amarelado-e-como-evitar-que-isso-aconteca\/#primaryimage","url":"https:\/\/www.em.com.br\/emfoco\/wp-content\/uploads\/2025\/12\/IA-IMG-2-4.jpg","contentUrl":"https:\/\/www.em.com.br\/emfoco\/wp-content\/uploads\/2025\/12\/IA-IMG-2-4.jpg","width":1280,"height":720,"caption":"O travesseiro amarela por suor, oleosidade e umidade acumulada"},{"@type":"BreadcrumbList","@id":"https:\/\/www.em.com.br\/emfoco\/2025\/12\/03\/saiba-por-que-seu-travesseiro-fica-amarelado-e-como-evitar-que-isso-aconteca\/#breadcrumb","itemListElement":[{"@type":"ListItem","position":1,"name":"In\u00edcio","item":"https:\/\/www.em.com.br\/emfoco\/"},{"@type":"ListItem","position":2,"name":"Saiba por que seu travesseiro fica amarelado e como evitar que isso aconte\u00e7a"}]},{"@type":"WebSite","@id":"https:\/\/www.em.com.br\/emfoco\/#website","url":"https:\/\/www.em.com.br\/emfoco\/","name":"Estado de Minas - Em foco","description":"Acompanhe as \u00faltimas not\u00edcias e fique bem informado sobre tudo o que acontece em Minas Gerais, Brasil e no mundo.","potentialAction":[{"@type":"SearchAction","target":{"@type":"EntryPoint","urlTemplate":"https:\/\/www.em.com.br\/emfoco\/?s={search_term_string}"},"query-input":{"@type":"PropertyValueSpecification","valueRequired":true,"valueName":"search_term_string"}}],"inLanguage":"pt-BR"},{"@type":"Person","@id":"https:\/\/www.em.com.br\/emfoco\/#\/schema\/person\/1c9ddeab18b98abeffef834667bcf08a","name":"Gabriel Martins","image":{"@type":"ImageObject","inLanguage":"pt-BR","@id":"https:\/\/www.em.com.br\/emfoco\/#\/schema\/person\/image\/","url":"https:\/\/secure.gravatar.com\/avatar\/f0f1e2efdfd88f1ad2cb08c5c2731e50?s=96&d=mm&r=g","contentUrl":"https:\/\/secure.gravatar.com\/avatar\/f0f1e2efdfd88f1ad2cb08c5c2731e50?s=96&d=mm&r=g","caption":"Gabriel Martins"},"sameAs":["https:\/\/www.em.com.br\/emfoco\/"],"url":"https:\/\/www.em.com.br\/emfoco\/author\/gabrielmartinsmyth\/"}]}},"_links":{"self":[{"href":"https:\/\/www.em.com.br\/emfoco\/wp-json\/wp\/v2\/posts\/134301","targetHints":{"allow":["GET"]}}],"collection":[{"href":"https:\/\/www.em.com.br\/emfoco\/wp-json\/wp\/v2\/posts"}],"about":[{"href":"https:\/\/www.em.com.br\/emfoco\/wp-json\/wp\/v2\/types\/post"}],"author":[{"embeddable":true,"href":"https:\/\/www.em.com.br\/emfoco\/wp-json\/wp\/v2\/users\/13"}],"replies":[{"embeddable":true,"href":"https:\/\/www.em.com.br\/emfoco\/wp-json\/wp\/v2\/comments?post=134301"}],"version-history":[{"count":1,"href":"https:\/\/www.em.com.br\/emfoco\/wp-json\/wp\/v2\/posts\/134301\/revisions"}],"predecessor-version":[{"id":134335,"href":"https:\/\/www.em.com.br\/emfoco\/wp-json\/wp\/v2\/posts\/134301\/revisions\/134335"}],"wp:featuredmedia":[{"embeddable":true,"href":"https:\/\/www.em.com.br\/emfoco\/wp-json\/wp\/v2\/media\/134333"}],"wp:attachment":[{"href":"https:\/\/www.em.com.br\/emfoco\/wp-json\/wp\/v2\/media?parent=134301"}],"wp:term":[{"taxonomy":"category","embeddable":true,"href":"https:\/\/www.em.com.br\/emfoco\/wp-json\/wp\/v2\/categories?post=134301"},{"taxonomy":"post_tag","embeddable":true,"href":"https:\/\/www.em.com.br\/emfoco\/wp-json\/wp\/v2\/tags?post=134301"}],"curies":[{"name":"wp","href":"https:\/\/api.w.org\/{rel}","templated":true}]}}