{"id":134244,"date":"2025-12-03T06:55:00","date_gmt":"2025-12-03T09:55:00","guid":{"rendered":"https:\/\/www.em.com.br\/emfoco\/?p=134244"},"modified":"2025-12-01T18:13:50","modified_gmt":"2025-12-01T21:13:50","slug":"essas-ervas-resistem-ao-sol-forte-e-transformam-qualquer-canto-quente-em-horta","status":"publish","type":"post","link":"https:\/\/www.em.com.br\/emfoco\/2025\/12\/03\/essas-ervas-resistem-ao-sol-forte-e-transformam-qualquer-canto-quente-em-horta\/","title":{"rendered":"Essas ervas resistem ao sol forte e transformam qualquer canto quente em horta"},"content":{"rendered":"\n<p>Algumas <strong>ervas extremamente resistentes<\/strong> conseguem sobreviver com pouca \u00e1gua e suportar sol forte sem sofrer danos, permanecendo arom\u00e1ticas e produtivas mesmo em regi\u00f5es muito quentes, tornando-se ideais para quem deseja uma horta pr\u00e1tica e funcional.<\/p>\n\n\n\n<h2 class=\"wp-block-heading\">Quais ervas suportam sol forte e continuam produtivas?<\/h2>\n\n\n\n<p>Esp\u00e9cies como <strong>alecrim<\/strong>, <strong>tomilho<\/strong>, <strong>s\u00e1lvia<\/strong>, <strong>or\u00e9gano<\/strong>, <strong>manjerona <\/strong>e<strong> hortel\u00e3-do-campo<\/strong> se destacam por suportarem calor intenso gra\u00e7as \u00e0 sua <strong>origem mediterr\u00e2nea<\/strong>, evoluindo naturalmente em regi\u00f5es secas, pedregosas e com baixa disponibilidade de \u00e1gua.<\/p>\n\n\n\n<p>O alecrim tem ra\u00edzes profundas que armazenam \u00e1gua, o tomilho possui <strong>folhas pequenas<\/strong> que reduzem evapora\u00e7\u00e3o, a s\u00e1lvia apresenta textura aveludada que protege contra o sol e o or\u00e9gano cresce melhor em ambientes secos e quentes.<\/p>\n\n\n\n<figure class=\"wp-block-image size-large\"><img loading=\"lazy\" decoding=\"async\" width=\"1024\" height=\"576\" src=\"https:\/\/www.em.com.br\/emfoco\/wp-content\/uploads\/2025\/12\/alecrim-tomilho-oregano_1764623552741-1024x576.jpg\" alt=\"Essas ervas resistem ao sol forte e transformam qualquer canto quente em horta\" class=\"wp-image-134258\" srcset=\"https:\/\/www.em.com.br\/emfoco\/wp-content\/uploads\/2025\/12\/alecrim-tomilho-oregano_1764623552741-1024x576.jpg 1024w, https:\/\/www.em.com.br\/emfoco\/wp-content\/uploads\/2025\/12\/alecrim-tomilho-oregano_1764623552741-300x169.jpg 300w, https:\/\/www.em.com.br\/emfoco\/wp-content\/uploads\/2025\/12\/alecrim-tomilho-oregano_1764623552741-768x432.jpg 768w, https:\/\/www.em.com.br\/emfoco\/wp-content\/uploads\/2025\/12\/alecrim-tomilho-oregano_1764623552741-750x422.jpg 750w, https:\/\/www.em.com.br\/emfoco\/wp-content\/uploads\/2025\/12\/alecrim-tomilho-oregano_1764623552741-1140x641.jpg 1140w, https:\/\/www.em.com.br\/emfoco\/wp-content\/uploads\/2025\/12\/alecrim-tomilho-oregano_1764623552741.jpg 1280w\" sizes=\"auto, (max-width: 1024px) 100vw, 1024px\" \/><figcaption class=\"wp-element-caption\">Ervas mediterr\u00e2neas prosperam facilmente sob sol intenso e pouca \u00e1gua &#8211; Cr\u00e9ditos: depositphotos.com \/ viperagp<\/figcaption><\/figure>\n\n\n\n<h2 class=\"wp-block-heading\">Por que essas ervas s\u00e3o t\u00e3o resistentes ao calor intenso?<\/h2>\n\n\n\n<p>Essas plantas desenvolveram mecanismos que reduzem a <strong>perda de \u00e1gua<\/strong>, tornando-as perfeitas para \u00e1reas ensolaradas. Entre os principais motivos que explicam sua resist\u00eancia est\u00e3o os que voc\u00ea v\u00ea a seguir.<\/p>\n\n\n\n<ul class=\"wp-block-list\">\n<li><strong>Ra\u00edzes profundas<\/strong> do alecrim, que alcan\u00e7am camadas \u00famidas do solo e armazenam \u00e1gua.<\/li>\n\n\n\n<li><strong>Folhagem reduzida<\/strong> de tomilho e or\u00e9gano, diminuindo a evapora\u00e7\u00e3o e conservando umidade.<\/li>\n\n\n\n<li><strong>Superf\u00edcie aveludada<\/strong> da s\u00e1lvia, que protege contra calor direto e ventos quentes.<\/li>\n<\/ul>\n\n\n\n<p><em>Leia mais: <strong><a href=\"https:\/\/www.em.com.br\/emfoco\/2025\/12\/01\/voce-sabia-que-essa-folha-tem-mais-calcio-que-leite-e-cresce-ate-em-vaso\/\" target=\"_blank\" rel=\"noreferrer noopener\">Voc\u00ea sabia que essa folha tem mais c\u00e1lcio que leite e cresce at\u00e9 em vaso?<\/a><\/strong><\/em><\/p>\n\n\n\n<h2 class=\"wp-block-heading\">Como cultivar essas ervas em regi\u00f5es com muito calor?<\/h2>\n\n\n\n<p>Para manter essas esp\u00e9cies fortes, \u00e9 essencial usar vasos com boa <strong>drenagem<\/strong>, regar apenas quando o solo estiver seco e preferir substrato leve que n\u00e3o acumule \u00e1gua, j\u00e1 que o excesso de umidade prejudica mais do que a falta.<\/p>\n\n\n\n<p>Elas precisam de pelo menos quatro horas de <strong>sol direto<\/strong>, al\u00e9m de podas frequentes para estimular novos galhos, aduba\u00e7\u00e3o leve para real\u00e7ar o aroma e evitar encharcamento, que favorece apodrecimento das ra\u00edzes.<\/p>\n\n\n\n<p>A seguir confira dicas essenciais para come\u00e7ar a cultivar ervas em casa, compartilhado pelo canal do TikTok <strong>@gardentour2025:<\/strong><\/p>\n\n\n\n<blockquote class=\"tiktok-embed\" cite=\"https:\/\/www.tiktok.com\/@gardentour2025\/video\/7370086268501331206\" data-video-id=\"7370086268501331206\" style=\"max-width: 605px;min-width: 325px;\" > <section> <a target=\"_blank\" title=\"@gardentour2025\" href=\"https:\/\/www.tiktok.com\/@gardentour2025?refer=embed\">@gardentour2025<\/a> Como cultivar ervas e temperos na caixa de ovo. <a title=\"hortanalaje\" target=\"_blank\" href=\"https:\/\/www.tiktok.com\/tag\/hortanalaje?refer=embed\">#hortanalaje<\/a> <a title=\"gardenvitoria\" target=\"_blank\" href=\"https:\/\/www.tiktok.com\/tag\/gardenvitoria?refer=embed\">#gardenvitoria<\/a> <a target=\"_blank\" title=\"\u266c som original - Garden Tour\" href=\"https:\/\/www.tiktok.com\/music\/som-original-7370086297446124293?refer=embed\">\u266c som original &#8211; Garden Tour<\/a> <\/section> <\/blockquote> <script async src=\"https:\/\/www.tiktok.com\/embed.js\"><\/script>\n\n\n\n<h2 class=\"wp-block-heading\">Onde posicionar essas ervas para que elas se desenvolvam melhor?<\/h2>\n\n\n\n<p>Essas esp\u00e9cies crescem com mais vigor em locais de alta luminosidade e boa <strong><a href=\"https:\/\/medicgrow.com\/blogs\/general-tips\/learn-about-the-importance-of-air-circulation-for-indoor-plants\" target=\"_blank\" rel=\"noreferrer noopener\">circula\u00e7\u00e3o de ar<\/a><\/strong>, sendo \u00f3timas op\u00e7\u00f5es para <strong>varandas ensolaradas<\/strong>, janelas voltadas para o norte ou jardineiras externas. Entre os melhores locais est\u00e3o os que voc\u00ea v\u00ea a seguir.<\/p>\n\n\n\n<ul class=\"wp-block-list\">\n<li>Janelas que recebem sol direto durante boa parte do dia, fortalecendo o aroma das folhas.<\/li>\n\n\n\n<li>Varandas quentes onde o calor constante estimula o crescimento e a intensidade das ervas.<\/li>\n\n\n\n<li>Jardineiras externas com drenagem eficiente, evitando ac\u00famulo de \u00e1gua nas ra\u00edzes.<\/li>\n<\/ul>\n\n\n\n<p>Montar uma horta resistente ao sol \u00e9 mais f\u00e1cil do que parece, e escolher ervas que amam calor garante folhas frescas e arom\u00e1ticas o ano inteiro. Cultive hoje mesmo essas esp\u00e9cies pr\u00e1ticas que transformam qualquer cantinho quente em um jardim cheio de vida e sabor.<\/p>\n","protected":false},"excerpt":{"rendered":"<p>Algumas ervas extremamente resistentes conseguem sobreviver com pouca \u00e1gua e suportar sol forte sem sofrer danos, permanecendo arom\u00e1ticas e produtivas mesmo em regi\u00f5es muito quentes, tornando-se ideais para quem deseja uma horta pr\u00e1tica e funcional. Quais ervas suportam sol forte e continuam produtivas? Esp\u00e9cies como alecrim, tomilho, s\u00e1lvia, or\u00e9gano, manjerona e hortel\u00e3-do-campo se destacam por [&hellip;]<\/p>\n","protected":false},"author":13,"featured_media":134257,"comment_status":"open","ping_status":"open","sticky":false,"template":"","format":"standard","meta":{"jnews-multi-image_gallery":[],"jnews_single_post":{"format":"standard"},"jnews_primary_category":[],"jnews_social_meta":[],"jnews_override_counter":[],"footnotes":""},"categories":[8819],"tags":[2125,19573,3358],"class_list":["post-134244","post","type-post","status-publish","format-standard","has-post-thumbnail","hentry","category-curiosidades","tag-ervas","tag-ervas-que-precisam-de-pouca-agua","tag-jardinagem"],"yoast_head":"<!-- This site is optimized with the Yoast SEO plugin v23.8 - https:\/\/yoast.com\/wordpress\/plugins\/seo\/ -->\n<title>Essas ervas resistem ao sol forte e transformam qualquer canto quente em horta - Estado de Minas - Em foco<\/title>\n<meta name=\"description\" content=\"Essas ervas resistentes ao calor crescem at\u00e9 em varandas quentes e ainda perfumam o ambiente. Veja quais esp\u00e9cies cultivar hoje mesmo.\" \/>\n<meta name=\"robots\" content=\"index, follow, max-snippet:-1, max-image-preview:large, max-video-preview:-1\" \/>\n<link rel=\"canonical\" href=\"https:\/\/www.em.com.br\/emfoco\/2025\/12\/03\/essas-ervas-resistem-ao-sol-forte-e-transformam-qualquer-canto-quente-em-horta\/\" \/>\n<meta property=\"og:locale\" content=\"pt_BR\" \/>\n<meta property=\"og:type\" content=\"article\" \/>\n<meta property=\"og:title\" content=\"Essas ervas resistem ao sol forte e transformam qualquer canto quente em horta - Estado de Minas - Em foco\" \/>\n<meta property=\"og:description\" content=\"Essas ervas resistentes ao calor crescem at\u00e9 em varandas quentes e ainda perfumam o ambiente. Veja quais esp\u00e9cies cultivar hoje mesmo.\" \/>\n<meta property=\"og:url\" content=\"https:\/\/www.em.com.br\/emfoco\/2025\/12\/03\/essas-ervas-resistem-ao-sol-forte-e-transformam-qualquer-canto-quente-em-horta\/\" \/>\n<meta property=\"og:site_name\" content=\"Estado de Minas - Em foco\" \/>\n<meta property=\"article:published_time\" content=\"2025-12-03T09:55:00+00:00\" \/>\n<meta property=\"article:modified_time\" content=\"2025-12-01T21:13:50+00:00\" \/>\n<meta property=\"og:image\" content=\"https:\/\/www.em.com.br\/emfoco\/wp-content\/uploads\/2025\/12\/Ervas-vasos_1764623521560.jpg\" \/>\n\t<meta property=\"og:image:width\" content=\"1280\" \/>\n\t<meta property=\"og:image:height\" content=\"720\" \/>\n\t<meta property=\"og:image:type\" content=\"image\/jpeg\" \/>\n<meta name=\"author\" content=\"Gabriel Martins\" \/>\n<meta name=\"twitter:card\" content=\"summary_large_image\" \/>\n<meta name=\"twitter:label1\" content=\"Escrito por\" \/>\n\t<meta name=\"twitter:data1\" content=\"Gabriel Martins\" \/>\n\t<meta name=\"twitter:label2\" content=\"Est. tempo de leitura\" \/>\n\t<meta name=\"twitter:data2\" content=\"3 minutos\" \/>\n<!-- \/ Yoast SEO plugin. -->","yoast_head_json":{"title":"Essas ervas resistem ao sol forte e transformam qualquer canto quente em horta - Estado de Minas - Em foco","description":"Essas ervas resistentes ao calor crescem at\u00e9 em varandas quentes e ainda perfumam o ambiente. Veja quais esp\u00e9cies cultivar hoje mesmo.","robots":{"index":"index","follow":"follow","max-snippet":"max-snippet:-1","max-image-preview":"max-image-preview:large","max-video-preview":"max-video-preview:-1"},"canonical":"https:\/\/www.em.com.br\/emfoco\/2025\/12\/03\/essas-ervas-resistem-ao-sol-forte-e-transformam-qualquer-canto-quente-em-horta\/","og_locale":"pt_BR","og_type":"article","og_title":"Essas ervas resistem ao sol forte e transformam qualquer canto quente em horta - Estado de Minas - Em foco","og_description":"Essas ervas resistentes ao calor crescem at\u00e9 em varandas quentes e ainda perfumam o ambiente. Veja quais esp\u00e9cies cultivar hoje mesmo.","og_url":"https:\/\/www.em.com.br\/emfoco\/2025\/12\/03\/essas-ervas-resistem-ao-sol-forte-e-transformam-qualquer-canto-quente-em-horta\/","og_site_name":"Estado de Minas - Em foco","article_published_time":"2025-12-03T09:55:00+00:00","article_modified_time":"2025-12-01T21:13:50+00:00","og_image":[{"width":1280,"height":720,"url":"https:\/\/www.em.com.br\/emfoco\/wp-content\/uploads\/2025\/12\/Ervas-vasos_1764623521560.jpg","type":"image\/jpeg"}],"author":"Gabriel Martins","twitter_card":"summary_large_image","twitter_misc":{"Escrito por":"Gabriel Martins","Est. tempo de leitura":"3 minutos"},"schema":{"@context":"https:\/\/schema.org","@graph":[{"@type":"WebPage","@id":"https:\/\/www.em.com.br\/emfoco\/2025\/12\/03\/essas-ervas-resistem-ao-sol-forte-e-transformam-qualquer-canto-quente-em-horta\/","url":"https:\/\/www.em.com.br\/emfoco\/2025\/12\/03\/essas-ervas-resistem-ao-sol-forte-e-transformam-qualquer-canto-quente-em-horta\/","name":"Essas ervas resistem ao sol forte e transformam qualquer canto quente em horta - Estado de Minas - Em foco","isPartOf":{"@id":"https:\/\/www.em.com.br\/emfoco\/#website"},"primaryImageOfPage":{"@id":"https:\/\/www.em.com.br\/emfoco\/2025\/12\/03\/essas-ervas-resistem-ao-sol-forte-e-transformam-qualquer-canto-quente-em-horta\/#primaryimage"},"image":{"@id":"https:\/\/www.em.com.br\/emfoco\/2025\/12\/03\/essas-ervas-resistem-ao-sol-forte-e-transformam-qualquer-canto-quente-em-horta\/#primaryimage"},"thumbnailUrl":"https:\/\/www.em.com.br\/emfoco\/wp-content\/uploads\/2025\/12\/Ervas-vasos_1764623521560.jpg","datePublished":"2025-12-03T09:55:00+00:00","dateModified":"2025-12-01T21:13:50+00:00","author":{"@id":"https:\/\/www.em.com.br\/emfoco\/#\/schema\/person\/1c9ddeab18b98abeffef834667bcf08a"},"description":"Essas ervas resistentes ao calor crescem at\u00e9 em varandas quentes e ainda perfumam o ambiente. Veja quais esp\u00e9cies cultivar hoje mesmo.","breadcrumb":{"@id":"https:\/\/www.em.com.br\/emfoco\/2025\/12\/03\/essas-ervas-resistem-ao-sol-forte-e-transformam-qualquer-canto-quente-em-horta\/#breadcrumb"},"inLanguage":"pt-BR","potentialAction":[{"@type":"ReadAction","target":["https:\/\/www.em.com.br\/emfoco\/2025\/12\/03\/essas-ervas-resistem-ao-sol-forte-e-transformam-qualquer-canto-quente-em-horta\/"]}]},{"@type":"ImageObject","inLanguage":"pt-BR","@id":"https:\/\/www.em.com.br\/emfoco\/2025\/12\/03\/essas-ervas-resistem-ao-sol-forte-e-transformam-qualquer-canto-quente-em-horta\/#primaryimage","url":"https:\/\/www.em.com.br\/emfoco\/wp-content\/uploads\/2025\/12\/Ervas-vasos_1764623521560.jpg","contentUrl":"https:\/\/www.em.com.br\/emfoco\/wp-content\/uploads\/2025\/12\/Ervas-vasos_1764623521560.jpg","width":1280,"height":720,"caption":"Ervas resistentes ao sol permanecem produtivas mesmo em calor intenso - Cr\u00e9ditos: depositphotos.com \/ zver2334"},{"@type":"BreadcrumbList","@id":"https:\/\/www.em.com.br\/emfoco\/2025\/12\/03\/essas-ervas-resistem-ao-sol-forte-e-transformam-qualquer-canto-quente-em-horta\/#breadcrumb","itemListElement":[{"@type":"ListItem","position":1,"name":"In\u00edcio","item":"https:\/\/www.em.com.br\/emfoco\/"},{"@type":"ListItem","position":2,"name":"Essas ervas resistem ao sol forte e transformam qualquer canto quente em horta"}]},{"@type":"WebSite","@id":"https:\/\/www.em.com.br\/emfoco\/#website","url":"https:\/\/www.em.com.br\/emfoco\/","name":"Estado de Minas - Em foco","description":"Acompanhe as \u00faltimas not\u00edcias e fique bem informado sobre tudo o que acontece em Minas Gerais, Brasil e no mundo.","potentialAction":[{"@type":"SearchAction","target":{"@type":"EntryPoint","urlTemplate":"https:\/\/www.em.com.br\/emfoco\/?s={search_term_string}"},"query-input":{"@type":"PropertyValueSpecification","valueRequired":true,"valueName":"search_term_string"}}],"inLanguage":"pt-BR"},{"@type":"Person","@id":"https:\/\/www.em.com.br\/emfoco\/#\/schema\/person\/1c9ddeab18b98abeffef834667bcf08a","name":"Gabriel Martins","image":{"@type":"ImageObject","inLanguage":"pt-BR","@id":"https:\/\/www.em.com.br\/emfoco\/#\/schema\/person\/image\/","url":"https:\/\/secure.gravatar.com\/avatar\/f0f1e2efdfd88f1ad2cb08c5c2731e50?s=96&d=mm&r=g","contentUrl":"https:\/\/secure.gravatar.com\/avatar\/f0f1e2efdfd88f1ad2cb08c5c2731e50?s=96&d=mm&r=g","caption":"Gabriel Martins"},"sameAs":["https:\/\/www.em.com.br\/emfoco\/"],"url":"https:\/\/www.em.com.br\/emfoco\/author\/gabrielmartinsmyth\/"}]}},"_links":{"self":[{"href":"https:\/\/www.em.com.br\/emfoco\/wp-json\/wp\/v2\/posts\/134244","targetHints":{"allow":["GET"]}}],"collection":[{"href":"https:\/\/www.em.com.br\/emfoco\/wp-json\/wp\/v2\/posts"}],"about":[{"href":"https:\/\/www.em.com.br\/emfoco\/wp-json\/wp\/v2\/types\/post"}],"author":[{"embeddable":true,"href":"https:\/\/www.em.com.br\/emfoco\/wp-json\/wp\/v2\/users\/13"}],"replies":[{"embeddable":true,"href":"https:\/\/www.em.com.br\/emfoco\/wp-json\/wp\/v2\/comments?post=134244"}],"version-history":[{"count":1,"href":"https:\/\/www.em.com.br\/emfoco\/wp-json\/wp\/v2\/posts\/134244\/revisions"}],"predecessor-version":[{"id":134260,"href":"https:\/\/www.em.com.br\/emfoco\/wp-json\/wp\/v2\/posts\/134244\/revisions\/134260"}],"wp:featuredmedia":[{"embeddable":true,"href":"https:\/\/www.em.com.br\/emfoco\/wp-json\/wp\/v2\/media\/134257"}],"wp:attachment":[{"href":"https:\/\/www.em.com.br\/emfoco\/wp-json\/wp\/v2\/media?parent=134244"}],"wp:term":[{"taxonomy":"category","embeddable":true,"href":"https:\/\/www.em.com.br\/emfoco\/wp-json\/wp\/v2\/categories?post=134244"},{"taxonomy":"post_tag","embeddable":true,"href":"https:\/\/www.em.com.br\/emfoco\/wp-json\/wp\/v2\/tags?post=134244"}],"curies":[{"name":"wp","href":"https:\/\/api.w.org\/{rel}","templated":true}]}}