{"id":134177,"date":"2025-12-02T16:25:00","date_gmt":"2025-12-02T19:25:00","guid":{"rendered":"https:\/\/www.em.com.br\/emfoco\/?p=134177"},"modified":"2025-12-01T21:15:07","modified_gmt":"2025-12-02T00:15:07","slug":"idosos-e-adultos-podem-definir-quem-decide-sobre-sua-propria-saude-e-patrimonios","status":"publish","type":"post","link":"https:\/\/www.em.com.br\/emfoco\/2025\/12\/02\/idosos-e-adultos-podem-definir-quem-decide-sobre-sua-propria-saude-e-patrimonios\/","title":{"rendered":"Idosos e adultos podem definir quem decide sobre sua pr\u00f3pria sa\u00fade e patrim\u00f4nios"},"content":{"rendered":"\n<p>A nova regra de autocuratela aprovada pelo <strong>Conselho Nacional de Justi\u00e7a<\/strong> (CNJ) em 2024 trouxe uma mudan\u00e7a relevante para a organiza\u00e7\u00e3o da vida civil no Brasil. A partir dessa normativa, qualquer pessoa com 18 anos ou mais pode registrar em cart\u00f3rio, por escritura p\u00fablica, quem ser\u00e1 respons\u00e1vel por sua sa\u00fade e por seu patrim\u00f4nio caso, no futuro, fique incapaz de tomar decis\u00f5es. <\/p>\n\n\n\n<h2 class=\"wp-block-heading\">O que \u00e9 autocuratela e qual \u00e9 a palavra-chave nesse debate<\/h2>\n\n\n\n<p>A palavra-chave central nesse debate \u00e9 <strong>autocuratela<\/strong>, express\u00e3o que designa a possibilidade de a pr\u00f3pria pessoa, enquanto est\u00e1 l\u00facida, definir quem ser\u00e1 seu curador no futuro. Trata-se de um instrumento de planejamento pessoal e patrimonial que se concretiza por meio de uma <strong>escritura p\u00fablica<\/strong> lavrada em cart\u00f3rio de notas, podendo inclusive conter orienta\u00e7\u00f5es gerais sobre cuidados de sa\u00fade e diretrizes sobre gest\u00e3o de bens.<\/p>\n\n\n<div class=\"wp-block-image\">\n<figure class=\"aligncenter size-large\"><img loading=\"lazy\" decoding=\"async\" width=\"1024\" height=\"576\" src=\"https:\/\/www.em.com.br\/emfoco\/wp-content\/uploads\/2025\/07\/documentos_1753313354407-1024x576.jpg\" alt=\"Ser\u00e1 que seu sal\u00e1rio de aposentadoria aumenta com a infla\u00e7\u00e3o?\" class=\"wp-image-80575\" srcset=\"https:\/\/www.em.com.br\/emfoco\/wp-content\/uploads\/2025\/07\/documentos_1753313354407-1024x576.jpg 1024w, https:\/\/www.em.com.br\/emfoco\/wp-content\/uploads\/2025\/07\/documentos_1753313354407-300x169.jpg 300w, https:\/\/www.em.com.br\/emfoco\/wp-content\/uploads\/2025\/07\/documentos_1753313354407-768x432.jpg 768w, https:\/\/www.em.com.br\/emfoco\/wp-content\/uploads\/2025\/07\/documentos_1753313354407-750x422.jpg 750w, https:\/\/www.em.com.br\/emfoco\/wp-content\/uploads\/2025\/07\/documentos_1753313354407-1140x641.jpg 1140w, https:\/\/www.em.com.br\/emfoco\/wp-content\/uploads\/2025\/07\/documentos_1753313354407.jpg 1280w\" sizes=\"auto, (max-width: 1024px) 100vw, 1024px\" \/><figcaption class=\"wp-element-caption\">Registre quem cuidar\u00e1 de voc\u00ea legalmente &#8211; Cr\u00e9ditos: depositphotos.com \/ HayDmitriy<\/figcaption><\/figure><\/div>\n\n\n<p>Ao contr\u00e1rio da curatela tradicional, que costuma ser discutida apenas quando a incapacidade j\u00e1 est\u00e1 instalada, a autocuratela atua de forma preventiva e planejada. Idosos, pessoas com defici\u00eancia e indiv\u00edduos com doen\u00e7as progressivas podem se valer desse mecanismo para registrar com anteced\u00eancia a prefer\u00eancia por um curador espec\u00edfico, refor\u00e7ando sua autonomia mesmo em cen\u00e1rios de eventual perda de discernimento.<\/p>\n\n\n\n<h2 class=\"wp-block-heading\">Como a autocuratela funciona na pr\u00e1tica<\/h2>\n\n\n\n<p>A <strong>autocuratela em cart\u00f3rio<\/strong> segue um roteiro que come\u00e7a com a decis\u00e3o da pr\u00f3pria pessoa de formalizar sua escolha. O interessado procura um cart\u00f3rio de notas, presencialmente ou por meio da plataforma <em>e-Notariado<\/em>, e manifesta o desejo de lavrar uma escritura de autocuratela, podendo receber previamente orienta\u00e7\u00e3o jur\u00eddica de um advogado de confian\u00e7a, se desejar.<\/p>\n\n\n\n<p>Na escritura, o declarante pode indicar um ou mais curadores, estabelecendo <strong>ordem de prefer\u00eancia<\/strong>. \u00c9 comum que se defina um curador principal e um ou mais substitutos, para o caso de o primeiro n\u00e3o poder ou n\u00e3o querer assumir a fun\u00e7\u00e3o, e que se delimitem poderes, limites e, se quiser, diretrizes \u00e9ticas e afetivas a serem observadas pelo curador.<\/p>\n\n\n\n<p>Leia mais: <a href=\"https:\/\/www.em.com.br\/emfoco\/2025\/11\/21\/entenda-como-o-credito-facil-garante-sua-independencia-financeira\/\" target=\"_blank\" rel=\"noreferrer noopener\">Entenda como o cr\u00e9dito f\u00e1cil garante sua independ\u00eancia financeira<\/a><\/p>\n\n\n\n<h2 class=\"wp-block-heading\">Como se d\u00e1 o registro e o acesso judicial \u00e0 autocuratela<\/h2>\n\n\n\n<p>Depois de lavrada, a escritura de autocuratela \u00e9 cadastrada na <strong>Central Eletr\u00f4nica Notarial de Servi\u00e7os Compartilhados (Censec)<\/strong>. Esse sistema nacional permite que magistrados localizem rapidamente o documento quando um processo de curatela \u00e9 instaurado, evitando perda de tempo na busca por informa\u00e7\u00f5es relevantes.<\/p>\n\n\n\n<p>A decis\u00e3o final ainda \u00e9 judicial: o juiz analisa laudos m\u00e9dicos, ouve o <strong>Minist\u00e9rio P\u00fablico<\/strong> e leva em conta a indica\u00e7\u00e3o feita em cart\u00f3rio. A diferen\u00e7a \u00e9 que, com a autocuratela, a vontade do titular passa a ser elemento central na defini\u00e7\u00e3o de quem exercer\u00e1 a curatela, harmonizando-se com a ordem legal do <strong>C\u00f3digo Civil<\/strong> e com o melhor interesse da pessoa curatelada.<\/p>\n\n\n\n<h2 class=\"wp-block-heading\">Quem pode ser curador na autocuratela<\/h2>\n\n\n\n<p>Uma das caracter\u00edsticas mais marcantes da <strong>autocuratela no Brasil<\/strong> \u00e9 a liberdade de escolha em rela\u00e7\u00e3o ao curador. A normativa do CNJ permite que qualquer pessoa maior de idade e capaz, em quem o titular confie, seja indicada para cuidar de sua sa\u00fade e de seu patrim\u00f4nio, independentemente de v\u00ednculo familiar, desde que haja idoneidade e boa-f\u00e9.<\/p>\n\n\n\n<p>Essa flexibilidade convive com a ordem legal prevista no <strong>C\u00f3digo Civil<\/strong>, que ainda estabelece uma sequ\u00eancia de prefer\u00eancia quando n\u00e3o h\u00e1 indica\u00e7\u00e3o pr\u00e9via. Com a autocuratela, o juiz passa a conciliar essa lista com a indica\u00e7\u00e3o expressa em cart\u00f3rio, o que pode evitar disputas entre parentes e privilegiar v\u00ednculos de confian\u00e7a efetivos, inclusive com amigos ou cuidadores.<\/p>\n\n\n\n<ul class=\"wp-block-list\">\n<li><strong>Curador principal:<\/strong> pessoa escolhida em primeiro lugar para assumir a curatela.<\/li>\n\n\n\n<li><strong>Curador substituto:<\/strong> nome indicado para substituir o principal em caso de impedimento.<\/li>\n\n\n\n<li><strong>Curador de confian\u00e7a:<\/strong> indiv\u00edduo considerado preparado para gerir bens e decis\u00f5es de sa\u00fade.<\/li>\n<\/ul>\n\n\n\n<h2 class=\"wp-block-heading\">Quais s\u00e3o as vantagens da autocuratela para idosos e fam\u00edlias<\/h2>\n\n\n<div class=\"wp-block-image\">\n<figure class=\"aligncenter size-large\"><img loading=\"lazy\" decoding=\"async\" width=\"1024\" height=\"684\" src=\"https:\/\/www.em.com.br\/emfoco\/wp-content\/uploads\/2025\/10\/idoso-viajando_1756984510411-1024x684.jpg\" alt=\"Como a Carteira do Idoso garante viagens gratuitas e mais direitos\" class=\"wp-image-110797\" srcset=\"https:\/\/www.em.com.br\/emfoco\/wp-content\/uploads\/2025\/10\/idoso-viajando_1756984510411-1024x684.jpg 1024w, https:\/\/www.em.com.br\/emfoco\/wp-content\/uploads\/2025\/10\/idoso-viajando_1756984510411-300x200.jpg 300w, https:\/\/www.em.com.br\/emfoco\/wp-content\/uploads\/2025\/10\/idoso-viajando_1756984510411-768x513.jpg 768w, https:\/\/www.em.com.br\/emfoco\/wp-content\/uploads\/2025\/10\/idoso-viajando_1756984510411-1536x1025.jpg 1536w, https:\/\/www.em.com.br\/emfoco\/wp-content\/uploads\/2025\/10\/idoso-viajando_1756984510411-750x501.jpg 750w, https:\/\/www.em.com.br\/emfoco\/wp-content\/uploads\/2025\/10\/idoso-viajando_1756984510411-1140x761.jpg 1140w, https:\/\/www.em.com.br\/emfoco\/wp-content\/uploads\/2025\/10\/idoso-viajando_1756984510411.jpg 2000w\" sizes=\"auto, (max-width: 1024px) 100vw, 1024px\" \/><figcaption class=\"wp-element-caption\">Registre quem cuidar\u00e1 de voc\u00ea legalmente &#8211; Cr\u00e9ditos: depositphotos.com \/ Rawpixel<\/figcaption><\/figure><\/div>\n\n\n<p>A <strong>autocuratela para idosos<\/strong> tem sido apresentada como um instrumento de organiza\u00e7\u00e3o da vida futura. Em um cen\u00e1rio de envelhecimento da popula\u00e7\u00e3o brasileira, cresce o n\u00famero de fam\u00edlias que lidam com doen\u00e7as degenerativas, como <strong>Alzheimer <\/strong>e outras dem\u00eancias, em que a perda de capacidade ocorre de forma gradual e exige preparo pr\u00e9vio.<\/p>\n\n\n\n<p>Entre os efeitos mais apontados est\u00e1 a <strong>preven\u00e7\u00e3o de conflitos familiares<\/strong> e a clareza na gest\u00e3o de bens e decis\u00f5es m\u00e9dicas. Com uma escritura de autocuratela registrada, o juiz encontra um documento formal que indica quem a pr\u00f3pria pessoa considerava mais adequada para essa miss\u00e3o, o que tende a encurtar debates judiciais e dar maior previsibilidade \u00e0s rela\u00e7\u00f5es familiares.<\/p>\n\n\n\n<ol class=\"wp-block-list\">\n<li>Permitir o planejamento da curatela em momento de plena lucidez.<\/li>\n\n\n\n<li>Registrar a prefer\u00eancia por um curador de confian\u00e7a, inclusive n\u00e3o parente.<\/li>\n\n\n\n<li>Reduzir disputas entre familiares sobre quem deve assumir a curatela.<\/li>\n\n\n\n<li>Dar previsibilidade \u00e0 gest\u00e3o de patrim\u00f4nio e cuidados de sa\u00fade.<\/li>\n\n\n\n<li>Facilitar o trabalho do juiz, que passa a contar com documento claro sobre a vontade do titular.<\/li>\n<\/ol>\n\n\n\n<p>Leia mais: <a href=\"https:\/\/www.em.com.br\/emfoco\/2025\/11\/25\/o-credito-para-meis-fortalece-a-economia-e-multiplica-o-dinheiro-da-sua-familia\/\" target=\"_blank\" rel=\"noreferrer noopener\">O cr\u00e9dito para MEIs fortalece a economia e multiplica o dinheiro da sua fam\u00edlia<\/a><\/p>\n\n\n\n<h2 class=\"wp-block-heading\">Como a autocuratela ajuda a proteger patrim\u00f4nio e dados pessoais<\/h2>\n\n\n\n<p>A regra do CNJ tamb\u00e9m tratou de aspectos sens\u00edveis, como <strong>sigilo da autocuratela<\/strong> e prote\u00e7\u00e3o contra golpes. A escritura tem acesso restrito: pode ser consultada pelo pr\u00f3prio declarante ou por determina\u00e7\u00e3o judicial, o que resguarda informa\u00e7\u00f5es sobre bens, prefer\u00eancias m\u00e9dicas e escolhas pessoais, alinhando-se \u00e0s diretrizes da <strong>Lei Geral de Prote\u00e7\u00e3o de Dados<\/strong> (<a href=\"https:\/\/www.planalto.gov.br\/ccivil_03\/_ato2015-2018\/2018\/lei\/l13709.htm\" target=\"_blank\" rel=\"noreferrer noopener\">LGPD<\/a>).<\/p>\n\n\n\n<p>Do ponto de vista patrimonial, a <strong>autocuratela para prote\u00e7\u00e3o de bens<\/strong> tende a dificultar tentativas de manipula\u00e7\u00e3o de idosos ou pessoas vulner\u00e1veis. Em paralelo, entidades de classe e \u00f3rg\u00e3os p\u00fablicos t\u00eam promovido <strong>a\u00e7\u00f5es de orienta\u00e7\u00e3o<\/strong> para explicar documentos necess\u00e1rios, crit\u00e9rios para escolha do curador e rela\u00e7\u00e3o entre autocuratela e processo judicial, incentivando o di\u00e1logo pr\u00e9vio entre fam\u00edlia, profissionais de sa\u00fade e o futuro curador.<\/p>\n\n\n\n<p><\/p>\n","protected":false},"excerpt":{"rendered":"<p>A nova regra de autocuratela aprovada pelo Conselho Nacional de Justi\u00e7a (CNJ) em 2024 trouxe uma mudan\u00e7a relevante para a organiza\u00e7\u00e3o da vida civil no Brasil. A partir dessa normativa, qualquer pessoa com 18 anos ou mais pode registrar em cart\u00f3rio, por escritura p\u00fablica, quem ser\u00e1 respons\u00e1vel por sua sa\u00fade e por seu patrim\u00f4nio caso, [&hellip;]<\/p>\n","protected":false},"author":20,"featured_media":134205,"comment_status":"open","ping_status":"open","sticky":false,"template":"","format":"standard","meta":{"jnews-multi-image_gallery":[],"jnews_single_post":{"format":"standard"},"jnews_primary_category":[],"jnews_social_meta":[],"jnews_override_counter":[],"footnotes":""},"categories":[28,1],"tags":[19571,296,415],"class_list":["post-134177","post","type-post","status-publish","format-standard","has-post-thumbnail","hentry","category-economia","category-noticias","tag-cnj","tag-dinheiro","tag-saude"],"yoast_head":"<!-- This site is optimized with the Yoast SEO plugin v23.8 - https:\/\/yoast.com\/wordpress\/plugins\/seo\/ -->\n<title>Idosos e adultos podem definir quem decide sobre sua pr\u00f3pria sa\u00fade e patrim\u00f4nios - Estado de Minas - Em foco<\/title>\n<meta name=\"description\" content=\"Nova regra do CNJ permite registrar a pessoa respons\u00e1vel pelo seu cuidado em caso de incapacidade garantindo seguran\u00e7a e planejamento.\" \/>\n<meta name=\"robots\" content=\"index, follow, max-snippet:-1, max-image-preview:large, max-video-preview:-1\" \/>\n<link rel=\"canonical\" href=\"https:\/\/www.em.com.br\/emfoco\/2025\/12\/02\/idosos-e-adultos-podem-definir-quem-decide-sobre-sua-propria-saude-e-patrimonios\/\" \/>\n<meta property=\"og:locale\" content=\"pt_BR\" \/>\n<meta property=\"og:type\" content=\"article\" \/>\n<meta property=\"og:title\" content=\"Idosos e adultos podem definir quem decide sobre sua pr\u00f3pria sa\u00fade e patrim\u00f4nios - Estado de Minas - Em foco\" \/>\n<meta property=\"og:description\" content=\"Nova regra do CNJ permite registrar a pessoa respons\u00e1vel pelo seu cuidado em caso de incapacidade garantindo seguran\u00e7a e planejamento.\" \/>\n<meta property=\"og:url\" content=\"https:\/\/www.em.com.br\/emfoco\/2025\/12\/02\/idosos-e-adultos-podem-definir-quem-decide-sobre-sua-propria-saude-e-patrimonios\/\" \/>\n<meta property=\"og:site_name\" content=\"Estado de Minas - Em foco\" \/>\n<meta property=\"article:published_time\" content=\"2025-12-02T19:25:00+00:00\" \/>\n<meta property=\"article:modified_time\" content=\"2025-12-02T00:15:07+00:00\" \/>\n<meta property=\"og:image\" content=\"https:\/\/www.em.com.br\/emfoco\/wp-content\/uploads\/2025\/12\/imagem_2025-11-22_204805740-e1764619453160.png\" \/>\n\t<meta property=\"og:image:width\" content=\"1280\" \/>\n\t<meta property=\"og:image:height\" content=\"720\" \/>\n\t<meta property=\"og:image:type\" content=\"image\/png\" \/>\n<meta name=\"author\" content=\"Ingrid Diniz\" \/>\n<meta name=\"twitter:card\" content=\"summary_large_image\" \/>\n<meta name=\"twitter:label1\" content=\"Escrito por\" \/>\n\t<meta name=\"twitter:data1\" content=\"Ingrid Diniz\" \/>\n\t<meta name=\"twitter:label2\" content=\"Est. tempo de leitura\" \/>\n\t<meta name=\"twitter:data2\" content=\"6 minutos\" \/>\n<!-- \/ Yoast SEO plugin. -->","yoast_head_json":{"title":"Idosos e adultos podem definir quem decide sobre sua pr\u00f3pria sa\u00fade e patrim\u00f4nios - Estado de Minas - Em foco","description":"Nova regra do CNJ permite registrar a pessoa respons\u00e1vel pelo seu cuidado em caso de incapacidade garantindo seguran\u00e7a e planejamento.","robots":{"index":"index","follow":"follow","max-snippet":"max-snippet:-1","max-image-preview":"max-image-preview:large","max-video-preview":"max-video-preview:-1"},"canonical":"https:\/\/www.em.com.br\/emfoco\/2025\/12\/02\/idosos-e-adultos-podem-definir-quem-decide-sobre-sua-propria-saude-e-patrimonios\/","og_locale":"pt_BR","og_type":"article","og_title":"Idosos e adultos podem definir quem decide sobre sua pr\u00f3pria sa\u00fade e patrim\u00f4nios - Estado de Minas - Em foco","og_description":"Nova regra do CNJ permite registrar a pessoa respons\u00e1vel pelo seu cuidado em caso de incapacidade garantindo seguran\u00e7a e planejamento.","og_url":"https:\/\/www.em.com.br\/emfoco\/2025\/12\/02\/idosos-e-adultos-podem-definir-quem-decide-sobre-sua-propria-saude-e-patrimonios\/","og_site_name":"Estado de Minas - Em foco","article_published_time":"2025-12-02T19:25:00+00:00","article_modified_time":"2025-12-02T00:15:07+00:00","og_image":[{"width":1280,"height":720,"url":"https:\/\/www.em.com.br\/emfoco\/wp-content\/uploads\/2025\/12\/imagem_2025-11-22_204805740-e1764619453160.png","type":"image\/png"}],"author":"Ingrid Diniz","twitter_card":"summary_large_image","twitter_misc":{"Escrito por":"Ingrid Diniz","Est. tempo de leitura":"6 minutos"},"schema":{"@context":"https:\/\/schema.org","@graph":[{"@type":"WebPage","@id":"https:\/\/www.em.com.br\/emfoco\/2025\/12\/02\/idosos-e-adultos-podem-definir-quem-decide-sobre-sua-propria-saude-e-patrimonios\/","url":"https:\/\/www.em.com.br\/emfoco\/2025\/12\/02\/idosos-e-adultos-podem-definir-quem-decide-sobre-sua-propria-saude-e-patrimonios\/","name":"Idosos e adultos podem definir quem decide sobre sua pr\u00f3pria sa\u00fade e patrim\u00f4nios - Estado de Minas - Em foco","isPartOf":{"@id":"https:\/\/www.em.com.br\/emfoco\/#website"},"primaryImageOfPage":{"@id":"https:\/\/www.em.com.br\/emfoco\/2025\/12\/02\/idosos-e-adultos-podem-definir-quem-decide-sobre-sua-propria-saude-e-patrimonios\/#primaryimage"},"image":{"@id":"https:\/\/www.em.com.br\/emfoco\/2025\/12\/02\/idosos-e-adultos-podem-definir-quem-decide-sobre-sua-propria-saude-e-patrimonios\/#primaryimage"},"thumbnailUrl":"https:\/\/www.em.com.br\/emfoco\/wp-content\/uploads\/2025\/12\/imagem_2025-11-22_204805740-e1764619453160.png","datePublished":"2025-12-02T19:25:00+00:00","dateModified":"2025-12-02T00:15:07+00:00","author":{"@id":"https:\/\/www.em.com.br\/emfoco\/#\/schema\/person\/649e610b4eb8fff87ff394e54fe17b2b"},"description":"Nova regra do CNJ permite registrar a pessoa respons\u00e1vel pelo seu cuidado em caso de incapacidade garantindo seguran\u00e7a e planejamento.","breadcrumb":{"@id":"https:\/\/www.em.com.br\/emfoco\/2025\/12\/02\/idosos-e-adultos-podem-definir-quem-decide-sobre-sua-propria-saude-e-patrimonios\/#breadcrumb"},"inLanguage":"pt-BR","potentialAction":[{"@type":"ReadAction","target":["https:\/\/www.em.com.br\/emfoco\/2025\/12\/02\/idosos-e-adultos-podem-definir-quem-decide-sobre-sua-propria-saude-e-patrimonios\/"]}]},{"@type":"ImageObject","inLanguage":"pt-BR","@id":"https:\/\/www.em.com.br\/emfoco\/2025\/12\/02\/idosos-e-adultos-podem-definir-quem-decide-sobre-sua-propria-saude-e-patrimonios\/#primaryimage","url":"https:\/\/www.em.com.br\/emfoco\/wp-content\/uploads\/2025\/12\/imagem_2025-11-22_204805740-e1764619453160.png","contentUrl":"https:\/\/www.em.com.br\/emfoco\/wp-content\/uploads\/2025\/12\/imagem_2025-11-22_204805740-e1764619453160.png","width":1280,"height":720,"caption":"Registre quem cuidar\u00e1 de voc\u00ea legalmente"},{"@type":"BreadcrumbList","@id":"https:\/\/www.em.com.br\/emfoco\/2025\/12\/02\/idosos-e-adultos-podem-definir-quem-decide-sobre-sua-propria-saude-e-patrimonios\/#breadcrumb","itemListElement":[{"@type":"ListItem","position":1,"name":"In\u00edcio","item":"https:\/\/www.em.com.br\/emfoco\/"},{"@type":"ListItem","position":2,"name":"Idosos e adultos podem definir quem decide sobre sua pr\u00f3pria sa\u00fade e patrim\u00f4nios"}]},{"@type":"WebSite","@id":"https:\/\/www.em.com.br\/emfoco\/#website","url":"https:\/\/www.em.com.br\/emfoco\/","name":"Estado de Minas - Em foco","description":"Acompanhe as \u00faltimas not\u00edcias e fique bem informado sobre tudo o que acontece em Minas Gerais, Brasil e no mundo.","potentialAction":[{"@type":"SearchAction","target":{"@type":"EntryPoint","urlTemplate":"https:\/\/www.em.com.br\/emfoco\/?s={search_term_string}"},"query-input":{"@type":"PropertyValueSpecification","valueRequired":true,"valueName":"search_term_string"}}],"inLanguage":"pt-BR"},{"@type":"Person","@id":"https:\/\/www.em.com.br\/emfoco\/#\/schema\/person\/649e610b4eb8fff87ff394e54fe17b2b","name":"Ingrid Diniz","image":{"@type":"ImageObject","inLanguage":"pt-BR","@id":"https:\/\/www.em.com.br\/emfoco\/#\/schema\/person\/image\/","url":"https:\/\/secure.gravatar.com\/avatar\/a3baa1449ec5c39b4c42babc9d4f3951?s=96&d=mm&r=g","contentUrl":"https:\/\/secure.gravatar.com\/avatar\/a3baa1449ec5c39b4c42babc9d4f3951?s=96&d=mm&r=g","caption":"Ingrid Diniz"},"sameAs":["https:\/\/www.em.com.br\/"],"url":"https:\/\/www.em.com.br\/emfoco\/author\/ingridmyth\/"}]}},"_links":{"self":[{"href":"https:\/\/www.em.com.br\/emfoco\/wp-json\/wp\/v2\/posts\/134177","targetHints":{"allow":["GET"]}}],"collection":[{"href":"https:\/\/www.em.com.br\/emfoco\/wp-json\/wp\/v2\/posts"}],"about":[{"href":"https:\/\/www.em.com.br\/emfoco\/wp-json\/wp\/v2\/types\/post"}],"author":[{"embeddable":true,"href":"https:\/\/www.em.com.br\/emfoco\/wp-json\/wp\/v2\/users\/20"}],"replies":[{"embeddable":true,"href":"https:\/\/www.em.com.br\/emfoco\/wp-json\/wp\/v2\/comments?post=134177"}],"version-history":[{"count":2,"href":"https:\/\/www.em.com.br\/emfoco\/wp-json\/wp\/v2\/posts\/134177\/revisions"}],"predecessor-version":[{"id":134387,"href":"https:\/\/www.em.com.br\/emfoco\/wp-json\/wp\/v2\/posts\/134177\/revisions\/134387"}],"wp:featuredmedia":[{"embeddable":true,"href":"https:\/\/www.em.com.br\/emfoco\/wp-json\/wp\/v2\/media\/134205"}],"wp:attachment":[{"href":"https:\/\/www.em.com.br\/emfoco\/wp-json\/wp\/v2\/media?parent=134177"}],"wp:term":[{"taxonomy":"category","embeddable":true,"href":"https:\/\/www.em.com.br\/emfoco\/wp-json\/wp\/v2\/categories?post=134177"},{"taxonomy":"post_tag","embeddable":true,"href":"https:\/\/www.em.com.br\/emfoco\/wp-json\/wp\/v2\/tags?post=134177"}],"curies":[{"name":"wp","href":"https:\/\/api.w.org\/{rel}","templated":true}]}}