{"id":134055,"date":"2025-12-02T19:35:00","date_gmt":"2025-12-02T22:35:00","guid":{"rendered":"https:\/\/www.em.com.br\/emfoco\/?p=134055"},"modified":"2025-12-01T14:46:06","modified_gmt":"2025-12-01T17:46:06","slug":"cabelo-brilhante-no-calor-sem-pesar-ou-fritar-no-sol-sim-e-possivel-com-esse-oleo","status":"publish","type":"post","link":"https:\/\/www.em.com.br\/emfoco\/2025\/12\/02\/cabelo-brilhante-no-calor-sem-pesar-ou-fritar-no-sol-sim-e-possivel-com-esse-oleo\/","title":{"rendered":"Cabelo brilhante no calor sem pesar ou fritar no sol? Sim, \u00e9 poss\u00edvel com esse \u00f3leo"},"content":{"rendered":"\n<p>Existe um <strong>\u00f3leo natural capaz de proteger o cabelo do sol<\/strong> sem deixar os fios pesados, oleosos ou r\u00edgidos, funcionando como um escudo nutritivo contra calor, ressecamento e raios UV, criando uma prote\u00e7\u00e3o quase invis\u00edvel e surpreendentemente eficiente.<\/p>\n\n\n\n<h2 class=\"wp-block-heading\">Qual \u00e9 o \u00f3leo leve que protege do sol sem deixar o cabelo pesado?<\/h2>\n\n\n\n<p>O destaque vai para o <strong>\u00f3leo de semente de uva<\/strong>, conhecido pela textura extremamente leve e pela r\u00e1pida absor\u00e7\u00e3o, permitindo criar uma camada protetora que blinda os fios contra danos solares sem comprometer movimento ou deixar apar\u00eancia oleosa.<\/p>\n\n\n\n<p>Esse \u00f3leo ainda \u00e9 rico em <strong><a href=\"https:\/\/www.tuasaude.com\/vitamina-e\/\" target=\"_blank\" rel=\"noreferrer noopener\">vitamina E<\/a><\/strong>, antioxidantes e \u00e1cidos graxos que fortalecem a fibra capilar, reparam a cut\u00edcula, reduzem o frizz e preservam o brilho mesmo ap\u00f3s longos per\u00edodos de exposi\u00e7\u00e3o ao sol intenso.<\/p>\n\n\n\n<figure class=\"wp-block-image size-large\"><img loading=\"lazy\" decoding=\"async\" width=\"1024\" height=\"576\" src=\"https:\/\/www.em.com.br\/emfoco\/wp-content\/uploads\/2025\/12\/IA-IMG-5-1024x576.jpg\" alt=\"Cabelo brilhante no calor sem pesar ou fritar no sol? Sim, \u00e9 poss\u00edvel com esse \u00f3leo\" class=\"wp-image-134109\" srcset=\"https:\/\/www.em.com.br\/emfoco\/wp-content\/uploads\/2025\/12\/IA-IMG-5-1024x576.jpg 1024w, https:\/\/www.em.com.br\/emfoco\/wp-content\/uploads\/2025\/12\/IA-IMG-5-300x169.jpg 300w, https:\/\/www.em.com.br\/emfoco\/wp-content\/uploads\/2025\/12\/IA-IMG-5-768x432.jpg 768w, https:\/\/www.em.com.br\/emfoco\/wp-content\/uploads\/2025\/12\/IA-IMG-5-750x422.jpg 750w, https:\/\/www.em.com.br\/emfoco\/wp-content\/uploads\/2025\/12\/IA-IMG-5-1140x641.jpg 1140w, https:\/\/www.em.com.br\/emfoco\/wp-content\/uploads\/2025\/12\/IA-IMG-5.jpg 1280w\" sizes=\"auto, (max-width: 1024px) 100vw, 1024px\" \/><figcaption class=\"wp-element-caption\">O \u00f3leo de semente de uva protege intensamente sem deixar oleosidade<\/figcaption><\/figure>\n\n\n\n<h2 class=\"wp-block-heading\">Por que o \u00f3leo de semente de uva \u00e9 melhor que outros \u00f3leos comuns?<\/h2>\n\n\n\n<p>Ao contr\u00e1rio de op\u00e7\u00f5es densas que deixam o cabelo pesado, o <strong>\u00f3leo leve<\/strong> funciona bem em fios finos, loiros, ondulados e oleosos, mantendo naturalidade e maleabilidade. Entre as principais vantagens est\u00e3o as que voc\u00ea v\u00ea a seguir.<\/p>\n\n\n\n<ul class=\"wp-block-list\">\n<li><strong>\u00c9 ultraleve e n\u00e3o pesa nos fios<\/strong>, sendo melhor que \u00f3leos densos como coco ou r\u00edcino, que deixam aspecto pesado e acumulado ao longo do dia.<\/li>\n\n\n\n<li><strong>Protege cabelos loiros da oxida\u00e7\u00e3o solar<\/strong>, evitando o amarelamento comum em \u00f3leos densos que escurecem e oxidam sob exposi\u00e7\u00e3o UV.<\/li>\n\n\n\n<li><strong>Garante acabamento natural mesmo no calor<\/strong>, permitindo uso di\u00e1rio sem oleosidade, ideal para quem tem fios finos ou com tend\u00eancia \u00e0 oleosidade.<\/li>\n<\/ul>\n\n\n\n<p><em>Leia mais: <strong><a href=\"https:\/\/www.em.com.br\/emfoco\/2025\/12\/01\/esse-vestido-minimalista-esta-conquistando-as-mulheres-por-valorizar-qualquer-tipo-de-corpo\/\" target=\"_blank\" rel=\"noreferrer noopener\">Esse vestido minimalista est\u00e1 conquistando as mulheres por valorizar qualquer tipo de corpo<\/a><\/strong><\/em><\/p>\n\n\n\n<h2 class=\"wp-block-heading\">Como aplicar o \u00f3leo de semente de uva para garantir prote\u00e7\u00e3o eficaz?<\/h2>\n\n\n\n<p>Para evitar excesso, \u00e9 ideal aquecer algumas gotas nas m\u00e3os e aplicar no <strong>comprimento<\/strong>, sempre longe da raiz, garantindo que apenas a \u00e1rea que sofre com o sol receba a prote\u00e7\u00e3o necess\u00e1ria sem comprometer o volume natural.<\/p>\n\n\n\n<p>A textura leve impede a <strong>oxida\u00e7\u00e3o<\/strong> que amarela o loiro e ainda funciona como prote\u00e7\u00e3o t\u00e9rmica natural, mantendo hidrata\u00e7\u00e3o e brilho ao longo do dia, especialmente em ambientes muito quentes e secos.<\/p>\n\n\n\n<p>Confira mais dicas compartilhadas pelo canal do TikTok <strong>@zigzagcachos<\/strong> de como utilizar o \u00f3leo de semente de uvas nos cabelos:<\/p>\n\n\n\n<blockquote class=\"tiktok-embed\" cite=\"https:\/\/www.tiktok.com\/@zigzagcachos\/video\/7209280105414167813\" data-video-id=\"7209280105414167813\" style=\"max-width: 605px;min-width: 325px;\" > <section> <a target=\"_blank\" title=\"@zigzagcachos\" href=\"https:\/\/www.tiktok.com\/@zigzagcachos?refer=embed\">@zigzagcachos<\/a> 3 formas de como usar o \u00d3leo de semente de uva. \u2022 O \u00f3leo de semente de uva  promove a\u00a0nutri\u00e7\u00e3o\u00a0e\u00a0hidrata\u00e7\u00e3o\u00a0dos fios, deixando-os mais brilhantes e bonitos. \u2022 Al\u00e9m disso, ele \u00e9 excelente para\u00a0prevenir a queda, diminuir a caspa\u00a0e tamb\u00e9m fortalecer os fios. \u2022 A vitamina E presente em sua composi\u00e7\u00e3o \u00e9 respons\u00e1vel por fazer o cabelo\u00a0crescer mais r\u00e1pido E a\u00ed voc\u00ea j\u00e1 conhecia os benef\u00edcios do nosso \u00f3leo queridinho? Conta pra mim qual a forma que vc mais usa o seu \u00f3leo ?  <a title=\"indicacao\" target=\"_blank\" href=\"https:\/\/www.tiktok.com\/tag\/indicacao?refer=embed\">#indicacao<\/a>  <a title=\"dicas\" target=\"_blank\" href=\"https:\/\/www.tiktok.com\/tag\/dicas?refer=embed\">#dicas<\/a> <a title=\"receitinha\" target=\"_blank\" href=\"https:\/\/www.tiktok.com\/tag\/receitinha?refer=embed\">#receitinha<\/a>  <a title=\"cabelo\" target=\"_blank\" href=\"https:\/\/www.tiktok.com\/tag\/cabelo?refer=embed\">#cabelo<\/a><a title=\"finalizacaodecachos\" target=\"_blank\" href=\"https:\/\/www.tiktok.com\/tag\/finalizacaodecachos?refer=embed\">#finalizacaodecachos<\/a> <a title=\"fitagem\" target=\"_blank\" href=\"https:\/\/www.tiktok.com\/tag\/fitagem?refer=embed\">#fitagem<\/a> <a title=\"cachosdefinidos\" target=\"_blank\" href=\"https:\/\/www.tiktok.com\/tag\/cachosdefinidos?refer=embed\">#cachosdefinidos<\/a> <a title=\"salaoafro\" target=\"_blank\" href=\"https:\/\/www.tiktok.com\/tag\/salaoafro?refer=embed\">#salaoafro<\/a> <a title=\"valparaisodegoias\" target=\"_blank\" href=\"https:\/\/www.tiktok.com\/tag\/valparaisodegoias?refer=embed\">#valparaisodegoias<\/a> <a target=\"_blank\" title=\"\u266c som original - Zig Zag Cachos\" href=\"https:\/\/www.tiktok.com\/music\/som-original-7209280115384732421?refer=embed\">\u266c som original &#8211; Zig Zag Cachos<\/a> <\/section> <\/blockquote> <script async src=\"https:\/\/www.tiktok.com\/embed.js\"><\/script>\n\n\n\n<h2 class=\"wp-block-heading\">Em quais situa\u00e7\u00f5es o \u00f3leo funciona melhor durante o dia?<\/h2>\n\n\n\n<p>Por ser de r\u00e1pida absor\u00e7\u00e3o e ter um efeito protetor cont\u00ednuo, o <strong>\u00f3leo natural<\/strong> pode ser usado antes da praia, piscina, secador ou em exposi\u00e7\u00f5es longas ao sol, garantindo blindagem constante. Entre os usos mais pr\u00e1ticos est\u00e3o as que voc\u00ea v\u00ea a seguir.<\/p>\n\n\n\n<ul class=\"wp-block-list\">\n<li><strong>Aplicar antes da praia ou piscina<\/strong> para criar um filme protetor que reduz ressecamento e protege contra sal e cloro.<\/li>\n\n\n\n<li><strong>Refor\u00e7ar pequenas gotas ao longo do dia<\/strong> em ambientes quentes, recuperando o brilho e mantendo hidrata\u00e7\u00e3o mesmo sob alta temperatura.<\/li>\n\n\n\n<li><strong>Usar ap\u00f3s o secador ou chapinha<\/strong> como prote\u00e7\u00e3o t\u00e9rmica, reduzindo frizz e evitando a forma\u00e7\u00e3o de pontas duplas.<\/li>\n<\/ul>\n\n\n\n<p>Proteger o cabelo do sol n\u00e3o precisa ser caro ou complicado: o \u00f3leo de semente de uva \u00e9 acess\u00edvel, eficiente e invis\u00edvel nos fios. Experimente hoje mesmo esse cuidado leve e atravessar o calor com cabelo saud\u00e1vel, brilhante e livre do peso dos produtos tradicionais.<\/p>\n\n\n\n<p><\/p>\n","protected":false},"excerpt":{"rendered":"<p>Existe um \u00f3leo natural capaz de proteger o cabelo do sol sem deixar os fios pesados, oleosos ou r\u00edgidos, funcionando como um escudo nutritivo contra calor, ressecamento e raios UV, criando uma prote\u00e7\u00e3o quase invis\u00edvel e surpreendentemente eficiente. Qual \u00e9 o \u00f3leo leve que protege do sol sem deixar o cabelo pesado? O destaque vai [&hellip;]<\/p>\n","protected":false},"author":13,"featured_media":134110,"comment_status":"open","ping_status":"open","sticky":false,"template":"","format":"standard","meta":{"jnews-multi-image_gallery":[],"jnews_single_post":{"format":"standard"},"jnews_primary_category":[],"jnews_social_meta":[],"jnews_override_counter":[],"footnotes":""},"categories":[8819],"tags":[712,4905,17484],"class_list":["post-134055","post","type-post","status-publish","format-standard","has-post-thumbnail","hentry","category-curiosidades","tag-autocuidado","tag-cabelo","tag-oleo-natural"],"yoast_head":"<!-- This site is optimized with the Yoast SEO plugin v23.8 - https:\/\/yoast.com\/wordpress\/plugins\/seo\/ -->\n<title>Cabelo brilhante no calor sem pesar ou fritar no sol? Sim, \u00e9 poss\u00edvel com esse \u00f3leo - Estado de Minas - Em foco<\/title>\n<meta name=\"description\" content=\"Esse \u00f3leo natural protege do sol sem deixar o cabelo oleoso, pesado ou duro. Veja o segredo leve e nutritivo para o ver\u00e3o.\" \/>\n<meta name=\"robots\" content=\"index, follow, max-snippet:-1, max-image-preview:large, max-video-preview:-1\" \/>\n<link rel=\"canonical\" href=\"https:\/\/www.em.com.br\/emfoco\/2025\/12\/02\/cabelo-brilhante-no-calor-sem-pesar-ou-fritar-no-sol-sim-e-possivel-com-esse-oleo\/\" \/>\n<meta property=\"og:locale\" content=\"pt_BR\" \/>\n<meta property=\"og:type\" content=\"article\" \/>\n<meta property=\"og:title\" content=\"Cabelo brilhante no calor sem pesar ou fritar no sol? Sim, \u00e9 poss\u00edvel com esse \u00f3leo - Estado de Minas - Em foco\" \/>\n<meta property=\"og:description\" content=\"Esse \u00f3leo natural protege do sol sem deixar o cabelo oleoso, pesado ou duro. Veja o segredo leve e nutritivo para o ver\u00e3o.\" \/>\n<meta property=\"og:url\" content=\"https:\/\/www.em.com.br\/emfoco\/2025\/12\/02\/cabelo-brilhante-no-calor-sem-pesar-ou-fritar-no-sol-sim-e-possivel-com-esse-oleo\/\" \/>\n<meta property=\"og:site_name\" content=\"Estado de Minas - Em foco\" \/>\n<meta property=\"article:published_time\" content=\"2025-12-02T22:35:00+00:00\" \/>\n<meta property=\"article:modified_time\" content=\"2025-12-01T17:46:06+00:00\" \/>\n<meta property=\"og:image\" content=\"https:\/\/www.em.com.br\/emfoco\/wp-content\/uploads\/2025\/12\/mosaico_1764611088452.jpg\" \/>\n\t<meta property=\"og:image:width\" content=\"1280\" \/>\n\t<meta property=\"og:image:height\" content=\"720\" \/>\n\t<meta property=\"og:image:type\" content=\"image\/jpeg\" \/>\n<meta name=\"author\" content=\"Gabriel Martins\" \/>\n<meta name=\"twitter:card\" content=\"summary_large_image\" \/>\n<meta name=\"twitter:label1\" content=\"Escrito por\" \/>\n\t<meta name=\"twitter:data1\" content=\"Gabriel Martins\" \/>\n\t<meta name=\"twitter:label2\" content=\"Est. tempo de leitura\" \/>\n\t<meta name=\"twitter:data2\" content=\"4 minutos\" \/>\n<!-- \/ Yoast SEO plugin. -->","yoast_head_json":{"title":"Cabelo brilhante no calor sem pesar ou fritar no sol? Sim, \u00e9 poss\u00edvel com esse \u00f3leo - Estado de Minas - Em foco","description":"Esse \u00f3leo natural protege do sol sem deixar o cabelo oleoso, pesado ou duro. Veja o segredo leve e nutritivo para o ver\u00e3o.","robots":{"index":"index","follow":"follow","max-snippet":"max-snippet:-1","max-image-preview":"max-image-preview:large","max-video-preview":"max-video-preview:-1"},"canonical":"https:\/\/www.em.com.br\/emfoco\/2025\/12\/02\/cabelo-brilhante-no-calor-sem-pesar-ou-fritar-no-sol-sim-e-possivel-com-esse-oleo\/","og_locale":"pt_BR","og_type":"article","og_title":"Cabelo brilhante no calor sem pesar ou fritar no sol? Sim, \u00e9 poss\u00edvel com esse \u00f3leo - Estado de Minas - Em foco","og_description":"Esse \u00f3leo natural protege do sol sem deixar o cabelo oleoso, pesado ou duro. Veja o segredo leve e nutritivo para o ver\u00e3o.","og_url":"https:\/\/www.em.com.br\/emfoco\/2025\/12\/02\/cabelo-brilhante-no-calor-sem-pesar-ou-fritar-no-sol-sim-e-possivel-com-esse-oleo\/","og_site_name":"Estado de Minas - Em foco","article_published_time":"2025-12-02T22:35:00+00:00","article_modified_time":"2025-12-01T17:46:06+00:00","og_image":[{"width":1280,"height":720,"url":"https:\/\/www.em.com.br\/emfoco\/wp-content\/uploads\/2025\/12\/mosaico_1764611088452.jpg","type":"image\/jpeg"}],"author":"Gabriel Martins","twitter_card":"summary_large_image","twitter_misc":{"Escrito por":"Gabriel Martins","Est. tempo de leitura":"4 minutos"},"schema":{"@context":"https:\/\/schema.org","@graph":[{"@type":"WebPage","@id":"https:\/\/www.em.com.br\/emfoco\/2025\/12\/02\/cabelo-brilhante-no-calor-sem-pesar-ou-fritar-no-sol-sim-e-possivel-com-esse-oleo\/","url":"https:\/\/www.em.com.br\/emfoco\/2025\/12\/02\/cabelo-brilhante-no-calor-sem-pesar-ou-fritar-no-sol-sim-e-possivel-com-esse-oleo\/","name":"Cabelo brilhante no calor sem pesar ou fritar no sol? Sim, \u00e9 poss\u00edvel com esse \u00f3leo - Estado de Minas - Em foco","isPartOf":{"@id":"https:\/\/www.em.com.br\/emfoco\/#website"},"primaryImageOfPage":{"@id":"https:\/\/www.em.com.br\/emfoco\/2025\/12\/02\/cabelo-brilhante-no-calor-sem-pesar-ou-fritar-no-sol-sim-e-possivel-com-esse-oleo\/#primaryimage"},"image":{"@id":"https:\/\/www.em.com.br\/emfoco\/2025\/12\/02\/cabelo-brilhante-no-calor-sem-pesar-ou-fritar-no-sol-sim-e-possivel-com-esse-oleo\/#primaryimage"},"thumbnailUrl":"https:\/\/www.em.com.br\/emfoco\/wp-content\/uploads\/2025\/12\/mosaico_1764611088452.jpg","datePublished":"2025-12-02T22:35:00+00:00","dateModified":"2025-12-01T17:46:06+00:00","author":{"@id":"https:\/\/www.em.com.br\/emfoco\/#\/schema\/person\/1c9ddeab18b98abeffef834667bcf08a"},"description":"Esse \u00f3leo natural protege do sol sem deixar o cabelo oleoso, pesado ou duro. Veja o segredo leve e nutritivo para o ver\u00e3o.","breadcrumb":{"@id":"https:\/\/www.em.com.br\/emfoco\/2025\/12\/02\/cabelo-brilhante-no-calor-sem-pesar-ou-fritar-no-sol-sim-e-possivel-com-esse-oleo\/#breadcrumb"},"inLanguage":"pt-BR","potentialAction":[{"@type":"ReadAction","target":["https:\/\/www.em.com.br\/emfoco\/2025\/12\/02\/cabelo-brilhante-no-calor-sem-pesar-ou-fritar-no-sol-sim-e-possivel-com-esse-oleo\/"]}]},{"@type":"ImageObject","inLanguage":"pt-BR","@id":"https:\/\/www.em.com.br\/emfoco\/2025\/12\/02\/cabelo-brilhante-no-calor-sem-pesar-ou-fritar-no-sol-sim-e-possivel-com-esse-oleo\/#primaryimage","url":"https:\/\/www.em.com.br\/emfoco\/wp-content\/uploads\/2025\/12\/mosaico_1764611088452.jpg","contentUrl":"https:\/\/www.em.com.br\/emfoco\/wp-content\/uploads\/2025\/12\/mosaico_1764611088452.jpg","width":1280,"height":720,"caption":"Um \u00f3leo leve pode proteger do sol sem pesar nos fios - Cr\u00e9ditos: depositphotos.com \/ Oksana6299956 - Cr\u00e9ditos: depositphotos.com \/ VitalikRadko"},{"@type":"BreadcrumbList","@id":"https:\/\/www.em.com.br\/emfoco\/2025\/12\/02\/cabelo-brilhante-no-calor-sem-pesar-ou-fritar-no-sol-sim-e-possivel-com-esse-oleo\/#breadcrumb","itemListElement":[{"@type":"ListItem","position":1,"name":"In\u00edcio","item":"https:\/\/www.em.com.br\/emfoco\/"},{"@type":"ListItem","position":2,"name":"Cabelo brilhante no calor sem pesar ou fritar no sol? Sim, \u00e9 poss\u00edvel com esse \u00f3leo"}]},{"@type":"WebSite","@id":"https:\/\/www.em.com.br\/emfoco\/#website","url":"https:\/\/www.em.com.br\/emfoco\/","name":"Estado de Minas - Em foco","description":"Acompanhe as \u00faltimas not\u00edcias e fique bem informado sobre tudo o que acontece em Minas Gerais, Brasil e no mundo.","potentialAction":[{"@type":"SearchAction","target":{"@type":"EntryPoint","urlTemplate":"https:\/\/www.em.com.br\/emfoco\/?s={search_term_string}"},"query-input":{"@type":"PropertyValueSpecification","valueRequired":true,"valueName":"search_term_string"}}],"inLanguage":"pt-BR"},{"@type":"Person","@id":"https:\/\/www.em.com.br\/emfoco\/#\/schema\/person\/1c9ddeab18b98abeffef834667bcf08a","name":"Gabriel Martins","image":{"@type":"ImageObject","inLanguage":"pt-BR","@id":"https:\/\/www.em.com.br\/emfoco\/#\/schema\/person\/image\/","url":"https:\/\/secure.gravatar.com\/avatar\/f0f1e2efdfd88f1ad2cb08c5c2731e50?s=96&d=mm&r=g","contentUrl":"https:\/\/secure.gravatar.com\/avatar\/f0f1e2efdfd88f1ad2cb08c5c2731e50?s=96&d=mm&r=g","caption":"Gabriel Martins"},"sameAs":["https:\/\/www.em.com.br\/emfoco\/"],"url":"https:\/\/www.em.com.br\/emfoco\/author\/gabrielmartinsmyth\/"}]}},"_links":{"self":[{"href":"https:\/\/www.em.com.br\/emfoco\/wp-json\/wp\/v2\/posts\/134055","targetHints":{"allow":["GET"]}}],"collection":[{"href":"https:\/\/www.em.com.br\/emfoco\/wp-json\/wp\/v2\/posts"}],"about":[{"href":"https:\/\/www.em.com.br\/emfoco\/wp-json\/wp\/v2\/types\/post"}],"author":[{"embeddable":true,"href":"https:\/\/www.em.com.br\/emfoco\/wp-json\/wp\/v2\/users\/13"}],"replies":[{"embeddable":true,"href":"https:\/\/www.em.com.br\/emfoco\/wp-json\/wp\/v2\/comments?post=134055"}],"version-history":[{"count":1,"href":"https:\/\/www.em.com.br\/emfoco\/wp-json\/wp\/v2\/posts\/134055\/revisions"}],"predecessor-version":[{"id":134111,"href":"https:\/\/www.em.com.br\/emfoco\/wp-json\/wp\/v2\/posts\/134055\/revisions\/134111"}],"wp:featuredmedia":[{"embeddable":true,"href":"https:\/\/www.em.com.br\/emfoco\/wp-json\/wp\/v2\/media\/134110"}],"wp:attachment":[{"href":"https:\/\/www.em.com.br\/emfoco\/wp-json\/wp\/v2\/media?parent=134055"}],"wp:term":[{"taxonomy":"category","embeddable":true,"href":"https:\/\/www.em.com.br\/emfoco\/wp-json\/wp\/v2\/categories?post=134055"},{"taxonomy":"post_tag","embeddable":true,"href":"https:\/\/www.em.com.br\/emfoco\/wp-json\/wp\/v2\/tags?post=134055"}],"curies":[{"name":"wp","href":"https:\/\/api.w.org\/{rel}","templated":true}]}}