{"id":134052,"date":"2025-12-02T17:15:00","date_gmt":"2025-12-02T20:15:00","guid":{"rendered":"https:\/\/www.em.com.br\/emfoco\/?p=134052"},"modified":"2025-12-01T14:31:47","modified_gmt":"2025-12-01T17:31:47","slug":"geladeira-perto-do-fogao-pode-aumentar-sua-conta-de-luz-e-voce-nem-imaginava","status":"publish","type":"post","link":"https:\/\/www.em.com.br\/emfoco\/2025\/12\/02\/geladeira-perto-do-fogao-pode-aumentar-sua-conta-de-luz-e-voce-nem-imaginava\/","title":{"rendered":"Geladeira perto do fog\u00e3o pode aumentar sua conta de luz e voc\u00ea nem imaginava"},"content":{"rendered":"\n<p>Ter a <strong>geladeira perto do fog\u00e3o<\/strong> \u00e9 um erro comum em muitas cozinhas brasileiras e pode estar elevando sua conta de luz sem que voc\u00ea perceba, j\u00e1 que o calor constante interfere diretamente no desempenho do refrigerador.<\/p>\n\n\n\n<h2 class=\"wp-block-heading\">Por que a geladeira consome mais quando fica perto do fog\u00e3o?<\/h2>\n\n\n\n<p>A proximidade com o fog\u00e3o aumenta a temperatura externa e faz o compressor trabalhar mais, j\u00e1 que o <strong>sensor interno<\/strong> identifica o calor e aciona ciclos de refrigera\u00e7\u00e3o repetidamente para manter o interior est\u00e1vel.<\/p>\n\n\n\n<p>Al\u00e9m disso, o vapor e o calor das panelas afetam a <strong>efici\u00eancia t\u00e9rmica<\/strong> do eletrodom\u00e9stico, obrigando o motor a funcionar por mais tempo e elevando o consumo mensal, especialmente em cozinhas pequenas e pouco ventiladas.<\/p>\n\n\n\n<figure class=\"wp-block-image size-large\"><img loading=\"lazy\" decoding=\"async\" width=\"1024\" height=\"576\" src=\"https:\/\/www.em.com.br\/emfoco\/wp-content\/uploads\/2025\/12\/mosaico_1764610233424-1024x576.jpg\" alt=\"Geladeira perto do fog\u00e3o pode aumentar sua conta de luz e voc\u00ea nem imaginava\" class=\"wp-image-134085\" srcset=\"https:\/\/www.em.com.br\/emfoco\/wp-content\/uploads\/2025\/12\/mosaico_1764610233424-1024x576.jpg 1024w, https:\/\/www.em.com.br\/emfoco\/wp-content\/uploads\/2025\/12\/mosaico_1764610233424-300x169.jpg 300w, https:\/\/www.em.com.br\/emfoco\/wp-content\/uploads\/2025\/12\/mosaico_1764610233424-768x432.jpg 768w, https:\/\/www.em.com.br\/emfoco\/wp-content\/uploads\/2025\/12\/mosaico_1764610233424-750x422.jpg 750w, https:\/\/www.em.com.br\/emfoco\/wp-content\/uploads\/2025\/12\/mosaico_1764610233424-1140x641.jpg 1140w, https:\/\/www.em.com.br\/emfoco\/wp-content\/uploads\/2025\/12\/mosaico_1764610233424.jpg 1280w\" sizes=\"auto, (max-width: 1024px) 100vw, 1024px\" \/><figcaption class=\"wp-element-caption\">O calor constante ativa o compressor repetidamente e ele gasta mais &#8211; Cr\u00e9ditos: depositphotos.com \/ serezniy &#8211; Cr\u00e9ditos: depositphotos.com \/ satur73<\/figcaption><\/figure>\n\n\n\n<h2 class=\"wp-block-heading\">Quais problemas essa combina\u00e7\u00e3o pode causar no dia a dia?<\/h2>\n\n\n\n<p>O posicionamento errado provoca esfor\u00e7o cont\u00ednuo no <strong>compressor<\/strong>, desgaste acelerado e aumento vis\u00edvel na conta de luz, causando impactos que passam despercebidos. Entre os principais problemas est\u00e3o os que voc\u00ea v\u00ea a seguir.<\/p>\n\n\n\n<ul class=\"wp-block-list\">\n<li>Aquecimento lateral constante que for\u00e7a ciclos mais longos<\/li>\n\n\n\n<li>Vazamento de ar frio por desgaste da borracha da porta<\/li>\n\n\n\n<li>Desbalanceamento t\u00e9rmico que reduz a vida \u00fatil do motor<\/li>\n<\/ul>\n\n\n\n<p><em>Leia mais: <strong><a href=\"https:\/\/www.em.com.br\/emfoco\/2025\/11\/29\/o-eletrodomestico-que-pode-dobrar-sua-conta-de-luz-sem-voce-desconfiar\/\" target=\"_blank\" rel=\"noreferrer noopener\">O eletrodom\u00e9stico que pode dobrar sua conta de luz sem voc\u00ea desconfiar<\/a><\/strong><\/em><\/p>\n\n\n\n<h2 class=\"wp-block-heading\">Qual \u00e9 a dist\u00e2ncia ideal para evitar que o consumo aumente?<\/h2>\n\n\n\n<p>Para reduzir o impacto do calor, manter entre 30 e 60 cm de dist\u00e2ncia \u00e9 o recomendado, pois essa <strong>separa\u00e7\u00e3o t\u00e9rmica<\/strong> impede que o fog\u00e3o transfira calor direto para as laterais da geladeira e afete o resfriamento.<\/p>\n\n\n\n<p>Superf\u00edcies quentes, como panelas e frigideiras, ainda prejudicam a <strong>veda\u00e7\u00e3o da porta<\/strong>, criando micro vazamentos de ar frio que fazem o compressor trabalhar em ciclos mais intensos e muito mais frequentes.<\/p>\n\n\n\n<figure class=\"wp-block-image size-large\"><img loading=\"lazy\" decoding=\"async\" width=\"1024\" height=\"576\" src=\"https:\/\/www.em.com.br\/emfoco\/wp-content\/uploads\/2025\/12\/Geladeira-fogao_1764610281078-1024x576.jpg\" alt=\"Geladeira perto do fog\u00e3o pode aumentar sua conta de luz e voc\u00ea nem imaginava\" class=\"wp-image-134086\" srcset=\"https:\/\/www.em.com.br\/emfoco\/wp-content\/uploads\/2025\/12\/Geladeira-fogao_1764610281078-1024x576.jpg 1024w, https:\/\/www.em.com.br\/emfoco\/wp-content\/uploads\/2025\/12\/Geladeira-fogao_1764610281078-300x169.jpg 300w, https:\/\/www.em.com.br\/emfoco\/wp-content\/uploads\/2025\/12\/Geladeira-fogao_1764610281078-768x432.jpg 768w, https:\/\/www.em.com.br\/emfoco\/wp-content\/uploads\/2025\/12\/Geladeira-fogao_1764610281078-750x422.jpg 750w, https:\/\/www.em.com.br\/emfoco\/wp-content\/uploads\/2025\/12\/Geladeira-fogao_1764610281078-1140x641.jpg 1140w, https:\/\/www.em.com.br\/emfoco\/wp-content\/uploads\/2025\/12\/Geladeira-fogao_1764610281078.jpg 1280w\" sizes=\"auto, (max-width: 1024px) 100vw, 1024px\" \/><figcaption class=\"wp-element-caption\">Separar os eletros reduz calor lateral e melhora a efici\u00eancia t\u00e9rmica &#8211; Cr\u00e9ditos: depositphotos.com \/ HayDmitriy<\/figcaption><\/figure>\n\n\n\n<h2 class=\"wp-block-heading\">O que fazer se voc\u00ea n\u00e3o pode mudar a geladeira de lugar?<\/h2>\n\n\n\n<p>Quando a realoca\u00e7\u00e3o n\u00e3o \u00e9 poss\u00edvel, algumas solu\u00e7\u00f5es ajudam a diminuir o impacto do calor no <strong><a href=\"https:\/\/catracalivre.com.br\/entretenimento\/entenda-de-vez-se-geladeira-cheia-gasta-mais-energia\/\" target=\"_blank\" rel=\"noreferrer noopener\">desempenho energ\u00e9tico<\/a><\/strong> da geladeira e evitam gastos extras no fim do m\u00eas. Entre as mais pr\u00e1ticas est\u00e3o as que voc\u00ea v\u00ea a seguir.<\/p>\n\n\n\n<ul class=\"wp-block-list\">\n<li>Instalar barreiras t\u00e9rmicas ou adesivos isolantes laterais<\/li>\n\n\n\n<li>Usar as bocas mais afastadas do refrigerador ao cozinhar<\/li>\n\n\n\n<li>Garantir ventila\u00e7\u00e3o nas laterais e limpar a grade traseira regularmente<\/li>\n<\/ul>\n\n\n\n<p>Organizar a posi\u00e7\u00e3o dos eletrodom\u00e9sticos faz diferen\u00e7a direta na sua conta de luz e pequenas mudan\u00e7as podem gerar economia imediata. Ajustar hoje a disposi\u00e7\u00e3o da cozinha \u00e9 o caminho mais r\u00e1pido para sentir o al\u00edvio no bolso j\u00e1 no pr\u00f3ximo m\u00eas.<\/p>\n","protected":false},"excerpt":{"rendered":"<p>Ter a geladeira perto do fog\u00e3o \u00e9 um erro comum em muitas cozinhas brasileiras e pode estar elevando sua conta de luz sem que voc\u00ea perceba, j\u00e1 que o calor constante interfere diretamente no desempenho do refrigerador. Por que a geladeira consome mais quando fica perto do fog\u00e3o? A proximidade com o fog\u00e3o aumenta a [&hellip;]<\/p>\n","protected":false},"author":13,"featured_media":134083,"comment_status":"open","ping_status":"open","sticky":false,"template":"","format":"standard","meta":{"jnews-multi-image_gallery":[],"jnews_single_post":{"format":"standard"},"jnews_primary_category":[],"jnews_social_meta":[],"jnews_override_counter":[],"footnotes":""},"categories":[8819],"tags":[1018,8346,7291],"class_list":["post-134052","post","type-post","status-publish","format-standard","has-post-thumbnail","hentry","category-curiosidades","tag-conta-de-luz","tag-fogao","tag-geladeira"],"yoast_head":"<!-- This site is optimized with the Yoast SEO plugin v23.8 - https:\/\/yoast.com\/wordpress\/plugins\/seo\/ -->\n<title>Geladeira perto do fog\u00e3o pode aumentar sua conta de luz e voc\u00ea nem imaginava - Estado de Minas - Em foco<\/title>\n<meta name=\"description\" content=\"Sua conta de luz pode estar subindo por causa da posi\u00e7\u00e3o errada da geladeira. Veja o que dizem os especialistas e como evitar esse erro.\" \/>\n<meta name=\"robots\" content=\"index, follow, max-snippet:-1, max-image-preview:large, max-video-preview:-1\" \/>\n<link rel=\"canonical\" href=\"https:\/\/www.em.com.br\/emfoco\/2025\/12\/02\/geladeira-perto-do-fogao-pode-aumentar-sua-conta-de-luz-e-voce-nem-imaginava\/\" \/>\n<meta property=\"og:locale\" content=\"pt_BR\" \/>\n<meta property=\"og:type\" content=\"article\" \/>\n<meta property=\"og:title\" content=\"Geladeira perto do fog\u00e3o pode aumentar sua conta de luz e voc\u00ea nem imaginava - Estado de Minas - Em foco\" \/>\n<meta property=\"og:description\" content=\"Sua conta de luz pode estar subindo por causa da posi\u00e7\u00e3o errada da geladeira. Veja o que dizem os especialistas e como evitar esse erro.\" \/>\n<meta property=\"og:url\" content=\"https:\/\/www.em.com.br\/emfoco\/2025\/12\/02\/geladeira-perto-do-fogao-pode-aumentar-sua-conta-de-luz-e-voce-nem-imaginava\/\" \/>\n<meta property=\"og:site_name\" content=\"Estado de Minas - Em foco\" \/>\n<meta property=\"article:published_time\" content=\"2025-12-02T20:15:00+00:00\" \/>\n<meta property=\"article:modified_time\" content=\"2025-12-01T17:31:47+00:00\" \/>\n<meta property=\"og:image\" content=\"https:\/\/www.em.com.br\/emfoco\/wp-content\/uploads\/2025\/12\/IA-IMG-3.jpg\" \/>\n\t<meta property=\"og:image:width\" content=\"1280\" \/>\n\t<meta property=\"og:image:height\" content=\"720\" \/>\n\t<meta property=\"og:image:type\" content=\"image\/jpeg\" \/>\n<meta name=\"author\" content=\"Gabriel Martins\" \/>\n<meta name=\"twitter:card\" content=\"summary_large_image\" \/>\n<meta name=\"twitter:label1\" content=\"Escrito por\" \/>\n\t<meta name=\"twitter:data1\" content=\"Gabriel Martins\" \/>\n\t<meta name=\"twitter:label2\" content=\"Est. tempo de leitura\" \/>\n\t<meta name=\"twitter:data2\" content=\"3 minutos\" \/>\n<!-- \/ Yoast SEO plugin. -->","yoast_head_json":{"title":"Geladeira perto do fog\u00e3o pode aumentar sua conta de luz e voc\u00ea nem imaginava - Estado de Minas - Em foco","description":"Sua conta de luz pode estar subindo por causa da posi\u00e7\u00e3o errada da geladeira. Veja o que dizem os especialistas e como evitar esse erro.","robots":{"index":"index","follow":"follow","max-snippet":"max-snippet:-1","max-image-preview":"max-image-preview:large","max-video-preview":"max-video-preview:-1"},"canonical":"https:\/\/www.em.com.br\/emfoco\/2025\/12\/02\/geladeira-perto-do-fogao-pode-aumentar-sua-conta-de-luz-e-voce-nem-imaginava\/","og_locale":"pt_BR","og_type":"article","og_title":"Geladeira perto do fog\u00e3o pode aumentar sua conta de luz e voc\u00ea nem imaginava - Estado de Minas - Em foco","og_description":"Sua conta de luz pode estar subindo por causa da posi\u00e7\u00e3o errada da geladeira. Veja o que dizem os especialistas e como evitar esse erro.","og_url":"https:\/\/www.em.com.br\/emfoco\/2025\/12\/02\/geladeira-perto-do-fogao-pode-aumentar-sua-conta-de-luz-e-voce-nem-imaginava\/","og_site_name":"Estado de Minas - Em foco","article_published_time":"2025-12-02T20:15:00+00:00","article_modified_time":"2025-12-01T17:31:47+00:00","og_image":[{"width":1280,"height":720,"url":"https:\/\/www.em.com.br\/emfoco\/wp-content\/uploads\/2025\/12\/IA-IMG-3.jpg","type":"image\/jpeg"}],"author":"Gabriel Martins","twitter_card":"summary_large_image","twitter_misc":{"Escrito por":"Gabriel Martins","Est. tempo de leitura":"3 minutos"},"schema":{"@context":"https:\/\/schema.org","@graph":[{"@type":"WebPage","@id":"https:\/\/www.em.com.br\/emfoco\/2025\/12\/02\/geladeira-perto-do-fogao-pode-aumentar-sua-conta-de-luz-e-voce-nem-imaginava\/","url":"https:\/\/www.em.com.br\/emfoco\/2025\/12\/02\/geladeira-perto-do-fogao-pode-aumentar-sua-conta-de-luz-e-voce-nem-imaginava\/","name":"Geladeira perto do fog\u00e3o pode aumentar sua conta de luz e voc\u00ea nem imaginava - Estado de Minas - Em foco","isPartOf":{"@id":"https:\/\/www.em.com.br\/emfoco\/#website"},"primaryImageOfPage":{"@id":"https:\/\/www.em.com.br\/emfoco\/2025\/12\/02\/geladeira-perto-do-fogao-pode-aumentar-sua-conta-de-luz-e-voce-nem-imaginava\/#primaryimage"},"image":{"@id":"https:\/\/www.em.com.br\/emfoco\/2025\/12\/02\/geladeira-perto-do-fogao-pode-aumentar-sua-conta-de-luz-e-voce-nem-imaginava\/#primaryimage"},"thumbnailUrl":"https:\/\/www.em.com.br\/emfoco\/wp-content\/uploads\/2025\/12\/IA-IMG-3.jpg","datePublished":"2025-12-02T20:15:00+00:00","dateModified":"2025-12-01T17:31:47+00:00","author":{"@id":"https:\/\/www.em.com.br\/emfoco\/#\/schema\/person\/1c9ddeab18b98abeffef834667bcf08a"},"description":"Sua conta de luz pode estar subindo por causa da posi\u00e7\u00e3o errada da geladeira. Veja o que dizem os especialistas e como evitar esse erro.","breadcrumb":{"@id":"https:\/\/www.em.com.br\/emfoco\/2025\/12\/02\/geladeira-perto-do-fogao-pode-aumentar-sua-conta-de-luz-e-voce-nem-imaginava\/#breadcrumb"},"inLanguage":"pt-BR","potentialAction":[{"@type":"ReadAction","target":["https:\/\/www.em.com.br\/emfoco\/2025\/12\/02\/geladeira-perto-do-fogao-pode-aumentar-sua-conta-de-luz-e-voce-nem-imaginava\/"]}]},{"@type":"ImageObject","inLanguage":"pt-BR","@id":"https:\/\/www.em.com.br\/emfoco\/2025\/12\/02\/geladeira-perto-do-fogao-pode-aumentar-sua-conta-de-luz-e-voce-nem-imaginava\/#primaryimage","url":"https:\/\/www.em.com.br\/emfoco\/wp-content\/uploads\/2025\/12\/IA-IMG-3.jpg","contentUrl":"https:\/\/www.em.com.br\/emfoco\/wp-content\/uploads\/2025\/12\/IA-IMG-3.jpg","width":1280,"height":720,"caption":"A geladeira perto do fog\u00e3o aumenta o consumo sem voc\u00ea notar"},{"@type":"BreadcrumbList","@id":"https:\/\/www.em.com.br\/emfoco\/2025\/12\/02\/geladeira-perto-do-fogao-pode-aumentar-sua-conta-de-luz-e-voce-nem-imaginava\/#breadcrumb","itemListElement":[{"@type":"ListItem","position":1,"name":"In\u00edcio","item":"https:\/\/www.em.com.br\/emfoco\/"},{"@type":"ListItem","position":2,"name":"Geladeira perto do fog\u00e3o pode aumentar sua conta de luz e voc\u00ea nem imaginava"}]},{"@type":"WebSite","@id":"https:\/\/www.em.com.br\/emfoco\/#website","url":"https:\/\/www.em.com.br\/emfoco\/","name":"Estado de Minas - Em foco","description":"Acompanhe as \u00faltimas not\u00edcias e fique bem informado sobre tudo o que acontece em Minas Gerais, Brasil e no mundo.","potentialAction":[{"@type":"SearchAction","target":{"@type":"EntryPoint","urlTemplate":"https:\/\/www.em.com.br\/emfoco\/?s={search_term_string}"},"query-input":{"@type":"PropertyValueSpecification","valueRequired":true,"valueName":"search_term_string"}}],"inLanguage":"pt-BR"},{"@type":"Person","@id":"https:\/\/www.em.com.br\/emfoco\/#\/schema\/person\/1c9ddeab18b98abeffef834667bcf08a","name":"Gabriel Martins","image":{"@type":"ImageObject","inLanguage":"pt-BR","@id":"https:\/\/www.em.com.br\/emfoco\/#\/schema\/person\/image\/","url":"https:\/\/secure.gravatar.com\/avatar\/f0f1e2efdfd88f1ad2cb08c5c2731e50?s=96&d=mm&r=g","contentUrl":"https:\/\/secure.gravatar.com\/avatar\/f0f1e2efdfd88f1ad2cb08c5c2731e50?s=96&d=mm&r=g","caption":"Gabriel Martins"},"sameAs":["https:\/\/www.em.com.br\/emfoco\/"],"url":"https:\/\/www.em.com.br\/emfoco\/author\/gabrielmartinsmyth\/"}]}},"_links":{"self":[{"href":"https:\/\/www.em.com.br\/emfoco\/wp-json\/wp\/v2\/posts\/134052","targetHints":{"allow":["GET"]}}],"collection":[{"href":"https:\/\/www.em.com.br\/emfoco\/wp-json\/wp\/v2\/posts"}],"about":[{"href":"https:\/\/www.em.com.br\/emfoco\/wp-json\/wp\/v2\/types\/post"}],"author":[{"embeddable":true,"href":"https:\/\/www.em.com.br\/emfoco\/wp-json\/wp\/v2\/users\/13"}],"replies":[{"embeddable":true,"href":"https:\/\/www.em.com.br\/emfoco\/wp-json\/wp\/v2\/comments?post=134052"}],"version-history":[{"count":1,"href":"https:\/\/www.em.com.br\/emfoco\/wp-json\/wp\/v2\/posts\/134052\/revisions"}],"predecessor-version":[{"id":134087,"href":"https:\/\/www.em.com.br\/emfoco\/wp-json\/wp\/v2\/posts\/134052\/revisions\/134087"}],"wp:featuredmedia":[{"embeddable":true,"href":"https:\/\/www.em.com.br\/emfoco\/wp-json\/wp\/v2\/media\/134083"}],"wp:attachment":[{"href":"https:\/\/www.em.com.br\/emfoco\/wp-json\/wp\/v2\/media?parent=134052"}],"wp:term":[{"taxonomy":"category","embeddable":true,"href":"https:\/\/www.em.com.br\/emfoco\/wp-json\/wp\/v2\/categories?post=134052"},{"taxonomy":"post_tag","embeddable":true,"href":"https:\/\/www.em.com.br\/emfoco\/wp-json\/wp\/v2\/tags?post=134052"}],"curies":[{"name":"wp","href":"https:\/\/api.w.org\/{rel}","templated":true}]}}