{"id":134051,"date":"2025-12-02T16:15:00","date_gmt":"2025-12-02T19:15:00","guid":{"rendered":"https:\/\/www.em.com.br\/emfoco\/?p=134051"},"modified":"2025-12-01T14:27:01","modified_gmt":"2025-12-01T17:27:01","slug":"esse-habito-com-o-ar-condicionado-pode-estar-custando-metade-da-sua-conta-de-luz","status":"publish","type":"post","link":"https:\/\/www.em.com.br\/emfoco\/2025\/12\/02\/esse-habito-com-o-ar-condicionado-pode-estar-custando-metade-da-sua-conta-de-luz\/","title":{"rendered":"Esse h\u00e1bito com o ar-condicionado pode estar custando metade da sua conta de luz"},"content":{"rendered":"\n<p>Existe um h\u00e1bito muito comum ao usar o <strong>ar-condicionado<\/strong> que pode estar aumentando o valor da sua conta de luz sem que voc\u00ea perceba. Especialistas alertam que pequenas configura\u00e7\u00f5es e pr\u00e1ticas equivocadas fazem o aparelho trabalhar pesado o tempo todo, gerando gastos desnecess\u00e1rios no m\u00eas.<\/p>\n\n\n\n<h2 class=\"wp-block-heading\">Por que certas pr\u00e1ticas fazem o aparelho gastar mais energia?<\/h2>\n\n\n\n<p>Muita gente acredita que desligar o equipamento v\u00e1rias vezes economiza, mas o <a href=\"https:\/\/www.ifsc.edu.br\/web\/ifsc-verifica\/w\/como-cuidar-do-seu-ar-condicionado\" target=\"_blank\" rel=\"noreferrer noopener\"><strong>compressor<\/strong> <\/a>precisa de muito esfor\u00e7o para resfriar o c\u00f4modo do zero sempre que \u00e9 religado. Isso consome mais energia do que manter a temperatura est\u00e1vel ao longo do uso.<\/p>\n\n\n\n<p>Colocar a temperatura no m\u00ednimo absoluto e usar a fun\u00e7\u00e3o <strong>turbo<\/strong> continuamente tamb\u00e9m obriga o sistema a operar no m\u00e1ximo o tempo inteiro. Assim, o gasto fica muito maior do que manter um ajuste confort\u00e1vel e constante.<\/p>\n\n\n\n<figure class=\"wp-block-image size-large\"><img loading=\"lazy\" decoding=\"async\" width=\"1024\" height=\"576\" src=\"https:\/\/www.em.com.br\/emfoco\/wp-content\/uploads\/2025\/12\/ar-condicionado_1764609948341-1024x576.jpg\" alt=\"Esse h\u00e1bito com o ar-condicionado pode estar custando metade da sua conta de luz\" class=\"wp-image-134078\" srcset=\"https:\/\/www.em.com.br\/emfoco\/wp-content\/uploads\/2025\/12\/ar-condicionado_1764609948341-1024x576.jpg 1024w, https:\/\/www.em.com.br\/emfoco\/wp-content\/uploads\/2025\/12\/ar-condicionado_1764609948341-300x169.jpg 300w, https:\/\/www.em.com.br\/emfoco\/wp-content\/uploads\/2025\/12\/ar-condicionado_1764609948341-768x432.jpg 768w, https:\/\/www.em.com.br\/emfoco\/wp-content\/uploads\/2025\/12\/ar-condicionado_1764609948341-750x422.jpg 750w, https:\/\/www.em.com.br\/emfoco\/wp-content\/uploads\/2025\/12\/ar-condicionado_1764609948341-1140x641.jpg 1140w, https:\/\/www.em.com.br\/emfoco\/wp-content\/uploads\/2025\/12\/ar-condicionado_1764609948341.jpg 1280w\" sizes=\"auto, (max-width: 1024px) 100vw, 1024px\" \/><figcaption class=\"wp-element-caption\">Religar o ar v\u00e1rias vezes exige esfor\u00e7o maior do compressor &#8211; Cr\u00e9ditos: depositphotos.com \/ Olivier26<\/figcaption><\/figure>\n\n\n\n<p><em>Leia mais: <strong><a href=\"https:\/\/www.em.com.br\/emfoco\/2025\/11\/29\/o-eletrodomestico-que-pode-dobrar-sua-conta-de-luz-sem-voce-desconfiar\/\" target=\"_blank\" rel=\"noreferrer noopener\">O eletrodom\u00e9stico que pode dobrar sua conta de luz sem voc\u00ea desconfiar<\/a><\/strong><\/em><\/p>\n\n\n\n<h2 class=\"wp-block-heading\">Quais erros no uso di\u00e1rio mais elevam a conta?<\/h2>\n\n\n\n<p>Alguns h\u00e1bitos passam despercebidos e fazem o equipamento perder efici\u00eancia. Entre os principais, est\u00e3o os que voc\u00ea v\u00ea a seguir.<\/p>\n\n\n\n<ul class=\"wp-block-list\">\n<li><strong>Filtros sujos<\/strong> dificultam a passagem do ar e prolongam o funcionamento.<\/li>\n\n\n\n<li><strong>Portas e janelas<\/strong> mal vedadas deixam o ar frio escapar o tempo todo.<\/li>\n\n\n\n<li><strong>Sa\u00edda de ar bloqueada<\/strong> por cortinas ou m\u00f3veis aumenta o esfor\u00e7o do aparelho.<\/li>\n<\/ul>\n\n\n\n<h2 class=\"wp-block-heading\">Qual \u00e9 o jeito certo de manter o consumo sob controle?<\/h2>\n\n\n\n<p>O ideal \u00e9 deixar o termostato entre 23 \u00b0C e 25 \u00b0C, usando a fun\u00e7\u00e3o <strong>auto<\/strong> para que o sistema regule o desempenho sem desperd\u00edcios. Assim, o ambiente permanece confort\u00e1vel e o equipamento opera sem esfor\u00e7o excessivo.<\/p>\n\n\n\n<p>Evitar desligar e ligar repetidamente ajuda a preservar o <strong>desempenho<\/strong>, pois o processo de resfriamento inicial \u00e9 o que mais consome energia. Pequenos ajustes fazem grande diferen\u00e7a ao final do m\u00eas.<\/p>\n\n\n\n<figure class=\"wp-block-image size-large\"><img loading=\"lazy\" decoding=\"async\" width=\"1024\" height=\"576\" src=\"https:\/\/www.em.com.br\/emfoco\/wp-content\/uploads\/2025\/12\/ar-condicionado_1764609988575-1024x576.jpg\" alt=\"Esse h\u00e1bito com o ar-condicionado pode estar custando metade da sua conta de luz\" class=\"wp-image-134079\" srcset=\"https:\/\/www.em.com.br\/emfoco\/wp-content\/uploads\/2025\/12\/ar-condicionado_1764609988575-1024x576.jpg 1024w, https:\/\/www.em.com.br\/emfoco\/wp-content\/uploads\/2025\/12\/ar-condicionado_1764609988575-300x169.jpg 300w, https:\/\/www.em.com.br\/emfoco\/wp-content\/uploads\/2025\/12\/ar-condicionado_1764609988575-768x432.jpg 768w, https:\/\/www.em.com.br\/emfoco\/wp-content\/uploads\/2025\/12\/ar-condicionado_1764609988575-750x422.jpg 750w, https:\/\/www.em.com.br\/emfoco\/wp-content\/uploads\/2025\/12\/ar-condicionado_1764609988575-1140x641.jpg 1140w, https:\/\/www.em.com.br\/emfoco\/wp-content\/uploads\/2025\/12\/ar-condicionado_1764609988575.jpg 1280w\" sizes=\"auto, (max-width: 1024px) 100vw, 1024px\" \/><figcaption class=\"wp-element-caption\">Temperaturas moderadas estabilizam o sistema e evitam desperd\u00edcio energ\u00e9tico &#8211; Cr\u00e9ditos: depositphotos.com \/ andrei111<\/figcaption><\/figure>\n\n\n\n<h2 class=\"wp-block-heading\">Quais cuidados extras garantem economia imediata?<\/h2>\n\n\n\n<p>Algumas medidas simples tornam o funcionamento mais eficiente e aliviam o <strong>bolso<\/strong>. Confira na lista a seguir os pontos que mais ajudam no dia a dia.<\/p>\n\n\n\n<ul class=\"wp-block-list\">\n<li>Limpeza dos <strong>filtros<\/strong> a cada 15 dias para manter boa ventila\u00e7\u00e3o.<\/li>\n\n\n\n<li>Evitar <strong>fontes de calor<\/strong> no ambiente, como l\u00e2mpadas muito fortes.<\/li>\n\n\n\n<li>Isolar <strong>portas e janelas<\/strong> para evitar trocas t\u00e9rmicas com o exterior.<\/li>\n<\/ul>\n\n\n\n<p><strong>Pequenas mudan\u00e7as de h\u00e1bito<\/strong> ao usar o ar-condicionado podem reduzir drasticamente o valor da conta. Ajuste agora as configura\u00e7\u00f5es e deixe seu bolso sentir o al\u00edvio j\u00e1 no pr\u00f3ximo ciclo de cobran\u00e7a.<\/p>\n\n\n\n<p><\/p>\n","protected":false},"excerpt":{"rendered":"<p>Existe um h\u00e1bito muito comum ao usar o ar-condicionado que pode estar aumentando o valor da sua conta de luz sem que voc\u00ea perceba. Especialistas alertam que pequenas configura\u00e7\u00f5es e pr\u00e1ticas equivocadas fazem o aparelho trabalhar pesado o tempo todo, gerando gastos desnecess\u00e1rios no m\u00eas. Por que certas pr\u00e1ticas fazem o aparelho gastar mais energia? [&hellip;]<\/p>\n","protected":false},"author":13,"featured_media":134073,"comment_status":"open","ping_status":"open","sticky":false,"template":"","format":"standard","meta":{"jnews-multi-image_gallery":[],"jnews_single_post":{"format":"standard"},"jnews_primary_category":[],"jnews_social_meta":[],"jnews_override_counter":[],"footnotes":""},"categories":[8819],"tags":[6942,16886,19547],"class_list":["post-134051","post","type-post","status-publish","format-standard","has-post-thumbnail","hentry","category-curiosidades","tag-ar-condicionado","tag-conta-de-energia","tag-erros-com-o-ar-condicionado"],"yoast_head":"<!-- This site is optimized with the Yoast SEO plugin v23.8 - https:\/\/yoast.com\/wordpress\/plugins\/seo\/ -->\n<title>Esse h\u00e1bito com o ar-condicionado pode estar custando metade da sua conta de luz - Estado de Minas - Em foco<\/title>\n<meta name=\"description\" content=\"Seu ar-condicionado pode estar pesando na sua conta de luz por um motivo que quase ningu\u00e9m percebe. Veja o erro mais comum agora.\" \/>\n<meta name=\"robots\" content=\"index, follow, max-snippet:-1, max-image-preview:large, max-video-preview:-1\" \/>\n<link rel=\"canonical\" href=\"https:\/\/www.em.com.br\/emfoco\/2025\/12\/02\/esse-habito-com-o-ar-condicionado-pode-estar-custando-metade-da-sua-conta-de-luz\/\" \/>\n<meta property=\"og:locale\" content=\"pt_BR\" \/>\n<meta property=\"og:type\" content=\"article\" \/>\n<meta property=\"og:title\" content=\"Esse h\u00e1bito com o ar-condicionado pode estar custando metade da sua conta de luz - Estado de Minas - Em foco\" \/>\n<meta property=\"og:description\" content=\"Seu ar-condicionado pode estar pesando na sua conta de luz por um motivo que quase ningu\u00e9m percebe. Veja o erro mais comum agora.\" \/>\n<meta property=\"og:url\" content=\"https:\/\/www.em.com.br\/emfoco\/2025\/12\/02\/esse-habito-com-o-ar-condicionado-pode-estar-custando-metade-da-sua-conta-de-luz\/\" \/>\n<meta property=\"og:site_name\" content=\"Estado de Minas - Em foco\" \/>\n<meta property=\"article:published_time\" content=\"2025-12-02T19:15:00+00:00\" \/>\n<meta property=\"article:modified_time\" content=\"2025-12-01T17:27:01+00:00\" \/>\n<meta property=\"og:image\" content=\"https:\/\/www.em.com.br\/emfoco\/wp-content\/uploads\/2025\/12\/mosaico_1764609713109.jpg\" \/>\n\t<meta property=\"og:image:width\" content=\"1280\" \/>\n\t<meta property=\"og:image:height\" content=\"720\" \/>\n\t<meta property=\"og:image:type\" content=\"image\/jpeg\" \/>\n<meta name=\"author\" content=\"Gabriel Martins\" \/>\n<meta name=\"twitter:card\" content=\"summary_large_image\" \/>\n<meta name=\"twitter:label1\" content=\"Escrito por\" \/>\n\t<meta name=\"twitter:data1\" content=\"Gabriel Martins\" \/>\n\t<meta name=\"twitter:label2\" content=\"Est. tempo de leitura\" \/>\n\t<meta name=\"twitter:data2\" content=\"3 minutos\" \/>\n<!-- \/ Yoast SEO plugin. -->","yoast_head_json":{"title":"Esse h\u00e1bito com o ar-condicionado pode estar custando metade da sua conta de luz - Estado de Minas - Em foco","description":"Seu ar-condicionado pode estar pesando na sua conta de luz por um motivo que quase ningu\u00e9m percebe. Veja o erro mais comum agora.","robots":{"index":"index","follow":"follow","max-snippet":"max-snippet:-1","max-image-preview":"max-image-preview:large","max-video-preview":"max-video-preview:-1"},"canonical":"https:\/\/www.em.com.br\/emfoco\/2025\/12\/02\/esse-habito-com-o-ar-condicionado-pode-estar-custando-metade-da-sua-conta-de-luz\/","og_locale":"pt_BR","og_type":"article","og_title":"Esse h\u00e1bito com o ar-condicionado pode estar custando metade da sua conta de luz - Estado de Minas - Em foco","og_description":"Seu ar-condicionado pode estar pesando na sua conta de luz por um motivo que quase ningu\u00e9m percebe. Veja o erro mais comum agora.","og_url":"https:\/\/www.em.com.br\/emfoco\/2025\/12\/02\/esse-habito-com-o-ar-condicionado-pode-estar-custando-metade-da-sua-conta-de-luz\/","og_site_name":"Estado de Minas - Em foco","article_published_time":"2025-12-02T19:15:00+00:00","article_modified_time":"2025-12-01T17:27:01+00:00","og_image":[{"width":1280,"height":720,"url":"https:\/\/www.em.com.br\/emfoco\/wp-content\/uploads\/2025\/12\/mosaico_1764609713109.jpg","type":"image\/jpeg"}],"author":"Gabriel Martins","twitter_card":"summary_large_image","twitter_misc":{"Escrito por":"Gabriel Martins","Est. tempo de leitura":"3 minutos"},"schema":{"@context":"https:\/\/schema.org","@graph":[{"@type":"WebPage","@id":"https:\/\/www.em.com.br\/emfoco\/2025\/12\/02\/esse-habito-com-o-ar-condicionado-pode-estar-custando-metade-da-sua-conta-de-luz\/","url":"https:\/\/www.em.com.br\/emfoco\/2025\/12\/02\/esse-habito-com-o-ar-condicionado-pode-estar-custando-metade-da-sua-conta-de-luz\/","name":"Esse h\u00e1bito com o ar-condicionado pode estar custando metade da sua conta de luz - Estado de Minas - Em foco","isPartOf":{"@id":"https:\/\/www.em.com.br\/emfoco\/#website"},"primaryImageOfPage":{"@id":"https:\/\/www.em.com.br\/emfoco\/2025\/12\/02\/esse-habito-com-o-ar-condicionado-pode-estar-custando-metade-da-sua-conta-de-luz\/#primaryimage"},"image":{"@id":"https:\/\/www.em.com.br\/emfoco\/2025\/12\/02\/esse-habito-com-o-ar-condicionado-pode-estar-custando-metade-da-sua-conta-de-luz\/#primaryimage"},"thumbnailUrl":"https:\/\/www.em.com.br\/emfoco\/wp-content\/uploads\/2025\/12\/mosaico_1764609713109.jpg","datePublished":"2025-12-02T19:15:00+00:00","dateModified":"2025-12-01T17:27:01+00:00","author":{"@id":"https:\/\/www.em.com.br\/emfoco\/#\/schema\/person\/1c9ddeab18b98abeffef834667bcf08a"},"description":"Seu ar-condicionado pode estar pesando na sua conta de luz por um motivo que quase ningu\u00e9m percebe. Veja o erro mais comum agora.","breadcrumb":{"@id":"https:\/\/www.em.com.br\/emfoco\/2025\/12\/02\/esse-habito-com-o-ar-condicionado-pode-estar-custando-metade-da-sua-conta-de-luz\/#breadcrumb"},"inLanguage":"pt-BR","potentialAction":[{"@type":"ReadAction","target":["https:\/\/www.em.com.br\/emfoco\/2025\/12\/02\/esse-habito-com-o-ar-condicionado-pode-estar-custando-metade-da-sua-conta-de-luz\/"]}]},{"@type":"ImageObject","inLanguage":"pt-BR","@id":"https:\/\/www.em.com.br\/emfoco\/2025\/12\/02\/esse-habito-com-o-ar-condicionado-pode-estar-custando-metade-da-sua-conta-de-luz\/#primaryimage","url":"https:\/\/www.em.com.br\/emfoco\/wp-content\/uploads\/2025\/12\/mosaico_1764609713109.jpg","contentUrl":"https:\/\/www.em.com.br\/emfoco\/wp-content\/uploads\/2025\/12\/mosaico_1764609713109.jpg","width":1280,"height":720,"caption":"Erros simples no ar-condicionado aumentam o consumo mensal sem perceber - Cr\u00e9ditos: depositphotos.com \/ andrei111 - depositphotos.com \/ Studioclover"},{"@type":"BreadcrumbList","@id":"https:\/\/www.em.com.br\/emfoco\/2025\/12\/02\/esse-habito-com-o-ar-condicionado-pode-estar-custando-metade-da-sua-conta-de-luz\/#breadcrumb","itemListElement":[{"@type":"ListItem","position":1,"name":"In\u00edcio","item":"https:\/\/www.em.com.br\/emfoco\/"},{"@type":"ListItem","position":2,"name":"Esse h\u00e1bito com o ar-condicionado pode estar custando metade da sua conta de luz"}]},{"@type":"WebSite","@id":"https:\/\/www.em.com.br\/emfoco\/#website","url":"https:\/\/www.em.com.br\/emfoco\/","name":"Estado de Minas - Em foco","description":"Acompanhe as \u00faltimas not\u00edcias e fique bem informado sobre tudo o que acontece em Minas Gerais, Brasil e no mundo.","potentialAction":[{"@type":"SearchAction","target":{"@type":"EntryPoint","urlTemplate":"https:\/\/www.em.com.br\/emfoco\/?s={search_term_string}"},"query-input":{"@type":"PropertyValueSpecification","valueRequired":true,"valueName":"search_term_string"}}],"inLanguage":"pt-BR"},{"@type":"Person","@id":"https:\/\/www.em.com.br\/emfoco\/#\/schema\/person\/1c9ddeab18b98abeffef834667bcf08a","name":"Gabriel Martins","image":{"@type":"ImageObject","inLanguage":"pt-BR","@id":"https:\/\/www.em.com.br\/emfoco\/#\/schema\/person\/image\/","url":"https:\/\/secure.gravatar.com\/avatar\/f0f1e2efdfd88f1ad2cb08c5c2731e50?s=96&d=mm&r=g","contentUrl":"https:\/\/secure.gravatar.com\/avatar\/f0f1e2efdfd88f1ad2cb08c5c2731e50?s=96&d=mm&r=g","caption":"Gabriel Martins"},"sameAs":["https:\/\/www.em.com.br\/emfoco\/"],"url":"https:\/\/www.em.com.br\/emfoco\/author\/gabrielmartinsmyth\/"}]}},"_links":{"self":[{"href":"https:\/\/www.em.com.br\/emfoco\/wp-json\/wp\/v2\/posts\/134051","targetHints":{"allow":["GET"]}}],"collection":[{"href":"https:\/\/www.em.com.br\/emfoco\/wp-json\/wp\/v2\/posts"}],"about":[{"href":"https:\/\/www.em.com.br\/emfoco\/wp-json\/wp\/v2\/types\/post"}],"author":[{"embeddable":true,"href":"https:\/\/www.em.com.br\/emfoco\/wp-json\/wp\/v2\/users\/13"}],"replies":[{"embeddable":true,"href":"https:\/\/www.em.com.br\/emfoco\/wp-json\/wp\/v2\/comments?post=134051"}],"version-history":[{"count":1,"href":"https:\/\/www.em.com.br\/emfoco\/wp-json\/wp\/v2\/posts\/134051\/revisions"}],"predecessor-version":[{"id":134080,"href":"https:\/\/www.em.com.br\/emfoco\/wp-json\/wp\/v2\/posts\/134051\/revisions\/134080"}],"wp:featuredmedia":[{"embeddable":true,"href":"https:\/\/www.em.com.br\/emfoco\/wp-json\/wp\/v2\/media\/134073"}],"wp:attachment":[{"href":"https:\/\/www.em.com.br\/emfoco\/wp-json\/wp\/v2\/media?parent=134051"}],"wp:term":[{"taxonomy":"category","embeddable":true,"href":"https:\/\/www.em.com.br\/emfoco\/wp-json\/wp\/v2\/categories?post=134051"},{"taxonomy":"post_tag","embeddable":true,"href":"https:\/\/www.em.com.br\/emfoco\/wp-json\/wp\/v2\/tags?post=134051"}],"curies":[{"name":"wp","href":"https:\/\/api.w.org\/{rel}","templated":true}]}}