{"id":134044,"date":"2025-12-01T18:30:00","date_gmt":"2025-12-01T21:30:00","guid":{"rendered":"https:\/\/www.em.com.br\/emfoco\/?p=134044"},"modified":"2025-12-01T15:04:14","modified_gmt":"2025-12-01T18:04:14","slug":"taxa-de-visitacao-turistas-terao-que-pagar-para-entrar-nas-cidades-a-partir-de-dezembro-de-2025","status":"publish","type":"post","link":"https:\/\/www.em.com.br\/emfoco\/2025\/12\/01\/taxa-de-visitacao-turistas-terao-que-pagar-para-entrar-nas-cidades-a-partir-de-dezembro-de-2025\/","title":{"rendered":"Taxa de visita\u00e7\u00e3o, turistas ter\u00e3o que pagar para entrar nas cidades a partir de dezembro de 2025"},"content":{"rendered":"\n<p>A partir de dezembro de&nbsp;<strong>2025<\/strong>, uma nova regulamenta\u00e7\u00e3o mudar\u00e1 a din\u00e2mica do turismo em&nbsp;<strong>Guarapari<\/strong>, no litoral do&nbsp;<strong>Esp\u00edrito Santo<\/strong>. Pela primeira vez, haver\u00e1 cobran\u00e7a de taxa municipal para \u00f4nibus de turismo na rodovi\u00e1ria local, medida que visa melhorar a infraestrutura de transporte e otimizar a mobilidade durante a alta temporada, mas mantendo o acesso livre \u00e0s praias da cidade, que continuam gratuitas para todos os visitantes.<\/p>\n\n\n\n<h2 class=\"wp-block-heading\">O que muda com a cobran\u00e7a de taxa para \u00f4nibus de turismo em Guarapari<\/h2>\n\n\n\n<p>O valor da taxa municipal para \u00f4nibus de turismo desembarcarem na rodovi\u00e1ria ser\u00e1 de R$ 17, relacionada ao uso das \u00e1reas de transporte, sem afetar o acesso \u00e0s praias. A partir do final de&nbsp;<strong>2025<\/strong>, novas regras valem para vans e micro-\u00f4nibus: n\u00e3o poder\u00e3o transitar livremente pela cidade e ficar\u00e3o estacionados no&nbsp;<strong>Rodoshopping<\/strong>, na BR-101.<\/p>\n\n\n\n<p>Os turistas precisar\u00e3o completar o trajeto at\u00e9 o centro e as praias usando transporte coletivo local ou aplicativos autorizados. A taxa ser\u00e1 de R$ 8,50 por embarque e R$ 8,50 por desembarque, totalizando R$ 17 por passageiro, alinhando-se ao projeto municipal \u201cRuas Livres\u201d, que busca melhorar o fluxo urbano.<\/p>\n\n\n\n<figure class=\"wp-block-image size-large\"><img loading=\"lazy\" decoding=\"async\" width=\"1024\" height=\"576\" src=\"https:\/\/www.em.com.br\/emfoco\/wp-content\/uploads\/2025\/12\/Gemini_Generated_Image_poc0rbpoc0rbpoc0-1-1024x576.png\" alt=\"\" class=\"wp-image-134116\" srcset=\"https:\/\/www.em.com.br\/emfoco\/wp-content\/uploads\/2025\/12\/Gemini_Generated_Image_poc0rbpoc0rbpoc0-1-1024x576.png 1024w, https:\/\/www.em.com.br\/emfoco\/wp-content\/uploads\/2025\/12\/Gemini_Generated_Image_poc0rbpoc0rbpoc0-1-300x169.png 300w, https:\/\/www.em.com.br\/emfoco\/wp-content\/uploads\/2025\/12\/Gemini_Generated_Image_poc0rbpoc0rbpoc0-1-768x432.png 768w, https:\/\/www.em.com.br\/emfoco\/wp-content\/uploads\/2025\/12\/Gemini_Generated_Image_poc0rbpoc0rbpoc0-1-750x422.png 750w, https:\/\/www.em.com.br\/emfoco\/wp-content\/uploads\/2025\/12\/Gemini_Generated_Image_poc0rbpoc0rbpoc0-1-1140x641.png 1140w, https:\/\/www.em.com.br\/emfoco\/wp-content\/uploads\/2025\/12\/Gemini_Generated_Image_poc0rbpoc0rbpoc0-1.png 1280w\" sizes=\"auto, (max-width: 1024px) 100vw, 1024px\" \/><figcaption class=\"wp-element-caption\">Como a nova medida promete deixar Guarapari mais tranquila<\/figcaption><\/figure>\n\n\n\n<h2 class=\"wp-block-heading\">Guarapari quer otimizar o turismo e preservar o meio ambiente<\/h2>\n\n\n\n<p><strong>Guarapari<\/strong>&nbsp;enfrenta desafios com a grande quantidade de visitantes na alta temporada. A taxa de turismo tem como objetivo central arrecadar recursos para manter e expandir a infraestrutura local e facilitar a gest\u00e3o do fluxo de turistas na cidade.<\/p>\n\n\n\n<p>Para garantir que o processo seja eficiente, a prefeitura lan\u00e7ar\u00e1 ainda um decreto detalhando as regras, garantindo clareza para empresas de turismo e estabelecendo novas diretrizes para circula\u00e7\u00e3o dos ve\u00edculos tur\u00edsticos.<\/p>\n\n\n\n<h2 class=\"wp-block-heading\">Os principais impactos da nova taxa de turismo para os visitantes<\/h2>\n\n\n\n<p>A experi\u00eancia tur\u00edstica n\u00e3o ser\u00e1 limitada quanto ao acesso \u00e0s praias, mas a log\u00edstica de chegada e locomo\u00e7\u00e3o pela cidade sofrer\u00e1 ajustes. Agora, a expectativa \u00e9 que a circula\u00e7\u00e3o vi\u00e1ria seja mais organizada na alta temporada, beneficiando moradores e turistas.<\/p>\n\n\n\n<p>Entre os poss\u00edveis benef\u00edcios dessas mudan\u00e7as, destacam-se:<\/p>\n\n\n\n<ul class=\"wp-block-list\">\n<li>Redu\u00e7\u00e3o de engarrafamentos em pontos tur\u00edsticos<\/li>\n\n\n\n<li>Mais seguran\u00e7a para pedestres nas orlas<\/li>\n\n\n\n<li>Diminui\u00e7\u00e3o da emiss\u00e3o de poluentes nas \u00e1reas movimentadas<\/li>\n<\/ul>\n\n\n\n<h2 class=\"wp-block-heading\">Por que h\u00e1 cobran\u00e7a de entrada na Praia do Ermit\u00e3o<\/h2>\n\n\n\n<p>A&nbsp;<strong>Praia do Ermit\u00e3o<\/strong>, dentro do&nbsp;<strong>Parque Natural Municipal Morro da Pescaria<\/strong>, possui uma taxa de entrada destinada inteiramente \u00e0 manuten\u00e7\u00e3o e conserva\u00e7\u00e3o ambiental do parque. Essa cobran\u00e7a n\u00e3o se relaciona ao livre acesso \u00e0s praias, mas sim \u00e0 prote\u00e7\u00e3o da biodiversidade local.<\/p>\n\n\n\n<p>Essa medida contribui para que a experi\u00eancia do visitante e o meio ambiente permane\u00e7am preservados, valorizando a sustentabilidade do turismo ecol\u00f3gico em&nbsp;<strong>Guarapari<\/strong>.<\/p>\n\n\n\n<p>Para entender melhor como funciona essas taxas de visita\u00e7\u00e3o, o <a href=\"https:\/\/www.youtube.com\/@bandjornalismo\" target=\"_blank\" rel=\"noreferrer noopener\">Jornal da Band<\/a> fez uma mat\u00e9ria sobre esse assunto:<\/p>\n\n\n\n<figure class=\"wp-block-embed is-type-video is-provider-youtube wp-block-embed-youtube wp-embed-aspect-16-9 wp-has-aspect-ratio\"><div class=\"wp-block-embed__wrapper\">\n<div class=\"jeg_video_container jeg_video_content\"><iframe loading=\"lazy\" title=\"Taxa de turismo encare viagens e divide opini\u00f5es | Jornal da Band\" width=\"500\" height=\"281\" src=\"https:\/\/www.youtube.com\/embed\/g4RgfAF-hfE?feature=oembed\" frameborder=\"0\" allow=\"accelerometer; autoplay; clipboard-write; encrypted-media; gyroscope; picture-in-picture; web-share\" referrerpolicy=\"strict-origin-when-cross-origin\" allowfullscreen><\/iframe><\/div>\n<\/div><\/figure>\n\n\n\n<h2 class=\"wp-block-heading\">Como \u00e9 garantido o acesso livre \u00e0s praias no Esp\u00edrito Santo<\/h2>\n\n\n\n<p>A aprova\u00e7\u00e3o, em&nbsp;<strong>maio de 2025<\/strong>, de um projeto de lei federal no Senado assegura o livre acesso a todas as \u00e1reas naturais p\u00fablicas, incluindo praias, rios e cachoeiras. Com isso, nenhuma tarifa pode ser cobrada no acesso \u00e0s praias do&nbsp;<strong>Esp\u00edrito Santo<\/strong>.<\/p>\n\n\n\n<p>Diversos destinos tur\u00edsticos brasileiros est\u00e3o ampliando iniciativas que equilibram turismo e preserva\u00e7\u00e3o, incentivando o uso sustent\u00e1vel dos recursos naturais.<\/p>\n\n\n\n<h2 class=\"wp-block-heading\">Quais s\u00e3o as perspectivas para o turismo de Guarapari no futuro<\/h2>\n\n\n\n<p>O novo modelo de circula\u00e7\u00e3o, somado \u00e0 taxa para \u00f4nibus de turismo, deve promover o desenvolvimento sustent\u00e1vel de&nbsp;<strong>Guarapari<\/strong>, equilibrando a chegada de turistas com a preserva\u00e7\u00e3o dos recursos naturais locais.<\/p>\n\n\n\n<p>Essas mudan\u00e7as buscam transformar a cidade em refer\u00eancia de turismo consciente, posicionando\u00a0<strong>Guarapari<\/strong>\u00a0ao lado de destinos que adotam essas pr\u00e1ticas, como\u00a0<strong>Porto Seguro (BA)<\/strong> tamb\u00e9m adotar\u00e1, em 2026, uma Taxa de Preserva\u00e7\u00e3o Ambiental com valores di\u00e1rios variando conforme o tipo de ve\u00edculo.<\/p>\n\n\n\n<p><\/p>\n","protected":false},"excerpt":{"rendered":"<p>A partir de dezembro de&nbsp;2025, uma nova regulamenta\u00e7\u00e3o mudar\u00e1 a din\u00e2mica do turismo em&nbsp;Guarapari, no litoral do&nbsp;Esp\u00edrito Santo. Pela primeira vez, haver\u00e1 cobran\u00e7a de taxa municipal para \u00f4nibus de turismo na rodovi\u00e1ria local, medida que visa melhorar a infraestrutura de transporte e otimizar a mobilidade durante a alta temporada, mas mantendo o acesso livre \u00e0s [&hellip;]<\/p>\n","protected":false},"author":11,"featured_media":134117,"comment_status":"open","ping_status":"open","sticky":false,"template":"","format":"standard","meta":{"jnews-multi-image_gallery":[],"jnews_single_post":{"format":"standard"},"jnews_primary_category":[],"jnews_social_meta":[],"jnews_override_counter":[],"footnotes":""},"categories":[8819,1],"tags":[183,19415,391,19552,157,1827,1128],"class_list":["post-134044","post","type-post","status-publish","format-standard","has-post-thumbnail","hentry","category-curiosidades","category-noticias","tag-cidades","tag-guarapari","tag-praia","tag-taxa-de-visitacao","tag-turismo","tag-verao","tag-viagem"],"yoast_head":"<!-- This site is optimized with the Yoast SEO plugin v23.8 - https:\/\/yoast.com\/wordpress\/plugins\/seo\/ -->\n<title>Taxa de visita\u00e7\u00e3o, turistas ter\u00e3o que pagar para entrar nas cidades a partir de dezembro de 2025 - Estado de Minas - Em foco<\/title>\n<meta name=\"description\" content=\"Turistas podem enfrentar novas regras de circula\u00e7\u00e3o em Guarapari e a taxa municipal virou destaque. O impacto mais sentido n\u00e3o \u00e9 o que muita gente imagina.\" \/>\n<meta name=\"robots\" content=\"index, follow, max-snippet:-1, max-image-preview:large, max-video-preview:-1\" \/>\n<link rel=\"canonical\" href=\"https:\/\/www.em.com.br\/emfoco\/2025\/12\/01\/taxa-de-visitacao-turistas-terao-que-pagar-para-entrar-nas-cidades-a-partir-de-dezembro-de-2025\/\" \/>\n<meta property=\"og:locale\" content=\"pt_BR\" \/>\n<meta property=\"og:type\" content=\"article\" \/>\n<meta property=\"og:title\" content=\"Taxa de visita\u00e7\u00e3o, turistas ter\u00e3o que pagar para entrar nas cidades a partir de dezembro de 2025 - Estado de Minas - Em foco\" \/>\n<meta property=\"og:description\" content=\"Turistas podem enfrentar novas regras de circula\u00e7\u00e3o em Guarapari e a taxa municipal virou destaque. O impacto mais sentido n\u00e3o \u00e9 o que muita gente imagina.\" \/>\n<meta property=\"og:url\" content=\"https:\/\/www.em.com.br\/emfoco\/2025\/12\/01\/taxa-de-visitacao-turistas-terao-que-pagar-para-entrar-nas-cidades-a-partir-de-dezembro-de-2025\/\" \/>\n<meta property=\"og:site_name\" content=\"Estado de Minas - Em foco\" \/>\n<meta property=\"article:published_time\" content=\"2025-12-01T21:30:00+00:00\" \/>\n<meta property=\"article:modified_time\" content=\"2025-12-01T18:04:14+00:00\" \/>\n<meta property=\"og:image\" content=\"https:\/\/www.em.com.br\/emfoco\/wp-content\/uploads\/2025\/12\/Gemini_Generated_Image_i574oyi574oyi574-1.png\" \/>\n\t<meta property=\"og:image:width\" content=\"1280\" \/>\n\t<meta property=\"og:image:height\" content=\"720\" \/>\n\t<meta property=\"og:image:type\" content=\"image\/png\" \/>\n<meta name=\"author\" content=\"Andre\u0301 Rangel\u00a0\" \/>\n<meta name=\"twitter:card\" content=\"summary_large_image\" \/>\n<meta name=\"twitter:label1\" content=\"Escrito por\" \/>\n\t<meta name=\"twitter:data1\" content=\"Andre\u0301 Rangel\u00a0\" \/>\n\t<meta name=\"twitter:label2\" content=\"Est. tempo de leitura\" \/>\n\t<meta name=\"twitter:data2\" content=\"4 minutos\" \/>\n<!-- \/ Yoast SEO plugin. -->","yoast_head_json":{"title":"Taxa de visita\u00e7\u00e3o, turistas ter\u00e3o que pagar para entrar nas cidades a partir de dezembro de 2025 - Estado de Minas - Em foco","description":"Turistas podem enfrentar novas regras de circula\u00e7\u00e3o em Guarapari e a taxa municipal virou destaque. O impacto mais sentido n\u00e3o \u00e9 o que muita gente imagina.","robots":{"index":"index","follow":"follow","max-snippet":"max-snippet:-1","max-image-preview":"max-image-preview:large","max-video-preview":"max-video-preview:-1"},"canonical":"https:\/\/www.em.com.br\/emfoco\/2025\/12\/01\/taxa-de-visitacao-turistas-terao-que-pagar-para-entrar-nas-cidades-a-partir-de-dezembro-de-2025\/","og_locale":"pt_BR","og_type":"article","og_title":"Taxa de visita\u00e7\u00e3o, turistas ter\u00e3o que pagar para entrar nas cidades a partir de dezembro de 2025 - Estado de Minas - Em foco","og_description":"Turistas podem enfrentar novas regras de circula\u00e7\u00e3o em Guarapari e a taxa municipal virou destaque. O impacto mais sentido n\u00e3o \u00e9 o que muita gente imagina.","og_url":"https:\/\/www.em.com.br\/emfoco\/2025\/12\/01\/taxa-de-visitacao-turistas-terao-que-pagar-para-entrar-nas-cidades-a-partir-de-dezembro-de-2025\/","og_site_name":"Estado de Minas - Em foco","article_published_time":"2025-12-01T21:30:00+00:00","article_modified_time":"2025-12-01T18:04:14+00:00","og_image":[{"width":1280,"height":720,"url":"https:\/\/www.em.com.br\/emfoco\/wp-content\/uploads\/2025\/12\/Gemini_Generated_Image_i574oyi574oyi574-1.png","type":"image\/png"}],"author":"Andre\u0301 Rangel\u00a0","twitter_card":"summary_large_image","twitter_misc":{"Escrito por":"Andre\u0301 Rangel\u00a0","Est. tempo de leitura":"4 minutos"},"schema":{"@context":"https:\/\/schema.org","@graph":[{"@type":"WebPage","@id":"https:\/\/www.em.com.br\/emfoco\/2025\/12\/01\/taxa-de-visitacao-turistas-terao-que-pagar-para-entrar-nas-cidades-a-partir-de-dezembro-de-2025\/","url":"https:\/\/www.em.com.br\/emfoco\/2025\/12\/01\/taxa-de-visitacao-turistas-terao-que-pagar-para-entrar-nas-cidades-a-partir-de-dezembro-de-2025\/","name":"Taxa de visita\u00e7\u00e3o, turistas ter\u00e3o que pagar para entrar nas cidades a partir de dezembro de 2025 - Estado de Minas - Em foco","isPartOf":{"@id":"https:\/\/www.em.com.br\/emfoco\/#website"},"primaryImageOfPage":{"@id":"https:\/\/www.em.com.br\/emfoco\/2025\/12\/01\/taxa-de-visitacao-turistas-terao-que-pagar-para-entrar-nas-cidades-a-partir-de-dezembro-de-2025\/#primaryimage"},"image":{"@id":"https:\/\/www.em.com.br\/emfoco\/2025\/12\/01\/taxa-de-visitacao-turistas-terao-que-pagar-para-entrar-nas-cidades-a-partir-de-dezembro-de-2025\/#primaryimage"},"thumbnailUrl":"https:\/\/www.em.com.br\/emfoco\/wp-content\/uploads\/2025\/12\/Gemini_Generated_Image_i574oyi574oyi574-1.png","datePublished":"2025-12-01T21:30:00+00:00","dateModified":"2025-12-01T18:04:14+00:00","author":{"@id":"https:\/\/www.em.com.br\/emfoco\/#\/schema\/person\/60eda09c1fedf0d6891f4cef4b60b8b8"},"description":"Turistas podem enfrentar novas regras de circula\u00e7\u00e3o em Guarapari e a taxa municipal virou destaque. O impacto mais sentido n\u00e3o \u00e9 o que muita gente imagina.","breadcrumb":{"@id":"https:\/\/www.em.com.br\/emfoco\/2025\/12\/01\/taxa-de-visitacao-turistas-terao-que-pagar-para-entrar-nas-cidades-a-partir-de-dezembro-de-2025\/#breadcrumb"},"inLanguage":"pt-BR","potentialAction":[{"@type":"ReadAction","target":["https:\/\/www.em.com.br\/emfoco\/2025\/12\/01\/taxa-de-visitacao-turistas-terao-que-pagar-para-entrar-nas-cidades-a-partir-de-dezembro-de-2025\/"]}]},{"@type":"ImageObject","inLanguage":"pt-BR","@id":"https:\/\/www.em.com.br\/emfoco\/2025\/12\/01\/taxa-de-visitacao-turistas-terao-que-pagar-para-entrar-nas-cidades-a-partir-de-dezembro-de-2025\/#primaryimage","url":"https:\/\/www.em.com.br\/emfoco\/wp-content\/uploads\/2025\/12\/Gemini_Generated_Image_i574oyi574oyi574-1.png","contentUrl":"https:\/\/www.em.com.br\/emfoco\/wp-content\/uploads\/2025\/12\/Gemini_Generated_Image_i574oyi574oyi574-1.png","width":1280,"height":720,"caption":"Taxa de turismo divide opini\u00f5es e muda viagens"},{"@type":"BreadcrumbList","@id":"https:\/\/www.em.com.br\/emfoco\/2025\/12\/01\/taxa-de-visitacao-turistas-terao-que-pagar-para-entrar-nas-cidades-a-partir-de-dezembro-de-2025\/#breadcrumb","itemListElement":[{"@type":"ListItem","position":1,"name":"In\u00edcio","item":"https:\/\/www.em.com.br\/emfoco\/"},{"@type":"ListItem","position":2,"name":"Taxa de visita\u00e7\u00e3o, turistas ter\u00e3o que pagar para entrar nas cidades a partir de dezembro de 2025"}]},{"@type":"WebSite","@id":"https:\/\/www.em.com.br\/emfoco\/#website","url":"https:\/\/www.em.com.br\/emfoco\/","name":"Estado de Minas - Em foco","description":"Acompanhe as \u00faltimas not\u00edcias e fique bem informado sobre tudo o que acontece em Minas Gerais, Brasil e no mundo.","potentialAction":[{"@type":"SearchAction","target":{"@type":"EntryPoint","urlTemplate":"https:\/\/www.em.com.br\/emfoco\/?s={search_term_string}"},"query-input":{"@type":"PropertyValueSpecification","valueRequired":true,"valueName":"search_term_string"}}],"inLanguage":"pt-BR"},{"@type":"Person","@id":"https:\/\/www.em.com.br\/emfoco\/#\/schema\/person\/60eda09c1fedf0d6891f4cef4b60b8b8","name":"Andre\u0301 Rangel\u00a0","image":{"@type":"ImageObject","inLanguage":"pt-BR","@id":"https:\/\/www.em.com.br\/emfoco\/#\/schema\/person\/image\/","url":"https:\/\/secure.gravatar.com\/avatar\/6234dc814c77c8ef6d8bba622c787efc?s=96&d=mm&r=g","contentUrl":"https:\/\/secure.gravatar.com\/avatar\/6234dc814c77c8ef6d8bba622c787efc?s=96&d=mm&r=g","caption":"Andre\u0301 Rangel\u00a0"},"url":"https:\/\/www.em.com.br\/emfoco\/author\/luizmyth\/"}]}},"_links":{"self":[{"href":"https:\/\/www.em.com.br\/emfoco\/wp-json\/wp\/v2\/posts\/134044","targetHints":{"allow":["GET"]}}],"collection":[{"href":"https:\/\/www.em.com.br\/emfoco\/wp-json\/wp\/v2\/posts"}],"about":[{"href":"https:\/\/www.em.com.br\/emfoco\/wp-json\/wp\/v2\/types\/post"}],"author":[{"embeddable":true,"href":"https:\/\/www.em.com.br\/emfoco\/wp-json\/wp\/v2\/users\/11"}],"replies":[{"embeddable":true,"href":"https:\/\/www.em.com.br\/emfoco\/wp-json\/wp\/v2\/comments?post=134044"}],"version-history":[{"count":3,"href":"https:\/\/www.em.com.br\/emfoco\/wp-json\/wp\/v2\/posts\/134044\/revisions"}],"predecessor-version":[{"id":134122,"href":"https:\/\/www.em.com.br\/emfoco\/wp-json\/wp\/v2\/posts\/134044\/revisions\/134122"}],"wp:featuredmedia":[{"embeddable":true,"href":"https:\/\/www.em.com.br\/emfoco\/wp-json\/wp\/v2\/media\/134117"}],"wp:attachment":[{"href":"https:\/\/www.em.com.br\/emfoco\/wp-json\/wp\/v2\/media?parent=134044"}],"wp:term":[{"taxonomy":"category","embeddable":true,"href":"https:\/\/www.em.com.br\/emfoco\/wp-json\/wp\/v2\/categories?post=134044"},{"taxonomy":"post_tag","embeddable":true,"href":"https:\/\/www.em.com.br\/emfoco\/wp-json\/wp\/v2\/tags?post=134044"}],"curies":[{"name":"wp","href":"https:\/\/api.w.org\/{rel}","templated":true}]}}