{"id":134008,"date":"2025-12-02T11:15:00","date_gmt":"2025-12-02T14:15:00","guid":{"rendered":"https:\/\/www.em.com.br\/emfoco\/?p=134008"},"modified":"2025-12-01T19:04:37","modified_gmt":"2025-12-01T22:04:37","slug":"diga-adeus-ao-varal-sem-graca-as-6-tendencias-que-aproveitam-ao-maximo-cada-metro-quadrado-da-sua-casa","status":"publish","type":"post","link":"https:\/\/www.em.com.br\/emfoco\/2025\/12\/02\/diga-adeus-ao-varal-sem-graca-as-6-tendencias-que-aproveitam-ao-maximo-cada-metro-quadrado-da-sua-casa\/","title":{"rendered":"Diga adeus ao varal sem gra\u00e7a, as 6 tend\u00eancias que aproveitam ao m\u00e1ximo cada metro quadrado da sua casa"},"content":{"rendered":"\n<p>Viver em um apartamento pequeno exige adapta\u00e7\u00f5es estrat\u00e9gicas para otimizar o espa\u00e7o sem comprometer a est\u00e9tica. As op\u00e7\u00f5es modernas e inteligentes de secagem de roupas, cada vez mais populares, contribuem para transformar o estendal em parte integrante do design residencial e ainda facilitam a rotina em espa\u00e7os reduzidos.<\/p>\n\n\n\n<h2 class=\"wp-block-heading\">Quais s\u00e3o as tend\u00eancias mais modernas em varais inteligentes para espa\u00e7os pequenos em 2025<\/h2>\n\n\n\n<p>Em ambientes compactos, o avan\u00e7o do <a href=\"https:\/\/www.em.com.br\/emfoco\/2025\/09\/25\/design-minimalista-conforto-e-acessibilidade-tendencia-no-banheiro-em-2026\/\" target=\"_blank\" rel=\"noreferrer noopener\">design <\/a>dos varais est\u00e1 mudando o modo como as roupas s\u00e3o secas, tornando pr\u00e1tico aproveitar cada cent\u00edmetro do apartamento. Novos modelos v\u00eam ganhando destaque por aliar funcionalidade e est\u00e9tica aprimorada, o que facilita bastante o cotidiano.<\/p>\n\n\n\n<p>Se voc\u00ea busca alternativas pr\u00e1ticas e inovadoras para o seu apartamento pequeno, confira algumas das tend\u00eancias em varais inteligentes que mais facilitam a organiza\u00e7\u00e3o e aumentam o aproveitamento do espa\u00e7o:<\/p>\n\n\n\n<ul class=\"wp-block-list\">\n<li><strong>Varal vertical com rodinhas<\/strong>: aproveite a altura com v\u00e1rios n\u00edveis para pendurar muitas roupas sem ocupar espa\u00e7o no ch\u00e3o. As rodinhas permitem moviment\u00e1-lo facilmente e coloc\u00e1-lo onde for menos intrusivo. Embora n\u00e3o seja dobr\u00e1vel, seu design estreito \u00e9 ideal para salas de estar pequenas.<\/li>\n\n\n\n<li><strong>Varal de metal ajust\u00e1vel com 3 n\u00edveis<\/strong>: oferece tr\u00eas bandejas que abrem ou fecham conforme a necessidade. Robusto e est\u00e1vel, permite pendurar muitas roupas sem ocupar muito espa\u00e7o. Perfeito para apartamentos com pouco espa\u00e7o.<\/li>\n\n\n\n<li><strong>Varais suspensos que aproveitam a altura dos ambientes<\/strong>: al\u00e9m do modelo retr\u00e1til, as op\u00e7\u00f5es suspensas garantem que o ch\u00e3o permane\u00e7a livre, contribuindo para um visual organizado.<\/li>\n\n\n\n<li><strong>Modelos compactos e dobr\u00e1veis<\/strong>, ideais para espa\u00e7os multifuncionais, facilitando o armazenamento quando n\u00e3o est\u00e3o em uso.<\/li>\n\n\n\n<li><strong>Varal retr\u00e1til para roupas acima da m\u00e1quina de lavar<\/strong>: inova\u00e7\u00e3o que transforma \u00e1reas antes inutilizadas em eficientes solu\u00e7\u00f5es de secagem, otimizando cada cantinho do apartamento.<\/li>\n\n\n\n<li><strong>Cabideiro de parede de design e varal de parede dobr\u00e1vel com prateleira met\u00e1lica<\/strong>: al\u00e9m de pr\u00e1ticos, esses modelos agregam valor est\u00e9tico ao espa\u00e7o e funcionam como elementos de decora\u00e7\u00e3o.<\/li>\n<\/ul>\n\n\n\n<figure class=\"wp-block-image size-large\"><img loading=\"lazy\" decoding=\"async\" width=\"1024\" height=\"576\" src=\"https:\/\/www.em.com.br\/emfoco\/wp-content\/uploads\/2025\/12\/mosaico_1764629769369-1024x576.jpg\" alt=\"A tend\u00eancia que transforma qualquer ap\u00ea compacto sem esfor\u00e7o\" class=\"wp-image-134307\" srcset=\"https:\/\/www.em.com.br\/emfoco\/wp-content\/uploads\/2025\/12\/mosaico_1764629769369-1024x576.jpg 1024w, https:\/\/www.em.com.br\/emfoco\/wp-content\/uploads\/2025\/12\/mosaico_1764629769369-300x169.jpg 300w, https:\/\/www.em.com.br\/emfoco\/wp-content\/uploads\/2025\/12\/mosaico_1764629769369-768x432.jpg 768w, https:\/\/www.em.com.br\/emfoco\/wp-content\/uploads\/2025\/12\/mosaico_1764629769369-750x422.jpg 750w, https:\/\/www.em.com.br\/emfoco\/wp-content\/uploads\/2025\/12\/mosaico_1764629769369-1140x641.jpg 1140w, https:\/\/www.em.com.br\/emfoco\/wp-content\/uploads\/2025\/12\/mosaico_1764629769369.jpg 1280w\" sizes=\"auto, (max-width: 1024px) 100vw, 1024px\" \/><figcaption class=\"wp-element-caption\">A tend\u00eancia que transforma qualquer ap\u00ea compacto sem esfor\u00e7o<\/figcaption><\/figure>\n\n\n\n<h2 class=\"wp-block-heading\">Como aproveitar ao m\u00e1ximo o espa\u00e7o com cada tend\u00eancia<\/h2>\n\n\n\n<p>Aproveitar o espa\u00e7o de um apartamento pequeno significa utilizar produtos inteligentes de acordo com a necessidade e layout dispon\u00edvel em cada ambiente.<\/p>\n\n\n\n<ul class=\"wp-block-list\">\n<li><strong>Varal vertical com rodinhas<\/strong>: Ideal para ser posicionado em corredores ou ao lado de m\u00f3veis, pode ser movido de acordo com a ventila\u00e7\u00e3o e luz do sol, al\u00e9m de ser armazenado atr\u00e1s de portas quando n\u00e3o estiver em uso.<\/li>\n\n\n\n<li><strong>Varal de metal ajust\u00e1vel com 3 n\u00edveis<\/strong>: Ajuste os n\u00edveis de acordo com o tipo de roupa, utilizando as bandejas dobr\u00e1veis para pe\u00e7as menores e aumentando a capacidade quando necess\u00e1rio.<\/li>\n\n\n\n<li><strong>Varais suspensos<\/strong>: Instale-os perto de janelas ou varandas, aproveitando fluxos de ar para secagem r\u00e1pida sem ocupar \u00e1rea do piso. Modelos retr\u00e1teis podem ser recolhidos para maximizar o espa\u00e7o visual ap\u00f3s o uso.<\/li>\n\n\n\n<li><strong>Modelos compactos e dobr\u00e1veis<\/strong>: Perfeitos para lavanderias integradas ou banheiros, podem ser facilmente guardados em arm\u00e1rios ou atr\u00e1s de portas, liberando espa\u00e7o para outras atividades.<\/li>\n\n\n\n<li><strong>Varal retr\u00e1til acima da m\u00e1quina de lavar<\/strong>: Utilize aquela parede acima dos eletrodom\u00e9sticos, transformando-\u00e1 em \u00e1rea funcional sem comprometer o fluxo do ambiente.<\/li>\n\n\n\n<li><strong>Cabideiro de parede e varal de parede com prateleira<\/strong>: Instale-os em \u00e1reas de passagem, corredores ou at\u00e9 na entrada do apartamento, criando funcionalidade e eleg\u00e2ncia sem gerar polui\u00e7\u00e3o visual.<\/li>\n<\/ul>\n\n\n\n<h2 class=\"wp-block-heading\">Varais retr\u00e1teis s\u00e3o realmente eficientes em apartamentos compactos<\/h2>\n\n\n\n<p>O\u00a0<strong>varal suspenso retr\u00e1til<\/strong>\u00a0opera atrav\u00e9s de cordas e polias. Ele desce para voc\u00ea<a href=\"https:\/\/www.instagram.com\/reel\/DLpyArOMkdL\/\" target=\"_blank\" rel=\"noreferrer noopener\"> pendurar as roupas <\/a>e pode ser elevado ao teto ap\u00f3s o uso, liberando o espa\u00e7o e mantendo o visual limpo e organizado.<\/p>\n\n\n\n<p>Essa alternativa vers\u00e1til \u00e9 especialmente recomendada para quem possui tetos altos, al\u00e9m de ser discreta e n\u00e3o afetar a est\u00e9tica do ambiente. O modelo \u00e9 pr\u00e1tico tanto visualmente quanto funcionalmente em ambientes reduzidos.<\/p>\n\n\n\n<h2 class=\"wp-block-heading\">Formas de integrar varais ao design do apartamento sem perder eleg\u00e2ncia<\/h2>\n\n\n\n<p>A escolha de modelos camuflados e multifuncionais no ambiente se mostra fundamental para a otimiza\u00e7\u00e3o do espa\u00e7o. O&nbsp;<strong>varal retr\u00e1til para roupas acima da m\u00e1quina de lavar<\/strong>&nbsp;transforma uma \u00e1rea antes inutilizada em uma eficiente solu\u00e7\u00e3o de secagem, mantendo a organiza\u00e7\u00e3o no lar.<\/p>\n\n\n\n<p>Outras op\u00e7\u00f5es inteligentes, como o varal de parede dobr\u00e1vel com prateleira met\u00e1lica e o cabideiro de parede de design, tamb\u00e9m contribuem para a integra\u00e7\u00e3o do varal sem comprometer a decora\u00e7\u00e3o. Esses modelos acrescentam praticidade ao ambiente ao mesmo tempo em que agregam valor visual e funcionalidade.<\/p>\n","protected":false},"excerpt":{"rendered":"<p>Viver em um apartamento pequeno exige adapta\u00e7\u00f5es estrat\u00e9gicas para otimizar o espa\u00e7o sem comprometer a est\u00e9tica. As op\u00e7\u00f5es modernas e inteligentes de secagem de roupas, cada vez mais populares, contribuem para transformar o estendal em parte integrante do design residencial e ainda facilitam a rotina em espa\u00e7os reduzidos. Quais s\u00e3o as tend\u00eancias mais modernas em [&hellip;]<\/p>\n","protected":false},"author":11,"featured_media":134303,"comment_status":"open","ping_status":"open","sticky":false,"template":"","format":"standard","meta":{"jnews-multi-image_gallery":[],"jnews_single_post":{"format":"standard"},"jnews_primary_category":[],"jnews_social_meta":[],"jnews_override_counter":[],"footnotes":""},"categories":[8819,1],"tags":[11844,821,1706,19558],"class_list":["post-134008","post","type-post","status-publish","format-standard","has-post-thumbnail","hentry","category-curiosidades","category-noticias","tag-apartamento","tag-design","tag-espaco","tag-varal-para-apartamento"],"yoast_head":"<!-- This site is optimized with the Yoast SEO plugin v23.8 - https:\/\/yoast.com\/wordpress\/plugins\/seo\/ -->\n<title>Diga adeus ao varal sem gra\u00e7a, as 6 tend\u00eancias que aproveitam ao m\u00e1ximo cada metro quadrado da sua casa - Estado de Minas - Em foco<\/title>\n<meta name=\"description\" content=\"Tend\u00eancias modernas em varais est\u00e3o otimizando espa\u00e7os pequenos e um detalhe no design vem chamando aten\u00e7\u00e3o de quem mora em ap\u00ea.\" \/>\n<meta name=\"robots\" content=\"index, follow, max-snippet:-1, max-image-preview:large, max-video-preview:-1\" \/>\n<link rel=\"canonical\" href=\"https:\/\/www.em.com.br\/emfoco\/2025\/12\/02\/diga-adeus-ao-varal-sem-graca-as-6-tendencias-que-aproveitam-ao-maximo-cada-metro-quadrado-da-sua-casa\/\" \/>\n<meta property=\"og:locale\" content=\"pt_BR\" \/>\n<meta property=\"og:type\" content=\"article\" \/>\n<meta property=\"og:title\" content=\"Diga adeus ao varal sem gra\u00e7a, as 6 tend\u00eancias que aproveitam ao m\u00e1ximo cada metro quadrado da sua casa - Estado de Minas - Em foco\" \/>\n<meta property=\"og:description\" content=\"Tend\u00eancias modernas em varais est\u00e3o otimizando espa\u00e7os pequenos e um detalhe no design vem chamando aten\u00e7\u00e3o de quem mora em ap\u00ea.\" \/>\n<meta property=\"og:url\" content=\"https:\/\/www.em.com.br\/emfoco\/2025\/12\/02\/diga-adeus-ao-varal-sem-graca-as-6-tendencias-que-aproveitam-ao-maximo-cada-metro-quadrado-da-sua-casa\/\" \/>\n<meta property=\"og:site_name\" content=\"Estado de Minas - Em foco\" \/>\n<meta property=\"article:published_time\" content=\"2025-12-02T14:15:00+00:00\" \/>\n<meta property=\"article:modified_time\" content=\"2025-12-01T22:04:37+00:00\" \/>\n<meta property=\"og:image\" content=\"https:\/\/www.em.com.br\/emfoco\/wp-content\/uploads\/2025\/12\/Gemini_Generated_Image_b35174b35174b351-1.png\" \/>\n\t<meta property=\"og:image:width\" content=\"1280\" \/>\n\t<meta property=\"og:image:height\" content=\"720\" \/>\n\t<meta property=\"og:image:type\" content=\"image\/png\" \/>\n<meta name=\"author\" content=\"Andre\u0301 Rangel\u00a0\" \/>\n<meta name=\"twitter:card\" content=\"summary_large_image\" \/>\n<meta name=\"twitter:label1\" content=\"Escrito por\" \/>\n\t<meta name=\"twitter:data1\" content=\"Andre\u0301 Rangel\u00a0\" \/>\n\t<meta name=\"twitter:label2\" content=\"Est. tempo de leitura\" \/>\n\t<meta name=\"twitter:data2\" content=\"5 minutos\" \/>\n<!-- \/ Yoast SEO plugin. -->","yoast_head_json":{"title":"Diga adeus ao varal sem gra\u00e7a, as 6 tend\u00eancias que aproveitam ao m\u00e1ximo cada metro quadrado da sua casa - Estado de Minas - Em foco","description":"Tend\u00eancias modernas em varais est\u00e3o otimizando espa\u00e7os pequenos e um detalhe no design vem chamando aten\u00e7\u00e3o de quem mora em ap\u00ea.","robots":{"index":"index","follow":"follow","max-snippet":"max-snippet:-1","max-image-preview":"max-image-preview:large","max-video-preview":"max-video-preview:-1"},"canonical":"https:\/\/www.em.com.br\/emfoco\/2025\/12\/02\/diga-adeus-ao-varal-sem-graca-as-6-tendencias-que-aproveitam-ao-maximo-cada-metro-quadrado-da-sua-casa\/","og_locale":"pt_BR","og_type":"article","og_title":"Diga adeus ao varal sem gra\u00e7a, as 6 tend\u00eancias que aproveitam ao m\u00e1ximo cada metro quadrado da sua casa - Estado de Minas - Em foco","og_description":"Tend\u00eancias modernas em varais est\u00e3o otimizando espa\u00e7os pequenos e um detalhe no design vem chamando aten\u00e7\u00e3o de quem mora em ap\u00ea.","og_url":"https:\/\/www.em.com.br\/emfoco\/2025\/12\/02\/diga-adeus-ao-varal-sem-graca-as-6-tendencias-que-aproveitam-ao-maximo-cada-metro-quadrado-da-sua-casa\/","og_site_name":"Estado de Minas - Em foco","article_published_time":"2025-12-02T14:15:00+00:00","article_modified_time":"2025-12-01T22:04:37+00:00","og_image":[{"width":1280,"height":720,"url":"https:\/\/www.em.com.br\/emfoco\/wp-content\/uploads\/2025\/12\/Gemini_Generated_Image_b35174b35174b351-1.png","type":"image\/png"}],"author":"Andre\u0301 Rangel\u00a0","twitter_card":"summary_large_image","twitter_misc":{"Escrito por":"Andre\u0301 Rangel\u00a0","Est. tempo de leitura":"5 minutos"},"schema":{"@context":"https:\/\/schema.org","@graph":[{"@type":"WebPage","@id":"https:\/\/www.em.com.br\/emfoco\/2025\/12\/02\/diga-adeus-ao-varal-sem-graca-as-6-tendencias-que-aproveitam-ao-maximo-cada-metro-quadrado-da-sua-casa\/","url":"https:\/\/www.em.com.br\/emfoco\/2025\/12\/02\/diga-adeus-ao-varal-sem-graca-as-6-tendencias-que-aproveitam-ao-maximo-cada-metro-quadrado-da-sua-casa\/","name":"Diga adeus ao varal sem gra\u00e7a, as 6 tend\u00eancias que aproveitam ao m\u00e1ximo cada metro quadrado da sua casa - Estado de Minas - Em foco","isPartOf":{"@id":"https:\/\/www.em.com.br\/emfoco\/#website"},"primaryImageOfPage":{"@id":"https:\/\/www.em.com.br\/emfoco\/2025\/12\/02\/diga-adeus-ao-varal-sem-graca-as-6-tendencias-que-aproveitam-ao-maximo-cada-metro-quadrado-da-sua-casa\/#primaryimage"},"image":{"@id":"https:\/\/www.em.com.br\/emfoco\/2025\/12\/02\/diga-adeus-ao-varal-sem-graca-as-6-tendencias-que-aproveitam-ao-maximo-cada-metro-quadrado-da-sua-casa\/#primaryimage"},"thumbnailUrl":"https:\/\/www.em.com.br\/emfoco\/wp-content\/uploads\/2025\/12\/Gemini_Generated_Image_b35174b35174b351-1.png","datePublished":"2025-12-02T14:15:00+00:00","dateModified":"2025-12-01T22:04:37+00:00","author":{"@id":"https:\/\/www.em.com.br\/emfoco\/#\/schema\/person\/60eda09c1fedf0d6891f4cef4b60b8b8"},"description":"Tend\u00eancias modernas em varais est\u00e3o otimizando espa\u00e7os pequenos e um detalhe no design vem chamando aten\u00e7\u00e3o de quem mora em ap\u00ea.","breadcrumb":{"@id":"https:\/\/www.em.com.br\/emfoco\/2025\/12\/02\/diga-adeus-ao-varal-sem-graca-as-6-tendencias-que-aproveitam-ao-maximo-cada-metro-quadrado-da-sua-casa\/#breadcrumb"},"inLanguage":"pt-BR","potentialAction":[{"@type":"ReadAction","target":["https:\/\/www.em.com.br\/emfoco\/2025\/12\/02\/diga-adeus-ao-varal-sem-graca-as-6-tendencias-que-aproveitam-ao-maximo-cada-metro-quadrado-da-sua-casa\/"]}]},{"@type":"ImageObject","inLanguage":"pt-BR","@id":"https:\/\/www.em.com.br\/emfoco\/2025\/12\/02\/diga-adeus-ao-varal-sem-graca-as-6-tendencias-que-aproveitam-ao-maximo-cada-metro-quadrado-da-sua-casa\/#primaryimage","url":"https:\/\/www.em.com.br\/emfoco\/wp-content\/uploads\/2025\/12\/Gemini_Generated_Image_b35174b35174b351-1.png","contentUrl":"https:\/\/www.em.com.br\/emfoco\/wp-content\/uploads\/2025\/12\/Gemini_Generated_Image_b35174b35174b351-1.png","width":1280,"height":720},{"@type":"BreadcrumbList","@id":"https:\/\/www.em.com.br\/emfoco\/2025\/12\/02\/diga-adeus-ao-varal-sem-graca-as-6-tendencias-que-aproveitam-ao-maximo-cada-metro-quadrado-da-sua-casa\/#breadcrumb","itemListElement":[{"@type":"ListItem","position":1,"name":"In\u00edcio","item":"https:\/\/www.em.com.br\/emfoco\/"},{"@type":"ListItem","position":2,"name":"Diga adeus ao varal sem gra\u00e7a, as 6 tend\u00eancias que aproveitam ao m\u00e1ximo cada metro quadrado da sua casa"}]},{"@type":"WebSite","@id":"https:\/\/www.em.com.br\/emfoco\/#website","url":"https:\/\/www.em.com.br\/emfoco\/","name":"Estado de Minas - Em foco","description":"Acompanhe as \u00faltimas not\u00edcias e fique bem informado sobre tudo o que acontece em Minas Gerais, Brasil e no mundo.","potentialAction":[{"@type":"SearchAction","target":{"@type":"EntryPoint","urlTemplate":"https:\/\/www.em.com.br\/emfoco\/?s={search_term_string}"},"query-input":{"@type":"PropertyValueSpecification","valueRequired":true,"valueName":"search_term_string"}}],"inLanguage":"pt-BR"},{"@type":"Person","@id":"https:\/\/www.em.com.br\/emfoco\/#\/schema\/person\/60eda09c1fedf0d6891f4cef4b60b8b8","name":"Andre\u0301 Rangel\u00a0","image":{"@type":"ImageObject","inLanguage":"pt-BR","@id":"https:\/\/www.em.com.br\/emfoco\/#\/schema\/person\/image\/","url":"https:\/\/secure.gravatar.com\/avatar\/6234dc814c77c8ef6d8bba622c787efc?s=96&d=mm&r=g","contentUrl":"https:\/\/secure.gravatar.com\/avatar\/6234dc814c77c8ef6d8bba622c787efc?s=96&d=mm&r=g","caption":"Andre\u0301 Rangel\u00a0"},"url":"https:\/\/www.em.com.br\/emfoco\/author\/luizmyth\/"}]}},"_links":{"self":[{"href":"https:\/\/www.em.com.br\/emfoco\/wp-json\/wp\/v2\/posts\/134008","targetHints":{"allow":["GET"]}}],"collection":[{"href":"https:\/\/www.em.com.br\/emfoco\/wp-json\/wp\/v2\/posts"}],"about":[{"href":"https:\/\/www.em.com.br\/emfoco\/wp-json\/wp\/v2\/types\/post"}],"author":[{"embeddable":true,"href":"https:\/\/www.em.com.br\/emfoco\/wp-json\/wp\/v2\/users\/11"}],"replies":[{"embeddable":true,"href":"https:\/\/www.em.com.br\/emfoco\/wp-json\/wp\/v2\/comments?post=134008"}],"version-history":[{"count":3,"href":"https:\/\/www.em.com.br\/emfoco\/wp-json\/wp\/v2\/posts\/134008\/revisions"}],"predecessor-version":[{"id":134317,"href":"https:\/\/www.em.com.br\/emfoco\/wp-json\/wp\/v2\/posts\/134008\/revisions\/134317"}],"wp:featuredmedia":[{"embeddable":true,"href":"https:\/\/www.em.com.br\/emfoco\/wp-json\/wp\/v2\/media\/134303"}],"wp:attachment":[{"href":"https:\/\/www.em.com.br\/emfoco\/wp-json\/wp\/v2\/media?parent=134008"}],"wp:term":[{"taxonomy":"category","embeddable":true,"href":"https:\/\/www.em.com.br\/emfoco\/wp-json\/wp\/v2\/categories?post=134008"},{"taxonomy":"post_tag","embeddable":true,"href":"https:\/\/www.em.com.br\/emfoco\/wp-json\/wp\/v2\/tags?post=134008"}],"curies":[{"name":"wp","href":"https:\/\/api.w.org\/{rel}","templated":true}]}}