{"id":133989,"date":"2025-12-02T13:05:00","date_gmt":"2025-12-02T16:05:00","guid":{"rendered":"https:\/\/www.em.com.br\/emfoco\/?p=133989"},"modified":"2025-12-08T11:08:36","modified_gmt":"2025-12-08T14:08:36","slug":"familia-quase-vai-parar-no-hospital-por-confundir-planta-toxica-com-hortalica-comestivel","status":"publish","type":"post","link":"https:\/\/www.em.com.br\/emfoco\/2025\/12\/02\/familia-quase-vai-parar-no-hospital-por-confundir-planta-toxica-com-hortalica-comestivel\/","title":{"rendered":"Fam\u00edlia quase vai parar no hospital por confundir planta t\u00f3xica com hortali\u00e7a comest\u00edvel"},"content":{"rendered":"\n<p>Uma situa\u00e7\u00e3o caseira quase terminou em trag\u00e9dia quando uma fam\u00edlia confundiu uma <strong>planta t\u00f3xica<\/strong> com um alimento comum. O epis\u00f3dio viralizou e exp\u00f4s o risco real de termos esp\u00e9cies perigosas dentro de casa sem perceber o perigo.<\/p>\n\n\n\n<h2 class=\"wp-block-heading\">Como um simples engano virou um grande susto?<\/h2>\n\n\n\n<p>O caso aconteceu quando Dona Helena, acreditando ter encontrado uma erva comest\u00edvel, colheu folhas de uma esp\u00e9cie desconhecida que estava crescendo no quintal. A <strong>semelhan\u00e7a visual<\/strong> com verduras comuns deixou tudo ainda mais convincente para a fam\u00edlia.<\/p>\n\n\n\n<p>Minutos ap\u00f3s o consumo, um <strong>gosto estranho<\/strong> e a <strong>irrita\u00e7\u00e3o na boca<\/strong> acenderam o alerta. Assustada, Dona Helena pesquisou e descobriu que se tratava de uma planta <strong>altamente t\u00f3xica<\/strong>, presente em muitas casas como item decorativo.<\/p>\n\n\n\n<figure class=\"wp-block-image size-large\"><img loading=\"lazy\" decoding=\"async\" width=\"1024\" height=\"576\" src=\"https:\/\/www.em.com.br\/emfoco\/wp-content\/uploads\/2025\/12\/Planta-toxica_1764607609826-1024x576.jpg\" alt=\"Fam\u00edlia quase vai parar no hospital por confundir planta t\u00f3xica com hortali\u00e7a comest\u00edvel\" class=\"wp-image-134046\" srcset=\"https:\/\/www.em.com.br\/emfoco\/wp-content\/uploads\/2025\/12\/Planta-toxica_1764607609826-1024x576.jpg 1024w, https:\/\/www.em.com.br\/emfoco\/wp-content\/uploads\/2025\/12\/Planta-toxica_1764607609826-300x169.jpg 300w, https:\/\/www.em.com.br\/emfoco\/wp-content\/uploads\/2025\/12\/Planta-toxica_1764607609826-768x432.jpg 768w, https:\/\/www.em.com.br\/emfoco\/wp-content\/uploads\/2025\/12\/Planta-toxica_1764607609826-750x422.jpg 750w, https:\/\/www.em.com.br\/emfoco\/wp-content\/uploads\/2025\/12\/Planta-toxica_1764607609826-1140x641.jpg 1140w, https:\/\/www.em.com.br\/emfoco\/wp-content\/uploads\/2025\/12\/Planta-toxica_1764607609826.jpg 1280w\" sizes=\"auto, (max-width: 1024px) 100vw, 1024px\" \/><figcaption class=\"wp-element-caption\">Muitas plantas ornamentais parecem comest\u00edveis e enganam facilmente observadores desatentos &#8211; Cr\u00e9ditos: depositphotos.com \/ HeikeRau<\/figcaption><\/figure>\n\n\n\n<p><em>Leia mais: <strong><a href=\"https:\/\/www.em.com.br\/emfoco\/2025\/12\/01\/voce-sabia-que-essa-folha-tem-mais-calcio-que-leite-e-cresce-ate-em-vaso\/\" target=\"_blank\" rel=\"noreferrer noopener\">Voc\u00ea sabia que essa folha tem mais c\u00e1lcio que leite e cresce at\u00e9 em vaso?<\/a><\/strong><\/em><\/p>\n\n\n\n<h2 class=\"wp-block-heading\">Quais plantas perigosas podem estar no seu quintal?<\/h2>\n\n\n\n<p>Muitas esp\u00e9cies ornamentais est\u00e3o presentes em jardins sem que saibamos dos riscos. Elas lembram alimentos ou ervas, o que aumenta a chance de <strong><a href=\"https:\/\/www.msdmanuals.com\/pt\/casa\/fatos-r%C3%A1pidos-les%C3%B5es-e-envenenamentos\/envenenamento\/intoxica%C3%A7%C3%A3o-por-plantas\" target=\"_blank\" rel=\"noreferrer noopener\">intoxica\u00e7\u00e3o<\/a><\/strong>. Entre as principais op\u00e7\u00f5es est\u00e3o as que voc\u00ea v\u00ea a seguir:<\/p>\n\n\n\n<ul class=\"wp-block-list\">\n<li><strong>Comigo-ningu\u00e9m-pode<\/strong>: folhas verdes brilhantes com seiva que causa queima\u00e7\u00e3o na pele, incha\u00e7o na boca e at\u00e9 dificuldade respirat\u00f3ria.<\/li>\n\n\n\n<li><strong>Taioba-brava<\/strong>: muito parecida com a taioba comest\u00edvel, mas cont\u00e9m cristais que perfuram mucosas e podem provocar dor intensa e intoxica\u00e7\u00e3o grave.<\/li>\n\n\n\n<li><strong>Copo-de-leite<\/strong>: planta decorativa popular que libera subst\u00e2ncias t\u00f3xicas em todas as partes, podendo gerar v\u00f4mitos e irrita\u00e7\u00e3o severa.<\/li>\n\n\n\n<li><strong>Bico-de-papagaio<\/strong>: comum em \u00e9pocas festivas, pode causar dermatite e problemas gastrointestinais se mastigado por humanos ou <strong>pets<\/strong>.<\/li>\n\n\n\n<li><strong>Espirradeira<\/strong>: extremamente venenosa; pequenas quantidades podem afetar o cora\u00e7\u00e3o e levar \u00e0 morte caso ingerida.<\/li>\n<\/ul>\n\n\n\n<h2 class=\"wp-block-heading\">Como identificar uma planta que n\u00e3o deve ser comida?<\/h2>\n\n\n\n<p>Algumas caracter\u00edsticas podem indicar que uma esp\u00e9cie n\u00e3o \u00e9 segura. Seiva leitosa ao quebrar o caule, folhas muito brilhantes ou <strong>cheiro forte<\/strong> s\u00e3o sinais de alerta importantes que n\u00e3o podem ser ignorados no dia a dia.<\/p>\n\n\n\n<p>A aus\u00eancia do cheiro t\u00edpico de hortali\u00e7as, nervuras muito marcadas e aspecto \u201cdecorativo\u201d tamb\u00e9m indicam uma poss\u00edvel <strong>toxicidade<\/strong>. O ideal \u00e9 sempre evitar o consumo de qualquer folha desconhecida encontrada por acaso.<\/p>\n\n\n\n<p>Confira mais plantas t\u00f3xicas que podem ser encontradas nos lares sem a pessoa saber, compartilhado pelo canal do TikTok <strong>@hortodapressa:<\/strong><\/p>\n\n\n\n<blockquote class=\"tiktok-embed\" cite=\"https:\/\/www.tiktok.com\/@hortodarepresa\/video\/7234542002589682950\" data-video-id=\"7234542002589682950\" style=\"max-width: 605px;min-width: 325px;\" > <section> <a target=\"_blank\" title=\"@hortodarepresa\" href=\"https:\/\/www.tiktok.com\/@hortodarepresa?refer=embed\">@hortodarepresa<\/a> Voc\u00ea sabia disso? \ud83e\udd14\ud83c\udf3f Cultivar plantas s\u00f3 oferece benef\u00edcios mas nosso papel \u00e9 informar voc\u00eas. Acreditamos que informa\u00e7\u00e3o nunca \u00e9 demais. \ud83e\udeb4 N\u00e3o h\u00e1 problema em cultivar essas esp\u00e9cies, desde que seja longe do alcance das v\u00edtimas mais suscet\u00edveis, sendo elas crian\u00e7as e PET\u2019s. \ud83d\udc3e Agora conta aqui pra gente, voc\u00ea j\u00e1 sabia disso? \ud83d\udc47\ud83e\udd70 <a title=\"plantas\" target=\"_blank\" href=\"https:\/\/www.tiktok.com\/tag\/plantas?refer=embed\">#plantas<\/a> <a title=\"planta\" target=\"_blank\" href=\"https:\/\/www.tiktok.com\/tag\/planta?refer=embed\">#planta<\/a> <a title=\"plantatoxica\" target=\"_blank\" href=\"https:\/\/www.tiktok.com\/tag\/plantatoxica?refer=embed\">#plantatoxica<\/a> <a title=\"floricultura\" target=\"_blank\" href=\"https:\/\/www.tiktok.com\/tag\/floricultura?refer=embed\">#floricultura<\/a> <a title=\"flores\" target=\"_blank\" href=\"https:\/\/www.tiktok.com\/tag\/flores?refer=embed\">#flores<\/a> <a title=\"flor\" target=\"_blank\" href=\"https:\/\/www.tiktok.com\/tag\/flor?refer=embed\">#flor<\/a> <a title=\"floremcasa\" target=\"_blank\" href=\"https:\/\/www.tiktok.com\/tag\/floremcasa?refer=embed\">#floremcasa<\/a> <a title=\"plantaemcasa\" target=\"_blank\" href=\"https:\/\/www.tiktok.com\/tag\/plantaemcasa?refer=embed\">#plantaemcasa<\/a> <a title=\"jardimemcasa\" target=\"_blank\" href=\"https:\/\/www.tiktok.com\/tag\/jardimemcasa?refer=embed\">#jardimemcasa<\/a> <a title=\"informa\u00e7\u00e3o\" target=\"_blank\" href=\"https:\/\/www.tiktok.com\/tag\/informa%C3%A7%C3%A3o?refer=embed\">#informa\u00e7\u00e3o<\/a> <a title=\"cuidados\" target=\"_blank\" href=\"https:\/\/www.tiktok.com\/tag\/cuidados?refer=embed\">#cuidados<\/a> <a title=\"dicas\" target=\"_blank\" href=\"https:\/\/www.tiktok.com\/tag\/dicas?refer=embed\">#dicas<\/a> <a title=\"paisagismorj\" target=\"_blank\" href=\"https:\/\/www.tiktok.com\/tag\/paisagismorj?refer=embed\">#paisagismorj<\/a> <a title=\"floricultura\" target=\"_blank\" href=\"https:\/\/www.tiktok.com\/tag\/floricultura?refer=embed\">#floricultura<\/a> <a title=\"plantadecasa\" target=\"_blank\" href=\"https:\/\/www.tiktok.com\/tag\/plantadecasa?refer=embed\">#plantadecasa<\/a> <a target=\"_blank\" title=\"\u266c som original - Horto da Represa\" href=\"https:\/\/www.tiktok.com\/music\/som-original-7234542015630510854?refer=embed\">\u266c som original &#8211; Horto da Represa<\/a> <\/section> <\/blockquote> <script async src=\"https:\/\/www.tiktok.com\/embed.js\"><\/script>\n\n\n\n<h2 class=\"wp-block-heading\">Quais cuidados tomar para evitar acidentes com plantas?<\/h2>\n\n\n\n<p>Para proteger a fam\u00edlia e os pets, \u00e9 essencial checar a <strong>proced\u00eancia<\/strong> das plantas compradas e identificar seus nomes cient\u00edficos antes de plant\u00e1-las em casa. Veja pr\u00e1ticas simples para aplicar hoje mesmo:<\/p>\n\n\n\n<ul class=\"wp-block-list\">\n<li>Evitar colher folhas sem certeza da esp\u00e9cie<\/li>\n\n\n\n<li>Consultar um especialista em bot\u00e2nica quando tiver d\u00favidas<\/li>\n\n\n\n<li>Manter crian\u00e7as e animais longe de plantas t\u00f3xicas<\/li>\n\n\n\n<li>Pesquisar sempre antes de consumir algo da horta<\/li>\n\n\n\n<li>Observar sinais f\u00edsicos suspeitos nas plantas<\/li>\n<\/ul>\n\n\n\n<p>O caso de Dona Helena mostrou que erros assim s\u00e3o mais comuns do que parecem e que uma simples planta pode representar grande <strong>risco<\/strong>. Olhar com aten\u00e7\u00e3o o que cresce dentro de casa pode evitar acidentes graves. Preven\u00e7\u00e3o salva vidas \u2014 e come\u00e7a pelo seu jardim hoje.<\/p>\n\n\n\n<p><\/p>\n","protected":false},"excerpt":{"rendered":"<p>Uma situa\u00e7\u00e3o caseira quase terminou em trag\u00e9dia quando uma fam\u00edlia confundiu uma planta t\u00f3xica com um alimento comum. O epis\u00f3dio viralizou e exp\u00f4s o risco real de termos esp\u00e9cies perigosas dentro de casa sem perceber o perigo. Como um simples engano virou um grande susto? O caso aconteceu quando Dona Helena, acreditando ter encontrado uma [&hellip;]<\/p>\n","protected":false},"author":13,"featured_media":134045,"comment_status":"open","ping_status":"open","sticky":false,"template":"","format":"standard","meta":{"jnews-multi-image_gallery":[],"jnews_single_post":{"format":"standard"},"jnews_primary_category":[],"jnews_social_meta":[],"jnews_override_counter":[],"footnotes":""},"categories":[8819],"tags":[16012,3358,9947],"class_list":["post-133989","post","type-post","status-publish","format-standard","has-post-thumbnail","hentry","category-curiosidades","tag-cuidados-em-casa","tag-jardinagem","tag-plantas-toxicas"],"yoast_head":"<!-- This site is optimized with the Yoast SEO plugin v23.8 - https:\/\/yoast.com\/wordpress\/plugins\/seo\/ -->\n<title>Fam\u00edlia quase vai parar no hospital por confundir planta t\u00f3xica com hortali\u00e7a comest\u00edvel - Estado de Minas - Em foco<\/title>\n<meta name=\"description\" content=\"Voc\u00ea pode estar cultivando uma planta t\u00f3xica sem saber. Um erro dom\u00e9stico acendeu o alerta sobre folhas que parecem comest\u00edveis.\" \/>\n<meta name=\"robots\" content=\"index, follow, max-snippet:-1, max-image-preview:large, max-video-preview:-1\" \/>\n<link rel=\"canonical\" href=\"https:\/\/www.em.com.br\/emfoco\/2025\/12\/02\/familia-quase-vai-parar-no-hospital-por-confundir-planta-toxica-com-hortalica-comestivel\/\" \/>\n<meta property=\"og:locale\" content=\"pt_BR\" \/>\n<meta property=\"og:type\" content=\"article\" \/>\n<meta property=\"og:title\" content=\"Fam\u00edlia quase vai parar no hospital por confundir planta t\u00f3xica com hortali\u00e7a comest\u00edvel - Estado de Minas - Em foco\" \/>\n<meta property=\"og:description\" content=\"Voc\u00ea pode estar cultivando uma planta t\u00f3xica sem saber. Um erro dom\u00e9stico acendeu o alerta sobre folhas que parecem comest\u00edveis.\" \/>\n<meta property=\"og:url\" content=\"https:\/\/www.em.com.br\/emfoco\/2025\/12\/02\/familia-quase-vai-parar-no-hospital-por-confundir-planta-toxica-com-hortalica-comestivel\/\" \/>\n<meta property=\"og:site_name\" content=\"Estado de Minas - Em foco\" \/>\n<meta property=\"article:published_time\" content=\"2025-12-02T16:05:00+00:00\" \/>\n<meta property=\"article:modified_time\" content=\"2025-12-08T14:08:36+00:00\" \/>\n<meta property=\"og:image\" content=\"https:\/\/www.em.com.br\/emfoco\/wp-content\/uploads\/2025\/12\/IA-IMG-2.jpg\" \/>\n\t<meta property=\"og:image:width\" content=\"1280\" \/>\n\t<meta property=\"og:image:height\" content=\"720\" \/>\n\t<meta property=\"og:image:type\" content=\"image\/jpeg\" \/>\n<meta name=\"author\" content=\"Gabriel Martins\" \/>\n<meta name=\"twitter:card\" content=\"summary_large_image\" \/>\n<meta name=\"twitter:label1\" content=\"Escrito por\" \/>\n\t<meta name=\"twitter:data1\" content=\"Gabriel Martins\" \/>\n\t<meta name=\"twitter:label2\" content=\"Est. tempo de leitura\" \/>\n\t<meta name=\"twitter:data2\" content=\"4 minutos\" \/>\n<!-- \/ Yoast SEO plugin. -->","yoast_head_json":{"title":"Fam\u00edlia quase vai parar no hospital por confundir planta t\u00f3xica com hortali\u00e7a comest\u00edvel - Estado de Minas - Em foco","description":"Voc\u00ea pode estar cultivando uma planta t\u00f3xica sem saber. Um erro dom\u00e9stico acendeu o alerta sobre folhas que parecem comest\u00edveis.","robots":{"index":"index","follow":"follow","max-snippet":"max-snippet:-1","max-image-preview":"max-image-preview:large","max-video-preview":"max-video-preview:-1"},"canonical":"https:\/\/www.em.com.br\/emfoco\/2025\/12\/02\/familia-quase-vai-parar-no-hospital-por-confundir-planta-toxica-com-hortalica-comestivel\/","og_locale":"pt_BR","og_type":"article","og_title":"Fam\u00edlia quase vai parar no hospital por confundir planta t\u00f3xica com hortali\u00e7a comest\u00edvel - Estado de Minas - Em foco","og_description":"Voc\u00ea pode estar cultivando uma planta t\u00f3xica sem saber. Um erro dom\u00e9stico acendeu o alerta sobre folhas que parecem comest\u00edveis.","og_url":"https:\/\/www.em.com.br\/emfoco\/2025\/12\/02\/familia-quase-vai-parar-no-hospital-por-confundir-planta-toxica-com-hortalica-comestivel\/","og_site_name":"Estado de Minas - Em foco","article_published_time":"2025-12-02T16:05:00+00:00","article_modified_time":"2025-12-08T14:08:36+00:00","og_image":[{"width":1280,"height":720,"url":"https:\/\/www.em.com.br\/emfoco\/wp-content\/uploads\/2025\/12\/IA-IMG-2.jpg","type":"image\/jpeg"}],"author":"Gabriel Martins","twitter_card":"summary_large_image","twitter_misc":{"Escrito por":"Gabriel Martins","Est. tempo de leitura":"4 minutos"},"schema":{"@context":"https:\/\/schema.org","@graph":[{"@type":"WebPage","@id":"https:\/\/www.em.com.br\/emfoco\/2025\/12\/02\/familia-quase-vai-parar-no-hospital-por-confundir-planta-toxica-com-hortalica-comestivel\/","url":"https:\/\/www.em.com.br\/emfoco\/2025\/12\/02\/familia-quase-vai-parar-no-hospital-por-confundir-planta-toxica-com-hortalica-comestivel\/","name":"Fam\u00edlia quase vai parar no hospital por confundir planta t\u00f3xica com hortali\u00e7a comest\u00edvel - Estado de Minas - Em foco","isPartOf":{"@id":"https:\/\/www.em.com.br\/emfoco\/#website"},"primaryImageOfPage":{"@id":"https:\/\/www.em.com.br\/emfoco\/2025\/12\/02\/familia-quase-vai-parar-no-hospital-por-confundir-planta-toxica-com-hortalica-comestivel\/#primaryimage"},"image":{"@id":"https:\/\/www.em.com.br\/emfoco\/2025\/12\/02\/familia-quase-vai-parar-no-hospital-por-confundir-planta-toxica-com-hortalica-comestivel\/#primaryimage"},"thumbnailUrl":"https:\/\/www.em.com.br\/emfoco\/wp-content\/uploads\/2025\/12\/IA-IMG-2.jpg","datePublished":"2025-12-02T16:05:00+00:00","dateModified":"2025-12-08T14:08:36+00:00","author":{"@id":"https:\/\/www.em.com.br\/emfoco\/#\/schema\/person\/1c9ddeab18b98abeffef834667bcf08a"},"description":"Voc\u00ea pode estar cultivando uma planta t\u00f3xica sem saber. Um erro dom\u00e9stico acendeu o alerta sobre folhas que parecem comest\u00edveis.","breadcrumb":{"@id":"https:\/\/www.em.com.br\/emfoco\/2025\/12\/02\/familia-quase-vai-parar-no-hospital-por-confundir-planta-toxica-com-hortalica-comestivel\/#breadcrumb"},"inLanguage":"pt-BR","potentialAction":[{"@type":"ReadAction","target":["https:\/\/www.em.com.br\/emfoco\/2025\/12\/02\/familia-quase-vai-parar-no-hospital-por-confundir-planta-toxica-com-hortalica-comestivel\/"]}]},{"@type":"ImageObject","inLanguage":"pt-BR","@id":"https:\/\/www.em.com.br\/emfoco\/2025\/12\/02\/familia-quase-vai-parar-no-hospital-por-confundir-planta-toxica-com-hortalica-comestivel\/#primaryimage","url":"https:\/\/www.em.com.br\/emfoco\/wp-content\/uploads\/2025\/12\/IA-IMG-2.jpg","contentUrl":"https:\/\/www.em.com.br\/emfoco\/wp-content\/uploads\/2025\/12\/IA-IMG-2.jpg","width":1280,"height":720,"caption":"A semelhan\u00e7a das folhas confundiu a fam\u00edlia e causou risco"},{"@type":"BreadcrumbList","@id":"https:\/\/www.em.com.br\/emfoco\/2025\/12\/02\/familia-quase-vai-parar-no-hospital-por-confundir-planta-toxica-com-hortalica-comestivel\/#breadcrumb","itemListElement":[{"@type":"ListItem","position":1,"name":"In\u00edcio","item":"https:\/\/www.em.com.br\/emfoco\/"},{"@type":"ListItem","position":2,"name":"Fam\u00edlia quase vai parar no hospital por confundir planta t\u00f3xica com hortali\u00e7a comest\u00edvel"}]},{"@type":"WebSite","@id":"https:\/\/www.em.com.br\/emfoco\/#website","url":"https:\/\/www.em.com.br\/emfoco\/","name":"Estado de Minas - Em foco","description":"Acompanhe as \u00faltimas not\u00edcias e fique bem informado sobre tudo o que acontece em Minas Gerais, Brasil e no mundo.","potentialAction":[{"@type":"SearchAction","target":{"@type":"EntryPoint","urlTemplate":"https:\/\/www.em.com.br\/emfoco\/?s={search_term_string}"},"query-input":{"@type":"PropertyValueSpecification","valueRequired":true,"valueName":"search_term_string"}}],"inLanguage":"pt-BR"},{"@type":"Person","@id":"https:\/\/www.em.com.br\/emfoco\/#\/schema\/person\/1c9ddeab18b98abeffef834667bcf08a","name":"Gabriel Martins","image":{"@type":"ImageObject","inLanguage":"pt-BR","@id":"https:\/\/www.em.com.br\/emfoco\/#\/schema\/person\/image\/","url":"https:\/\/secure.gravatar.com\/avatar\/f0f1e2efdfd88f1ad2cb08c5c2731e50?s=96&d=mm&r=g","contentUrl":"https:\/\/secure.gravatar.com\/avatar\/f0f1e2efdfd88f1ad2cb08c5c2731e50?s=96&d=mm&r=g","caption":"Gabriel Martins"},"sameAs":["https:\/\/www.em.com.br\/emfoco\/"],"url":"https:\/\/www.em.com.br\/emfoco\/author\/gabrielmartinsmyth\/"}]}},"_links":{"self":[{"href":"https:\/\/www.em.com.br\/emfoco\/wp-json\/wp\/v2\/posts\/133989","targetHints":{"allow":["GET"]}}],"collection":[{"href":"https:\/\/www.em.com.br\/emfoco\/wp-json\/wp\/v2\/posts"}],"about":[{"href":"https:\/\/www.em.com.br\/emfoco\/wp-json\/wp\/v2\/types\/post"}],"author":[{"embeddable":true,"href":"https:\/\/www.em.com.br\/emfoco\/wp-json\/wp\/v2\/users\/13"}],"replies":[{"embeddable":true,"href":"https:\/\/www.em.com.br\/emfoco\/wp-json\/wp\/v2\/comments?post=133989"}],"version-history":[{"count":2,"href":"https:\/\/www.em.com.br\/emfoco\/wp-json\/wp\/v2\/posts\/133989\/revisions"}],"predecessor-version":[{"id":137202,"href":"https:\/\/www.em.com.br\/emfoco\/wp-json\/wp\/v2\/posts\/133989\/revisions\/137202"}],"wp:featuredmedia":[{"embeddable":true,"href":"https:\/\/www.em.com.br\/emfoco\/wp-json\/wp\/v2\/media\/134045"}],"wp:attachment":[{"href":"https:\/\/www.em.com.br\/emfoco\/wp-json\/wp\/v2\/media?parent=133989"}],"wp:term":[{"taxonomy":"category","embeddable":true,"href":"https:\/\/www.em.com.br\/emfoco\/wp-json\/wp\/v2\/categories?post=133989"},{"taxonomy":"post_tag","embeddable":true,"href":"https:\/\/www.em.com.br\/emfoco\/wp-json\/wp\/v2\/tags?post=133989"}],"curies":[{"name":"wp","href":"https:\/\/api.w.org\/{rel}","templated":true}]}}