{"id":133963,"date":"2025-12-02T15:05:00","date_gmt":"2025-12-02T18:05:00","guid":{"rendered":"https:\/\/www.em.com.br\/emfoco\/?p=133963"},"modified":"2025-12-01T16:54:44","modified_gmt":"2025-12-01T19:54:44","slug":"a-cidade-do-litoral-paulista-que-combina-mar-seguranca-e-vida-urbana-de-alto-padrao","status":"publish","type":"post","link":"https:\/\/www.em.com.br\/emfoco\/2025\/12\/02\/a-cidade-do-litoral-paulista-que-combina-mar-seguranca-e-vida-urbana-de-alto-padrao\/","title":{"rendered":"A cidade do litoral paulista que combina mar, seguran\u00e7a e vida urbana de alto padr\u00e3o"},"content":{"rendered":"\n<p>Voc\u00ea j\u00e1 pensou em trocar a agita\u00e7\u00e3o da metr\u00f3pole pela brisa do mar sem perder a infraestrutura urbana? <strong>Morar em Santos<\/strong> tem se tornado o objetivo de muitos brasileiros que buscam equilibrar carreira e bem-estar em uma das cidades mais desenvolvidas do pa\u00eds.<\/p>\n\n\n\n<p>Localizada no litoral de <strong>S\u00e3o Paulo<\/strong>, a cidade oferece muito mais do que praias bonitas. Com um <strong><a href=\"https:\/\/cidades.ibge.gov.br\/brasil\/sp\/santos\/panorama\" target=\"_blank\" rel=\"noreferrer noopener\">\u00cdndice de Desenvolvimento Humano<\/a><\/strong> (IDH) de 0,840, o munic\u00edpio se destaca pela seguran\u00e7a, op\u00e7\u00f5es de lazer e um mercado de trabalho aquecido pelo maior porto da <strong>Am\u00e9rica Latina<\/strong>.<\/p>\n\n\n\n<h2 class=\"wp-block-heading\">Por que a qualidade de vida em Santos \u00e9 refer\u00eancia nacional?<\/h2>\n\n\n\n<p>A cidade ocupa a <strong><a href=\"https:\/\/www.santos.sp.gov.br\/?q=noticia\/rankings-indices-e-premios-em-2024-comprovam-santos-entre-as-melhores-do-pais\" target=\"_blank\" rel=\"noreferrer noopener\">6\u00aa posi\u00e7\u00e3o no ranking nacional<\/a><\/strong> de melhores munic\u00edpios para se viver (dados de 2024), sendo a 3\u00aa melhor do estado. A infraestrutura de <strong>Santos<\/strong> atende com excel\u00eancia desde jovens estudantes at\u00e9 a terceira idade, com uma orla que convida \u00e0 pr\u00e1tica de esportes diariamente.<\/p>\n\n\n\n<p>Diferente de cidades puramente tur\u00edsticas, a vida aqui pulsa o ano todo, inclusive nos dias \u00fateis. As ciclovias est\u00e3o sempre movimentadas, e a seguran\u00e7a permite caminhar tranquilamente pelos cal\u00e7ad\u00f5es, exigindo apenas os cuidados b\u00e1sicos comuns a qualquer centro urbano do <strong>Brasil<\/strong>.<\/p>\n\n\n<div class=\"wp-block-image\">\n<figure class=\"aligncenter size-large\"><img decoding=\"async\" src=\"https:\/\/revistaoeste.com\/oestegeral\/wp-content\/uploads\/2025\/05\/Santos_1748562746895-1024x576.jpg\" alt=\"Essa cidade no litoral de S\u00e3o Paulo une praias famosas, patrim\u00f4nio hist\u00f3rico, qualidade de vida e um estilo de vida acolhedor\" class=\"wp-image-3101\"\/><figcaption class=\"wp-element-caption\">Santos, um destino que une belezas naturais e riqueza cultural em um estilo de vida acolhedor. \/\/ Cr\u00e9ditos: depositphotos.com \/ vbacarin<\/figcaption><\/figure><\/div>\n\n\n<h2 class=\"wp-block-heading\">Qual \u00e9 o custo real de aluguel nos principais bairros?<\/h2>\n\n\n\n<p>O valor do aluguel \u00e9 o fator que mais impacta o or\u00e7amento, e os pre\u00e7os subiram consideravelmente entre 2024 e 2025. Em <strong>Santos<\/strong>, o pre\u00e7o varia mais pela condi\u00e7\u00e3o do pr\u00e9dio do que pela localiza\u00e7\u00e3o exata, j\u00e1 que o territ\u00f3rio da cidade \u00e9 compacto e verticalizado.<\/p>\n\n\n\n<p>Para quem sonha em acordar de frente para o mar, prepare o bolso: os im\u00f3veis na orla possuem valores elevados. No entanto, caminhar alguns minutos para dentro dos bairros pode reduzir essa despesa, embora o mercado esteja aquecido.<\/p>\n\n\n\n<p>Confira uma m\u00e9dia estimada de valores para novos contratos no mercado imobili\u00e1rio local:<\/p>\n\n\n\n<ul class=\"wp-block-list\">\n<li><strong>Gonzaga<\/strong>: Bairro comercial e valorizado. Apartamentos de 1 quarto variam entre R$ 2.800 e R$ 3.200; op\u00e7\u00f5es de dois quartos ficam entre R$ 2.800 e R$ 3.500.<\/li>\n\n\n\n<li><strong>Ponta da Praia<\/strong>: \u00c1rea nobre e moderna. Im\u00f3veis compactos e reformados acompanham a valoriza\u00e7\u00e3o da orla, com pre\u00e7os competitivos em rela\u00e7\u00e3o ao Gonzaga.<\/li>\n\n\n\n<li><strong>Macuco<\/strong> e <strong>Estu\u00e1rio<\/strong>: Op\u00e7\u00f5es com melhor custo-benef\u00edcio. Embora os pre\u00e7os tenham subido, ainda \u00e9 poss\u00edvel encontrar oportunidades abaixo da m\u00e9dia da orla, ideais para quem busca economizar.<\/li>\n<\/ul>\n\n\n\n<p>Veja abaixo um v\u00eddeo do canal <strong><a href=\"https:\/\/www.youtube.com\/@minhajornadanomade\" target=\"_blank\" rel=\"noreferrer noopener\">Minha Jornada N\u00f4made<\/a><\/strong> mostrando mais de <strong>Santos<\/strong>:<\/p>\n\n\n\n<figure class=\"wp-block-embed is-type-video is-provider-youtube wp-block-embed-youtube wp-embed-aspect-16-9 wp-has-aspect-ratio\"><div class=\"wp-block-embed__wrapper\">\n<div class=\"jeg_video_container jeg_video_content\"><iframe loading=\"lazy\" title=\"Morar em Santos (SP) - Uma Cidade com qualidade de vida\" width=\"500\" height=\"281\" src=\"https:\/\/www.youtube.com\/embed\/e0_-1zkaIq0?feature=oembed\" frameborder=\"0\" allow=\"accelerometer; autoplay; clipboard-write; encrypted-media; gyroscope; picture-in-picture; web-share\" referrerpolicy=\"strict-origin-when-cross-origin\" allowfullscreen><\/iframe><\/div>\n<\/div><\/figure>\n\n\n\n<h2 class=\"wp-block-heading\">Como funciona a mobilidade e o custo de vida?<\/h2>\n\n\n\n<p>A mobilidade urbana \u00e9 um ponto forte, com destaque para o <strong><a href=\"https:\/\/www.emtu.sp.gov.br\/emtu\/empreendimentos\/empreendimentos\/vlt-veiculo-leve-sobre-trilhos\/vlt-veiculo-leve-sobre-trilhos.fss\" target=\"_blank\" rel=\"noreferrer noopener\">Ve\u00edculo Leve sobre Trilhos <\/a><\/strong>(VLT). Esse sistema corta a cidade paralelamente \u00e0 praia, custa R$ 5,35 (tarifa simples 2025) e conecta diversas regi\u00f5es de forma r\u00e1pida e eficiente.<\/p>\n\n\n\n<p>No quesito despesas di\u00e1rias, \u00e9 importante notar que <strong>Santos<\/strong> possui um dos custos de vida mais altos do pa\u00eds. Alimenta\u00e7\u00e3o e servi\u00e7os costumam ficar acima da m\u00e9dia da regi\u00e3o Sudeste, refletindo o padr\u00e3o de vida elevado e a valoriza\u00e7\u00e3o imobili\u00e1ria constante.<\/p>\n\n\n\n<p><strong>Leia tamb\u00e9m: <a href=\"https:\/\/www.em.com.br\/emfoco\/2025\/11\/30\/a-cidade-mais-vibrante-do-nordeste-que-quase-ninguem-explorou-por-completo\/\" target=\"_blank\" rel=\"noreferrer noopener\">A cidade mais vibrante do Nordeste que quase ningu\u00e9m explorou por completo<\/a><\/strong><\/p>\n\n\n\n<h2 class=\"wp-block-heading\">Vale a pena se mudar para o litoral de S\u00e3o Paulo?<\/h2>\n\n\n\n<p>Se voc\u00ea busca uma rotina onde o moderno convive com o hist\u00f3rico e o lazer ao ar livre \u00e9 gratuito, a resposta tende a ser positiva. Bairros como <strong>Jos\u00e9 Menino<\/strong> oferecem o charme de pr\u00e9dios cl\u00e1ssicos, enquanto a regi\u00e3o da <strong>Aparecida<\/strong> traz a conveni\u00eancia de grandes shoppings como o Praiamar.<\/p>\n\n\n\n<p>Analise seu or\u00e7amento com cautela, considerando que o custo para se manter aqui \u00e9 compar\u00e1vel ao de capitais. A decis\u00e3o final deve pesar se a qualidade de vida e a seguran\u00e7a de caminhar na praia ao fim do expediente compensam o investimento mensal.<\/p>\n\n\n<div class=\"wp-block-image\">\n<figure class=\"aligncenter size-large\"><img decoding=\"async\" src=\"https:\/\/revistaoeste.com\/oestegeral\/wp-content\/uploads\/2025\/05\/santos1-1024x576.jpg\" alt=\"Essa cidade no litoral de S\u00e3o Paulo une praias famosas, patrim\u00f4nio hist\u00f3rico, qualidade de vida e um estilo de vida acolhedor\" class=\"wp-image-3102\"\/><figcaption class=\"wp-element-caption\">Santos, uma das joias do litoral paulista, onde natureza e tradi\u00e7\u00e3o caminham juntas. \/\/ Cr\u00e9ditos: Wikimedia Commons<\/figcaption><\/figure><\/div>\n\n\n<h2 class=\"wp-block-heading\">O que voc\u00ea precisa saber antes de fazer as malas<\/h2>\n\n\n\n<p><strong>Santos<\/strong> \u00e9 uma cidade pronta, que mistura a vibe praiana com servi\u00e7os de metr\u00f3pole. Planeje sua mudan\u00e7a com base em dados atualizados e foque no estilo de vida que voc\u00ea deseja levar.<\/p>\n\n\n\n<ul class=\"wp-block-list\">\n<li>A cidade \u00e9 extremamente segura e amig\u00e1vel para pedestres e ciclistas.<\/li>\n\n\n\n<li>O custo de vida \u00e9 alto, exigindo planejamento financeiro superior \u00e0 m\u00e9dia nacional.<\/li>\n\n\n\n<li>O mercado de trabalho \u00e9 robusto, especialmente nos setores portu\u00e1rio, comercial e de turismo.<\/li>\n<\/ul>\n","protected":false},"excerpt":{"rendered":"<p>Voc\u00ea j\u00e1 pensou em trocar a agita\u00e7\u00e3o da metr\u00f3pole pela brisa do mar sem perder a infraestrutura urbana? Morar em Santos tem se tornado o objetivo de muitos brasileiros que buscam equilibrar carreira e bem-estar em uma das cidades mais desenvolvidas do pa\u00eds. Localizada no litoral de S\u00e3o Paulo, a cidade oferece muito mais do [&hellip;]<\/p>\n","protected":false},"author":6,"featured_media":134170,"comment_status":"open","ping_status":"open","sticky":false,"template":"","format":"standard","meta":{"jnews-multi-image_gallery":[],"jnews_single_post":{"format":"standard"},"jnews_primary_category":[],"jnews_social_meta":[],"jnews_override_counter":[],"footnotes":""},"categories":[26],"tags":[183,845,553,157],"class_list":["post-133963","post","type-post","status-publish","format-standard","has-post-thumbnail","hentry","category-cidades","tag-cidades","tag-santos","tag-sao-paulo","tag-turismo"],"yoast_head":"<!-- This site is optimized with the Yoast SEO plugin v23.8 - https:\/\/yoast.com\/wordpress\/plugins\/seo\/ -->\n<title>A cidade do litoral paulista que combina mar, seguran\u00e7a e vida urbana de alto padr\u00e3o - Estado de Minas - Em foco<\/title>\n<meta name=\"description\" content=\"Um destino do litoral paulista onde praias, seguran\u00e7a e vida urbana moderna se encontram em um \u00fanico lugar para viver bem.\" \/>\n<meta name=\"robots\" content=\"index, follow, max-snippet:-1, max-image-preview:large, max-video-preview:-1\" \/>\n<link rel=\"canonical\" href=\"https:\/\/www.em.com.br\/emfoco\/2025\/12\/02\/a-cidade-do-litoral-paulista-que-combina-mar-seguranca-e-vida-urbana-de-alto-padrao\/\" \/>\n<meta property=\"og:locale\" content=\"pt_BR\" \/>\n<meta property=\"og:type\" content=\"article\" \/>\n<meta property=\"og:title\" content=\"A cidade do litoral paulista que combina mar, seguran\u00e7a e vida urbana de alto padr\u00e3o - Estado de Minas - Em foco\" \/>\n<meta property=\"og:description\" content=\"Um destino do litoral paulista onde praias, seguran\u00e7a e vida urbana moderna se encontram em um \u00fanico lugar para viver bem.\" \/>\n<meta property=\"og:url\" content=\"https:\/\/www.em.com.br\/emfoco\/2025\/12\/02\/a-cidade-do-litoral-paulista-que-combina-mar-seguranca-e-vida-urbana-de-alto-padrao\/\" \/>\n<meta property=\"og:site_name\" content=\"Estado de Minas - Em foco\" \/>\n<meta property=\"article:published_time\" content=\"2025-12-02T18:05:00+00:00\" \/>\n<meta property=\"article:modified_time\" content=\"2025-12-01T19:54:44+00:00\" \/>\n<meta property=\"og:image\" content=\"https:\/\/www.em.com.br\/emfoco\/wp-content\/uploads\/2025\/12\/image.png\" \/>\n\t<meta property=\"og:image:width\" content=\"1280\" \/>\n\t<meta property=\"og:image:height\" content=\"720\" \/>\n\t<meta property=\"og:image:type\" content=\"image\/png\" \/>\n<meta name=\"author\" content=\"Vitor Bruno\" \/>\n<meta name=\"twitter:card\" content=\"summary_large_image\" \/>\n<meta name=\"twitter:label1\" content=\"Escrito por\" \/>\n\t<meta name=\"twitter:data1\" content=\"Vitor Bruno\" \/>\n\t<meta name=\"twitter:label2\" content=\"Est. tempo de leitura\" \/>\n\t<meta name=\"twitter:data2\" content=\"5 minutos\" \/>\n<!-- \/ Yoast SEO plugin. -->","yoast_head_json":{"title":"A cidade do litoral paulista que combina mar, seguran\u00e7a e vida urbana de alto padr\u00e3o - Estado de Minas - Em foco","description":"Um destino do litoral paulista onde praias, seguran\u00e7a e vida urbana moderna se encontram em um \u00fanico lugar para viver bem.","robots":{"index":"index","follow":"follow","max-snippet":"max-snippet:-1","max-image-preview":"max-image-preview:large","max-video-preview":"max-video-preview:-1"},"canonical":"https:\/\/www.em.com.br\/emfoco\/2025\/12\/02\/a-cidade-do-litoral-paulista-que-combina-mar-seguranca-e-vida-urbana-de-alto-padrao\/","og_locale":"pt_BR","og_type":"article","og_title":"A cidade do litoral paulista que combina mar, seguran\u00e7a e vida urbana de alto padr\u00e3o - Estado de Minas - Em foco","og_description":"Um destino do litoral paulista onde praias, seguran\u00e7a e vida urbana moderna se encontram em um \u00fanico lugar para viver bem.","og_url":"https:\/\/www.em.com.br\/emfoco\/2025\/12\/02\/a-cidade-do-litoral-paulista-que-combina-mar-seguranca-e-vida-urbana-de-alto-padrao\/","og_site_name":"Estado de Minas - Em foco","article_published_time":"2025-12-02T18:05:00+00:00","article_modified_time":"2025-12-01T19:54:44+00:00","og_image":[{"width":1280,"height":720,"url":"https:\/\/www.em.com.br\/emfoco\/wp-content\/uploads\/2025\/12\/image.png","type":"image\/png"}],"author":"Vitor Bruno","twitter_card":"summary_large_image","twitter_misc":{"Escrito por":"Vitor Bruno","Est. tempo de leitura":"5 minutos"},"schema":{"@context":"https:\/\/schema.org","@graph":[{"@type":"WebPage","@id":"https:\/\/www.em.com.br\/emfoco\/2025\/12\/02\/a-cidade-do-litoral-paulista-que-combina-mar-seguranca-e-vida-urbana-de-alto-padrao\/","url":"https:\/\/www.em.com.br\/emfoco\/2025\/12\/02\/a-cidade-do-litoral-paulista-que-combina-mar-seguranca-e-vida-urbana-de-alto-padrao\/","name":"A cidade do litoral paulista que combina mar, seguran\u00e7a e vida urbana de alto padr\u00e3o - Estado de Minas - Em foco","isPartOf":{"@id":"https:\/\/www.em.com.br\/emfoco\/#website"},"primaryImageOfPage":{"@id":"https:\/\/www.em.com.br\/emfoco\/2025\/12\/02\/a-cidade-do-litoral-paulista-que-combina-mar-seguranca-e-vida-urbana-de-alto-padrao\/#primaryimage"},"image":{"@id":"https:\/\/www.em.com.br\/emfoco\/2025\/12\/02\/a-cidade-do-litoral-paulista-que-combina-mar-seguranca-e-vida-urbana-de-alto-padrao\/#primaryimage"},"thumbnailUrl":"https:\/\/www.em.com.br\/emfoco\/wp-content\/uploads\/2025\/12\/image.png","datePublished":"2025-12-02T18:05:00+00:00","dateModified":"2025-12-01T19:54:44+00:00","author":{"@id":"https:\/\/www.em.com.br\/emfoco\/#\/schema\/person\/364ac1852fafd00f1be20f0b8b237569"},"description":"Um destino do litoral paulista onde praias, seguran\u00e7a e vida urbana moderna se encontram em um \u00fanico lugar para viver bem.","breadcrumb":{"@id":"https:\/\/www.em.com.br\/emfoco\/2025\/12\/02\/a-cidade-do-litoral-paulista-que-combina-mar-seguranca-e-vida-urbana-de-alto-padrao\/#breadcrumb"},"inLanguage":"pt-BR","potentialAction":[{"@type":"ReadAction","target":["https:\/\/www.em.com.br\/emfoco\/2025\/12\/02\/a-cidade-do-litoral-paulista-que-combina-mar-seguranca-e-vida-urbana-de-alto-padrao\/"]}]},{"@type":"ImageObject","inLanguage":"pt-BR","@id":"https:\/\/www.em.com.br\/emfoco\/2025\/12\/02\/a-cidade-do-litoral-paulista-que-combina-mar-seguranca-e-vida-urbana-de-alto-padrao\/#primaryimage","url":"https:\/\/www.em.com.br\/emfoco\/wp-content\/uploads\/2025\/12\/image.png","contentUrl":"https:\/\/www.em.com.br\/emfoco\/wp-content\/uploads\/2025\/12\/image.png","width":1280,"height":720,"caption":"Santos tem se tornado o objetivo de muitos brasileiros que buscam equilibrar carreira e bem-estar (imagem ilustrativa)"},{"@type":"BreadcrumbList","@id":"https:\/\/www.em.com.br\/emfoco\/2025\/12\/02\/a-cidade-do-litoral-paulista-que-combina-mar-seguranca-e-vida-urbana-de-alto-padrao\/#breadcrumb","itemListElement":[{"@type":"ListItem","position":1,"name":"In\u00edcio","item":"https:\/\/www.em.com.br\/emfoco\/"},{"@type":"ListItem","position":2,"name":"A cidade do litoral paulista que combina mar, seguran\u00e7a e vida urbana de alto padr\u00e3o"}]},{"@type":"WebSite","@id":"https:\/\/www.em.com.br\/emfoco\/#website","url":"https:\/\/www.em.com.br\/emfoco\/","name":"Estado de Minas - Em foco","description":"Acompanhe as \u00faltimas not\u00edcias e fique bem informado sobre tudo o que acontece em Minas Gerais, Brasil e no mundo.","potentialAction":[{"@type":"SearchAction","target":{"@type":"EntryPoint","urlTemplate":"https:\/\/www.em.com.br\/emfoco\/?s={search_term_string}"},"query-input":{"@type":"PropertyValueSpecification","valueRequired":true,"valueName":"search_term_string"}}],"inLanguage":"pt-BR"},{"@type":"Person","@id":"https:\/\/www.em.com.br\/emfoco\/#\/schema\/person\/364ac1852fafd00f1be20f0b8b237569","name":"Vitor Bruno","image":{"@type":"ImageObject","inLanguage":"pt-BR","@id":"https:\/\/www.em.com.br\/emfoco\/#\/schema\/person\/image\/","url":"https:\/\/secure.gravatar.com\/avatar\/b719e5cdede09f942064960883b5524d?s=96&d=mm&r=g","contentUrl":"https:\/\/secure.gravatar.com\/avatar\/b719e5cdede09f942064960883b5524d?s=96&d=mm&r=g","caption":"Vitor Bruno"},"sameAs":["https:\/\/www.em.com.br\/emfoco\/"],"url":"https:\/\/www.em.com.br\/emfoco\/author\/vitormyth\/"}]}},"_links":{"self":[{"href":"https:\/\/www.em.com.br\/emfoco\/wp-json\/wp\/v2\/posts\/133963","targetHints":{"allow":["GET"]}}],"collection":[{"href":"https:\/\/www.em.com.br\/emfoco\/wp-json\/wp\/v2\/posts"}],"about":[{"href":"https:\/\/www.em.com.br\/emfoco\/wp-json\/wp\/v2\/types\/post"}],"author":[{"embeddable":true,"href":"https:\/\/www.em.com.br\/emfoco\/wp-json\/wp\/v2\/users\/6"}],"replies":[{"embeddable":true,"href":"https:\/\/www.em.com.br\/emfoco\/wp-json\/wp\/v2\/comments?post=133963"}],"version-history":[{"count":6,"href":"https:\/\/www.em.com.br\/emfoco\/wp-json\/wp\/v2\/posts\/133963\/revisions"}],"predecessor-version":[{"id":134196,"href":"https:\/\/www.em.com.br\/emfoco\/wp-json\/wp\/v2\/posts\/133963\/revisions\/134196"}],"wp:featuredmedia":[{"embeddable":true,"href":"https:\/\/www.em.com.br\/emfoco\/wp-json\/wp\/v2\/media\/134170"}],"wp:attachment":[{"href":"https:\/\/www.em.com.br\/emfoco\/wp-json\/wp\/v2\/media?parent=133963"}],"wp:term":[{"taxonomy":"category","embeddable":true,"href":"https:\/\/www.em.com.br\/emfoco\/wp-json\/wp\/v2\/categories?post=133963"},{"taxonomy":"post_tag","embeddable":true,"href":"https:\/\/www.em.com.br\/emfoco\/wp-json\/wp\/v2\/tags?post=133963"}],"curies":[{"name":"wp","href":"https:\/\/api.w.org\/{rel}","templated":true}]}}