{"id":133951,"date":"2025-12-01T11:38:52","date_gmt":"2025-12-01T14:38:52","guid":{"rendered":"https:\/\/www.em.com.br\/emfoco\/?p=133951"},"modified":"2025-12-01T11:43:44","modified_gmt":"2025-12-01T14:43:44","slug":"lei-confirma-que-se-um-vizinho-nao-pagar-o-condominio-os-outros-proprietarios-podem-solicitar-a-penhora-de-seus-bens","status":"publish","type":"post","link":"https:\/\/www.em.com.br\/emfoco\/2025\/12\/01\/lei-confirma-que-se-um-vizinho-nao-pagar-o-condominio-os-outros-proprietarios-podem-solicitar-a-penhora-de-seus-bens\/","title":{"rendered":"Lei confirma que se um vizinho n\u00e3o pagar o condom\u00ednio, os outros propriet\u00e1rios podem solicitar a penhora de seus bens"},"content":{"rendered":"\n<p>Recentes mudan\u00e7as na legisla\u00e7\u00e3o da propriedade horizontal na <strong>Espanha<\/strong>, anunciadas em 2025, buscam abordar de maneira inovadora a gest\u00e3o de d\u00edvidas em comunidades de propriet\u00e1rios. Essas altera\u00e7\u00f5es legislativas t\u00eam como objetivo central melhorar a efici\u00eancia e transpar\u00eancia na cobran\u00e7a de taxas condominiais, lidando de forma mais suave com a inadimpl\u00eancia.<\/p>\n\n\n\n<p>Uma das principais inova\u00e7\u00f5es foi a introdu\u00e7\u00e3o de um procedimento mais \u00e1gil para a recupera\u00e7\u00e3o de valores devidos, estipulando que qualquer a\u00e7\u00e3o judicial relacionada deve ser precedida pela vota\u00e7\u00e3o em assembleia, devidamente registrada. Isso aumenta a clareza dos procedimentos internos e assegura que as decis\u00f5es tomadas sejam de conhecimento e concord\u00e2ncia coletiva da comunidade.<\/p>\n\n\n\n<h2 class=\"wp-block-heading\">Facilita\u00e7\u00e3o da Cobran\u00e7a de Pequenas D\u00edvidas<\/h2>\n\n\n\n<p>Outra inova\u00e7\u00e3o significativa \u00e9 a simplifica\u00e7\u00e3o da cobran\u00e7a para valores inferiores a <strong>2.000 euros<\/strong>. Com esse novo m\u00e9todo, as comunidades t\u00eam a possibilidade de resolver pend\u00eancias financeiras sem precisar imediatamente de aconselhamento jur\u00eddico, reduzindo assim custos e tempo. Caso o d\u00e9bito continue, a legisla\u00e7\u00e3o permite que sejam buscadas garantias legais como o pedido de embargo de determinados bens do devedor, incluindo saldos banc\u00e1rios e propriedades.<\/p>\n\n\n\n<figure class=\"wp-block-image size-large\"><img loading=\"lazy\" decoding=\"async\" width=\"1024\" height=\"585\" src=\"https:\/\/www.em.com.br\/emfoco\/wp-content\/uploads\/2025\/12\/freepik__candid-i-with-natural-textures-and-highly-realisti__88628-1024x585.jpeg\" alt=\"\" class=\"wp-image-133955\" srcset=\"https:\/\/www.em.com.br\/emfoco\/wp-content\/uploads\/2025\/12\/freepik__candid-i-with-natural-textures-and-highly-realisti__88628-1024x585.jpeg 1024w, https:\/\/www.em.com.br\/emfoco\/wp-content\/uploads\/2025\/12\/freepik__candid-i-with-natural-textures-and-highly-realisti__88628-300x171.jpeg 300w, https:\/\/www.em.com.br\/emfoco\/wp-content\/uploads\/2025\/12\/freepik__candid-i-with-natural-textures-and-highly-realisti__88628-768x439.jpeg 768w, https:\/\/www.em.com.br\/emfoco\/wp-content\/uploads\/2025\/12\/freepik__candid-i-with-natural-textures-and-highly-realisti__88628-1536x878.jpeg 1536w, https:\/\/www.em.com.br\/emfoco\/wp-content\/uploads\/2025\/12\/freepik__candid-i-with-natural-textures-and-highly-realisti__88628-2048x1170.jpeg 2048w, https:\/\/www.em.com.br\/emfoco\/wp-content\/uploads\/2025\/12\/freepik__candid-i-with-natural-textures-and-highly-realisti__88628-750x429.jpeg 750w, https:\/\/www.em.com.br\/emfoco\/wp-content\/uploads\/2025\/12\/freepik__candid-i-with-natural-textures-and-highly-realisti__88628-1140x651.jpeg 1140w\" sizes=\"auto, (max-width: 1024px) 100vw, 1024px\" \/><figcaption class=\"wp-element-caption\">Seu vizinho n\u00e3o paga o condom\u00ednio? A lei permite penhora dos bens dele<\/figcaption><\/figure>\n\n\n\n<h2 class=\"wp-block-heading\">Impactos nas Regras de Participa\u00e7\u00e3o em Assembleias<\/h2>\n\n\n\n<p>Com essa atualiza\u00e7\u00e3o legal, um propriet\u00e1rio que n\u00e3o esteja em dia com suas obriga\u00e7\u00f5es financeiras pode ter o direito de voto suspenso nas reuni\u00f5es da comunidade. Esta medida foi criada para incentivar a pontualidade nos pagamentos e garantir que os direitos de decis\u00e3o reflitam o comprometimento financeiro dos membros.<\/p>\n\n\n\n<h2 class=\"wp-block-heading\">Abordagem do Di\u00e1logo como Primeira Inst\u00e2ncia<\/h2>\n\n\n\n<p>A legisla\u00e7\u00e3o agora refor\u00e7a que o primeiro esfor\u00e7o deve ser sempre no sentido do di\u00e1logo e negocia\u00e7\u00e3o. Apenas depois de esgotadas essas op\u00e7\u00f5es \u00e9 que devem ser tomadas medidas mais rigorosas, sempre respeitando os direitos dos indiv\u00edduos. Essa metodologia prioriza o entendimento e o consenso, promovendo uma conviv\u00eancia mais harmoniosa.<\/p>\n\n\n\n<h2 class=\"wp-block-heading\">Como o Brasil Gerencia a Inadimpl\u00eancia em Condom\u00ednios<\/h2>\n\n\n\n<p>Em paralelo, a administra\u00e7\u00e3o de d\u00edvidas em condom\u00ednios no <strong>Brasil <\/strong>tamb\u00e9m segue diretrizes definidas pelo <strong>C\u00f3digo Civil<\/strong> e conven\u00e7\u00f5es internas. Inicialmente, tentativas de solu\u00e7\u00e3o amig\u00e1vel, como notifica\u00e7\u00f5es e conversas diretas, s\u00e3o priorizadas. Persistindo a inadimpl\u00eancia, medidas como multas ou mesmo a\u00e7\u00f5es judiciais com implica\u00e7\u00f5es como penhora podem ser empregadas. O destaque \u00e9 sempre manter o equil\u00edbrio entre efici\u00eancia na gest\u00e3o econ\u00f4mica do condom\u00ednio e a preserva\u00e7\u00e3o dos direitos e deveres dos moradores.<\/p>\n","protected":false},"excerpt":{"rendered":"<p>Recentes mudan\u00e7as na legisla\u00e7\u00e3o da propriedade horizontal na Espanha, anunciadas em 2025, buscam abordar de maneira inovadora a gest\u00e3o de d\u00edvidas em comunidades de propriet\u00e1rios. Essas altera\u00e7\u00f5es legislativas t\u00eam como objetivo central melhorar a efici\u00eancia e transpar\u00eancia na cobran\u00e7a de taxas condominiais, lidando de forma mais suave com a inadimpl\u00eancia. Uma das principais inova\u00e7\u00f5es foi [&hellip;]<\/p>\n","protected":false},"author":19,"featured_media":133953,"comment_status":"open","ping_status":"open","sticky":false,"template":"","format":"standard","meta":{"jnews-multi-image_gallery":[],"jnews_single_post":{"format":"standard"},"jnews_primary_category":[],"jnews_social_meta":[],"jnews_override_counter":[],"footnotes":""},"categories":[1],"tags":[],"class_list":["post-133951","post","type-post","status-publish","format-standard","has-post-thumbnail","hentry","category-noticias"],"yoast_head":"<!-- This site is optimized with the Yoast SEO plugin v23.8 - https:\/\/yoast.com\/wordpress\/plugins\/seo\/ -->\n<title>Lei confirma que se um vizinho n\u00e3o pagar o condom\u00ednio, os outros propriet\u00e1rios podem solicitar a penhora de seus bens - Estado de Minas - Em foco<\/title>\n<meta name=\"description\" content=\"Morar em condom\u00ednio exige compromisso. Se o vizinho n\u00e3o paga, a lei autoriza penhora de bens. Descubra como funciona esse processo.\" \/>\n<meta name=\"robots\" content=\"index, follow, max-snippet:-1, max-image-preview:large, max-video-preview:-1\" \/>\n<link rel=\"canonical\" href=\"https:\/\/www.em.com.br\/emfoco\/2025\/12\/01\/lei-confirma-que-se-um-vizinho-nao-pagar-o-condominio-os-outros-proprietarios-podem-solicitar-a-penhora-de-seus-bens\/\" \/>\n<meta property=\"og:locale\" content=\"pt_BR\" \/>\n<meta property=\"og:type\" content=\"article\" \/>\n<meta property=\"og:title\" content=\"Lei confirma que se um vizinho n\u00e3o pagar o condom\u00ednio, os outros propriet\u00e1rios podem solicitar a penhora de seus bens - Estado de Minas - Em foco\" \/>\n<meta property=\"og:description\" content=\"Morar em condom\u00ednio exige compromisso. Se o vizinho n\u00e3o paga, a lei autoriza penhora de bens. Descubra como funciona esse processo.\" \/>\n<meta property=\"og:url\" content=\"https:\/\/www.em.com.br\/emfoco\/2025\/12\/01\/lei-confirma-que-se-um-vizinho-nao-pagar-o-condominio-os-outros-proprietarios-podem-solicitar-a-penhora-de-seus-bens\/\" \/>\n<meta property=\"og:site_name\" content=\"Estado de Minas - Em foco\" \/>\n<meta property=\"article:published_time\" content=\"2025-12-01T14:38:52+00:00\" \/>\n<meta property=\"article:modified_time\" content=\"2025-12-01T14:43:44+00:00\" \/>\n<meta property=\"og:image\" content=\"https:\/\/www.em.com.br\/emfoco\/wp-content\/uploads\/2025\/12\/freepik__candid-i-with-natural-textures-and-highly-realisti__88630-scaled.jpeg\" \/>\n\t<meta property=\"og:image:width\" content=\"2560\" \/>\n\t<meta property=\"og:image:height\" content=\"1463\" \/>\n\t<meta property=\"og:image:type\" content=\"image\/jpeg\" \/>\n<meta name=\"author\" content=\"Vanessa Tavares\" \/>\n<meta name=\"twitter:card\" content=\"summary_large_image\" \/>\n<meta name=\"twitter:label1\" content=\"Escrito por\" \/>\n\t<meta name=\"twitter:data1\" content=\"Vanessa Tavares\" \/>\n\t<meta name=\"twitter:label2\" content=\"Est. tempo de leitura\" \/>\n\t<meta name=\"twitter:data2\" content=\"3 minutos\" \/>\n<!-- \/ Yoast SEO plugin. -->","yoast_head_json":{"title":"Lei confirma que se um vizinho n\u00e3o pagar o condom\u00ednio, os outros propriet\u00e1rios podem solicitar a penhora de seus bens - Estado de Minas - Em foco","description":"Morar em condom\u00ednio exige compromisso. Se o vizinho n\u00e3o paga, a lei autoriza penhora de bens. Descubra como funciona esse processo.","robots":{"index":"index","follow":"follow","max-snippet":"max-snippet:-1","max-image-preview":"max-image-preview:large","max-video-preview":"max-video-preview:-1"},"canonical":"https:\/\/www.em.com.br\/emfoco\/2025\/12\/01\/lei-confirma-que-se-um-vizinho-nao-pagar-o-condominio-os-outros-proprietarios-podem-solicitar-a-penhora-de-seus-bens\/","og_locale":"pt_BR","og_type":"article","og_title":"Lei confirma que se um vizinho n\u00e3o pagar o condom\u00ednio, os outros propriet\u00e1rios podem solicitar a penhora de seus bens - Estado de Minas - Em foco","og_description":"Morar em condom\u00ednio exige compromisso. Se o vizinho n\u00e3o paga, a lei autoriza penhora de bens. Descubra como funciona esse processo.","og_url":"https:\/\/www.em.com.br\/emfoco\/2025\/12\/01\/lei-confirma-que-se-um-vizinho-nao-pagar-o-condominio-os-outros-proprietarios-podem-solicitar-a-penhora-de-seus-bens\/","og_site_name":"Estado de Minas - Em foco","article_published_time":"2025-12-01T14:38:52+00:00","article_modified_time":"2025-12-01T14:43:44+00:00","og_image":[{"width":2560,"height":1463,"url":"https:\/\/www.em.com.br\/emfoco\/wp-content\/uploads\/2025\/12\/freepik__candid-i-with-natural-textures-and-highly-realisti__88630-scaled.jpeg","type":"image\/jpeg"}],"author":"Vanessa Tavares","twitter_card":"summary_large_image","twitter_misc":{"Escrito por":"Vanessa Tavares","Est. tempo de leitura":"3 minutos"},"schema":{"@context":"https:\/\/schema.org","@graph":[{"@type":"WebPage","@id":"https:\/\/www.em.com.br\/emfoco\/2025\/12\/01\/lei-confirma-que-se-um-vizinho-nao-pagar-o-condominio-os-outros-proprietarios-podem-solicitar-a-penhora-de-seus-bens\/","url":"https:\/\/www.em.com.br\/emfoco\/2025\/12\/01\/lei-confirma-que-se-um-vizinho-nao-pagar-o-condominio-os-outros-proprietarios-podem-solicitar-a-penhora-de-seus-bens\/","name":"Lei confirma que se um vizinho n\u00e3o pagar o condom\u00ednio, os outros propriet\u00e1rios podem solicitar a penhora de seus bens - Estado de Minas - Em foco","isPartOf":{"@id":"https:\/\/www.em.com.br\/emfoco\/#website"},"primaryImageOfPage":{"@id":"https:\/\/www.em.com.br\/emfoco\/2025\/12\/01\/lei-confirma-que-se-um-vizinho-nao-pagar-o-condominio-os-outros-proprietarios-podem-solicitar-a-penhora-de-seus-bens\/#primaryimage"},"image":{"@id":"https:\/\/www.em.com.br\/emfoco\/2025\/12\/01\/lei-confirma-que-se-um-vizinho-nao-pagar-o-condominio-os-outros-proprietarios-podem-solicitar-a-penhora-de-seus-bens\/#primaryimage"},"thumbnailUrl":"https:\/\/www.em.com.br\/emfoco\/wp-content\/uploads\/2025\/12\/freepik__candid-i-with-natural-textures-and-highly-realisti__88630-scaled.jpeg","datePublished":"2025-12-01T14:38:52+00:00","dateModified":"2025-12-01T14:43:44+00:00","author":{"@id":"https:\/\/www.em.com.br\/emfoco\/#\/schema\/person\/4a7a157aac450b98edc86f15a7434f0b"},"description":"Morar em condom\u00ednio exige compromisso. Se o vizinho n\u00e3o paga, a lei autoriza penhora de bens. Descubra como funciona esse processo.","breadcrumb":{"@id":"https:\/\/www.em.com.br\/emfoco\/2025\/12\/01\/lei-confirma-que-se-um-vizinho-nao-pagar-o-condominio-os-outros-proprietarios-podem-solicitar-a-penhora-de-seus-bens\/#breadcrumb"},"inLanguage":"pt-BR","potentialAction":[{"@type":"ReadAction","target":["https:\/\/www.em.com.br\/emfoco\/2025\/12\/01\/lei-confirma-que-se-um-vizinho-nao-pagar-o-condominio-os-outros-proprietarios-podem-solicitar-a-penhora-de-seus-bens\/"]}]},{"@type":"ImageObject","inLanguage":"pt-BR","@id":"https:\/\/www.em.com.br\/emfoco\/2025\/12\/01\/lei-confirma-que-se-um-vizinho-nao-pagar-o-condominio-os-outros-proprietarios-podem-solicitar-a-penhora-de-seus-bens\/#primaryimage","url":"https:\/\/www.em.com.br\/emfoco\/wp-content\/uploads\/2025\/12\/freepik__candid-i-with-natural-textures-and-highly-realisti__88630-scaled.jpeg","contentUrl":"https:\/\/www.em.com.br\/emfoco\/wp-content\/uploads\/2025\/12\/freepik__candid-i-with-natural-textures-and-highly-realisti__88630-scaled.jpeg","width":2560,"height":1463,"caption":"Inadimpl\u00eancia no condom\u00ednio? Os donos podem pedir penhora do vizinho (Imagem ilustrativa)"},{"@type":"BreadcrumbList","@id":"https:\/\/www.em.com.br\/emfoco\/2025\/12\/01\/lei-confirma-que-se-um-vizinho-nao-pagar-o-condominio-os-outros-proprietarios-podem-solicitar-a-penhora-de-seus-bens\/#breadcrumb","itemListElement":[{"@type":"ListItem","position":1,"name":"In\u00edcio","item":"https:\/\/www.em.com.br\/emfoco\/"},{"@type":"ListItem","position":2,"name":"Lei confirma que se um vizinho n\u00e3o pagar o condom\u00ednio, os outros propriet\u00e1rios podem solicitar a penhora de seus bens"}]},{"@type":"WebSite","@id":"https:\/\/www.em.com.br\/emfoco\/#website","url":"https:\/\/www.em.com.br\/emfoco\/","name":"Estado de Minas - Em foco","description":"Acompanhe as \u00faltimas not\u00edcias e fique bem informado sobre tudo o que acontece em Minas Gerais, Brasil e no mundo.","potentialAction":[{"@type":"SearchAction","target":{"@type":"EntryPoint","urlTemplate":"https:\/\/www.em.com.br\/emfoco\/?s={search_term_string}"},"query-input":{"@type":"PropertyValueSpecification","valueRequired":true,"valueName":"search_term_string"}}],"inLanguage":"pt-BR"},{"@type":"Person","@id":"https:\/\/www.em.com.br\/emfoco\/#\/schema\/person\/4a7a157aac450b98edc86f15a7434f0b","name":"Vanessa Tavares","image":{"@type":"ImageObject","inLanguage":"pt-BR","@id":"https:\/\/www.em.com.br\/emfoco\/#\/schema\/person\/image\/","url":"https:\/\/secure.gravatar.com\/avatar\/088c9372da58da00f00f8e508f13d635?s=96&d=mm&r=g","contentUrl":"https:\/\/secure.gravatar.com\/avatar\/088c9372da58da00f00f8e508f13d635?s=96&d=mm&r=g","caption":"Vanessa Tavares"},"sameAs":["https:\/\/www.em.com.br\/emfoco"],"url":"https:\/\/www.em.com.br\/emfoco\/author\/vanessamyth\/"}]}},"_links":{"self":[{"href":"https:\/\/www.em.com.br\/emfoco\/wp-json\/wp\/v2\/posts\/133951","targetHints":{"allow":["GET"]}}],"collection":[{"href":"https:\/\/www.em.com.br\/emfoco\/wp-json\/wp\/v2\/posts"}],"about":[{"href":"https:\/\/www.em.com.br\/emfoco\/wp-json\/wp\/v2\/types\/post"}],"author":[{"embeddable":true,"href":"https:\/\/www.em.com.br\/emfoco\/wp-json\/wp\/v2\/users\/19"}],"replies":[{"embeddable":true,"href":"https:\/\/www.em.com.br\/emfoco\/wp-json\/wp\/v2\/comments?post=133951"}],"version-history":[{"count":2,"href":"https:\/\/www.em.com.br\/emfoco\/wp-json\/wp\/v2\/posts\/133951\/revisions"}],"predecessor-version":[{"id":133957,"href":"https:\/\/www.em.com.br\/emfoco\/wp-json\/wp\/v2\/posts\/133951\/revisions\/133957"}],"wp:featuredmedia":[{"embeddable":true,"href":"https:\/\/www.em.com.br\/emfoco\/wp-json\/wp\/v2\/media\/133953"}],"wp:attachment":[{"href":"https:\/\/www.em.com.br\/emfoco\/wp-json\/wp\/v2\/media?parent=133951"}],"wp:term":[{"taxonomy":"category","embeddable":true,"href":"https:\/\/www.em.com.br\/emfoco\/wp-json\/wp\/v2\/categories?post=133951"},{"taxonomy":"post_tag","embeddable":true,"href":"https:\/\/www.em.com.br\/emfoco\/wp-json\/wp\/v2\/tags?post=133951"}],"curies":[{"name":"wp","href":"https:\/\/api.w.org\/{rel}","templated":true}]}}