{"id":133903,"date":"2025-12-02T22:05:33","date_gmt":"2025-12-03T01:05:33","guid":{"rendered":"https:\/\/www.em.com.br\/emfoco\/?p=133903"},"modified":"2025-12-01T15:17:39","modified_gmt":"2025-12-01T18:17:39","slug":"as-sandalias-minimalistas-que-combinam-com-todo-look-de-festa-e-alongam-a-silhueta","status":"publish","type":"post","link":"https:\/\/www.em.com.br\/emfoco\/2025\/12\/02\/as-sandalias-minimalistas-que-combinam-com-todo-look-de-festa-e-alongam-a-silhueta\/","title":{"rendered":"As sand\u00e1lias minimalistas que combinam com todo look de festa e alongam a silhueta"},"content":{"rendered":"\n<p>No universo da <b>moda<\/b>, encontrar um <b>cal\u00e7ado<\/b> vers\u00e1til para diferentes estilos e ocasi\u00f5es formais \u00e9 um desafio constante, e as sand\u00e1lias minimalistas surgem como uma solu\u00e7\u00e3o perfeita, unindo <b>eleg\u00e2ncia<\/b>, praticidade e a capacidade de valorizar a silhueta de quem as usa.<\/p>\n\n\n\n<h2 class=\"wp-block-heading\">Como as sand\u00e1lias minimalistas combinam com diferentes estilos de roupas<\/h2>\n\n\n\n<p>Um dos grandes diferenciais das <b>sand\u00e1lias minimalistas<\/b> est\u00e1 na facilidade com que se adaptam a diversos estilos e pe\u00e7as. Seja para <b>looks sofisticados<\/b>, com vestidos exuberantes, ou produ\u00e7\u00f5es mais casuais, elas acrescentam um toque de refinamento sem sobrecarregar o visual.<\/p>\n\n\n\n<p>Para ampliar essa versatilidade, os modelos em tons <b>neutros<\/b>, como preto, nude ou marrom, s\u00e3o especialmente procurados. Al\u00e9m disso, detalhes sutis como <b>brilhos<\/b> ou fivelas finas s\u00e3o escolhas comuns para festas noturnas, agregando modernidade ao minimalismo.<\/p>\n\n\n\n<p>Leia tamb\u00e9m:&nbsp;<a href=\"https:\/\/www.em.com.br\/emfoco\/2025\/11\/24\/a-sandalia-que-destronou-os-chinelos-e-esta-encantando-os-apaixonados-por-conforto\/\" target=\"_blank\" rel=\"noopener\">A sand\u00e1lia que destronou os chinelos e est\u00e1 encantando os apaixonados por conforto<\/a><\/p>\n\n\n\n<iframe loading=\"lazy\" src=\"https:\/\/assets.pinterest.com\/ext\/embed.html?id=94083079711776457\" height=\"560\" width=\"345\" frameborder=\"0\" scrolling=\"no\" ><\/iframe>\n\n\n\n\n\n<h2 class=\"wp-block-heading\">Quais benef\u00edcios as sand\u00e1lias minimalistas proporcionam para a silhueta<\/h2>\n\n\n\n<p>A estrutura limpa das <b>sand\u00e1lias minimalistas<\/b> cria a ilus\u00e3o de <b>pernas alongadas<\/b>, especialmente em modelos com tiras finas ou transpar\u00eancias. Essa caracter\u00edstica \u00e9 altamente valorizada em eventos que pedem trajes completos e elegantes.<\/p>\n\n\n\n<p>Al\u00e9m do alongamento, essas sand\u00e1lias equilibram propor\u00e7\u00f5es e adicionam <b>leveza<\/b> a produ\u00e7\u00f5es mais volumosas, como vestidos rodados ou tecidos com muita textura. Por isso, se tornaram indispens\u00e1veis em eventos que exigem <b>sofitstica\u00e7\u00e3o<\/b>.<\/p>\n\n\n\n<iframe loading=\"lazy\" src=\"https:\/\/assets.pinterest.com\/ext\/embed.html?id=228135537372026002\" height=\"445\" width=\"345\" frameborder=\"0\" scrolling=\"no\" ><\/iframe>\n\n\n\n\n\n<h2 class=\"wp-block-heading\">Motivos que tornam as sand\u00e1lias minimalistas ideias para eventos de festa<\/h2>\n\n\n\n<p>Muitas pessoas buscam <b>conforto<\/b> em festas e eventos sociais, j\u00e1 que podem passar horas em p\u00e9 ou dan\u00e7ando. Com design simples e mat\u00e9rias mais leves, as sand\u00e1lias minimalistas proporcionam <b>bem-estar<\/b> sem perder a eleg\u00e2ncia.<\/p>\n\n\n\n<p>Para facilitar a escolha, veja abaixo algumas caracter\u00edsticas que tornam esses modelos t\u00e3o desejados para festas:<\/p>\n\n\n\n<ul class=\"wp-block-list\">\n<li><b>Design leve<\/b> que permite maior mobilidade<\/li>\n\n\n\n<li>Aus\u00eancia de adornos excessivos que evitam <b>inc\u00f4modos<\/b><\/li>\n\n\n\n<li>Estrutura que acompanha o formato dos <b>p\u00e9s<\/b><\/li>\n\n\n\n<li>Facilidade para compor looks <b>sofisticados<\/b> e confort\u00e1veis<\/li>\n<\/ul>\n\n\n\n<p>Veja um v\u00eddeo da <a href=\"https:\/\/www.tiktok.com\/@georgiakrepsz\" target=\"_blank\" rel=\"noreferrer noopener\">Georgia Krepsz<\/a> sobre sand\u00e1lias em tend\u00eancia:\u00a0<\/p>\n\n\n\n<blockquote class=\"tiktok-embed\" cite=\"https:\/\/www.tiktok.com\/@georgiakrepsz\/video\/7555265375311645970\" data-video-id=\"7555265375311645970\" style=\"max-width: 605px;min-width: 325px;\" > <section> <a target=\"_blank\" title=\"@georgiakrepsz\" href=\"https:\/\/www.tiktok.com\/@georgiakrepsz?refer=embed\">@georgiakrepsz<\/a> Voc\u00ea j\u00e1 sabe quais s\u00e3o as tend\u00eancias da temporada?! \u2600\ufe0f\ud83d\ude0e\u2728 <a title=\"tendencias\" target=\"_blank\" href=\"https:\/\/www.tiktok.com\/tag\/tendencias?refer=embed\">#tendencias<\/a> <a title=\"sandalias\" target=\"_blank\" href=\"https:\/\/www.tiktok.com\/tag\/sandalias?refer=embed\">#sandalias<\/a> <a title=\"verao\" target=\"_blank\" href=\"https:\/\/www.tiktok.com\/tag\/verao?refer=embed\">#verao<\/a> <a title=\"thongsandals\" target=\"_blank\" href=\"https:\/\/www.tiktok.com\/tag\/thongsandals?refer=embed\">#thongsandals<\/a> <a title=\"trend\" target=\"_blank\" href=\"https:\/\/www.tiktok.com\/tag\/trend?refer=embed\">#trend<\/a> <a target=\"_blank\" title=\"\u266c som original - Georgia Krepsz\" href=\"https:\/\/www.tiktok.com\/music\/som-original-7555265439694146305?refer=embed\">\u266c som original &#8211; Georgia Krepsz<\/a> <\/section> <\/blockquote> <script async src=\"https:\/\/www.tiktok.com\/embed.js\"><\/script>\n\n\n\n<h2 class=\"wp-block-heading\">Quais tend\u00eancias atuais influenciam as sand\u00e1lias minimalistas<\/h2>\n\n\n\n<p>O <b>minimalismo<\/b> nesse cal\u00e7ado continua acompanhando as tend\u00eancias contempor\u00e2neas. Hoje, <b>materiais sustent\u00e1veis<\/b> e detalhes met\u00e1licos discretos est\u00e3o em alta, mantendo o equil\u00edbrio entre modernidade e o cl\u00e1ssico.<\/p>\n\n\n\n<p>Para quem quer um toque de novidade, sand\u00e1lias em <b>tons past\u00e9is<\/b> oferecem sutileza e renova\u00e7\u00e3o ao look, enquanto escolhas <b>sustent\u00e1veis<\/b> mostram preocupa\u00e7\u00e3o ambiental sem abrir m\u00e3o do estilo refinado.<\/p>\n\n\n\n<p>Em resumo, as <b>sand\u00e1lias minimalistas<\/b> s\u00e3o aliadas valiosas na constru\u00e7\u00e3o de visuais elegantes e vers\u00e1teis, favorecendo a <b>silhueta<\/b> em eventos festivos. Apostar nelas \u00e9 garantir um look sofisticado, confort\u00e1vel e moderno para qualquer ocasi\u00e3o.<\/p>\n","protected":false},"excerpt":{"rendered":"<p>No universo da moda, encontrar um cal\u00e7ado vers\u00e1til para diferentes estilos e ocasi\u00f5es formais \u00e9 um desafio constante, e as sand\u00e1lias minimalistas surgem como uma solu\u00e7\u00e3o perfeita, unindo eleg\u00e2ncia, praticidade e a capacidade de valorizar a silhueta de quem as usa. Como as sand\u00e1lias minimalistas combinam com diferentes estilos de roupas Um dos grandes diferenciais [&hellip;]<\/p>\n","protected":false},"author":9,"featured_media":131668,"comment_status":"open","ping_status":"open","sticky":false,"template":"","format":"standard","meta":{"jnews-multi-image_gallery":[],"jnews_single_post":{"format":"standard"},"jnews_primary_category":[],"jnews_social_meta":[],"jnews_override_counter":[],"footnotes":""},"categories":[8691,8819,1],"tags":[2460,18815,8381],"class_list":["post-133903","post","type-post","status-publish","format-standard","has-post-thumbnail","hentry","category-bem-estar","category-curiosidades","category-noticias","tag-festa","tag-look","tag-sandalias"],"yoast_head":"<!-- This site is optimized with the Yoast SEO plugin v23.8 - https:\/\/yoast.com\/wordpress\/plugins\/seo\/ -->\n<title>As sand\u00e1lias minimalistas que combinam com todo look de festa e alongam a silhueta - Estado de Minas - Em foco<\/title>\n<meta name=\"description\" content=\"Modelos de tiras finas unem conforto e eleg\u00e2ncia em festas. Entenda como esse cal\u00e7ado valoriza a silhueta e combina com diversos estilos.\" \/>\n<meta name=\"robots\" content=\"index, follow, max-snippet:-1, max-image-preview:large, max-video-preview:-1\" \/>\n<link rel=\"canonical\" href=\"https:\/\/www.em.com.br\/emfoco\/2025\/12\/02\/as-sandalias-minimalistas-que-combinam-com-todo-look-de-festa-e-alongam-a-silhueta\/\" \/>\n<meta property=\"og:locale\" content=\"pt_BR\" \/>\n<meta property=\"og:type\" content=\"article\" \/>\n<meta property=\"og:title\" content=\"As sand\u00e1lias minimalistas que combinam com todo look de festa e alongam a silhueta - Estado de Minas - Em foco\" \/>\n<meta property=\"og:description\" content=\"Modelos de tiras finas unem conforto e eleg\u00e2ncia em festas. Entenda como esse cal\u00e7ado valoriza a silhueta e combina com diversos estilos.\" \/>\n<meta property=\"og:url\" content=\"https:\/\/www.em.com.br\/emfoco\/2025\/12\/02\/as-sandalias-minimalistas-que-combinam-com-todo-look-de-festa-e-alongam-a-silhueta\/\" \/>\n<meta property=\"og:site_name\" content=\"Estado de Minas - Em foco\" \/>\n<meta property=\"article:published_time\" content=\"2025-12-03T01:05:33+00:00\" \/>\n<meta property=\"article:modified_time\" content=\"2025-12-01T18:17:39+00:00\" \/>\n<meta property=\"og:image\" content=\"https:\/\/www.em.com.br\/emfoco\/wp-content\/uploads\/2025\/11\/sandalias-marrom_1764088747985.jpg\" \/>\n\t<meta property=\"og:image:width\" content=\"1280\" \/>\n\t<meta property=\"og:image:height\" content=\"720\" \/>\n\t<meta property=\"og:image:type\" content=\"image\/jpeg\" \/>\n<meta name=\"author\" content=\"Daniely Cardoso\" \/>\n<meta name=\"twitter:card\" content=\"summary_large_image\" \/>\n<meta name=\"twitter:label1\" content=\"Escrito por\" \/>\n\t<meta name=\"twitter:data1\" content=\"Daniely Cardoso\" \/>\n\t<meta name=\"twitter:label2\" content=\"Est. tempo de leitura\" \/>\n\t<meta name=\"twitter:data2\" content=\"3 minutos\" \/>\n<!-- \/ Yoast SEO plugin. -->","yoast_head_json":{"title":"As sand\u00e1lias minimalistas que combinam com todo look de festa e alongam a silhueta - Estado de Minas - Em foco","description":"Modelos de tiras finas unem conforto e eleg\u00e2ncia em festas. Entenda como esse cal\u00e7ado valoriza a silhueta e combina com diversos estilos.","robots":{"index":"index","follow":"follow","max-snippet":"max-snippet:-1","max-image-preview":"max-image-preview:large","max-video-preview":"max-video-preview:-1"},"canonical":"https:\/\/www.em.com.br\/emfoco\/2025\/12\/02\/as-sandalias-minimalistas-que-combinam-com-todo-look-de-festa-e-alongam-a-silhueta\/","og_locale":"pt_BR","og_type":"article","og_title":"As sand\u00e1lias minimalistas que combinam com todo look de festa e alongam a silhueta - Estado de Minas - Em foco","og_description":"Modelos de tiras finas unem conforto e eleg\u00e2ncia em festas. Entenda como esse cal\u00e7ado valoriza a silhueta e combina com diversos estilos.","og_url":"https:\/\/www.em.com.br\/emfoco\/2025\/12\/02\/as-sandalias-minimalistas-que-combinam-com-todo-look-de-festa-e-alongam-a-silhueta\/","og_site_name":"Estado de Minas - Em foco","article_published_time":"2025-12-03T01:05:33+00:00","article_modified_time":"2025-12-01T18:17:39+00:00","og_image":[{"width":1280,"height":720,"url":"https:\/\/www.em.com.br\/emfoco\/wp-content\/uploads\/2025\/11\/sandalias-marrom_1764088747985.jpg","type":"image\/jpeg"}],"author":"Daniely Cardoso","twitter_card":"summary_large_image","twitter_misc":{"Escrito por":"Daniely Cardoso","Est. tempo de leitura":"3 minutos"},"schema":{"@context":"https:\/\/schema.org","@graph":[{"@type":"WebPage","@id":"https:\/\/www.em.com.br\/emfoco\/2025\/12\/02\/as-sandalias-minimalistas-que-combinam-com-todo-look-de-festa-e-alongam-a-silhueta\/","url":"https:\/\/www.em.com.br\/emfoco\/2025\/12\/02\/as-sandalias-minimalistas-que-combinam-com-todo-look-de-festa-e-alongam-a-silhueta\/","name":"As sand\u00e1lias minimalistas que combinam com todo look de festa e alongam a silhueta - Estado de Minas - Em foco","isPartOf":{"@id":"https:\/\/www.em.com.br\/emfoco\/#website"},"primaryImageOfPage":{"@id":"https:\/\/www.em.com.br\/emfoco\/2025\/12\/02\/as-sandalias-minimalistas-que-combinam-com-todo-look-de-festa-e-alongam-a-silhueta\/#primaryimage"},"image":{"@id":"https:\/\/www.em.com.br\/emfoco\/2025\/12\/02\/as-sandalias-minimalistas-que-combinam-com-todo-look-de-festa-e-alongam-a-silhueta\/#primaryimage"},"thumbnailUrl":"https:\/\/www.em.com.br\/emfoco\/wp-content\/uploads\/2025\/11\/sandalias-marrom_1764088747985.jpg","datePublished":"2025-12-03T01:05:33+00:00","dateModified":"2025-12-01T18:17:39+00:00","author":{"@id":"https:\/\/www.em.com.br\/emfoco\/#\/schema\/person\/0a8186d72f2c3a5c6276d90b41f271a0"},"description":"Modelos de tiras finas unem conforto e eleg\u00e2ncia em festas. Entenda como esse cal\u00e7ado valoriza a silhueta e combina com diversos estilos.","breadcrumb":{"@id":"https:\/\/www.em.com.br\/emfoco\/2025\/12\/02\/as-sandalias-minimalistas-que-combinam-com-todo-look-de-festa-e-alongam-a-silhueta\/#breadcrumb"},"inLanguage":"pt-BR","potentialAction":[{"@type":"ReadAction","target":["https:\/\/www.em.com.br\/emfoco\/2025\/12\/02\/as-sandalias-minimalistas-que-combinam-com-todo-look-de-festa-e-alongam-a-silhueta\/"]}]},{"@type":"ImageObject","inLanguage":"pt-BR","@id":"https:\/\/www.em.com.br\/emfoco\/2025\/12\/02\/as-sandalias-minimalistas-que-combinam-com-todo-look-de-festa-e-alongam-a-silhueta\/#primaryimage","url":"https:\/\/www.em.com.br\/emfoco\/wp-content\/uploads\/2025\/11\/sandalias-marrom_1764088747985.jpg","contentUrl":"https:\/\/www.em.com.br\/emfoco\/wp-content\/uploads\/2025\/11\/sandalias-marrom_1764088747985.jpg","width":1280,"height":720,"caption":"O marrom enriquece os looks do ver\u00e3o ao complementar tons terrosos e quentes - Cr\u00e9ditos: depositphotos.com \/ VitalikRadko"},{"@type":"BreadcrumbList","@id":"https:\/\/www.em.com.br\/emfoco\/2025\/12\/02\/as-sandalias-minimalistas-que-combinam-com-todo-look-de-festa-e-alongam-a-silhueta\/#breadcrumb","itemListElement":[{"@type":"ListItem","position":1,"name":"In\u00edcio","item":"https:\/\/www.em.com.br\/emfoco\/"},{"@type":"ListItem","position":2,"name":"As sand\u00e1lias minimalistas que combinam com todo look de festa e alongam a silhueta"}]},{"@type":"WebSite","@id":"https:\/\/www.em.com.br\/emfoco\/#website","url":"https:\/\/www.em.com.br\/emfoco\/","name":"Estado de Minas - Em foco","description":"Acompanhe as \u00faltimas not\u00edcias e fique bem informado sobre tudo o que acontece em Minas Gerais, Brasil e no mundo.","potentialAction":[{"@type":"SearchAction","target":{"@type":"EntryPoint","urlTemplate":"https:\/\/www.em.com.br\/emfoco\/?s={search_term_string}"},"query-input":{"@type":"PropertyValueSpecification","valueRequired":true,"valueName":"search_term_string"}}],"inLanguage":"pt-BR"},{"@type":"Person","@id":"https:\/\/www.em.com.br\/emfoco\/#\/schema\/person\/0a8186d72f2c3a5c6276d90b41f271a0","name":"Daniely Cardoso","image":{"@type":"ImageObject","inLanguage":"pt-BR","@id":"https:\/\/www.em.com.br\/emfoco\/#\/schema\/person\/image\/","url":"https:\/\/secure.gravatar.com\/avatar\/4b80ddbd124d1f071b626d52d62e5dff?s=96&d=mm&r=g","contentUrl":"https:\/\/secure.gravatar.com\/avatar\/4b80ddbd124d1f071b626d52d62e5dff?s=96&d=mm&r=g","caption":"Daniely Cardoso"},"url":"https:\/\/www.em.com.br\/emfoco\/author\/danielymyth\/"}]}},"_links":{"self":[{"href":"https:\/\/www.em.com.br\/emfoco\/wp-json\/wp\/v2\/posts\/133903","targetHints":{"allow":["GET"]}}],"collection":[{"href":"https:\/\/www.em.com.br\/emfoco\/wp-json\/wp\/v2\/posts"}],"about":[{"href":"https:\/\/www.em.com.br\/emfoco\/wp-json\/wp\/v2\/types\/post"}],"author":[{"embeddable":true,"href":"https:\/\/www.em.com.br\/emfoco\/wp-json\/wp\/v2\/users\/9"}],"replies":[{"embeddable":true,"href":"https:\/\/www.em.com.br\/emfoco\/wp-json\/wp\/v2\/comments?post=133903"}],"version-history":[{"count":2,"href":"https:\/\/www.em.com.br\/emfoco\/wp-json\/wp\/v2\/posts\/133903\/revisions"}],"predecessor-version":[{"id":133940,"href":"https:\/\/www.em.com.br\/emfoco\/wp-json\/wp\/v2\/posts\/133903\/revisions\/133940"}],"wp:featuredmedia":[{"embeddable":true,"href":"https:\/\/www.em.com.br\/emfoco\/wp-json\/wp\/v2\/media\/131668"}],"wp:attachment":[{"href":"https:\/\/www.em.com.br\/emfoco\/wp-json\/wp\/v2\/media?parent=133903"}],"wp:term":[{"taxonomy":"category","embeddable":true,"href":"https:\/\/www.em.com.br\/emfoco\/wp-json\/wp\/v2\/categories?post=133903"},{"taxonomy":"post_tag","embeddable":true,"href":"https:\/\/www.em.com.br\/emfoco\/wp-json\/wp\/v2\/tags?post=133903"}],"curies":[{"name":"wp","href":"https:\/\/api.w.org\/{rel}","templated":true}]}}