{"id":133656,"date":"2025-11-30T09:05:00","date_gmt":"2025-11-30T12:05:00","guid":{"rendered":"https:\/\/www.em.com.br\/emfoco\/?p=133656"},"modified":"2025-11-29T11:46:37","modified_gmt":"2025-11-29T14:46:37","slug":"beneficios-do-alecrim-para-memoria-e-circulacao","status":"publish","type":"post","link":"https:\/\/www.em.com.br\/emfoco\/2025\/11\/30\/beneficios-do-alecrim-para-memoria-e-circulacao\/","title":{"rendered":"Benef\u00edcios do alecrim para mem\u00f3ria e circula\u00e7\u00e3o"},"content":{"rendered":"\n<p>O <strong>Alecrim<\/strong>, conhecido cientificamente como\u00a0<em>Rosmarinus officinalis L.<\/em>, \u00e9 uma planta perene da fam\u00edlia Lamiaceae, que inclui esp\u00e9cies como hortel\u00e3, tomilho e s\u00e1lvia. De origem mediterr\u00e2nea e caucasiana, o alecrim \u00e9 largamente utilizado tanto na culin\u00e1ria quanto na medicina popular devido \u00e0s suas propriedades ben\u00e9ficas. Ele cresce bem em diversos tipos de solo, raz\u00e3o pela qual se encontra difundido em m\u00faltiplas regi\u00f5es. Al\u00e9m de ser um condimento valoroso, o alecrim possui uma hist\u00f3rica funcionalidade medicinal que atravessa civiliza\u00e7\u00f5es e perdura at\u00e9 aos dias atuais.<\/p>\n\n\n\n<p>Os antigos romanos frequentemente empregavam o alecrim em oferendas aos deuses, aproveitando seus efeitos calmantes e relaxantes. Acredita-se que o efeito positivo sobre a mem\u00f3ria fez com que os gregos o consumissem antes de provas intelectuais. Tais usos antigos fomentaram a dissemina\u00e7\u00e3o do cultivo do alecrim por todo o mundo. A planta cont\u00e9m uma rica variedade de compostos bioativos que trazem diversos benef\u00edcios \u00e0 <a href=\"https:\/\/www.correiobraziliense.com.br\/cbradar\/dr-danio-almeida-o-acumulo-de-gordura-que-nao-desaparece-com-dieta\/\" target=\"_blank\" rel=\"noreferrer noopener\">sa\u00fade <\/a>e bem-estar dos seus utilizadores.<\/p>\n\n\n\n<figure class=\"wp-block-image size-large\"><img loading=\"lazy\" decoding=\"async\" width=\"1024\" height=\"576\" src=\"https:\/\/www.em.com.br\/emfoco\/wp-content\/uploads\/2025\/11\/Alecrim_1764427578698-1024x576.jpg\" alt=\"\" class=\"wp-image-133659\" srcset=\"https:\/\/www.em.com.br\/emfoco\/wp-content\/uploads\/2025\/11\/Alecrim_1764427578698-1024x576.jpg 1024w, https:\/\/www.em.com.br\/emfoco\/wp-content\/uploads\/2025\/11\/Alecrim_1764427578698-300x169.jpg 300w, https:\/\/www.em.com.br\/emfoco\/wp-content\/uploads\/2025\/11\/Alecrim_1764427578698-768x432.jpg 768w, https:\/\/www.em.com.br\/emfoco\/wp-content\/uploads\/2025\/11\/Alecrim_1764427578698-750x422.jpg 750w, https:\/\/www.em.com.br\/emfoco\/wp-content\/uploads\/2025\/11\/Alecrim_1764427578698-1140x641.jpg 1140w, https:\/\/www.em.com.br\/emfoco\/wp-content\/uploads\/2025\/11\/Alecrim_1764427578698.jpg 1280w\" sizes=\"auto, (max-width: 1024px) 100vw, 1024px\" \/><figcaption class=\"wp-element-caption\">alecrim &#8211; Cr\u00e9ditos: depositphotos.com \/ MartinaUnbehauen<\/figcaption><\/figure>\n\n\n\n<h2 class=\"wp-block-heading\">Quais s\u00e3o os benef\u00edcios do alecrim para a sa\u00fade?<\/h2>\n\n\n\n<p>Entre os principais componentes do alecrim, est\u00e3o os polifen\u00f3is, como os \u00e1cidos rosmar\u00ednico, carn\u00f3sico e urs\u00f3lico, que proporcionam propriedades anti-inflamat\u00f3rias, antioxidantes e neuroprotetoras. Al\u00e9m disso, \u00f3leos essenciais como 1,8-cineol, \u03b1-pineno, c\u00e2nfora e borneol contribuem com benef\u00edcios respirat\u00f3rios, antimicrobianos e cognitivos. Tais composi\u00e7\u00f5es explicam o uso do alecrim na culin\u00e1ria, fitoterapia, aromaterapia e em formula\u00e7\u00f5es t\u00f3picas para aliviar dores musculares e melhorar a circula\u00e7\u00e3o.<\/p>\n\n\n\n<h2 class=\"wp-block-heading\">O alecrim pode ajudar no tratamento de dist\u00farbios do sistema nervoso e cardiovascular?<\/h2>\n\n\n\n<p>Estudos indicam que o alecrim tem um impacto positivo no sistema neural e na mem\u00f3ria, afirmando sua utiliza\u00e7\u00e3o hist\u00f3rica no tratamento de ins\u00f4nia, dist\u00farbios emocionais e depress\u00e3o. No campo cardiovascular, embora as pesquisas sejam limitadas, existem resultados promissores. Alguns ensaios relataram melhorias nos n\u00edveis de lip\u00eddios e glicemia ap\u00f3s a suplementa\u00e7\u00e3o com alecrim, bem como redu\u00e7\u00e3o da press\u00e3o arterial em hipertensos ap\u00f3s o consumo regular da infus\u00e3o da planta. A Cooperativa Cient\u00edfica Europeia de Fitoterapia (ESCOP) tamb\u00e9m observa benef\u00edcios nos tratamentos de transtornos reum\u00e1ticos e circulat\u00f3rios.<\/p>\n\n\n\n<h2 class=\"wp-block-heading\">Como consumir alecrim de forma segura e eficaz?<\/h2>\n\n\n\n<p>O alecrim pode ser consumido de diversas maneiras:<\/p>\n\n\n\n<ul class=\"wp-block-list\">\n<li>Em forma de infus\u00e3o ou ch\u00e1,<\/li>\n\n\n\n<li>Como tempero com folhas frescas ou secas,<\/li>\n\n\n\n<li>\u00d3leo essencial em difusor ou dilu\u00eddo para uso t\u00f3pico,<\/li>\n\n\n\n<li>Suplementos em c\u00e1psulas ou extratos.<\/li>\n<\/ul>\n\n\n\n<p>Para a utiliza\u00e7\u00e3o como tempero, \u00e9 recomendado n\u00e3o ultrapassar 4 gramas de alecrim seco por dia. As folhas frescas podem ser consumidas de 3 a 12 gramas di\u00e1rias. Em termos de infus\u00e3o, \u00e9 aconselh\u00e1vel limitar o consumo a duas x\u00edcaras por dia. O \u00f3leo essencial, devido \u00e0 sua concentra\u00e7\u00e3o, deve ser evitado para consumo alimentar. Assim, garantir o uso adequado e seguro do alecrim \u00e9 crucial para se beneficiar de suas in\u00fameras vantagens \u00e0 sa\u00fade.<\/p>\n\n\n<a href=\"https:\/\/www.instagram.com\/dra.annaluisabf\/\" target=\"_blank\" style=\"text-decoration: none; color: inherit;\">\n  <span style=\"display:inline-block; border:1px solid #ccc; border-radius:10px; padding:15px; max-width:550px; font-family:sans-serif; box-shadow:0 2px 5px rgba(0,0,0,0.1);\">\n    <span style=\"margin:0 0 15px 0; font-weight:bold; color:#2c3e50; text-align: center;\">Entre em contato:<\/span>\n\n    <span style=\"display:flex; align-items:center;\">\n      <img decoding=\"async\" src=\"https:\/\/www.correiobraziliense.com.br\/cbradar\/wp-content\/uploads\/2025\/08\/dra_anna_luisa.jpeg\" alt=\"Dra Anna Lu\u00edsa\" style=\"border-radius:50%; width:80px; height:80px; margin-right:15px;\">\n      <span style=\"flex:1;\">\n        <h3 style=\"margin:0 0 5px 0;\">Dra. Anna Lu\u00edsa Barbosa Fernandes<\/h3>\n        <p style=\"margin:0 0 10px 0;\">CRM-GO 33.271<\/p>\n        <span style=\"display:flex; gap:10px;\">\n          <img decoding=\"async\" src=\"https:\/\/cdn-icons-png.flaticon.com\/24\/1384\/1384063.png\" alt=\"Instagram\">\n        <\/span>\n      <\/span>\n    <\/span>\n  <\/span>\n<\/a>","protected":false},"excerpt":{"rendered":"<p>O Alecrim, conhecido cientificamente como\u00a0Rosmarinus officinalis L., \u00e9 uma planta perene da fam\u00edlia Lamiaceae, que inclui esp\u00e9cies como hortel\u00e3, tomilho e s\u00e1lvia. De origem mediterr\u00e2nea e caucasiana, o alecrim \u00e9 largamente utilizado tanto na culin\u00e1ria quanto na medicina popular devido \u00e0s suas propriedades ben\u00e9ficas. Ele cresce bem em diversos tipos de solo, raz\u00e3o pela qual [&hellip;]<\/p>\n","protected":false},"author":25,"featured_media":133658,"comment_status":"open","ping_status":"open","sticky":false,"template":"","format":"standard","meta":{"jnews-multi-image_gallery":[],"jnews_single_post":{"format":"standard"},"jnews_primary_category":[],"jnews_social_meta":[],"jnews_override_counter":[],"footnotes":""},"categories":[9053],"tags":[711,327,415],"class_list":["post-133656","post","type-post","status-publish","format-standard","has-post-thumbnail","hentry","category-saude","tag-bem-estar","tag-qualidade-de-vida","tag-saude"],"yoast_head":"<!-- This site is optimized with the Yoast SEO plugin v23.8 - https:\/\/yoast.com\/wordpress\/plugins\/seo\/ -->\n<title>Benef\u00edcios do alecrim para mem\u00f3ria e circula\u00e7\u00e3o - Estado de Minas - Em foco<\/title>\n<meta name=\"description\" content=\"Ch\u00e1, \u00f3leo ou tempero: aprenda os melhores jeitos de usar o alecrim no dia a dia e aproveite seus efeitos terap\u00eauticos.\" \/>\n<meta name=\"robots\" content=\"index, follow, max-snippet:-1, max-image-preview:large, max-video-preview:-1\" \/>\n<link rel=\"canonical\" href=\"https:\/\/www.em.com.br\/emfoco\/2025\/11\/30\/beneficios-do-alecrim-para-memoria-e-circulacao\/\" \/>\n<meta property=\"og:locale\" content=\"pt_BR\" \/>\n<meta property=\"og:type\" content=\"article\" \/>\n<meta property=\"og:title\" content=\"Benef\u00edcios do alecrim para mem\u00f3ria e circula\u00e7\u00e3o - Estado de Minas - Em foco\" \/>\n<meta property=\"og:description\" content=\"Ch\u00e1, \u00f3leo ou tempero: aprenda os melhores jeitos de usar o alecrim no dia a dia e aproveite seus efeitos terap\u00eauticos.\" \/>\n<meta property=\"og:url\" content=\"https:\/\/www.em.com.br\/emfoco\/2025\/11\/30\/beneficios-do-alecrim-para-memoria-e-circulacao\/\" \/>\n<meta property=\"og:site_name\" content=\"Estado de Minas - Em foco\" \/>\n<meta property=\"article:published_time\" content=\"2025-11-30T12:05:00+00:00\" \/>\n<meta property=\"article:modified_time\" content=\"2025-11-29T14:46:37+00:00\" \/>\n<meta property=\"og:image\" content=\"https:\/\/www.em.com.br\/emfoco\/wp-content\/uploads\/2025\/11\/Alecrim_1764427515778.jpg\" \/>\n\t<meta property=\"og:image:width\" content=\"1280\" \/>\n\t<meta property=\"og:image:height\" content=\"720\" \/>\n\t<meta property=\"og:image:type\" content=\"image\/jpeg\" \/>\n<meta name=\"author\" content=\"Guilherme Lopes\" \/>\n<meta name=\"twitter:card\" content=\"summary_large_image\" \/>\n<meta name=\"twitter:label1\" content=\"Escrito por\" \/>\n\t<meta name=\"twitter:data1\" content=\"Guilherme Lopes\" \/>\n\t<meta name=\"twitter:label2\" content=\"Est. tempo de leitura\" \/>\n\t<meta name=\"twitter:data2\" content=\"4 minutos\" \/>\n<!-- \/ Yoast SEO plugin. -->","yoast_head_json":{"title":"Benef\u00edcios do alecrim para mem\u00f3ria e circula\u00e7\u00e3o - Estado de Minas - Em foco","description":"Ch\u00e1, \u00f3leo ou tempero: aprenda os melhores jeitos de usar o alecrim no dia a dia e aproveite seus efeitos terap\u00eauticos.","robots":{"index":"index","follow":"follow","max-snippet":"max-snippet:-1","max-image-preview":"max-image-preview:large","max-video-preview":"max-video-preview:-1"},"canonical":"https:\/\/www.em.com.br\/emfoco\/2025\/11\/30\/beneficios-do-alecrim-para-memoria-e-circulacao\/","og_locale":"pt_BR","og_type":"article","og_title":"Benef\u00edcios do alecrim para mem\u00f3ria e circula\u00e7\u00e3o - Estado de Minas - Em foco","og_description":"Ch\u00e1, \u00f3leo ou tempero: aprenda os melhores jeitos de usar o alecrim no dia a dia e aproveite seus efeitos terap\u00eauticos.","og_url":"https:\/\/www.em.com.br\/emfoco\/2025\/11\/30\/beneficios-do-alecrim-para-memoria-e-circulacao\/","og_site_name":"Estado de Minas - Em foco","article_published_time":"2025-11-30T12:05:00+00:00","article_modified_time":"2025-11-29T14:46:37+00:00","og_image":[{"width":1280,"height":720,"url":"https:\/\/www.em.com.br\/emfoco\/wp-content\/uploads\/2025\/11\/Alecrim_1764427515778.jpg","type":"image\/jpeg"}],"author":"Guilherme Lopes","twitter_card":"summary_large_image","twitter_misc":{"Escrito por":"Guilherme Lopes","Est. tempo de leitura":"4 minutos"},"schema":{"@context":"https:\/\/schema.org","@graph":[{"@type":"WebPage","@id":"https:\/\/www.em.com.br\/emfoco\/2025\/11\/30\/beneficios-do-alecrim-para-memoria-e-circulacao\/","url":"https:\/\/www.em.com.br\/emfoco\/2025\/11\/30\/beneficios-do-alecrim-para-memoria-e-circulacao\/","name":"Benef\u00edcios do alecrim para mem\u00f3ria e circula\u00e7\u00e3o - Estado de Minas - Em foco","isPartOf":{"@id":"https:\/\/www.em.com.br\/emfoco\/#website"},"primaryImageOfPage":{"@id":"https:\/\/www.em.com.br\/emfoco\/2025\/11\/30\/beneficios-do-alecrim-para-memoria-e-circulacao\/#primaryimage"},"image":{"@id":"https:\/\/www.em.com.br\/emfoco\/2025\/11\/30\/beneficios-do-alecrim-para-memoria-e-circulacao\/#primaryimage"},"thumbnailUrl":"https:\/\/www.em.com.br\/emfoco\/wp-content\/uploads\/2025\/11\/Alecrim_1764427515778.jpg","datePublished":"2025-11-30T12:05:00+00:00","dateModified":"2025-11-29T14:46:37+00:00","author":{"@id":"https:\/\/www.em.com.br\/emfoco\/#\/schema\/person\/f6eade2e287023da170a1b2b329f68e5"},"description":"Ch\u00e1, \u00f3leo ou tempero: aprenda os melhores jeitos de usar o alecrim no dia a dia e aproveite seus efeitos terap\u00eauticos.","breadcrumb":{"@id":"https:\/\/www.em.com.br\/emfoco\/2025\/11\/30\/beneficios-do-alecrim-para-memoria-e-circulacao\/#breadcrumb"},"inLanguage":"pt-BR","potentialAction":[{"@type":"ReadAction","target":["https:\/\/www.em.com.br\/emfoco\/2025\/11\/30\/beneficios-do-alecrim-para-memoria-e-circulacao\/"]}]},{"@type":"ImageObject","inLanguage":"pt-BR","@id":"https:\/\/www.em.com.br\/emfoco\/2025\/11\/30\/beneficios-do-alecrim-para-memoria-e-circulacao\/#primaryimage","url":"https:\/\/www.em.com.br\/emfoco\/wp-content\/uploads\/2025\/11\/Alecrim_1764427515778.jpg","contentUrl":"https:\/\/www.em.com.br\/emfoco\/wp-content\/uploads\/2025\/11\/Alecrim_1764427515778.jpg","width":1280,"height":720,"caption":"Alecrim - Cr\u00e9ditos: depositphotos.com \/ MarusiaBO"},{"@type":"BreadcrumbList","@id":"https:\/\/www.em.com.br\/emfoco\/2025\/11\/30\/beneficios-do-alecrim-para-memoria-e-circulacao\/#breadcrumb","itemListElement":[{"@type":"ListItem","position":1,"name":"In\u00edcio","item":"https:\/\/www.em.com.br\/emfoco\/"},{"@type":"ListItem","position":2,"name":"Benef\u00edcios do alecrim para mem\u00f3ria e circula\u00e7\u00e3o"}]},{"@type":"WebSite","@id":"https:\/\/www.em.com.br\/emfoco\/#website","url":"https:\/\/www.em.com.br\/emfoco\/","name":"Estado de Minas - Em foco","description":"Acompanhe as \u00faltimas not\u00edcias e fique bem informado sobre tudo o que acontece em Minas Gerais, Brasil e no mundo.","potentialAction":[{"@type":"SearchAction","target":{"@type":"EntryPoint","urlTemplate":"https:\/\/www.em.com.br\/emfoco\/?s={search_term_string}"},"query-input":{"@type":"PropertyValueSpecification","valueRequired":true,"valueName":"search_term_string"}}],"inLanguage":"pt-BR"},{"@type":"Person","@id":"https:\/\/www.em.com.br\/emfoco\/#\/schema\/person\/f6eade2e287023da170a1b2b329f68e5","name":"Guilherme Lopes","image":{"@type":"ImageObject","inLanguage":"pt-BR","@id":"https:\/\/www.em.com.br\/emfoco\/#\/schema\/person\/image\/","url":"https:\/\/secure.gravatar.com\/avatar\/df9adfb835d344bc0af109d41756253f?s=96&d=mm&r=g","contentUrl":"https:\/\/secure.gravatar.com\/avatar\/df9adfb835d344bc0af109d41756253f?s=96&d=mm&r=g","caption":"Guilherme Lopes"},"url":"https:\/\/www.em.com.br\/emfoco\/author\/guilherme_saude\/"}]}},"_links":{"self":[{"href":"https:\/\/www.em.com.br\/emfoco\/wp-json\/wp\/v2\/posts\/133656","targetHints":{"allow":["GET"]}}],"collection":[{"href":"https:\/\/www.em.com.br\/emfoco\/wp-json\/wp\/v2\/posts"}],"about":[{"href":"https:\/\/www.em.com.br\/emfoco\/wp-json\/wp\/v2\/types\/post"}],"author":[{"embeddable":true,"href":"https:\/\/www.em.com.br\/emfoco\/wp-json\/wp\/v2\/users\/25"}],"replies":[{"embeddable":true,"href":"https:\/\/www.em.com.br\/emfoco\/wp-json\/wp\/v2\/comments?post=133656"}],"version-history":[{"count":1,"href":"https:\/\/www.em.com.br\/emfoco\/wp-json\/wp\/v2\/posts\/133656\/revisions"}],"predecessor-version":[{"id":133660,"href":"https:\/\/www.em.com.br\/emfoco\/wp-json\/wp\/v2\/posts\/133656\/revisions\/133660"}],"wp:featuredmedia":[{"embeddable":true,"href":"https:\/\/www.em.com.br\/emfoco\/wp-json\/wp\/v2\/media\/133658"}],"wp:attachment":[{"href":"https:\/\/www.em.com.br\/emfoco\/wp-json\/wp\/v2\/media?parent=133656"}],"wp:term":[{"taxonomy":"category","embeddable":true,"href":"https:\/\/www.em.com.br\/emfoco\/wp-json\/wp\/v2\/categories?post=133656"},{"taxonomy":"post_tag","embeddable":true,"href":"https:\/\/www.em.com.br\/emfoco\/wp-json\/wp\/v2\/tags?post=133656"}],"curies":[{"name":"wp","href":"https:\/\/api.w.org\/{rel}","templated":true}]}}