{"id":133538,"date":"2025-11-30T20:15:00","date_gmt":"2025-11-30T23:15:00","guid":{"rendered":"https:\/\/www.em.com.br\/emfoco\/?p=133538"},"modified":"2025-11-29T10:56:25","modified_gmt":"2025-11-29T13:56:25","slug":"chega-de-espada-de-sao-jorge-e-jade-essa-vai-ser-a-planta-tendencia-para-o-natal","status":"publish","type":"post","link":"https:\/\/www.em.com.br\/emfoco\/2025\/11\/30\/chega-de-espada-de-sao-jorge-e-jade-essa-vai-ser-a-planta-tendencia-para-o-natal\/","title":{"rendered":"Chega de espada-de-s\u00e3o-jorge e jade, essa vai ser a planta tend\u00eancia para o Natal"},"content":{"rendered":"\n<p>\u00c0 medida que o fim de ano se aproxima, o mundo da jardinagem se ilumina com o surgimento do&nbsp;<strong>cacto de Natal<\/strong>. Conhecido cientificamente como&nbsp;<strong>Schlumbergera bridgesii<\/strong>, ele ganha destaque e deixa para tr\u00e1s plantas populares como a espada-de-s\u00e3o-jorge e a \u00e1rvore-da-felicidade (crassula). Essa suculenta, apreciada por suas flores vibrantes que aparecem em dezembro, conquistou um lugar especial nos lares para celebrar a chegada do&nbsp;<strong>Natal<\/strong>.<\/p>\n\n\n\n<h2 class=\"wp-block-heading\">Veja por que o cacto de Natal \u00e9 t\u00e3o procurado para a decora\u00e7\u00e3o de fim de ano<\/h2>\n\n\n\n<p>O que torna o\u00a0<a href=\"https:\/\/www.facebook.com\/lojaplantei\/videos\/a-flor-de-maio-popularmente-conhecida-como-cacto-de-natal-%C3%A9-uma-das-queridinhas-\/1824112424763446\/\" target=\"_blank\" rel=\"noreferrer noopener\"><strong>cacto de Natal<\/strong>\u00a0<\/a>uma escolha preferida entre os entusiastas da jardinagem n\u00e3o \u00e9 apenas sua beleza elegante, mas tamb\u00e9m seu cuidado descomplicado. Ideal para quem est\u00e1 iniciando no cultivo de plantas, exige poucos, por\u00e9m importantes, cuidados para florescer em pleno esplendor.<\/p>\n\n\n\n<p>As flores, de tons como vermelho, rosa, branco e laranja, pendem em cascata de caules segmentados, proporcionando um espet\u00e1culo festivo e sofisticado para qualquer ambiente que deseje celebrar o\u00a0<a href=\"https:\/\/www.em.com.br\/emfoco\/2025\/11\/27\/quer-um-natal-mais-elegante-e-acolhedor-essa-guirlanda-natural-e-a-escolha-perfeita\/\" target=\"_blank\" rel=\"noreferrer noopener\"><strong>Natal<\/strong>\u00a0<\/a>de forma mais viva e natural.<\/p>\n\n\n\n<h2 class=\"wp-block-heading\">Quais s\u00e3o os principais cuidados para manter o cacto de Natal saud\u00e1vel?<\/h2>\n\n\n\n<p>Para garantir a sa\u00fade do&nbsp;<strong>cacto de Natal<\/strong>, o equil\u00edbrio entre luminosidade e hidrata\u00e7\u00e3o \u00e9 essencial. A planta aprecia luz intensa, por\u00e9m indireta, j\u00e1 que o excesso pode queimar caules e bot\u00f5es, prejudicando a flora\u00e7\u00e3o.<\/p>\n\n\n\n<figure class=\"wp-block-image\"><img decoding=\"async\" src=\"https:\/\/www.em.com.br\/emfoco\/wp-content\/uploads\/2025\/05\/96366748_fb86a58172_b-1024x576.jpg\" alt=\"\"\/><figcaption class=\"wp-element-caption\">Flor-de-maio &#8211; Cr\u00e9ditos: Divulga\u00e7\u00e3o\/Flickr<\/figcaption><\/figure>\n\n\n\n<p>No que diz respeito \u00e0 rega, \u00e9 importante manter o solo levemente \u00famido durante a flora\u00e7\u00e3o, sem encharcar. Em regi\u00f5es quentes, a planta aprecia umidade extra, sendo recomend\u00e1vel pulverizar as folhas com \u00e1gua pot\u00e1vel regularmente.<\/p>\n\n\n\n<h2 class=\"wp-block-heading\">Como estimular uma flora\u00e7\u00e3o exuberante do cacto de Natal<\/h2>\n\n\n\n<p>Quem deseja uma flora\u00e7\u00e3o vigorosa pode recorrer a algumas t\u00e9cnicas, sendo o manejo da escurid\u00e3o uma das principais. Este m\u00e9todo \u00e9 aplicado algumas semanas antes do per\u00edodo desejado de florescimento.<\/p>\n\n\n\n<p>Veja as etapas b\u00e1sicas para potencializar a forma\u00e7\u00e3o de flores:<\/p>\n\n\n\n<ul class=\"wp-block-list\">\n<li>Coloque o cacto em um ambiente totalmente escuro por aproximadamente 14 a 16 horas di\u00e1rias.<\/li>\n\n\n\n<li>Realize o procedimento durante quatro a seis semanas antes da data planejada para a flora\u00e7\u00e3o.<\/li>\n\n\n\n<li>Ao voltar para a luz, mantenha a planta em local com luminosidade indireta e boa circula\u00e7\u00e3o de ar.<\/li>\n<\/ul>\n\n\n\n<h2 class=\"wp-block-heading\">Quais s\u00e3o as recomenda\u00e7\u00f5es finais para o cultivo do cacto de Natal?<\/h2>\n\n\n\n<p>Al\u00e9m dos cuidados com luz e \u00e1gua, \u00e9 importante providenciar um substrato bem drenado e um vaso adequado, evitando o ac\u00famulo de \u00e1gua e o apodrecimento das ra\u00edzes. Prefira vasos com orif\u00edcios para escoamento, pois a drenagem eficiente \u00e9 essencial.<\/p>\n\n\n\n<p>O&nbsp;<strong>cacto de Natal<\/strong>, com sua flora\u00e7\u00e3o colorida e cuidados acess\u00edveis, proporciona uma experi\u00eancia gratificante para jardineiros iniciantes ou experientes e convida a celebrar o&nbsp;<strong>Natal<\/strong>&nbsp;com exuber\u00e2ncia e beleza natural em qualquer espa\u00e7o da casa.<\/p>\n\n\n\n<p><\/p>\n","protected":false},"excerpt":{"rendered":"<p>\u00c0 medida que o fim de ano se aproxima, o mundo da jardinagem se ilumina com o surgimento do&nbsp;cacto de Natal. Conhecido cientificamente como&nbsp;Schlumbergera bridgesii, ele ganha destaque e deixa para tr\u00e1s plantas populares como a espada-de-s\u00e3o-jorge e a \u00e1rvore-da-felicidade (crassula). Essa suculenta, apreciada por suas flores vibrantes que aparecem em dezembro, conquistou um lugar [&hellip;]<\/p>\n","protected":false},"author":11,"featured_media":133609,"comment_status":"open","ping_status":"open","sticky":false,"template":"","format":"standard","meta":{"jnews-multi-image_gallery":[],"jnews_single_post":{"format":"standard"},"jnews_primary_category":[],"jnews_social_meta":[],"jnews_override_counter":[],"footnotes":""},"categories":[8819,1],"tags":[19446,743,3324],"class_list":["post-133538","post","type-post","status-publish","format-standard","has-post-thumbnail","hentry","category-curiosidades","category-noticias","tag-cacto-de-natal","tag-natal","tag-plantas"],"yoast_head":"<!-- This site is optimized with the Yoast SEO plugin v23.8 - https:\/\/yoast.com\/wordpress\/plugins\/seo\/ -->\n<title>Chega de espada-de-s\u00e3o-jorge e jade, essa vai ser a planta tend\u00eancia para o Natal - Estado de Minas - Em foco<\/title>\n<meta name=\"description\" content=\"Com luz indireta e rega equilibrada, o cacto de Natal entrega flores incr\u00edveis em dezembro. Uma escolha perfeita para quem ama praticidade.\" \/>\n<meta name=\"robots\" content=\"index, follow, max-snippet:-1, max-image-preview:large, max-video-preview:-1\" \/>\n<link rel=\"canonical\" href=\"https:\/\/www.em.com.br\/emfoco\/2025\/11\/30\/chega-de-espada-de-sao-jorge-e-jade-essa-vai-ser-a-planta-tendencia-para-o-natal\/\" \/>\n<meta property=\"og:locale\" content=\"pt_BR\" \/>\n<meta property=\"og:type\" content=\"article\" \/>\n<meta property=\"og:title\" content=\"Chega de espada-de-s\u00e3o-jorge e jade, essa vai ser a planta tend\u00eancia para o Natal - Estado de Minas - Em foco\" \/>\n<meta property=\"og:description\" content=\"Com luz indireta e rega equilibrada, o cacto de Natal entrega flores incr\u00edveis em dezembro. Uma escolha perfeita para quem ama praticidade.\" \/>\n<meta property=\"og:url\" content=\"https:\/\/www.em.com.br\/emfoco\/2025\/11\/30\/chega-de-espada-de-sao-jorge-e-jade-essa-vai-ser-a-planta-tendencia-para-o-natal\/\" \/>\n<meta property=\"og:site_name\" content=\"Estado de Minas - Em foco\" \/>\n<meta property=\"article:published_time\" content=\"2025-11-30T23:15:00+00:00\" \/>\n<meta property=\"article:modified_time\" content=\"2025-11-29T13:56:25+00:00\" \/>\n<meta property=\"og:image\" content=\"https:\/\/www.em.com.br\/emfoco\/wp-content\/uploads\/2025\/11\/Gemini_Generated_Image_p512n5p512n5p512-1.png\" \/>\n\t<meta property=\"og:image:width\" content=\"1280\" \/>\n\t<meta property=\"og:image:height\" content=\"720\" \/>\n\t<meta property=\"og:image:type\" content=\"image\/png\" \/>\n<meta name=\"author\" content=\"Andre\u0301 Rangel\u00a0\" \/>\n<meta name=\"twitter:card\" content=\"summary_large_image\" \/>\n<meta name=\"twitter:label1\" content=\"Escrito por\" \/>\n\t<meta name=\"twitter:data1\" content=\"Andre\u0301 Rangel\u00a0\" \/>\n\t<meta name=\"twitter:label2\" content=\"Est. tempo de leitura\" \/>\n\t<meta name=\"twitter:data2\" content=\"3 minutos\" \/>\n<!-- \/ Yoast SEO plugin. -->","yoast_head_json":{"title":"Chega de espada-de-s\u00e3o-jorge e jade, essa vai ser a planta tend\u00eancia para o Natal - Estado de Minas - Em foco","description":"Com luz indireta e rega equilibrada, o cacto de Natal entrega flores incr\u00edveis em dezembro. Uma escolha perfeita para quem ama praticidade.","robots":{"index":"index","follow":"follow","max-snippet":"max-snippet:-1","max-image-preview":"max-image-preview:large","max-video-preview":"max-video-preview:-1"},"canonical":"https:\/\/www.em.com.br\/emfoco\/2025\/11\/30\/chega-de-espada-de-sao-jorge-e-jade-essa-vai-ser-a-planta-tendencia-para-o-natal\/","og_locale":"pt_BR","og_type":"article","og_title":"Chega de espada-de-s\u00e3o-jorge e jade, essa vai ser a planta tend\u00eancia para o Natal - Estado de Minas - Em foco","og_description":"Com luz indireta e rega equilibrada, o cacto de Natal entrega flores incr\u00edveis em dezembro. Uma escolha perfeita para quem ama praticidade.","og_url":"https:\/\/www.em.com.br\/emfoco\/2025\/11\/30\/chega-de-espada-de-sao-jorge-e-jade-essa-vai-ser-a-planta-tendencia-para-o-natal\/","og_site_name":"Estado de Minas - Em foco","article_published_time":"2025-11-30T23:15:00+00:00","article_modified_time":"2025-11-29T13:56:25+00:00","og_image":[{"width":1280,"height":720,"url":"https:\/\/www.em.com.br\/emfoco\/wp-content\/uploads\/2025\/11\/Gemini_Generated_Image_p512n5p512n5p512-1.png","type":"image\/png"}],"author":"Andre\u0301 Rangel\u00a0","twitter_card":"summary_large_image","twitter_misc":{"Escrito por":"Andre\u0301 Rangel\u00a0","Est. tempo de leitura":"3 minutos"},"schema":{"@context":"https:\/\/schema.org","@graph":[{"@type":"WebPage","@id":"https:\/\/www.em.com.br\/emfoco\/2025\/11\/30\/chega-de-espada-de-sao-jorge-e-jade-essa-vai-ser-a-planta-tendencia-para-o-natal\/","url":"https:\/\/www.em.com.br\/emfoco\/2025\/11\/30\/chega-de-espada-de-sao-jorge-e-jade-essa-vai-ser-a-planta-tendencia-para-o-natal\/","name":"Chega de espada-de-s\u00e3o-jorge e jade, essa vai ser a planta tend\u00eancia para o Natal - Estado de Minas - Em foco","isPartOf":{"@id":"https:\/\/www.em.com.br\/emfoco\/#website"},"primaryImageOfPage":{"@id":"https:\/\/www.em.com.br\/emfoco\/2025\/11\/30\/chega-de-espada-de-sao-jorge-e-jade-essa-vai-ser-a-planta-tendencia-para-o-natal\/#primaryimage"},"image":{"@id":"https:\/\/www.em.com.br\/emfoco\/2025\/11\/30\/chega-de-espada-de-sao-jorge-e-jade-essa-vai-ser-a-planta-tendencia-para-o-natal\/#primaryimage"},"thumbnailUrl":"https:\/\/www.em.com.br\/emfoco\/wp-content\/uploads\/2025\/11\/Gemini_Generated_Image_p512n5p512n5p512-1.png","datePublished":"2025-11-30T23:15:00+00:00","dateModified":"2025-11-29T13:56:25+00:00","author":{"@id":"https:\/\/www.em.com.br\/emfoco\/#\/schema\/person\/60eda09c1fedf0d6891f4cef4b60b8b8"},"description":"Com luz indireta e rega equilibrada, o cacto de Natal entrega flores incr\u00edveis em dezembro. Uma escolha perfeita para quem ama praticidade.","breadcrumb":{"@id":"https:\/\/www.em.com.br\/emfoco\/2025\/11\/30\/chega-de-espada-de-sao-jorge-e-jade-essa-vai-ser-a-planta-tendencia-para-o-natal\/#breadcrumb"},"inLanguage":"pt-BR","potentialAction":[{"@type":"ReadAction","target":["https:\/\/www.em.com.br\/emfoco\/2025\/11\/30\/chega-de-espada-de-sao-jorge-e-jade-essa-vai-ser-a-planta-tendencia-para-o-natal\/"]}]},{"@type":"ImageObject","inLanguage":"pt-BR","@id":"https:\/\/www.em.com.br\/emfoco\/2025\/11\/30\/chega-de-espada-de-sao-jorge-e-jade-essa-vai-ser-a-planta-tendencia-para-o-natal\/#primaryimage","url":"https:\/\/www.em.com.br\/emfoco\/wp-content\/uploads\/2025\/11\/Gemini_Generated_Image_p512n5p512n5p512-1.png","contentUrl":"https:\/\/www.em.com.br\/emfoco\/wp-content\/uploads\/2025\/11\/Gemini_Generated_Image_p512n5p512n5p512-1.png","width":1280,"height":720,"caption":"A planta que muda o astral do ambiente com cor e leveza"},{"@type":"BreadcrumbList","@id":"https:\/\/www.em.com.br\/emfoco\/2025\/11\/30\/chega-de-espada-de-sao-jorge-e-jade-essa-vai-ser-a-planta-tendencia-para-o-natal\/#breadcrumb","itemListElement":[{"@type":"ListItem","position":1,"name":"In\u00edcio","item":"https:\/\/www.em.com.br\/emfoco\/"},{"@type":"ListItem","position":2,"name":"Chega de espada-de-s\u00e3o-jorge e jade, essa vai ser a planta tend\u00eancia para o Natal"}]},{"@type":"WebSite","@id":"https:\/\/www.em.com.br\/emfoco\/#website","url":"https:\/\/www.em.com.br\/emfoco\/","name":"Estado de Minas - Em foco","description":"Acompanhe as \u00faltimas not\u00edcias e fique bem informado sobre tudo o que acontece em Minas Gerais, Brasil e no mundo.","potentialAction":[{"@type":"SearchAction","target":{"@type":"EntryPoint","urlTemplate":"https:\/\/www.em.com.br\/emfoco\/?s={search_term_string}"},"query-input":{"@type":"PropertyValueSpecification","valueRequired":true,"valueName":"search_term_string"}}],"inLanguage":"pt-BR"},{"@type":"Person","@id":"https:\/\/www.em.com.br\/emfoco\/#\/schema\/person\/60eda09c1fedf0d6891f4cef4b60b8b8","name":"Andre\u0301 Rangel\u00a0","image":{"@type":"ImageObject","inLanguage":"pt-BR","@id":"https:\/\/www.em.com.br\/emfoco\/#\/schema\/person\/image\/","url":"https:\/\/secure.gravatar.com\/avatar\/6234dc814c77c8ef6d8bba622c787efc?s=96&d=mm&r=g","contentUrl":"https:\/\/secure.gravatar.com\/avatar\/6234dc814c77c8ef6d8bba622c787efc?s=96&d=mm&r=g","caption":"Andre\u0301 Rangel\u00a0"},"url":"https:\/\/www.em.com.br\/emfoco\/author\/luizmyth\/"}]}},"_links":{"self":[{"href":"https:\/\/www.em.com.br\/emfoco\/wp-json\/wp\/v2\/posts\/133538","targetHints":{"allow":["GET"]}}],"collection":[{"href":"https:\/\/www.em.com.br\/emfoco\/wp-json\/wp\/v2\/posts"}],"about":[{"href":"https:\/\/www.em.com.br\/emfoco\/wp-json\/wp\/v2\/types\/post"}],"author":[{"embeddable":true,"href":"https:\/\/www.em.com.br\/emfoco\/wp-json\/wp\/v2\/users\/11"}],"replies":[{"embeddable":true,"href":"https:\/\/www.em.com.br\/emfoco\/wp-json\/wp\/v2\/comments?post=133538"}],"version-history":[{"count":3,"href":"https:\/\/www.em.com.br\/emfoco\/wp-json\/wp\/v2\/posts\/133538\/revisions"}],"predecessor-version":[{"id":133615,"href":"https:\/\/www.em.com.br\/emfoco\/wp-json\/wp\/v2\/posts\/133538\/revisions\/133615"}],"wp:featuredmedia":[{"embeddable":true,"href":"https:\/\/www.em.com.br\/emfoco\/wp-json\/wp\/v2\/media\/133609"}],"wp:attachment":[{"href":"https:\/\/www.em.com.br\/emfoco\/wp-json\/wp\/v2\/media?parent=133538"}],"wp:term":[{"taxonomy":"category","embeddable":true,"href":"https:\/\/www.em.com.br\/emfoco\/wp-json\/wp\/v2\/categories?post=133538"},{"taxonomy":"post_tag","embeddable":true,"href":"https:\/\/www.em.com.br\/emfoco\/wp-json\/wp\/v2\/tags?post=133538"}],"curies":[{"name":"wp","href":"https:\/\/api.w.org\/{rel}","templated":true}]}}