{"id":133532,"date":"2025-11-30T14:45:00","date_gmt":"2025-11-30T17:45:00","guid":{"rendered":"https:\/\/www.em.com.br\/emfoco\/?p=133532"},"modified":"2025-11-29T10:21:38","modified_gmt":"2025-11-29T13:21:38","slug":"para-evitar-a-entrada-de-poeira-correntes-de-ar-e-alguns-insetos-voce-pode-criar-uma-vedacao-com-um-truque-caseiro","status":"publish","type":"post","link":"https:\/\/www.em.com.br\/emfoco\/2025\/11\/30\/para-evitar-a-entrada-de-poeira-correntes-de-ar-e-alguns-insetos-voce-pode-criar-uma-vedacao-com-um-truque-caseiro\/","title":{"rendered":"Para evitar a entrada de poeira, correntes de ar e alguns insetos, voc\u00ea pode criar uma veda\u00e7\u00e3o com um\u00a0truque caseiro"},"content":{"rendered":"\n<p>Truques caseiros v\u00eam ganhando destaque por oferecerem solu\u00e7\u00f5es pr\u00e1ticas, econ\u00f4micas e sustent\u00e1veis para desafios do cotidiano, como reparar, transformar ou criar acess\u00f3rios \u00fateis a partir de materiais simples como tecidos e espumas, promovendo economia, reciclagem e conforto residencial.<\/p>\n\n\n\n<h2 class=\"wp-block-heading\">Instalar um veda-porta realmente muda a rotina de casa?<\/h2>\n\n\n\n<p>Com o aumento nos custos de energia e a busca por mais conforto, pequenas solu\u00e7\u00f5es como o veda-porta fazem grande diferen\u00e7a no dia a dia. Al\u00e9m de bloquear a entrada de ar, eles ajudam a manter a casa mais limpa e organizada.<\/p>\n\n\n\n<p>A seguir, veja os principais benef\u00edcios de instalar um veda-porta e entenda como essa escolha pode transformar a qualidade de vida:<\/p>\n\n\n\n<ul class=\"wp-block-list\">\n<li>Redu\u00e7\u00e3o de correntes de ar frio ou quente para maior bem-estar t\u00e9rmico<\/li>\n\n\n\n<li>Diminui\u00e7\u00e3o da entrada de poeira e polui\u00e7\u00e3o, especialmente em \u00e1reas urbanas<\/li>\n\n\n\n<li>Economia na conta de energia el\u00e9trica por evitar o desperd\u00edcio dos climatizadores<\/li>\n\n\n\n<li>Redu\u00e7\u00e3o da presen\u00e7a de insetos e pequenas pragas dom\u00e9sticas<\/li>\n<\/ul>\n\n\n\n<p>Veja abaixo o motivo de ter um veda-porta:<\/p>\n\n\n\n<figure class=\"wp-block-embed is-type-video is-provider-youtube wp-block-embed-youtube wp-embed-aspect-16-9 wp-has-aspect-ratio\"><div class=\"wp-block-embed__wrapper\">\n<div class=\"jeg_video_container jeg_video_content\"><iframe loading=\"lazy\" title=\"VEDA PORTA | BENEF\u00cdCIOS DE INSTALAR EM SUAS PORTAS\" width=\"500\" height=\"281\" src=\"https:\/\/www.youtube.com\/embed\/ymBgcfOi1Rg?feature=oembed\" frameborder=\"0\" allow=\"accelerometer; autoplay; clipboard-write; encrypted-media; gyroscope; picture-in-picture; web-share\" referrerpolicy=\"strict-origin-when-cross-origin\" allowfullscreen><\/iframe><\/div>\n<\/div><\/figure>\n\n\n\n<h2 class=\"wp-block-heading\">Como posso criar um veda-porta gastando pouco?<\/h2>\n\n\n\n<p>Fazer um veda-porta \u00e9 simples e pode ser uma atividade criativa em fam\u00edlia, aproveitando materiais que voc\u00ea j\u00e1 tem em casa. Uma boa escolha de tecido e enchimento garante praticidade e durabilidade ao acess\u00f3rio.<\/p>\n\n\n\n<p>Confira abaixo o passo a passo para montar o seu pr\u00f3prio veda-porta de forma personalizada:<\/p>\n\n\n\n<ul class=\"wp-block-list\">\n<li><strong>Medir<\/strong>&nbsp;o v\u00e3o da porta antes de cortar o tecido<\/li>\n\n\n\n<li><strong>Costurar<\/strong>&nbsp;ou colar as laterais, deixando espa\u00e7o para inserir o enchimento<\/li>\n\n\n\n<li><strong>Preencher<\/strong>&nbsp;com espuma, algod\u00e3o, ou retalhos reaproveitados<\/li>\n\n\n\n<li><strong>Finalizar<\/strong>&nbsp;com acabamento caprichado; inserir z\u00edper facilita a lavagem<\/li>\n<\/ul>\n\n\n\n<p>Dica extra: aproveite pe\u00e7as antigas de roupas, como cal\u00e7as jeans, para tornar o projeto ainda mais sustent\u00e1vel e pr\u00e1tico.<\/p>\n\n\n\n<h2 class=\"wp-block-heading\">Quais objetos \u00fateis podem ser feitos com truques caseiros e criatividade?<\/h2>\n\n\n\n<p>A criatividade aliada a materiais simples permite criar objetos funcionais e personalizados para o lar. Esse movimento de &#8220;fa\u00e7a voc\u00ea mesmo&#8221;, impulsionado pelas redes sociais e pelo desejo de customiza\u00e7\u00e3o, pode trazer muitas vantagens para o dia a dia.<\/p>\n\n\n\n<figure class=\"wp-block-image size-large\"><img loading=\"lazy\" decoding=\"async\" width=\"1024\" height=\"576\" src=\"https:\/\/www.em.com.br\/emfoco\/wp-content\/uploads\/2025\/11\/Gemini_Generated_Image_4njsn54njsn54njs-1-1024x576.png\" alt=\"\" class=\"wp-image-133573\" srcset=\"https:\/\/www.em.com.br\/emfoco\/wp-content\/uploads\/2025\/11\/Gemini_Generated_Image_4njsn54njsn54njs-1-1024x576.png 1024w, https:\/\/www.em.com.br\/emfoco\/wp-content\/uploads\/2025\/11\/Gemini_Generated_Image_4njsn54njsn54njs-1-300x169.png 300w, https:\/\/www.em.com.br\/emfoco\/wp-content\/uploads\/2025\/11\/Gemini_Generated_Image_4njsn54njsn54njs-1-768x432.png 768w, https:\/\/www.em.com.br\/emfoco\/wp-content\/uploads\/2025\/11\/Gemini_Generated_Image_4njsn54njsn54njs-1-750x422.png 750w, https:\/\/www.em.com.br\/emfoco\/wp-content\/uploads\/2025\/11\/Gemini_Generated_Image_4njsn54njsn54njs-1-1140x641.png 1140w, https:\/\/www.em.com.br\/emfoco\/wp-content\/uploads\/2025\/11\/Gemini_Generated_Image_4njsn54njsn54njs-1.png 1280w\" sizes=\"auto, (max-width: 1024px) 100vw, 1024px\" \/><figcaption class=\"wp-element-caption\">Veda porta caseiro vira solu\u00e7\u00e3o pr\u00e1tica e sustent\u00e1vel<\/figcaption><\/figure>\n\n\n\n<p>Entre as op\u00e7\u00f5es mais populares, est\u00e3o itens que facilitam a rotina e ainda promovem sustentabilidade:<\/p>\n\n\n\n<ul class=\"wp-block-list\">\n<li><a href=\"https:\/\/www.google.com\/aclk?sa=L&amp;ai=DChsSEwjAnKXgsZeRAxX3VUgAHfTjPDkYACICCAEQLhoCY2U&amp;co=1&amp;ase=2&amp;gclid=Cj0KCQiA0KrJBhCOARIsAGIy9wCMjwe0tf8_JZL3C5eUAj0EWQq2XBbPRbsznIMZa5Q6oj1b398wyj4aAhp8EALw_wcB&amp;cid=CAAS9gHkaDtVIeMNhTlnCoOIRtfgO72PIWO1AmhQB1s7mXa04mS1MOyvxko0nen8yKsCvYN0agHt0S5NuVDmxb9yf9q-tjfzR1u080hj5hQbshNcJKT5InGGTGU6P_ckpDhNeLHB3ipWjshuyHnPzcpXZiuc9nFcISpVrlyuRFzz7aj0YWPl7rPcpl9HSG0LlHvK2rdnBDrRoe6mEUglx6mdRJI6hTrV4yXjZJK-a4zCXMQE6_LTY7RlwV2uX6JWo_rGNd4hbxXlE7BJT385LZWpCW9tl9FFk2CV9tkmNwK5BnvByDlDv_Bc7HEWjGSdZKN5Kd9eTpkXVxQ&amp;cce=2&amp;category=acrcp_v1_32&amp;sig=AOD64_20ANcApCLyru9docyHNehVQ6hcPA&amp;q&amp;nis=4&amp;adurl&amp;ved=2ahUKEwjQlaDgsZeRAxVkNTUKHU1gFOsQ0Qx6BAgLEAE\" target=\"_blank\" rel=\"noreferrer noopener\">Mosquiteira <\/a>personalizada para janelas<\/li>\n\n\n\n<li>Cortinas enrol\u00e1veis feitas com cord\u00f5es<\/li>\n\n\n\n<li>Tapetes artesanais com camisetas velhas<\/li>\n\n\n\n<li>Porta-copos de feltro para proteger superf\u00edcies<\/li>\n<\/ul>\n\n\n\n<h2 class=\"wp-block-heading\">Quais solu\u00e7\u00f5es dom\u00e9sticas inovadoras podem ser criadas com poucos materiais?<\/h2>\n\n\n\n<p>Inovar na organiza\u00e7\u00e3o da casa \u00e9 poss\u00edvel apenas com criatividade e itens simples, como tubos de PVC e <a href=\"https:\/\/www.em.com.br\/emfoco\/2025\/11\/13\/nao-jogue-fora-as-garrafas-de-plastico-faca-essa-linda-ideia-para-organizar-sua-cozinha\/\" target=\"_blank\" rel=\"noreferrer noopener\">garrafas pl\u00e1sticas<\/a>. Esses objetos pr\u00e1ticos facilitam o dia a dia, ajudam no or\u00e7amento e ainda contribuem para um lar mais sustent\u00e1vel.<\/p>\n\n\n\n<p>Veja algumas ideias em alta que usam poucos materiais para trazer mais funcionalidade ao seu lar:<\/p>\n\n\n\n<figure class=\"wp-block-table\"><table class=\"has-fixed-layout\"><thead><tr><th>Material<\/th><th>Objeto<\/th><th>Benef\u00edcio Direto<\/th><\/tr><\/thead><tbody><tr><td>Tubo de PVC<\/td><td>Organizador de cabos<\/td><td>Evita emaranhados e facilita o acesso aos eletr\u00f4nicos<\/td><\/tr><tr><td>Garrafas pl\u00e1sticas<\/td><td>Sistema de irriga\u00e7\u00e3o por gotejamento<\/td><td>Plantas sempre hidratadas durante viagens ou aus\u00eancias<\/td><\/tr><tr><td>Latas vazias<\/td><td>Porta-l\u00e1pis, porta-trecos ou vasinhos de plantas<\/td><td>Decora\u00e7\u00e3o criativa e f\u00e1cil organiza\u00e7\u00e3o<\/td><\/tr><\/tbody><\/table><\/figure>\n\n\n\n<h2 class=\"wp-block-heading\">Por que vale a pena adotar truques caseiros sustent\u00e1veis ainda hoje?<\/h2>\n\n\n\n<p>No cen\u00e1rio atual de preocupa\u00e7\u00e3o ambiental e necessidade de economia, pequenas atitudes no lar podem gerar impactos positivos concretos. Aplicar truques caseiros ajuda a transformar a rotina e contribui para a sustentabilidade.<\/p>\n\n\n\n<p>Utilizar solu\u00e7\u00f5es criativas no dia a dia traz diversas vantagens imediatas:<\/p>\n\n\n\n<ul class=\"wp-block-list\">\n<li>Redu\u00e7\u00e3o do impacto ambiental por meio do reaproveitamento de materiais<\/li>\n\n\n\n<li>Economia de recursos, tempo e dinheiro<\/li>\n\n\n\n<li>Maior conforto e personaliza\u00e7\u00e3o nos ambientes<\/li>\n\n\n\n<li>Est\u00edmulo \u00e0s habilidades manuais e momentos de lazer em fam\u00edlia<\/li>\n<\/ul>\n\n\n\n<p><strong>N\u00e3o espere para inovar!<\/strong>&nbsp;Aproveite materiais que j\u00e1 possui e comece hoje mesmo a transformar seu lar e seu dia a dia com solu\u00e7\u00f5es criativas, pr\u00e1ticas e sustent\u00e1veis.<\/p>\n","protected":false},"excerpt":{"rendered":"<p>Truques caseiros v\u00eam ganhando destaque por oferecerem solu\u00e7\u00f5es pr\u00e1ticas, econ\u00f4micas e sustent\u00e1veis para desafios do cotidiano, como reparar, transformar ou criar acess\u00f3rios \u00fateis a partir de materiais simples como tecidos e espumas, promovendo economia, reciclagem e conforto residencial. Instalar um veda-porta realmente muda a rotina de casa? Com o aumento nos custos de energia e [&hellip;]<\/p>\n","protected":false},"author":11,"featured_media":133574,"comment_status":"open","ping_status":"open","sticky":false,"template":"","format":"standard","meta":{"jnews-multi-image_gallery":[],"jnews_single_post":{"format":"standard"},"jnews_primary_category":[],"jnews_social_meta":[],"jnews_override_counter":[],"footnotes":""},"categories":[8819,1],"tags":[2911,5960,5115,19505],"class_list":["post-133532","post","type-post","status-publish","format-standard","has-post-thumbnail","hentry","category-curiosidades","category-noticias","tag-casa","tag-conforto","tag-diy","tag-veda-porta"],"yoast_head":"<!-- This site is optimized with the Yoast SEO plugin v23.8 - https:\/\/yoast.com\/wordpress\/plugins\/seo\/ -->\n<title>Para evitar a entrada de poeira, correntes de ar e alguns insetos, voc\u00ea pode criar uma veda\u00e7\u00e3o com um\u00a0truque caseiro - Estado de Minas - Em foco<\/title>\n<meta name=\"description\" content=\"O veda porta ajuda a cortar poeira, vento e gasto de energia. Com truques simples, voc\u00ea cria o seu em casa e melhora o conforto sem gastar muito.\" \/>\n<meta name=\"robots\" content=\"index, follow, max-snippet:-1, max-image-preview:large, max-video-preview:-1\" \/>\n<link rel=\"canonical\" href=\"https:\/\/www.em.com.br\/emfoco\/2025\/11\/30\/para-evitar-a-entrada-de-poeira-correntes-de-ar-e-alguns-insetos-voce-pode-criar-uma-vedacao-com-um-truque-caseiro\/\" \/>\n<meta property=\"og:locale\" content=\"pt_BR\" \/>\n<meta property=\"og:type\" content=\"article\" \/>\n<meta property=\"og:title\" content=\"Para evitar a entrada de poeira, correntes de ar e alguns insetos, voc\u00ea pode criar uma veda\u00e7\u00e3o com um\u00a0truque caseiro - Estado de Minas - Em foco\" \/>\n<meta property=\"og:description\" content=\"O veda porta ajuda a cortar poeira, vento e gasto de energia. Com truques simples, voc\u00ea cria o seu em casa e melhora o conforto sem gastar muito.\" \/>\n<meta property=\"og:url\" content=\"https:\/\/www.em.com.br\/emfoco\/2025\/11\/30\/para-evitar-a-entrada-de-poeira-correntes-de-ar-e-alguns-insetos-voce-pode-criar-uma-vedacao-com-um-truque-caseiro\/\" \/>\n<meta property=\"og:site_name\" content=\"Estado de Minas - Em foco\" \/>\n<meta property=\"article:published_time\" content=\"2025-11-30T17:45:00+00:00\" \/>\n<meta property=\"article:modified_time\" content=\"2025-11-29T13:21:38+00:00\" \/>\n<meta property=\"og:image\" content=\"https:\/\/www.em.com.br\/emfoco\/wp-content\/uploads\/2025\/11\/Gemini_Generated_Image_k2aujhk2aujhk2au-1.png\" \/>\n\t<meta property=\"og:image:width\" content=\"1280\" \/>\n\t<meta property=\"og:image:height\" content=\"720\" \/>\n\t<meta property=\"og:image:type\" content=\"image\/png\" \/>\n<meta name=\"author\" content=\"Andre\u0301 Rangel\u00a0\" \/>\n<meta name=\"twitter:card\" content=\"summary_large_image\" \/>\n<meta name=\"twitter:label1\" content=\"Escrito por\" \/>\n\t<meta name=\"twitter:data1\" content=\"Andre\u0301 Rangel\u00a0\" \/>\n\t<meta name=\"twitter:label2\" content=\"Est. tempo de leitura\" \/>\n\t<meta name=\"twitter:data2\" content=\"4 minutos\" \/>\n<!-- \/ Yoast SEO plugin. -->","yoast_head_json":{"title":"Para evitar a entrada de poeira, correntes de ar e alguns insetos, voc\u00ea pode criar uma veda\u00e7\u00e3o com um\u00a0truque caseiro - Estado de Minas - Em foco","description":"O veda porta ajuda a cortar poeira, vento e gasto de energia. Com truques simples, voc\u00ea cria o seu em casa e melhora o conforto sem gastar muito.","robots":{"index":"index","follow":"follow","max-snippet":"max-snippet:-1","max-image-preview":"max-image-preview:large","max-video-preview":"max-video-preview:-1"},"canonical":"https:\/\/www.em.com.br\/emfoco\/2025\/11\/30\/para-evitar-a-entrada-de-poeira-correntes-de-ar-e-alguns-insetos-voce-pode-criar-uma-vedacao-com-um-truque-caseiro\/","og_locale":"pt_BR","og_type":"article","og_title":"Para evitar a entrada de poeira, correntes de ar e alguns insetos, voc\u00ea pode criar uma veda\u00e7\u00e3o com um\u00a0truque caseiro - Estado de Minas - Em foco","og_description":"O veda porta ajuda a cortar poeira, vento e gasto de energia. Com truques simples, voc\u00ea cria o seu em casa e melhora o conforto sem gastar muito.","og_url":"https:\/\/www.em.com.br\/emfoco\/2025\/11\/30\/para-evitar-a-entrada-de-poeira-correntes-de-ar-e-alguns-insetos-voce-pode-criar-uma-vedacao-com-um-truque-caseiro\/","og_site_name":"Estado de Minas - Em foco","article_published_time":"2025-11-30T17:45:00+00:00","article_modified_time":"2025-11-29T13:21:38+00:00","og_image":[{"width":1280,"height":720,"url":"https:\/\/www.em.com.br\/emfoco\/wp-content\/uploads\/2025\/11\/Gemini_Generated_Image_k2aujhk2aujhk2au-1.png","type":"image\/png"}],"author":"Andre\u0301 Rangel\u00a0","twitter_card":"summary_large_image","twitter_misc":{"Escrito por":"Andre\u0301 Rangel\u00a0","Est. tempo de leitura":"4 minutos"},"schema":{"@context":"https:\/\/schema.org","@graph":[{"@type":"WebPage","@id":"https:\/\/www.em.com.br\/emfoco\/2025\/11\/30\/para-evitar-a-entrada-de-poeira-correntes-de-ar-e-alguns-insetos-voce-pode-criar-uma-vedacao-com-um-truque-caseiro\/","url":"https:\/\/www.em.com.br\/emfoco\/2025\/11\/30\/para-evitar-a-entrada-de-poeira-correntes-de-ar-e-alguns-insetos-voce-pode-criar-uma-vedacao-com-um-truque-caseiro\/","name":"Para evitar a entrada de poeira, correntes de ar e alguns insetos, voc\u00ea pode criar uma veda\u00e7\u00e3o com um\u00a0truque caseiro - Estado de Minas - Em foco","isPartOf":{"@id":"https:\/\/www.em.com.br\/emfoco\/#website"},"primaryImageOfPage":{"@id":"https:\/\/www.em.com.br\/emfoco\/2025\/11\/30\/para-evitar-a-entrada-de-poeira-correntes-de-ar-e-alguns-insetos-voce-pode-criar-uma-vedacao-com-um-truque-caseiro\/#primaryimage"},"image":{"@id":"https:\/\/www.em.com.br\/emfoco\/2025\/11\/30\/para-evitar-a-entrada-de-poeira-correntes-de-ar-e-alguns-insetos-voce-pode-criar-uma-vedacao-com-um-truque-caseiro\/#primaryimage"},"thumbnailUrl":"https:\/\/www.em.com.br\/emfoco\/wp-content\/uploads\/2025\/11\/Gemini_Generated_Image_k2aujhk2aujhk2au-1.png","datePublished":"2025-11-30T17:45:00+00:00","dateModified":"2025-11-29T13:21:38+00:00","author":{"@id":"https:\/\/www.em.com.br\/emfoco\/#\/schema\/person\/60eda09c1fedf0d6891f4cef4b60b8b8"},"description":"O veda porta ajuda a cortar poeira, vento e gasto de energia. Com truques simples, voc\u00ea cria o seu em casa e melhora o conforto sem gastar muito.","breadcrumb":{"@id":"https:\/\/www.em.com.br\/emfoco\/2025\/11\/30\/para-evitar-a-entrada-de-poeira-correntes-de-ar-e-alguns-insetos-voce-pode-criar-uma-vedacao-com-um-truque-caseiro\/#breadcrumb"},"inLanguage":"pt-BR","potentialAction":[{"@type":"ReadAction","target":["https:\/\/www.em.com.br\/emfoco\/2025\/11\/30\/para-evitar-a-entrada-de-poeira-correntes-de-ar-e-alguns-insetos-voce-pode-criar-uma-vedacao-com-um-truque-caseiro\/"]}]},{"@type":"ImageObject","inLanguage":"pt-BR","@id":"https:\/\/www.em.com.br\/emfoco\/2025\/11\/30\/para-evitar-a-entrada-de-poeira-correntes-de-ar-e-alguns-insetos-voce-pode-criar-uma-vedacao-com-um-truque-caseiro\/#primaryimage","url":"https:\/\/www.em.com.br\/emfoco\/wp-content\/uploads\/2025\/11\/Gemini_Generated_Image_k2aujhk2aujhk2au-1.png","contentUrl":"https:\/\/www.em.com.br\/emfoco\/wp-content\/uploads\/2025\/11\/Gemini_Generated_Image_k2aujhk2aujhk2au-1.png","width":1280,"height":720,"caption":"O veda porta ajuda a cortar poeira, vento e gasto de energia"},{"@type":"BreadcrumbList","@id":"https:\/\/www.em.com.br\/emfoco\/2025\/11\/30\/para-evitar-a-entrada-de-poeira-correntes-de-ar-e-alguns-insetos-voce-pode-criar-uma-vedacao-com-um-truque-caseiro\/#breadcrumb","itemListElement":[{"@type":"ListItem","position":1,"name":"In\u00edcio","item":"https:\/\/www.em.com.br\/emfoco\/"},{"@type":"ListItem","position":2,"name":"Para evitar a entrada de poeira, correntes de ar e alguns insetos, voc\u00ea pode criar uma veda\u00e7\u00e3o com um\u00a0truque caseiro"}]},{"@type":"WebSite","@id":"https:\/\/www.em.com.br\/emfoco\/#website","url":"https:\/\/www.em.com.br\/emfoco\/","name":"Estado de Minas - Em foco","description":"Acompanhe as \u00faltimas not\u00edcias e fique bem informado sobre tudo o que acontece em Minas Gerais, Brasil e no mundo.","potentialAction":[{"@type":"SearchAction","target":{"@type":"EntryPoint","urlTemplate":"https:\/\/www.em.com.br\/emfoco\/?s={search_term_string}"},"query-input":{"@type":"PropertyValueSpecification","valueRequired":true,"valueName":"search_term_string"}}],"inLanguage":"pt-BR"},{"@type":"Person","@id":"https:\/\/www.em.com.br\/emfoco\/#\/schema\/person\/60eda09c1fedf0d6891f4cef4b60b8b8","name":"Andre\u0301 Rangel\u00a0","image":{"@type":"ImageObject","inLanguage":"pt-BR","@id":"https:\/\/www.em.com.br\/emfoco\/#\/schema\/person\/image\/","url":"https:\/\/secure.gravatar.com\/avatar\/6234dc814c77c8ef6d8bba622c787efc?s=96&d=mm&r=g","contentUrl":"https:\/\/secure.gravatar.com\/avatar\/6234dc814c77c8ef6d8bba622c787efc?s=96&d=mm&r=g","caption":"Andre\u0301 Rangel\u00a0"},"url":"https:\/\/www.em.com.br\/emfoco\/author\/luizmyth\/"}]}},"_links":{"self":[{"href":"https:\/\/www.em.com.br\/emfoco\/wp-json\/wp\/v2\/posts\/133532","targetHints":{"allow":["GET"]}}],"collection":[{"href":"https:\/\/www.em.com.br\/emfoco\/wp-json\/wp\/v2\/posts"}],"about":[{"href":"https:\/\/www.em.com.br\/emfoco\/wp-json\/wp\/v2\/types\/post"}],"author":[{"embeddable":true,"href":"https:\/\/www.em.com.br\/emfoco\/wp-json\/wp\/v2\/users\/11"}],"replies":[{"embeddable":true,"href":"https:\/\/www.em.com.br\/emfoco\/wp-json\/wp\/v2\/comments?post=133532"}],"version-history":[{"count":3,"href":"https:\/\/www.em.com.br\/emfoco\/wp-json\/wp\/v2\/posts\/133532\/revisions"}],"predecessor-version":[{"id":133578,"href":"https:\/\/www.em.com.br\/emfoco\/wp-json\/wp\/v2\/posts\/133532\/revisions\/133578"}],"wp:featuredmedia":[{"embeddable":true,"href":"https:\/\/www.em.com.br\/emfoco\/wp-json\/wp\/v2\/media\/133574"}],"wp:attachment":[{"href":"https:\/\/www.em.com.br\/emfoco\/wp-json\/wp\/v2\/media?parent=133532"}],"wp:term":[{"taxonomy":"category","embeddable":true,"href":"https:\/\/www.em.com.br\/emfoco\/wp-json\/wp\/v2\/categories?post=133532"},{"taxonomy":"post_tag","embeddable":true,"href":"https:\/\/www.em.com.br\/emfoco\/wp-json\/wp\/v2\/tags?post=133532"}],"curies":[{"name":"wp","href":"https:\/\/api.w.org\/{rel}","templated":true}]}}