{"id":133514,"date":"2025-12-01T14:45:00","date_gmt":"2025-12-01T17:45:00","guid":{"rendered":"https:\/\/www.em.com.br\/emfoco\/?p=133514"},"modified":"2025-11-29T01:58:12","modified_gmt":"2025-11-29T04:58:12","slug":"essa-ideia-com-latas-reaproveitadas-deixa-os-temperos-organizados-e-a-cozinha-mais-charmosa","status":"publish","type":"post","link":"https:\/\/www.em.com.br\/emfoco\/2025\/12\/01\/essa-ideia-com-latas-reaproveitadas-deixa-os-temperos-organizados-e-a-cozinha-mais-charmosa\/","title":{"rendered":"Essa ideia com latas reaproveitadas deixa os temperos organizados e a cozinha mais charmosa"},"content":{"rendered":"\n<p>Um <strong>porta-temperos feito com latas reaproveitadas<\/strong> \u00e9 uma solu\u00e7\u00e3o criativa e econ\u00f4mica que transforma materiais descartados em organiza\u00e7\u00e3o. Ele deixa a cozinha mais bonita, funcional e valoriza detalhes simples do dia a dia.<\/p>\n\n\n\n<h2 class=\"wp-block-heading\">Como transformar latas comuns em um organizador \u00fatil?<\/h2>\n\n\n\n<p>Escolher <strong>latas reaproveitadas<\/strong> com tamanhos semelhantes facilita o encaixe e deixa o conjunto visualmente mais harm\u00f4nico. A limpeza completa remove cheiros e res\u00edduos, preparando o material para receber acabamento bonito e dur\u00e1vel.<\/p>\n\n\n\n<p>O <strong>acabamento<\/strong> \u00e9 o que d\u00e1 personalidade \u00e0 pe\u00e7a: tinta spray fosca, cores vibrantes ou papel adesivo criam estilos diferentes. Esse cuidado transforma um item simples em um detalhe decorativo que valoriza a cozinha.<\/p>\n\n\n\n<figure class=\"wp-block-image size-large\"><img loading=\"lazy\" decoding=\"async\" width=\"1024\" height=\"576\" src=\"https:\/\/www.em.com.br\/emfoco\/wp-content\/uploads\/2025\/11\/IA-IMG-3-19-1024x576.jpg\" alt=\"Essa ideia com latas reaproveitadas deixa os temperos organizados e a cozinha mais charmosa\" class=\"wp-image-133520\" srcset=\"https:\/\/www.em.com.br\/emfoco\/wp-content\/uploads\/2025\/11\/IA-IMG-3-19-1024x576.jpg 1024w, https:\/\/www.em.com.br\/emfoco\/wp-content\/uploads\/2025\/11\/IA-IMG-3-19-300x169.jpg 300w, https:\/\/www.em.com.br\/emfoco\/wp-content\/uploads\/2025\/11\/IA-IMG-3-19-768x432.jpg 768w, https:\/\/www.em.com.br\/emfoco\/wp-content\/uploads\/2025\/11\/IA-IMG-3-19-750x422.jpg 750w, https:\/\/www.em.com.br\/emfoco\/wp-content\/uploads\/2025\/11\/IA-IMG-3-19-1140x641.jpg 1140w, https:\/\/www.em.com.br\/emfoco\/wp-content\/uploads\/2025\/11\/IA-IMG-3-19.jpg 1280w\" sizes=\"auto, (max-width: 1024px) 100vw, 1024px\" \/><figcaption class=\"wp-element-caption\">Acabamento decorativo transforma latas simples em pe\u00e7as modernas e pr\u00e1ticas<\/figcaption><\/figure>\n\n\n\n<h2 class=\"wp-block-heading\">Quais formatos e usos diferentes esse porta-temperos pode ter?<\/h2>\n\n\n\n<p>Depois de preparadas, as latas podem ser usadas de formas diversas. A versatilidade desse <strong><a href=\"https:\/\/br.pinterest.com\/angelas1616\/porta-tempero\/\" target=\"_blank\" rel=\"noreferrer noopener\">porta-temperos artesanal<\/a><\/strong> permite combina\u00e7\u00f5es pr\u00e1ticas para diferentes espa\u00e7os na cozinha, como op\u00e7\u00f5es na lista abaixo.<\/p>\n\n\n\n<ul class=\"wp-block-list\">\n<li>Latas agrupadas em base de madeira para pendurar na parede e economizar espa\u00e7o.<\/li>\n\n\n\n<li>Unidades soltas sobre prateleiras para visual moderno e f\u00e1cil alcance.<\/li>\n\n\n\n<li>Fixa\u00e7\u00e3o na porta do arm\u00e1rio aproveitando \u00e1reas que ficam inutilizadas.<\/li>\n<\/ul>\n\n\n\n<p><em>Leia mais: <strong><a href=\"https:\/\/www.em.com.br\/emfoco\/2025\/11\/28\/aprenda-a-fazer-um-rack-de-tv-com-caixotes-de-madeira-sem-ter-que-gastar-muito-dinheiro\/\" target=\"_blank\" rel=\"noreferrer noopener\">Aprenda a fazer um rack de TV com caixotes de madeira sem ter que gastar muito dinheiro<\/a><\/strong><\/em><\/p>\n\n\n\n<h2 class=\"wp-block-heading\">O sistema imantado realmente vale a pena?<\/h2>\n\n\n\n<p>Criar um <strong>sistema imantado<\/strong> deixa os temperos sempre \u00e0 vista e facilita o uso di\u00e1rio. \u00cdm\u00e3s no fundo das latas permitem fix\u00e1-las em placas met\u00e1licas na parede, criando um visual moderno e super funcional.<\/p>\n\n\n\n<p>Tamb\u00e9m \u00e9 poss\u00edvel colocar as latas sobre prateleiras ou fix\u00e1-las na porta do arm\u00e1rio, aproveitando espa\u00e7os que costumam ficar vazios. Assim, o <strong>organizador de temperos<\/strong> se adapta a qualquer ambiente, do pequeno ao amplo.<\/p>\n\n\n\n<p>Confira a seguir outra sugest\u00e3o de porta-temperos utilizando latas de sardinhas, compartilhada pelo canal do TikTok <strong>@leooeste_16:<\/strong><\/p>\n\n\n\n<blockquote class=\"tiktok-embed\" cite=\"https:\/\/www.tiktok.com\/@leooeste_16\/video\/7321411284509920518\" data-video-id=\"7321411284509920518\" style=\"max-width: 605px;min-width: 325px;\" > <section> <a target=\"_blank\" title=\"@leooeste_16\" href=\"https:\/\/www.tiktok.com\/@leooeste_16?refer=embed\">@leooeste_16<\/a> <a title=\"decoracao\" target=\"_blank\" href=\"https:\/\/www.tiktok.com\/tag\/decoracao?refer=embed\">#decoracao<\/a> <a title=\"decoracaodecasa\" target=\"_blank\" href=\"https:\/\/www.tiktok.com\/tag\/decoracaodecasa?refer=embed\">#decoracaodecasa<\/a> <a title=\"artesanato\" target=\"_blank\" href=\"https:\/\/www.tiktok.com\/tag\/artesanato?refer=embed\">#artesanato<\/a> <a title=\"fazeremcasa\" target=\"_blank\" href=\"https:\/\/www.tiktok.com\/tag\/fazeremcasa?refer=embed\">#fazeremcasa<\/a> <a title=\"ideiasincriveis\" target=\"_blank\" href=\"https:\/\/www.tiktok.com\/tag\/ideiasincriveis?refer=embed\">#ideiasincriveis<\/a> <a title=\"ideiaboa\" target=\"_blank\" href=\"https:\/\/www.tiktok.com\/tag\/ideiaboa?refer=embed\">#ideiaboa<\/a> <a title=\"boaideia\" target=\"_blank\" href=\"https:\/\/www.tiktok.com\/tag\/boaideia?refer=embed\">#boaideia<\/a> <a target=\"_blank\" title=\"\u266c som original - Leonardo Costa\" href=\"https:\/\/www.tiktok.com\/music\/som-original-7321411362646346501?refer=embed\">\u266c som original &#8211; Leonardo Costa<\/a> <\/section> <\/blockquote> <script async src=\"https:\/\/www.tiktok.com\/embed.js\"><\/script>\n\n\n\n<h2 class=\"wp-block-heading\">Quais cuidados garantem durabilidade e mais praticidade?<\/h2>\n\n\n\n<p>Para que o <strong>porta-temperos sustent\u00e1vel<\/strong> dure mais tempo, alguns cuidados s\u00e3o essenciais. Esses detalhes ajudam a manter tudo limpo, conservado e sempre pronto para o uso, como mostrado na lista abaixo.<\/p>\n\n\n\n<ul class=\"wp-block-list\">\n<li>Secar bem as latas para evitar ferrugem e manter o brilho do acabamento.<\/li>\n\n\n\n<li>Usar tampa perfurada para temperos do dia a dia e tampa fechada para aromas fortes.<\/li>\n\n\n\n<li>Identificar cada pote para agilizar o preparo das refei\u00e7\u00f5es e manter a ordem.<\/li>\n<\/ul>\n","protected":false},"excerpt":{"rendered":"<p>Um porta-temperos feito com latas reaproveitadas \u00e9 uma solu\u00e7\u00e3o criativa e econ\u00f4mica que transforma materiais descartados em organiza\u00e7\u00e3o. Ele deixa a cozinha mais bonita, funcional e valoriza detalhes simples do dia a dia. Como transformar latas comuns em um organizador \u00fatil? Escolher latas reaproveitadas com tamanhos semelhantes facilita o encaixe e deixa o conjunto visualmente [&hellip;]<\/p>\n","protected":false},"author":13,"featured_media":133519,"comment_status":"open","ping_status":"open","sticky":false,"template":"","format":"standard","meta":{"jnews-multi-image_gallery":[],"jnews_single_post":{"format":"standard"},"jnews_primary_category":[],"jnews_social_meta":[],"jnews_override_counter":[],"footnotes":""},"categories":[8819],"tags":[5115,19502,19501],"class_list":["post-133514","post","type-post","status-publish","format-standard","has-post-thumbnail","hentry","category-curiosidades","tag-diy","tag-latas-reaproveitadas","tag-porta-temperos"],"yoast_head":"<!-- This site is optimized with the Yoast SEO plugin v23.8 - https:\/\/yoast.com\/wordpress\/plugins\/seo\/ -->\n<title>Essa ideia com latas reaproveitadas deixa os temperos organizados e a cozinha mais charmosa - Estado de Minas - Em foco<\/title>\n<meta name=\"description\" content=\"Com latas reaproveitadas, voc\u00ea cria um porta-temperos criativo, econ\u00f4mico e dur\u00e1vel, perfeito para organizar e decorar sua cozinha.\" \/>\n<meta name=\"robots\" content=\"index, follow, max-snippet:-1, max-image-preview:large, max-video-preview:-1\" \/>\n<link rel=\"canonical\" href=\"https:\/\/www.em.com.br\/emfoco\/2025\/12\/01\/essa-ideia-com-latas-reaproveitadas-deixa-os-temperos-organizados-e-a-cozinha-mais-charmosa\/\" \/>\n<meta property=\"og:locale\" content=\"pt_BR\" \/>\n<meta property=\"og:type\" content=\"article\" \/>\n<meta property=\"og:title\" content=\"Essa ideia com latas reaproveitadas deixa os temperos organizados e a cozinha mais charmosa - Estado de Minas - Em foco\" \/>\n<meta property=\"og:description\" content=\"Com latas reaproveitadas, voc\u00ea cria um porta-temperos criativo, econ\u00f4mico e dur\u00e1vel, perfeito para organizar e decorar sua cozinha.\" \/>\n<meta property=\"og:url\" content=\"https:\/\/www.em.com.br\/emfoco\/2025\/12\/01\/essa-ideia-com-latas-reaproveitadas-deixa-os-temperos-organizados-e-a-cozinha-mais-charmosa\/\" \/>\n<meta property=\"og:site_name\" content=\"Estado de Minas - Em foco\" \/>\n<meta property=\"article:published_time\" content=\"2025-12-01T17:45:00+00:00\" \/>\n<meta property=\"article:modified_time\" content=\"2025-11-29T04:58:12+00:00\" \/>\n<meta property=\"og:image\" content=\"https:\/\/www.em.com.br\/emfoco\/wp-content\/uploads\/2025\/11\/IA-IMG-2-33.jpg\" \/>\n\t<meta property=\"og:image:width\" content=\"1280\" \/>\n\t<meta property=\"og:image:height\" content=\"720\" \/>\n\t<meta property=\"og:image:type\" content=\"image\/jpeg\" \/>\n<meta name=\"author\" content=\"Gabriel Martins\" \/>\n<meta name=\"twitter:card\" content=\"summary_large_image\" \/>\n<meta name=\"twitter:label1\" content=\"Escrito por\" \/>\n\t<meta name=\"twitter:data1\" content=\"Gabriel Martins\" \/>\n\t<meta name=\"twitter:label2\" content=\"Est. tempo de leitura\" \/>\n\t<meta name=\"twitter:data2\" content=\"3 minutos\" \/>\n<!-- \/ Yoast SEO plugin. -->","yoast_head_json":{"title":"Essa ideia com latas reaproveitadas deixa os temperos organizados e a cozinha mais charmosa - Estado de Minas - Em foco","description":"Com latas reaproveitadas, voc\u00ea cria um porta-temperos criativo, econ\u00f4mico e dur\u00e1vel, perfeito para organizar e decorar sua cozinha.","robots":{"index":"index","follow":"follow","max-snippet":"max-snippet:-1","max-image-preview":"max-image-preview:large","max-video-preview":"max-video-preview:-1"},"canonical":"https:\/\/www.em.com.br\/emfoco\/2025\/12\/01\/essa-ideia-com-latas-reaproveitadas-deixa-os-temperos-organizados-e-a-cozinha-mais-charmosa\/","og_locale":"pt_BR","og_type":"article","og_title":"Essa ideia com latas reaproveitadas deixa os temperos organizados e a cozinha mais charmosa - Estado de Minas - Em foco","og_description":"Com latas reaproveitadas, voc\u00ea cria um porta-temperos criativo, econ\u00f4mico e dur\u00e1vel, perfeito para organizar e decorar sua cozinha.","og_url":"https:\/\/www.em.com.br\/emfoco\/2025\/12\/01\/essa-ideia-com-latas-reaproveitadas-deixa-os-temperos-organizados-e-a-cozinha-mais-charmosa\/","og_site_name":"Estado de Minas - Em foco","article_published_time":"2025-12-01T17:45:00+00:00","article_modified_time":"2025-11-29T04:58:12+00:00","og_image":[{"width":1280,"height":720,"url":"https:\/\/www.em.com.br\/emfoco\/wp-content\/uploads\/2025\/11\/IA-IMG-2-33.jpg","type":"image\/jpeg"}],"author":"Gabriel Martins","twitter_card":"summary_large_image","twitter_misc":{"Escrito por":"Gabriel Martins","Est. tempo de leitura":"3 minutos"},"schema":{"@context":"https:\/\/schema.org","@graph":[{"@type":"WebPage","@id":"https:\/\/www.em.com.br\/emfoco\/2025\/12\/01\/essa-ideia-com-latas-reaproveitadas-deixa-os-temperos-organizados-e-a-cozinha-mais-charmosa\/","url":"https:\/\/www.em.com.br\/emfoco\/2025\/12\/01\/essa-ideia-com-latas-reaproveitadas-deixa-os-temperos-organizados-e-a-cozinha-mais-charmosa\/","name":"Essa ideia com latas reaproveitadas deixa os temperos organizados e a cozinha mais charmosa - Estado de Minas - Em foco","isPartOf":{"@id":"https:\/\/www.em.com.br\/emfoco\/#website"},"primaryImageOfPage":{"@id":"https:\/\/www.em.com.br\/emfoco\/2025\/12\/01\/essa-ideia-com-latas-reaproveitadas-deixa-os-temperos-organizados-e-a-cozinha-mais-charmosa\/#primaryimage"},"image":{"@id":"https:\/\/www.em.com.br\/emfoco\/2025\/12\/01\/essa-ideia-com-latas-reaproveitadas-deixa-os-temperos-organizados-e-a-cozinha-mais-charmosa\/#primaryimage"},"thumbnailUrl":"https:\/\/www.em.com.br\/emfoco\/wp-content\/uploads\/2025\/11\/IA-IMG-2-33.jpg","datePublished":"2025-12-01T17:45:00+00:00","dateModified":"2025-11-29T04:58:12+00:00","author":{"@id":"https:\/\/www.em.com.br\/emfoco\/#\/schema\/person\/1c9ddeab18b98abeffef834667bcf08a"},"description":"Com latas reaproveitadas, voc\u00ea cria um porta-temperos criativo, econ\u00f4mico e dur\u00e1vel, perfeito para organizar e decorar sua cozinha.","breadcrumb":{"@id":"https:\/\/www.em.com.br\/emfoco\/2025\/12\/01\/essa-ideia-com-latas-reaproveitadas-deixa-os-temperos-organizados-e-a-cozinha-mais-charmosa\/#breadcrumb"},"inLanguage":"pt-BR","potentialAction":[{"@type":"ReadAction","target":["https:\/\/www.em.com.br\/emfoco\/2025\/12\/01\/essa-ideia-com-latas-reaproveitadas-deixa-os-temperos-organizados-e-a-cozinha-mais-charmosa\/"]}]},{"@type":"ImageObject","inLanguage":"pt-BR","@id":"https:\/\/www.em.com.br\/emfoco\/2025\/12\/01\/essa-ideia-com-latas-reaproveitadas-deixa-os-temperos-organizados-e-a-cozinha-mais-charmosa\/#primaryimage","url":"https:\/\/www.em.com.br\/emfoco\/wp-content\/uploads\/2025\/11\/IA-IMG-2-33.jpg","contentUrl":"https:\/\/www.em.com.br\/emfoco\/wp-content\/uploads\/2025\/11\/IA-IMG-2-33.jpg","width":1280,"height":720,"caption":"Porta-temperos de latas reaproveitadas une organiza\u00e7\u00e3o, economia e sustentabilidade"},{"@type":"BreadcrumbList","@id":"https:\/\/www.em.com.br\/emfoco\/2025\/12\/01\/essa-ideia-com-latas-reaproveitadas-deixa-os-temperos-organizados-e-a-cozinha-mais-charmosa\/#breadcrumb","itemListElement":[{"@type":"ListItem","position":1,"name":"In\u00edcio","item":"https:\/\/www.em.com.br\/emfoco\/"},{"@type":"ListItem","position":2,"name":"Essa ideia com latas reaproveitadas deixa os temperos organizados e a cozinha mais charmosa"}]},{"@type":"WebSite","@id":"https:\/\/www.em.com.br\/emfoco\/#website","url":"https:\/\/www.em.com.br\/emfoco\/","name":"Estado de Minas - Em foco","description":"Acompanhe as \u00faltimas not\u00edcias e fique bem informado sobre tudo o que acontece em Minas Gerais, Brasil e no mundo.","potentialAction":[{"@type":"SearchAction","target":{"@type":"EntryPoint","urlTemplate":"https:\/\/www.em.com.br\/emfoco\/?s={search_term_string}"},"query-input":{"@type":"PropertyValueSpecification","valueRequired":true,"valueName":"search_term_string"}}],"inLanguage":"pt-BR"},{"@type":"Person","@id":"https:\/\/www.em.com.br\/emfoco\/#\/schema\/person\/1c9ddeab18b98abeffef834667bcf08a","name":"Gabriel Martins","image":{"@type":"ImageObject","inLanguage":"pt-BR","@id":"https:\/\/www.em.com.br\/emfoco\/#\/schema\/person\/image\/","url":"https:\/\/secure.gravatar.com\/avatar\/f0f1e2efdfd88f1ad2cb08c5c2731e50?s=96&d=mm&r=g","contentUrl":"https:\/\/secure.gravatar.com\/avatar\/f0f1e2efdfd88f1ad2cb08c5c2731e50?s=96&d=mm&r=g","caption":"Gabriel Martins"},"sameAs":["https:\/\/www.em.com.br\/emfoco\/"],"url":"https:\/\/www.em.com.br\/emfoco\/author\/gabrielmartinsmyth\/"}]}},"_links":{"self":[{"href":"https:\/\/www.em.com.br\/emfoco\/wp-json\/wp\/v2\/posts\/133514","targetHints":{"allow":["GET"]}}],"collection":[{"href":"https:\/\/www.em.com.br\/emfoco\/wp-json\/wp\/v2\/posts"}],"about":[{"href":"https:\/\/www.em.com.br\/emfoco\/wp-json\/wp\/v2\/types\/post"}],"author":[{"embeddable":true,"href":"https:\/\/www.em.com.br\/emfoco\/wp-json\/wp\/v2\/users\/13"}],"replies":[{"embeddable":true,"href":"https:\/\/www.em.com.br\/emfoco\/wp-json\/wp\/v2\/comments?post=133514"}],"version-history":[{"count":1,"href":"https:\/\/www.em.com.br\/emfoco\/wp-json\/wp\/v2\/posts\/133514\/revisions"}],"predecessor-version":[{"id":133521,"href":"https:\/\/www.em.com.br\/emfoco\/wp-json\/wp\/v2\/posts\/133514\/revisions\/133521"}],"wp:featuredmedia":[{"embeddable":true,"href":"https:\/\/www.em.com.br\/emfoco\/wp-json\/wp\/v2\/media\/133519"}],"wp:attachment":[{"href":"https:\/\/www.em.com.br\/emfoco\/wp-json\/wp\/v2\/media?parent=133514"}],"wp:term":[{"taxonomy":"category","embeddable":true,"href":"https:\/\/www.em.com.br\/emfoco\/wp-json\/wp\/v2\/categories?post=133514"},{"taxonomy":"post_tag","embeddable":true,"href":"https:\/\/www.em.com.br\/emfoco\/wp-json\/wp\/v2\/tags?post=133514"}],"curies":[{"name":"wp","href":"https:\/\/api.w.org\/{rel}","templated":true}]}}